{"id":36007,"date":"2021-04-08T11:13:07","date_gmt":"2021-04-08T09:13:07","guid":{"rendered":"https:\/\/www.tressis.com\/blog\/?p=36007"},"modified":"2021-04-08T11:13:07","modified_gmt":"2021-04-08T09:13:07","slug":"comportamientos-mixtos-indices-renta-variable","status":"publish","type":"post","link":"https:\/\/www.tressis.com\/ca\/blog\/comportamientos-mixtos-indices-renta-variable\/","title":{"rendered":"Comportamientos mixtos en los principales \u00edndices de renta variable"},"content":{"rendered":"<p>Deber\u00edamos instaurar una nueva costumbre que permita que las primeras semanas de cada trimestre sean no laborables para los analistas de mercados.<!--more--> Hemos llegado exhaustos despu\u00e9s de solamente tres meses de a\u00f1o y eso se refleja en los vol\u00famenes de mercado, que en Wall Street marcaron ayer los niveles m\u00e1s bajos de 2021. Entre los festivos que ha habido\/est\u00e1 habiendo en las diferentes regiones, el modo \u201cesperar y ver\u201d en el que nos encontramos despu\u00e9s de todo lo que ha pasado y que la pr\u00f3xima semana comienza la puesta de largo trimestral de las empresas, estamos teniendo al menos un respiro que estoy segura de que ser\u00e1 perturbado dentro de muy poco. Porque que el a\u00f1o iba a ser divertido lo llevamos diciendo desde antes de que comenzase.<\/p>\n<p>Ayer ve\u00edamos comportamientos mixtos en los principales \u00edndices de renta variable, con el S&amp;P 500 y el Dow Jones salvando los n\u00fameros rojos por pocos puntos b\u00e1sicos. A esto ayud\u00f3 la publicaci\u00f3n del acta de la \u00faltima reuni\u00f3n de la Reserva Federal, de la que se desprende claramente que no est\u00e1 en los planes de la instituci\u00f3n una retirada de ning\u00fan tipo de est\u00edmulos en el corto plazo. Esto se justifica por lo lejos que todav\u00eda consideran que est\u00e1n de sus objetivos de empleo y porque el incremento de la inflaci\u00f3n se ve como algo puntual que no ser\u00e1 sostenido en el tiempo.<\/p>\n<p>Mientras, en Europa seguimos con \u201cEl Secreto de Puente Viejo\u201d. Creo que nunca vi esta serie, pero estoy convencida de que el secreto que guardaban era la franja de edad para la que es adecuada la vacuna de AstraZeneca. Nada tan misterioso como eso. Empiezo a pensar que las personas que toman decisiones tienen sus conocimientos m\u00e9dicos limitados a jugar al cocodrilo sacamuelas. En fin, ahora en serio: mi humilde opini\u00f3n sigue siendo que los beneficios siguen superando a los riesgos, pero sea lo que sea lo adecuado, el tener una estrategia clara ayudar\u00eda a la confianza de la poblaci\u00f3n y, por consiguiente, a la del consumo y a la reactivaci\u00f3n econ\u00f3mica. Porque los datos de PMI que conocimos ayer, que no dejan de ser encuestas de expectativas, siguen mejorando poco a poco. La poblaci\u00f3n quiere salir de esta situaci\u00f3n, solo falta que la clase pol\u00edtica nos eche una mano en vez de poner palos en las ruedas.<\/p>\n<p><center><strong>M\u00aa Salom\u00e9 Bouzas Romero<\/strong><br \/>\nAnalista<\/center><\/p>\n","protected":false},"excerpt":{"rendered":"<p>Deber\u00edamos instaurar una nueva costumbre que permita que las primeras semanas de cada trimestre sean no laborables para los analistas de mercados.<\/p>\n","protected":false},"author":4,"featured_media":36008,"comment_status":"open","ping_status":"closed","sticky":false,"template":"","format":"standard","meta":{"_acf_changed":false,"footnotes":""},"categories":[9721],"tags":[],"class_list":["post-36007","post","type-post","status-publish","format-standard","has-post-thumbnail","hentry","category-morning-meeting"],"acf":[],"yoast_head":"<!-- This site is optimized with the Yoast SEO plugin v27.5 - https:\/\/yoast.com\/product\/yoast-seo-wordpress\/ -->\n<title>Comportamientos mixtos en los principales \u00edndices de renta variable<\/title>\n<meta name=\"description\" content=\"Ayer ve\u00edamos comportamientos mixtos en los principales \u00edndices de renta variable, con el S&amp;P 500 y el Dow Jones salvando los n\u00fameros rojos por pocos puntos b\u00e1sicos. A esto ayud\u00f3 la publicaci\u00f3n del acta de la \u00faltima reuni\u00f3n de la Reserva Federal, de la que se desprende claramente que no est\u00e1 en los planes de la instituci\u00f3n una retirada de ning\u00fan tipo de est\u00edmulos en el corto plazo.\" \/>\n<meta name=\"robots\" content=\"index, follow, max-snippet:-1, max-image-preview:large, max-video-preview:-1\" \/>\n<link rel=\"canonical\" href=\"https:\/\/www.tressis.com\/ca\/blog\/comportamientos-mixtos-indices-renta-variable\/\" \/>\n<meta property=\"og:locale\" content=\"ca_ES\" \/>\n<meta property=\"og:type\" content=\"article\" \/>\n<meta property=\"og:title\" content=\"Comportamientos mixtos en los principales \u00edndices de renta variable\" \/>\n<meta property=\"og:description\" content=\"Ayer ve\u00edamos comportamientos mixtos en los principales \u00edndices de renta variable, con el S&amp;P 500 y el Dow Jones salvando los n\u00fameros rojos por pocos puntos b\u00e1sicos. A esto ayud\u00f3 la publicaci\u00f3n del acta de la \u00faltima reuni\u00f3n de la Reserva Federal, de la que se desprende claramente que no est\u00e1 en los planes de la instituci\u00f3n una retirada de ning\u00fan tipo de est\u00edmulos en el corto plazo.\" \/>\n<meta property=\"og:url\" content=\"https:\/\/www.tressis.com\/ca\/blog\/comportamientos-mixtos-indices-renta-variable\/\" \/>\n<meta property=\"og:site_name\" content=\"Tressis\" \/>\n<meta property=\"article:publisher\" content=\"https:\/\/www.facebook.com\/Tressis\/\" \/>\n<meta property=\"article:published_time\" content=\"2021-04-08T09:13:07+00:00\" \/>\n<meta property=\"og:image\" content=\"https:\/\/www.tressis.com\/wp-content\/uploads\/2021\/04\/renta-variable-comportamiento.jpg\" \/>\n\t<meta property=\"og:image:width\" content=\"1100\" \/>\n\t<meta property=\"og:image:height\" content=\"487\" \/>\n\t<meta property=\"og:image:type\" content=\"image\/jpeg\" \/>\n<meta name=\"author\" content=\"Lola\" \/>\n<meta name=\"twitter:card\" content=\"summary_large_image\" \/>\n<meta name=\"twitter:creator\" content=\"@TressisSV\" \/>\n<meta name=\"twitter:site\" content=\"@TressisSV\" \/>\n<meta name=\"twitter:label1\" content=\"Escrit per\" \/>\n\t<meta name=\"twitter:data1\" content=\"Lola\" \/>\n\t<meta name=\"twitter:label2\" content=\"Temps estimat de lectura\" \/>\n\t<meta name=\"twitter:data2\" content=\"2 minuts\" \/>\n<script type=\"application\/ld+json\" class=\"yoast-schema-graph\">{\"@context\":\"https:\\\/\\\/schema.org\",\"@graph\":[{\"@type\":\"Article\",\"@id\":\"https:\\\/\\\/www.tressis.com\\\/ca\\\/blog\\\/comportamientos-mixtos-indices-renta-variable\\\/#article\",\"isPartOf\":{\"@id\":\"https:\\\/\\\/www.tressis.com\\\/ca\\\/blog\\\/comportamientos-mixtos-indices-renta-variable\\\/\"},\"author\":{\"name\":\"Lola\",\"@id\":\"https:\\\/\\\/www.tressis.com\\\/ca\\\/#\\\/schema\\\/person\\\/b833c1d724d8764920b6d6852c70584e\"},\"headline\":\"Comportamientos mixtos en los principales \u00edndices de renta variable\",\"datePublished\":\"2021-04-08T09:13:07+00:00\",\"mainEntityOfPage\":{\"@id\":\"https:\\\/\\\/www.tressis.com\\\/ca\\\/blog\\\/comportamientos-mixtos-indices-renta-variable\\\/\"},\"wordCount\":432,\"commentCount\":0,\"publisher\":{\"@id\":\"https:\\\/\\\/www.tressis.com\\\/ca\\\/#organization\"},\"image\":{\"@id\":\"https:\\\/\\\/www.tressis.com\\\/ca\\\/blog\\\/comportamientos-mixtos-indices-renta-variable\\\/#primaryimage\"},\"thumbnailUrl\":\"https:\\\/\\\/www.tressis.com\\\/wp-content\\\/uploads\\\/2021\\\/04\\\/renta-variable-comportamiento.jpg\",\"articleSection\":[\"Morning meeting\"],\"inLanguage\":\"ca\",\"potentialAction\":[{\"@type\":\"CommentAction\",\"name\":\"Comment\",\"target\":[\"https:\\\/\\\/www.tressis.com\\\/ca\\\/blog\\\/comportamientos-mixtos-indices-renta-variable\\\/#respond\"]}]},{\"@type\":\"WebPage\",\"@id\":\"https:\\\/\\\/www.tressis.com\\\/ca\\\/blog\\\/comportamientos-mixtos-indices-renta-variable\\\/\",\"url\":\"https:\\\/\\\/www.tressis.com\\\/ca\\\/blog\\\/comportamientos-mixtos-indices-renta-variable\\\/\",\"name\":\"Comportamientos mixtos en los principales \u00edndices de renta variable\",\"isPartOf\":{\"@id\":\"https:\\\/\\\/www.tressis.com\\\/ca\\\/#website\"},\"primaryImageOfPage\":{\"@id\":\"https:\\\/\\\/www.tressis.com\\\/ca\\\/blog\\\/comportamientos-mixtos-indices-renta-variable\\\/#primaryimage\"},\"image\":{\"@id\":\"https:\\\/\\\/www.tressis.com\\\/ca\\\/blog\\\/comportamientos-mixtos-indices-renta-variable\\\/#primaryimage\"},\"thumbnailUrl\":\"https:\\\/\\\/www.tressis.com\\\/wp-content\\\/uploads\\\/2021\\\/04\\\/renta-variable-comportamiento.jpg\",\"datePublished\":\"2021-04-08T09:13:07+00:00\",\"description\":\"Ayer ve\u00edamos comportamientos mixtos en los principales \u00edndices de renta variable, con el S&P 500 y el Dow Jones salvando los n\u00fameros rojos por pocos puntos b\u00e1sicos. A esto ayud\u00f3 la publicaci\u00f3n del acta de la \u00faltima reuni\u00f3n de la Reserva Federal, de la que se desprende claramente que no est\u00e1 en los planes de la instituci\u00f3n una retirada de ning\u00fan tipo de est\u00edmulos en el corto plazo.\",\"breadcrumb\":{\"@id\":\"https:\\\/\\\/www.tressis.com\\\/ca\\\/blog\\\/comportamientos-mixtos-indices-renta-variable\\\/#breadcrumb\"},\"inLanguage\":\"ca\",\"potentialAction\":[{\"@type\":\"ReadAction\",\"target\":[\"https:\\\/\\\/www.tressis.com\\\/ca\\\/blog\\\/comportamientos-mixtos-indices-renta-variable\\\/\"]}]},{\"@type\":\"ImageObject\",\"inLanguage\":\"ca\",\"@id\":\"https:\\\/\\\/www.tressis.com\\\/ca\\\/blog\\\/comportamientos-mixtos-indices-renta-variable\\\/#primaryimage\",\"url\":\"https:\\\/\\\/www.tressis.com\\\/wp-content\\\/uploads\\\/2021\\\/04\\\/renta-variable-comportamiento.jpg\",\"contentUrl\":\"https:\\\/\\\/www.tressis.com\\\/wp-content\\\/uploads\\\/2021\\\/04\\\/renta-variable-comportamiento.jpg\",\"width\":1100,\"height\":487},{\"@type\":\"BreadcrumbList\",\"@id\":\"https:\\\/\\\/www.tressis.com\\\/ca\\\/blog\\\/comportamientos-mixtos-indices-renta-variable\\\/#breadcrumb\",\"itemListElement\":[{\"@type\":\"ListItem\",\"position\":1,\"name\":\"Inicio\",\"item\":\"https:\\\/\\\/www.tressis.com\\\/ca\\\/\"},{\"@type\":\"ListItem\",\"position\":2,\"name\":\"Comportamientos mixtos en los principales \u00edndices de renta variable\"}]},{\"@type\":\"WebSite\",\"@id\":\"https:\\\/\\\/www.tressis.com\\\/ca\\\/#website\",\"url\":\"https:\\\/\\\/www.tressis.com\\\/ca\\\/\",\"name\":\"Tressis banca privada\",\"description\":\"Tressis | Planificaci\u00f3n financiera y gesti\u00f3n de patrimonios\",\"publisher\":{\"@id\":\"https:\\\/\\\/www.tressis.com\\\/ca\\\/#organization\"},\"potentialAction\":[{\"@type\":\"SearchAction\",\"target\":{\"@type\":\"EntryPoint\",\"urlTemplate\":\"https:\\\/\\\/www.tressis.com\\\/ca\\\/?s={search_term_string}\"},\"query-input\":{\"@type\":\"PropertyValueSpecification\",\"valueRequired\":true,\"valueName\":\"search_term_string\"}}],\"inLanguage\":\"ca\"},{\"@type\":\"Organization\",\"@id\":\"https:\\\/\\\/www.tressis.com\\\/ca\\\/#organization\",\"name\":\"Tressis\",\"url\":\"https:\\\/\\\/www.tressis.com\\\/ca\\\/\",\"logo\":{\"@type\":\"ImageObject\",\"inLanguage\":\"ca\",\"@id\":\"https:\\\/\\\/www.tressis.com\\\/ca\\\/#\\\/schema\\\/logo\\\/image\\\/\",\"url\":\"https:\\\/\\\/www.tressis.com\\\/wp-content\\\/uploads\\\/2025\\\/06\\\/logo-tressis-112.png\",\"contentUrl\":\"https:\\\/\\\/www.tressis.com\\\/wp-content\\\/uploads\\\/2025\\\/06\\\/logo-tressis-112.png\",\"width\":112,\"height\":112,\"caption\":\"Tressis\"},\"image\":{\"@id\":\"https:\\\/\\\/www.tressis.com\\\/ca\\\/#\\\/schema\\\/logo\\\/image\\\/\"},\"sameAs\":[\"https:\\\/\\\/www.facebook.com\\\/Tressis\\\/\",\"https:\\\/\\\/x.com\\\/TressisSV\",\"https:\\\/\\\/www.instagram.com\\\/tressissv\\\/?hl=es\",\"https:\\\/\\\/linkedin.com\\\/company\\\/tressis\\\/\",\"https:\\\/\\\/www.youtube.com\\\/user\\\/tressissv\",\"https:\\\/\\\/open.spotify.com\\\/show\\\/3jmTe1Nf0wqMILl7diWV6h?si=d7112519f13c4593&nd=1\"]},{\"@type\":\"Person\",\"@id\":\"https:\\\/\\\/www.tressis.com\\\/ca\\\/#\\\/schema\\\/person\\\/b833c1d724d8764920b6d6852c70584e\",\"name\":\"Lola\",\"image\":{\"@type\":\"ImageObject\",\"inLanguage\":\"ca\",\"@id\":\"https:\\\/\\\/secure.gravatar.com\\\/avatar\\\/05e646486b23ff45df9649110609c7e31b8c4a3e2821caa23d6317f405e0c51d?s=96&d=mm&r=g\",\"url\":\"https:\\\/\\\/secure.gravatar.com\\\/avatar\\\/05e646486b23ff45df9649110609c7e31b8c4a3e2821caa23d6317f405e0c51d?s=96&d=mm&r=g\",\"contentUrl\":\"https:\\\/\\\/secure.gravatar.com\\\/avatar\\\/05e646486b23ff45df9649110609c7e31b8c4a3e2821caa23d6317f405e0c51d?s=96&d=mm&r=g\",\"caption\":\"Lola\"}}]}<\/script>\n<!-- \/ Yoast SEO plugin. -->","yoast_head_json":{"title":"Comportamientos mixtos en los principales \u00edndices de renta variable","description":"Ayer ve\u00edamos comportamientos mixtos en los principales \u00edndices de renta variable, con el S&P 500 y el Dow Jones salvando los n\u00fameros rojos por pocos puntos b\u00e1sicos. A esto ayud\u00f3 la publicaci\u00f3n del acta de la \u00faltima reuni\u00f3n de la Reserva Federal, de la que se desprende claramente que no est\u00e1 en los planes de la instituci\u00f3n una retirada de ning\u00fan tipo de est\u00edmulos en el corto plazo.","robots":{"index":"index","follow":"follow","max-snippet":"max-snippet:-1","max-image-preview":"max-image-preview:large","max-video-preview":"max-video-preview:-1"},"canonical":"https:\/\/www.tressis.com\/ca\/blog\/comportamientos-mixtos-indices-renta-variable\/","og_locale":"ca_ES","og_type":"article","og_title":"Comportamientos mixtos en los principales \u00edndices de renta variable","og_description":"Ayer ve\u00edamos comportamientos mixtos en los principales \u00edndices de renta variable, con el S&P 500 y el Dow Jones salvando los n\u00fameros rojos por pocos puntos b\u00e1sicos. A esto ayud\u00f3 la publicaci\u00f3n del acta de la \u00faltima reuni\u00f3n de la Reserva Federal, de la que se desprende claramente que no est\u00e1 en los planes de la instituci\u00f3n una retirada de ning\u00fan tipo de est\u00edmulos en el corto plazo.","og_url":"https:\/\/www.tressis.com\/ca\/blog\/comportamientos-mixtos-indices-renta-variable\/","og_site_name":"Tressis","article_publisher":"https:\/\/www.facebook.com\/Tressis\/","article_published_time":"2021-04-08T09:13:07+00:00","og_image":[{"width":1100,"height":487,"url":"https:\/\/www.tressis.com\/wp-content\/uploads\/2021\/04\/renta-variable-comportamiento.jpg","type":"image\/jpeg"}],"author":"Lola","twitter_card":"summary_large_image","twitter_creator":"@TressisSV","twitter_site":"@TressisSV","twitter_misc":{"Escrit per":"Lola","Temps estimat de lectura":"2 minuts"},"schema":{"@context":"https:\/\/schema.org","@graph":[{"@type":"Article","@id":"https:\/\/www.tressis.com\/ca\/blog\/comportamientos-mixtos-indices-renta-variable\/#article","isPartOf":{"@id":"https:\/\/www.tressis.com\/ca\/blog\/comportamientos-mixtos-indices-renta-variable\/"},"author":{"name":"Lola","@id":"https:\/\/www.tressis.com\/ca\/#\/schema\/person\/b833c1d724d8764920b6d6852c70584e"},"headline":"Comportamientos mixtos en los principales \u00edndices de renta variable","datePublished":"2021-04-08T09:13:07+00:00","mainEntityOfPage":{"@id":"https:\/\/www.tressis.com\/ca\/blog\/comportamientos-mixtos-indices-renta-variable\/"},"wordCount":432,"commentCount":0,"publisher":{"@id":"https:\/\/www.tressis.com\/ca\/#organization"},"image":{"@id":"https:\/\/www.tressis.com\/ca\/blog\/comportamientos-mixtos-indices-renta-variable\/#primaryimage"},"thumbnailUrl":"https:\/\/www.tressis.com\/wp-content\/uploads\/2021\/04\/renta-variable-comportamiento.jpg","articleSection":["Morning meeting"],"inLanguage":"ca","potentialAction":[{"@type":"CommentAction","name":"Comment","target":["https:\/\/www.tressis.com\/ca\/blog\/comportamientos-mixtos-indices-renta-variable\/#respond"]}]},{"@type":"WebPage","@id":"https:\/\/www.tressis.com\/ca\/blog\/comportamientos-mixtos-indices-renta-variable\/","url":"https:\/\/www.tressis.com\/ca\/blog\/comportamientos-mixtos-indices-renta-variable\/","name":"Comportamientos mixtos en los principales \u00edndices de renta variable","isPartOf":{"@id":"https:\/\/www.tressis.com\/ca\/#website"},"primaryImageOfPage":{"@id":"https:\/\/www.tressis.com\/ca\/blog\/comportamientos-mixtos-indices-renta-variable\/#primaryimage"},"image":{"@id":"https:\/\/www.tressis.com\/ca\/blog\/comportamientos-mixtos-indices-renta-variable\/#primaryimage"},"thumbnailUrl":"https:\/\/www.tressis.com\/wp-content\/uploads\/2021\/04\/renta-variable-comportamiento.jpg","datePublished":"2021-04-08T09:13:07+00:00","description":"Ayer ve\u00edamos comportamientos mixtos en los principales \u00edndices de renta variable, con el S&P 500 y el Dow Jones salvando los n\u00fameros rojos por pocos puntos b\u00e1sicos. A esto ayud\u00f3 la publicaci\u00f3n del acta de la \u00faltima reuni\u00f3n de la Reserva Federal, de la que se desprende claramente que no est\u00e1 en los planes de la instituci\u00f3n una retirada de ning\u00fan tipo de est\u00edmulos en el corto plazo.","breadcrumb":{"@id":"https:\/\/www.tressis.com\/ca\/blog\/comportamientos-mixtos-indices-renta-variable\/#breadcrumb"},"inLanguage":"ca","potentialAction":[{"@type":"ReadAction","target":["https:\/\/www.tressis.com\/ca\/blog\/comportamientos-mixtos-indices-renta-variable\/"]}]},{"@type":"ImageObject","inLanguage":"ca","@id":"https:\/\/www.tressis.com\/ca\/blog\/comportamientos-mixtos-indices-renta-variable\/#primaryimage","url":"https:\/\/www.tressis.com\/wp-content\/uploads\/2021\/04\/renta-variable-comportamiento.jpg","contentUrl":"https:\/\/www.tressis.com\/wp-content\/uploads\/2021\/04\/renta-variable-comportamiento.jpg","width":1100,"height":487},{"@type":"BreadcrumbList","@id":"https:\/\/www.tressis.com\/ca\/blog\/comportamientos-mixtos-indices-renta-variable\/#breadcrumb","itemListElement":[{"@type":"ListItem","position":1,"name":"Inicio","item":"https:\/\/www.tressis.com\/ca\/"},{"@type":"ListItem","position":2,"name":"Comportamientos mixtos en los principales \u00edndices de renta variable"}]},{"@type":"WebSite","@id":"https:\/\/www.tressis.com\/ca\/#website","url":"https:\/\/www.tressis.com\/ca\/","name":"Tressis banca privada","description":"Tressis | Planificaci\u00f3n financiera y gesti\u00f3n de patrimonios","publisher":{"@id":"https:\/\/www.tressis.com\/ca\/#organization"},"potentialAction":[{"@type":"SearchAction","target":{"@type":"EntryPoint","urlTemplate":"https:\/\/www.tressis.com\/ca\/?s={search_term_string}"},"query-input":{"@type":"PropertyValueSpecification","valueRequired":true,"valueName":"search_term_string"}}],"inLanguage":"ca"},{"@type":"Organization","@id":"https:\/\/www.tressis.com\/ca\/#organization","name":"Tressis","url":"https:\/\/www.tressis.com\/ca\/","logo":{"@type":"ImageObject","inLanguage":"ca","@id":"https:\/\/www.tressis.com\/ca\/#\/schema\/logo\/image\/","url":"https:\/\/www.tressis.com\/wp-content\/uploads\/2025\/06\/logo-tressis-112.png","contentUrl":"https:\/\/www.tressis.com\/wp-content\/uploads\/2025\/06\/logo-tressis-112.png","width":112,"height":112,"caption":"Tressis"},"image":{"@id":"https:\/\/www.tressis.com\/ca\/#\/schema\/logo\/image\/"},"sameAs":["https:\/\/www.facebook.com\/Tressis\/","https:\/\/x.com\/TressisSV","https:\/\/www.instagram.com\/tressissv\/?hl=es","https:\/\/linkedin.com\/company\/tressis\/","https:\/\/www.youtube.com\/user\/tressissv","https:\/\/open.spotify.com\/show\/3jmTe1Nf0wqMILl7diWV6h?si=d7112519f13c4593&nd=1"]},{"@type":"Person","@id":"https:\/\/www.tressis.com\/ca\/#\/schema\/person\/b833c1d724d8764920b6d6852c70584e","name":"Lola","image":{"@type":"ImageObject","inLanguage":"ca","@id":"https:\/\/secure.gravatar.com\/avatar\/05e646486b23ff45df9649110609c7e31b8c4a3e2821caa23d6317f405e0c51d?s=96&d=mm&r=g","url":"https:\/\/secure.gravatar.com\/avatar\/05e646486b23ff45df9649110609c7e31b8c4a3e2821caa23d6317f405e0c51d?s=96&d=mm&r=g","contentUrl":"https:\/\/secure.gravatar.com\/avatar\/05e646486b23ff45df9649110609c7e31b8c4a3e2821caa23d6317f405e0c51d?s=96&d=mm&r=g","caption":"Lola"}}]}},"_links":{"self":[{"href":"https:\/\/www.tressis.com\/ca\/wp-json\/wp\/v2\/posts\/36007","targetHints":{"allow":["GET"]}}],"collection":[{"href":"https:\/\/www.tressis.com\/ca\/wp-json\/wp\/v2\/posts"}],"about":[{"href":"https:\/\/www.tressis.com\/ca\/wp-json\/wp\/v2\/types\/post"}],"author":[{"embeddable":true,"href":"https:\/\/www.tressis.com\/ca\/wp-json\/wp\/v2\/users\/4"}],"replies":[{"embeddable":true,"href":"https:\/\/www.tressis.com\/ca\/wp-json\/wp\/v2\/comments?post=36007"}],"version-history":[{"count":0,"href":"https:\/\/www.tressis.com\/ca\/wp-json\/wp\/v2\/posts\/36007\/revisions"}],"wp:featuredmedia":[{"embeddable":true,"href":"https:\/\/www.tressis.com\/ca\/wp-json\/wp\/v2\/media\/36008"}],"wp:attachment":[{"href":"https:\/\/www.tressis.com\/ca\/wp-json\/wp\/v2\/media?parent=36007"}],"wp:term":[{"taxonomy":"category","embeddable":true,"href":"https:\/\/www.tressis.com\/ca\/wp-json\/wp\/v2\/categories?post=36007"},{"taxonomy":"post_tag","embeddable":true,"href":"https:\/\/www.tressis.com\/ca\/wp-json\/wp\/v2\/tags?post=36007"}],"curies":[{"name":"wp","href":"https:\/\/api.w.org\/{rel}","templated":true}]}}