{"id":35964,"date":"2021-03-25T11:00:16","date_gmt":"2021-03-25T10:00:16","guid":{"rendered":"https:\/\/www.tressis.com\/blog\/?p=35964"},"modified":"2021-03-25T11:00:16","modified_gmt":"2021-03-25T10:00:16","slug":"dia-mas-positivo-ciclicos-que-defensivos","status":"publish","type":"post","link":"https:\/\/www.tressis.com\/ca\/blog\/dia-mas-positivo-ciclicos-que-defensivos\/","title":{"rendered":"D\u00eda m\u00e1s positivo para los c\u00edclicos que para los defensivos"},"content":{"rendered":"<p>La imagen es cuando menos c\u00f3mica: un barco de 400 metros de eslora completamente atravesado en el canal de Suez y una excavadora (tama\u00f1o normal) intentando retirar algo de tierra para ver si consegu\u00eda desencallarlo.<!--more--><\/p>\n<p>No duden que de esa foto saldr\u00e1n mil memes, pero la reacci\u00f3n m\u00e1s inmediata ha sido un repunte de los precios del petr\u00f3leo, pues se estima que m\u00e1s de 50 cargueros atraviesan dicho corredor al d\u00eda, lo que significa m\u00e1s del 10% del tr\u00e1fico mundial. La alternativa para llegar a los mercados europeos, rodear \u00c1frica, implica una semana m\u00e1s de viaje y unos mayores costes en combustible, por no hablar de lo traicionero que puede ser transitar el cabo de Buena Esperanza.<\/p>\n<p>No es que la poca pericia de cierto capit\u00e1n de nav\u00edo haya sido el causante de que, nuevamente, hayamos vivido un d\u00eda m\u00e1s positivo para los sectores c\u00edclicos (como la energ\u00eda) frente a los defensivos, pero as\u00ed ha sido. La explicaci\u00f3n es la misma todos los d\u00edas: si los inversores optan por dejarse llevar por las noticias positivas provenientes de los pa\u00edses con altos porcentajes de vacunaci\u00f3n avanzan los c\u00edclicos. Si, por el contrario, prefieren fijarse en la evoluci\u00f3n de los contagios y nuevas restricciones, principalmente en Europa, volver\u00e1n a refugiarse en los defensivos.<\/p>\n<p>Y es que ayer optaron por ser optimistas, en parte poniendo en valor los datos que conoc\u00edamos con las publicaciones de los \u00edndices de actividad PMI, cuyas partidas manufactureras mostraban la confianza que los gestores tienen sobre una cercana reactivaci\u00f3n econ\u00f3mica. De hecho, en el caso alem\u00e1n, la lectura de dicho componente alcanzaba m\u00e1ximos hist\u00f3ricos (por encima de los 60 puntos). Parece claro que los germanos han cubierto la encuesta imagin\u00e1ndose con su sangr\u00eda, sus sandalias con calcetines y su piel color gamba en un chiringuito de Mallorca.<\/p>\n<p>En otro \u00e1mbito de cosas, en Estados Unidos, una vez aprobado el paquete de est\u00edmulos, se han puesto manos a la obra con el programa de infraestructuras. Este ya no les hace tanta gracia a los republicanos, ni a muchos ciudadanos, pues vendr\u00eda acompa\u00f1ado de una subida de impuestos para pagar el dispendio. No es por ser agorera, solo doy un dato: el <i>crash<\/i> de 1987 se produjo justo despu\u00e9s de la propuesta sobre un cambio en el tratamiento fiscal en la deducci\u00f3n de intereses. Esperemos que esta vez no sea igual (la frase m\u00e1s peligrosa en el mundo financiero). Lo que s\u00ed sabemos con cierta certeza es que la balsa de liquidez sobre la que vivimos, junto con los avances tecnol\u00f3gicos que posibilitan que todo (intercambio de informaci\u00f3n, an\u00e1lisis de datos, transmisi\u00f3n de \u00f3rdenes, etc.) sea mucho m\u00e1s r\u00e1pido, tambi\u00e9n ha afectado a la velocidad del ciclo, del cual se sabe que ha vivido por distintas etapas que en otras condiciones durar\u00edan a\u00f1os en algunos meses. Tendremos que acostumbrarnos.<\/p>\n<p>Buen jueves.<\/p>\n<p><center><strong>M\u00aa Salom\u00e9 Bouzas Romero<\/strong><br \/>\nAnalista<\/center><\/p>\n","protected":false},"excerpt":{"rendered":"<p>La imagen es cuando menos c\u00f3mica: un barco de 400 metros de eslora completamente atravesado en el canal de Suez y una excavadora (tama\u00f1o normal) intentando retirar algo de tierra para ver si consegu\u00eda desencallarlo.<\/p>\n","protected":false},"author":4,"featured_media":35965,"comment_status":"open","ping_status":"closed","sticky":false,"template":"","format":"standard","meta":{"_acf_changed":false,"footnotes":""},"categories":[9721],"tags":[],"class_list":["post-35964","post","type-post","status-publish","format-standard","has-post-thumbnail","hentry","category-morning-meeting"],"acf":[],"yoast_head":"<!-- This site is optimized with the Yoast SEO plugin v27.5 - https:\/\/yoast.com\/product\/yoast-seo-wordpress\/ -->\n<title>D\u00eda m\u00e1s positivo para los c\u00edclicos que para los defensivos<\/title>\n<meta name=\"description\" content=\"Los inversores optaron por ser optimistas, en parte poniendo en valor los datos que conoc\u00edamos con las publicaciones de los \u00edndices de actividad PMI, donde las partidas manufactureras de los mismos mostraban la confianza que los gestores tienen sobre una cercana reactivaci\u00f3n econ\u00f3mica.\" \/>\n<meta name=\"robots\" content=\"index, follow, max-snippet:-1, max-image-preview:large, max-video-preview:-1\" \/>\n<link rel=\"canonical\" href=\"https:\/\/www.tressis.com\/ca\/blog\/dia-mas-positivo-ciclicos-que-defensivos\/\" \/>\n<meta property=\"og:locale\" content=\"ca_ES\" \/>\n<meta property=\"og:type\" content=\"article\" \/>\n<meta property=\"og:title\" content=\"D\u00eda m\u00e1s positivo para los c\u00edclicos que para los defensivos\" \/>\n<meta property=\"og:description\" content=\"Los inversores optaron por ser optimistas, en parte poniendo en valor los datos que conoc\u00edamos con las publicaciones de los \u00edndices de actividad PMI, donde las partidas manufactureras de los mismos mostraban la confianza que los gestores tienen sobre una cercana reactivaci\u00f3n econ\u00f3mica.\" \/>\n<meta property=\"og:url\" content=\"https:\/\/www.tressis.com\/ca\/blog\/dia-mas-positivo-ciclicos-que-defensivos\/\" \/>\n<meta property=\"og:site_name\" content=\"Tressis\" \/>\n<meta property=\"article:publisher\" content=\"https:\/\/www.facebook.com\/Tressis\/\" \/>\n<meta property=\"article:published_time\" content=\"2021-03-25T10:00:16+00:00\" \/>\n<meta property=\"og:image\" content=\"https:\/\/www.tressis.com\/wp-content\/uploads\/2021\/03\/sectores-ciclicos.jpg\" \/>\n\t<meta property=\"og:image:width\" content=\"1100\" \/>\n\t<meta property=\"og:image:height\" content=\"487\" \/>\n\t<meta property=\"og:image:type\" content=\"image\/jpeg\" \/>\n<meta name=\"author\" content=\"Lola\" \/>\n<meta name=\"twitter:card\" content=\"summary_large_image\" \/>\n<meta name=\"twitter:creator\" content=\"@TressisSV\" \/>\n<meta name=\"twitter:site\" content=\"@TressisSV\" \/>\n<meta name=\"twitter:label1\" content=\"Escrit per\" \/>\n\t<meta name=\"twitter:data1\" content=\"Lola\" \/>\n\t<meta name=\"twitter:label2\" content=\"Temps estimat de lectura\" \/>\n\t<meta name=\"twitter:data2\" content=\"3 minuts\" \/>\n<script type=\"application\/ld+json\" class=\"yoast-schema-graph\">{\"@context\":\"https:\\\/\\\/schema.org\",\"@graph\":[{\"@type\":\"Article\",\"@id\":\"https:\\\/\\\/www.tressis.com\\\/ca\\\/blog\\\/dia-mas-positivo-ciclicos-que-defensivos\\\/#article\",\"isPartOf\":{\"@id\":\"https:\\\/\\\/www.tressis.com\\\/ca\\\/blog\\\/dia-mas-positivo-ciclicos-que-defensivos\\\/\"},\"author\":{\"name\":\"Lola\",\"@id\":\"https:\\\/\\\/www.tressis.com\\\/ca\\\/#\\\/schema\\\/person\\\/b833c1d724d8764920b6d6852c70584e\"},\"headline\":\"D\u00eda m\u00e1s positivo para los c\u00edclicos que para los defensivos\",\"datePublished\":\"2021-03-25T10:00:16+00:00\",\"mainEntityOfPage\":{\"@id\":\"https:\\\/\\\/www.tressis.com\\\/ca\\\/blog\\\/dia-mas-positivo-ciclicos-que-defensivos\\\/\"},\"wordCount\":532,\"commentCount\":0,\"publisher\":{\"@id\":\"https:\\\/\\\/www.tressis.com\\\/ca\\\/#organization\"},\"image\":{\"@id\":\"https:\\\/\\\/www.tressis.com\\\/ca\\\/blog\\\/dia-mas-positivo-ciclicos-que-defensivos\\\/#primaryimage\"},\"thumbnailUrl\":\"https:\\\/\\\/www.tressis.com\\\/wp-content\\\/uploads\\\/2021\\\/03\\\/sectores-ciclicos.jpg\",\"articleSection\":[\"Morning meeting\"],\"inLanguage\":\"ca\",\"potentialAction\":[{\"@type\":\"CommentAction\",\"name\":\"Comment\",\"target\":[\"https:\\\/\\\/www.tressis.com\\\/ca\\\/blog\\\/dia-mas-positivo-ciclicos-que-defensivos\\\/#respond\"]}]},{\"@type\":\"WebPage\",\"@id\":\"https:\\\/\\\/www.tressis.com\\\/ca\\\/blog\\\/dia-mas-positivo-ciclicos-que-defensivos\\\/\",\"url\":\"https:\\\/\\\/www.tressis.com\\\/ca\\\/blog\\\/dia-mas-positivo-ciclicos-que-defensivos\\\/\",\"name\":\"D\u00eda m\u00e1s positivo para los c\u00edclicos que para los defensivos\",\"isPartOf\":{\"@id\":\"https:\\\/\\\/www.tressis.com\\\/ca\\\/#website\"},\"primaryImageOfPage\":{\"@id\":\"https:\\\/\\\/www.tressis.com\\\/ca\\\/blog\\\/dia-mas-positivo-ciclicos-que-defensivos\\\/#primaryimage\"},\"image\":{\"@id\":\"https:\\\/\\\/www.tressis.com\\\/ca\\\/blog\\\/dia-mas-positivo-ciclicos-que-defensivos\\\/#primaryimage\"},\"thumbnailUrl\":\"https:\\\/\\\/www.tressis.com\\\/wp-content\\\/uploads\\\/2021\\\/03\\\/sectores-ciclicos.jpg\",\"datePublished\":\"2021-03-25T10:00:16+00:00\",\"description\":\"Los inversores optaron por ser optimistas, en parte poniendo en valor los datos que conoc\u00edamos con las publicaciones de los \u00edndices de actividad PMI, donde las partidas manufactureras de los mismos mostraban la confianza que los gestores tienen sobre una cercana reactivaci\u00f3n econ\u00f3mica.\",\"breadcrumb\":{\"@id\":\"https:\\\/\\\/www.tressis.com\\\/ca\\\/blog\\\/dia-mas-positivo-ciclicos-que-defensivos\\\/#breadcrumb\"},\"inLanguage\":\"ca\",\"potentialAction\":[{\"@type\":\"ReadAction\",\"target\":[\"https:\\\/\\\/www.tressis.com\\\/ca\\\/blog\\\/dia-mas-positivo-ciclicos-que-defensivos\\\/\"]}]},{\"@type\":\"ImageObject\",\"inLanguage\":\"ca\",\"@id\":\"https:\\\/\\\/www.tressis.com\\\/ca\\\/blog\\\/dia-mas-positivo-ciclicos-que-defensivos\\\/#primaryimage\",\"url\":\"https:\\\/\\\/www.tressis.com\\\/wp-content\\\/uploads\\\/2021\\\/03\\\/sectores-ciclicos.jpg\",\"contentUrl\":\"https:\\\/\\\/www.tressis.com\\\/wp-content\\\/uploads\\\/2021\\\/03\\\/sectores-ciclicos.jpg\",\"width\":1100,\"height\":487},{\"@type\":\"BreadcrumbList\",\"@id\":\"https:\\\/\\\/www.tressis.com\\\/ca\\\/blog\\\/dia-mas-positivo-ciclicos-que-defensivos\\\/#breadcrumb\",\"itemListElement\":[{\"@type\":\"ListItem\",\"position\":1,\"name\":\"Inicio\",\"item\":\"https:\\\/\\\/www.tressis.com\\\/ca\\\/\"},{\"@type\":\"ListItem\",\"position\":2,\"name\":\"D\u00eda m\u00e1s positivo para los c\u00edclicos que para los defensivos\"}]},{\"@type\":\"WebSite\",\"@id\":\"https:\\\/\\\/www.tressis.com\\\/ca\\\/#website\",\"url\":\"https:\\\/\\\/www.tressis.com\\\/ca\\\/\",\"name\":\"Tressis banca privada\",\"description\":\"Tressis | Planificaci\u00f3n financiera y gesti\u00f3n de patrimonios\",\"publisher\":{\"@id\":\"https:\\\/\\\/www.tressis.com\\\/ca\\\/#organization\"},\"potentialAction\":[{\"@type\":\"SearchAction\",\"target\":{\"@type\":\"EntryPoint\",\"urlTemplate\":\"https:\\\/\\\/www.tressis.com\\\/ca\\\/?s={search_term_string}\"},\"query-input\":{\"@type\":\"PropertyValueSpecification\",\"valueRequired\":true,\"valueName\":\"search_term_string\"}}],\"inLanguage\":\"ca\"},{\"@type\":\"Organization\",\"@id\":\"https:\\\/\\\/www.tressis.com\\\/ca\\\/#organization\",\"name\":\"Tressis\",\"url\":\"https:\\\/\\\/www.tressis.com\\\/ca\\\/\",\"logo\":{\"@type\":\"ImageObject\",\"inLanguage\":\"ca\",\"@id\":\"https:\\\/\\\/www.tressis.com\\\/ca\\\/#\\\/schema\\\/logo\\\/image\\\/\",\"url\":\"https:\\\/\\\/www.tressis.com\\\/wp-content\\\/uploads\\\/2025\\\/06\\\/logo-tressis-112.png\",\"contentUrl\":\"https:\\\/\\\/www.tressis.com\\\/wp-content\\\/uploads\\\/2025\\\/06\\\/logo-tressis-112.png\",\"width\":112,\"height\":112,\"caption\":\"Tressis\"},\"image\":{\"@id\":\"https:\\\/\\\/www.tressis.com\\\/ca\\\/#\\\/schema\\\/logo\\\/image\\\/\"},\"sameAs\":[\"https:\\\/\\\/www.facebook.com\\\/Tressis\\\/\",\"https:\\\/\\\/x.com\\\/TressisSV\",\"https:\\\/\\\/www.instagram.com\\\/tressissv\\\/?hl=es\",\"https:\\\/\\\/linkedin.com\\\/company\\\/tressis\\\/\",\"https:\\\/\\\/www.youtube.com\\\/user\\\/tressissv\",\"https:\\\/\\\/open.spotify.com\\\/show\\\/3jmTe1Nf0wqMILl7diWV6h?si=d7112519f13c4593&nd=1\"]},{\"@type\":\"Person\",\"@id\":\"https:\\\/\\\/www.tressis.com\\\/ca\\\/#\\\/schema\\\/person\\\/b833c1d724d8764920b6d6852c70584e\",\"name\":\"Lola\",\"image\":{\"@type\":\"ImageObject\",\"inLanguage\":\"ca\",\"@id\":\"https:\\\/\\\/secure.gravatar.com\\\/avatar\\\/05e646486b23ff45df9649110609c7e31b8c4a3e2821caa23d6317f405e0c51d?s=96&d=mm&r=g\",\"url\":\"https:\\\/\\\/secure.gravatar.com\\\/avatar\\\/05e646486b23ff45df9649110609c7e31b8c4a3e2821caa23d6317f405e0c51d?s=96&d=mm&r=g\",\"contentUrl\":\"https:\\\/\\\/secure.gravatar.com\\\/avatar\\\/05e646486b23ff45df9649110609c7e31b8c4a3e2821caa23d6317f405e0c51d?s=96&d=mm&r=g\",\"caption\":\"Lola\"}}]}<\/script>\n<!-- \/ Yoast SEO plugin. -->","yoast_head_json":{"title":"D\u00eda m\u00e1s positivo para los c\u00edclicos que para los defensivos","description":"Los inversores optaron por ser optimistas, en parte poniendo en valor los datos que conoc\u00edamos con las publicaciones de los \u00edndices de actividad PMI, donde las partidas manufactureras de los mismos mostraban la confianza que los gestores tienen sobre una cercana reactivaci\u00f3n econ\u00f3mica.","robots":{"index":"index","follow":"follow","max-snippet":"max-snippet:-1","max-image-preview":"max-image-preview:large","max-video-preview":"max-video-preview:-1"},"canonical":"https:\/\/www.tressis.com\/ca\/blog\/dia-mas-positivo-ciclicos-que-defensivos\/","og_locale":"ca_ES","og_type":"article","og_title":"D\u00eda m\u00e1s positivo para los c\u00edclicos que para los defensivos","og_description":"Los inversores optaron por ser optimistas, en parte poniendo en valor los datos que conoc\u00edamos con las publicaciones de los \u00edndices de actividad PMI, donde las partidas manufactureras de los mismos mostraban la confianza que los gestores tienen sobre una cercana reactivaci\u00f3n econ\u00f3mica.","og_url":"https:\/\/www.tressis.com\/ca\/blog\/dia-mas-positivo-ciclicos-que-defensivos\/","og_site_name":"Tressis","article_publisher":"https:\/\/www.facebook.com\/Tressis\/","article_published_time":"2021-03-25T10:00:16+00:00","og_image":[{"width":1100,"height":487,"url":"https:\/\/www.tressis.com\/wp-content\/uploads\/2021\/03\/sectores-ciclicos.jpg","type":"image\/jpeg"}],"author":"Lola","twitter_card":"summary_large_image","twitter_creator":"@TressisSV","twitter_site":"@TressisSV","twitter_misc":{"Escrit per":"Lola","Temps estimat de lectura":"3 minuts"},"schema":{"@context":"https:\/\/schema.org","@graph":[{"@type":"Article","@id":"https:\/\/www.tressis.com\/ca\/blog\/dia-mas-positivo-ciclicos-que-defensivos\/#article","isPartOf":{"@id":"https:\/\/www.tressis.com\/ca\/blog\/dia-mas-positivo-ciclicos-que-defensivos\/"},"author":{"name":"Lola","@id":"https:\/\/www.tressis.com\/ca\/#\/schema\/person\/b833c1d724d8764920b6d6852c70584e"},"headline":"D\u00eda m\u00e1s positivo para los c\u00edclicos que para los defensivos","datePublished":"2021-03-25T10:00:16+00:00","mainEntityOfPage":{"@id":"https:\/\/www.tressis.com\/ca\/blog\/dia-mas-positivo-ciclicos-que-defensivos\/"},"wordCount":532,"commentCount":0,"publisher":{"@id":"https:\/\/www.tressis.com\/ca\/#organization"},"image":{"@id":"https:\/\/www.tressis.com\/ca\/blog\/dia-mas-positivo-ciclicos-que-defensivos\/#primaryimage"},"thumbnailUrl":"https:\/\/www.tressis.com\/wp-content\/uploads\/2021\/03\/sectores-ciclicos.jpg","articleSection":["Morning meeting"],"inLanguage":"ca","potentialAction":[{"@type":"CommentAction","name":"Comment","target":["https:\/\/www.tressis.com\/ca\/blog\/dia-mas-positivo-ciclicos-que-defensivos\/#respond"]}]},{"@type":"WebPage","@id":"https:\/\/www.tressis.com\/ca\/blog\/dia-mas-positivo-ciclicos-que-defensivos\/","url":"https:\/\/www.tressis.com\/ca\/blog\/dia-mas-positivo-ciclicos-que-defensivos\/","name":"D\u00eda m\u00e1s positivo para los c\u00edclicos que para los defensivos","isPartOf":{"@id":"https:\/\/www.tressis.com\/ca\/#website"},"primaryImageOfPage":{"@id":"https:\/\/www.tressis.com\/ca\/blog\/dia-mas-positivo-ciclicos-que-defensivos\/#primaryimage"},"image":{"@id":"https:\/\/www.tressis.com\/ca\/blog\/dia-mas-positivo-ciclicos-que-defensivos\/#primaryimage"},"thumbnailUrl":"https:\/\/www.tressis.com\/wp-content\/uploads\/2021\/03\/sectores-ciclicos.jpg","datePublished":"2021-03-25T10:00:16+00:00","description":"Los inversores optaron por ser optimistas, en parte poniendo en valor los datos que conoc\u00edamos con las publicaciones de los \u00edndices de actividad PMI, donde las partidas manufactureras de los mismos mostraban la confianza que los gestores tienen sobre una cercana reactivaci\u00f3n econ\u00f3mica.","breadcrumb":{"@id":"https:\/\/www.tressis.com\/ca\/blog\/dia-mas-positivo-ciclicos-que-defensivos\/#breadcrumb"},"inLanguage":"ca","potentialAction":[{"@type":"ReadAction","target":["https:\/\/www.tressis.com\/ca\/blog\/dia-mas-positivo-ciclicos-que-defensivos\/"]}]},{"@type":"ImageObject","inLanguage":"ca","@id":"https:\/\/www.tressis.com\/ca\/blog\/dia-mas-positivo-ciclicos-que-defensivos\/#primaryimage","url":"https:\/\/www.tressis.com\/wp-content\/uploads\/2021\/03\/sectores-ciclicos.jpg","contentUrl":"https:\/\/www.tressis.com\/wp-content\/uploads\/2021\/03\/sectores-ciclicos.jpg","width":1100,"height":487},{"@type":"BreadcrumbList","@id":"https:\/\/www.tressis.com\/ca\/blog\/dia-mas-positivo-ciclicos-que-defensivos\/#breadcrumb","itemListElement":[{"@type":"ListItem","position":1,"name":"Inicio","item":"https:\/\/www.tressis.com\/ca\/"},{"@type":"ListItem","position":2,"name":"D\u00eda m\u00e1s positivo para los c\u00edclicos que para los defensivos"}]},{"@type":"WebSite","@id":"https:\/\/www.tressis.com\/ca\/#website","url":"https:\/\/www.tressis.com\/ca\/","name":"Tressis banca privada","description":"Tressis | Planificaci\u00f3n financiera y gesti\u00f3n de patrimonios","publisher":{"@id":"https:\/\/www.tressis.com\/ca\/#organization"},"potentialAction":[{"@type":"SearchAction","target":{"@type":"EntryPoint","urlTemplate":"https:\/\/www.tressis.com\/ca\/?s={search_term_string}"},"query-input":{"@type":"PropertyValueSpecification","valueRequired":true,"valueName":"search_term_string"}}],"inLanguage":"ca"},{"@type":"Organization","@id":"https:\/\/www.tressis.com\/ca\/#organization","name":"Tressis","url":"https:\/\/www.tressis.com\/ca\/","logo":{"@type":"ImageObject","inLanguage":"ca","@id":"https:\/\/www.tressis.com\/ca\/#\/schema\/logo\/image\/","url":"https:\/\/www.tressis.com\/wp-content\/uploads\/2025\/06\/logo-tressis-112.png","contentUrl":"https:\/\/www.tressis.com\/wp-content\/uploads\/2025\/06\/logo-tressis-112.png","width":112,"height":112,"caption":"Tressis"},"image":{"@id":"https:\/\/www.tressis.com\/ca\/#\/schema\/logo\/image\/"},"sameAs":["https:\/\/www.facebook.com\/Tressis\/","https:\/\/x.com\/TressisSV","https:\/\/www.instagram.com\/tressissv\/?hl=es","https:\/\/linkedin.com\/company\/tressis\/","https:\/\/www.youtube.com\/user\/tressissv","https:\/\/open.spotify.com\/show\/3jmTe1Nf0wqMILl7diWV6h?si=d7112519f13c4593&nd=1"]},{"@type":"Person","@id":"https:\/\/www.tressis.com\/ca\/#\/schema\/person\/b833c1d724d8764920b6d6852c70584e","name":"Lola","image":{"@type":"ImageObject","inLanguage":"ca","@id":"https:\/\/secure.gravatar.com\/avatar\/05e646486b23ff45df9649110609c7e31b8c4a3e2821caa23d6317f405e0c51d?s=96&d=mm&r=g","url":"https:\/\/secure.gravatar.com\/avatar\/05e646486b23ff45df9649110609c7e31b8c4a3e2821caa23d6317f405e0c51d?s=96&d=mm&r=g","contentUrl":"https:\/\/secure.gravatar.com\/avatar\/05e646486b23ff45df9649110609c7e31b8c4a3e2821caa23d6317f405e0c51d?s=96&d=mm&r=g","caption":"Lola"}}]}},"_links":{"self":[{"href":"https:\/\/www.tressis.com\/ca\/wp-json\/wp\/v2\/posts\/35964","targetHints":{"allow":["GET"]}}],"collection":[{"href":"https:\/\/www.tressis.com\/ca\/wp-json\/wp\/v2\/posts"}],"about":[{"href":"https:\/\/www.tressis.com\/ca\/wp-json\/wp\/v2\/types\/post"}],"author":[{"embeddable":true,"href":"https:\/\/www.tressis.com\/ca\/wp-json\/wp\/v2\/users\/4"}],"replies":[{"embeddable":true,"href":"https:\/\/www.tressis.com\/ca\/wp-json\/wp\/v2\/comments?post=35964"}],"version-history":[{"count":0,"href":"https:\/\/www.tressis.com\/ca\/wp-json\/wp\/v2\/posts\/35964\/revisions"}],"wp:featuredmedia":[{"embeddable":true,"href":"https:\/\/www.tressis.com\/ca\/wp-json\/wp\/v2\/media\/35965"}],"wp:attachment":[{"href":"https:\/\/www.tressis.com\/ca\/wp-json\/wp\/v2\/media?parent=35964"}],"wp:term":[{"taxonomy":"category","embeddable":true,"href":"https:\/\/www.tressis.com\/ca\/wp-json\/wp\/v2\/categories?post=35964"},{"taxonomy":"post_tag","embeddable":true,"href":"https:\/\/www.tressis.com\/ca\/wp-json\/wp\/v2\/tags?post=35964"}],"curies":[{"name":"wp","href":"https:\/\/api.w.org\/{rel}","templated":true}]}}