{"id":35956,"date":"2021-03-24T10:07:56","date_gmt":"2021-03-24T09:07:56","guid":{"rendered":"https:\/\/www.tressis.com\/blog\/?p=35956"},"modified":"2021-03-24T10:07:56","modified_gmt":"2021-03-24T09:07:56","slug":"el-sector-industrial-revive-a-la-economia-europea","status":"publish","type":"post","link":"https:\/\/www.tressis.com\/ca\/blog\/el-sector-industrial-revive-a-la-economia-europea\/","title":{"rendered":"El sector industrial revive a la econom\u00eda europea"},"content":{"rendered":"<p>La renta variable estadounidense cay\u00f3 el martes a medida que algunos pa\u00edses de Europa ampliaron o reimpusieron las restricciones por el virus.<!--more--> Los inversores tambi\u00e9n pusieron en valor el testimonio en el Congreso de la secretaria del Tesoro de Estados Unidos, Janet Yellen, de que se requerir\u00edan aumentos de impuestos para financiar las pr\u00f3ximas etapas de la agenda econ\u00f3mica de la administraci\u00f3n Biden. Mientras tanto, los inversores siguieron vigilando las tensiones geopol\u00edticas. Al menos, el \u00edndice espa\u00f1ol cerraba el d\u00eda con t\u00edmidas subidas, a pesar de que los n\u00fameros rojos aparec\u00edan tambi\u00e9n en el resto de mercados europeos.<\/p>\n<p>Por su parte, en los mercados de deuda, los bonos soberanos aumentaban sus precios (las rentabilidades cayeron) al existir un menor apetito por el riesgo y en medio de una s\u00f3lida demanda de una subasta de bonos a dos a\u00f1os de EE.UU. de 60.000 millones de d\u00f3lares. Mientras tanto, el presidente de la Fed, Jerome Powell, apareci\u00f3 frente al Congreso y redujo los riesgos de inflaci\u00f3n este a\u00f1o.<\/p>\n<p>Los datos estrella ser\u00e1n los PMI preliminares manufacturero, de servicios y compuesto del mes de marzo de varios pa\u00edses europeos y de EE.UU. Por ahora ya sabemos que el sector industrial franc\u00e9s est\u00e1 en m\u00e1ximos de 39 meses. Adem\u00e1s, las peticiones a f\u00e1brica para exportaciones alcanzan el mayor nivel en tres a\u00f1os. Sin embargo, el sector servicios contin\u00faa en contracci\u00f3n y ya van trece meses en negativo. Por su parte, la econom\u00eda de Alemania tuvo un fuerte final de primer trimestre. Los datos del PMI de marzo de IHS Markit mostraron que la actividad empresarial aument\u00f3 abruptamente a causa del crecimiento r\u00e9cord de la industria manufacturera y una minirreactivaci\u00f3n en el sector de los servicios, gracias al alivio parcial de las medidas restrictivas y se sit\u00faa en m\u00e1ximos de tres a\u00f1os. Pero la nota a destacar era el dato de crecimiento industrial, el cual se posiciona en m\u00e1ximos hist\u00f3ricos. El repunte sostenido de las f\u00e1bricas ha permitido que el PMI manufacturero alcance niveles sin precedentes, con un crecimiento de la demanda mundial de bienes industriales que no muestra signos de debilidad, mientras las empresas informan de que las inversiones anteriormente retrasadas se est\u00e1n realizando y se est\u00e1 recuperando el tiempo perdido. Sin embargo, las cadenas de suministro est\u00e1n siendo objeto de una mayor presi\u00f3n por el repunte del sector manufacturero, que est\u00e1 aumentando los costes de insumos de las f\u00e1bricas a una de las tasas m\u00e1s r\u00e1pidas en los casi 25 a\u00f1os de recogida de datos.<\/p>\n<p>Buen d\u00eda.<br \/>\n<center><strong>Jorge Gonz\u00e1lez G\u00f3mez<\/strong><br \/>\nDirector de An\u00e1lisis <\/center><\/p>\n","protected":false},"excerpt":{"rendered":"<p>La renta variable estadounidense cay\u00f3 el martes a medida que algunos pa\u00edses de Europa ampliaron o reimpusieron las restricciones por el virus.<\/p>\n","protected":false},"author":4,"featured_media":35957,"comment_status":"open","ping_status":"closed","sticky":false,"template":"","format":"standard","meta":{"_acf_changed":false,"footnotes":""},"categories":[9721],"tags":[],"class_list":["post-35956","post","type-post","status-publish","format-standard","has-post-thumbnail","hentry","category-morning-meeting"],"acf":[],"yoast_head":"<!-- This site is optimized with the Yoast SEO plugin v27.5 - https:\/\/yoast.com\/product\/yoast-seo-wordpress\/ -->\n<title>El sector industrial revive a la econom\u00eda europea<\/title>\n<meta name=\"description\" content=\"El repunte sostenido de las f\u00e1bricas ha permitido que el PMI manufacturero alcance niveles sin precedentes en Alemania\" \/>\n<meta name=\"robots\" content=\"index, follow, max-snippet:-1, max-image-preview:large, max-video-preview:-1\" \/>\n<link rel=\"canonical\" href=\"https:\/\/www.tressis.com\/ca\/blog\/el-sector-industrial-revive-a-la-economia-europea\/\" \/>\n<meta property=\"og:locale\" content=\"ca_ES\" \/>\n<meta property=\"og:type\" content=\"article\" \/>\n<meta property=\"og:title\" content=\"El sector industrial revive a la econom\u00eda europea\" \/>\n<meta property=\"og:description\" content=\"El repunte sostenido de las f\u00e1bricas ha permitido que el PMI manufacturero alcance niveles sin precedentes en Alemania\" \/>\n<meta property=\"og:url\" content=\"https:\/\/www.tressis.com\/ca\/blog\/el-sector-industrial-revive-a-la-economia-europea\/\" \/>\n<meta property=\"og:site_name\" content=\"Tressis\" \/>\n<meta property=\"article:publisher\" content=\"https:\/\/www.facebook.com\/Tressis\/\" \/>\n<meta property=\"article:published_time\" content=\"2021-03-24T09:07:56+00:00\" \/>\n<meta property=\"og:image\" content=\"https:\/\/www.tressis.com\/wp-content\/uploads\/2021\/03\/industria-alemania.jpg\" \/>\n\t<meta property=\"og:image:width\" content=\"1100\" \/>\n\t<meta property=\"og:image:height\" content=\"487\" \/>\n\t<meta property=\"og:image:type\" content=\"image\/jpeg\" \/>\n<meta name=\"author\" content=\"Lola\" \/>\n<meta name=\"twitter:card\" content=\"summary_large_image\" \/>\n<meta name=\"twitter:creator\" content=\"@TressisSV\" \/>\n<meta name=\"twitter:site\" content=\"@TressisSV\" \/>\n<meta name=\"twitter:label1\" content=\"Escrit per\" \/>\n\t<meta name=\"twitter:data1\" content=\"Lola\" \/>\n\t<meta name=\"twitter:label2\" content=\"Temps estimat de lectura\" \/>\n\t<meta name=\"twitter:data2\" content=\"2 minuts\" \/>\n<script type=\"application\/ld+json\" class=\"yoast-schema-graph\">{\"@context\":\"https:\\\/\\\/schema.org\",\"@graph\":[{\"@type\":\"Article\",\"@id\":\"https:\\\/\\\/www.tressis.com\\\/ca\\\/blog\\\/el-sector-industrial-revive-a-la-economia-europea\\\/#article\",\"isPartOf\":{\"@id\":\"https:\\\/\\\/www.tressis.com\\\/ca\\\/blog\\\/el-sector-industrial-revive-a-la-economia-europea\\\/\"},\"author\":{\"name\":\"Lola\",\"@id\":\"https:\\\/\\\/www.tressis.com\\\/ca\\\/#\\\/schema\\\/person\\\/b833c1d724d8764920b6d6852c70584e\"},\"headline\":\"El sector industrial revive a la econom\u00eda europea\",\"datePublished\":\"2021-03-24T09:07:56+00:00\",\"mainEntityOfPage\":{\"@id\":\"https:\\\/\\\/www.tressis.com\\\/ca\\\/blog\\\/el-sector-industrial-revive-a-la-economia-europea\\\/\"},\"wordCount\":475,\"commentCount\":0,\"publisher\":{\"@id\":\"https:\\\/\\\/www.tressis.com\\\/ca\\\/#organization\"},\"image\":{\"@id\":\"https:\\\/\\\/www.tressis.com\\\/ca\\\/blog\\\/el-sector-industrial-revive-a-la-economia-europea\\\/#primaryimage\"},\"thumbnailUrl\":\"https:\\\/\\\/www.tressis.com\\\/wp-content\\\/uploads\\\/2021\\\/03\\\/industria-alemania.jpg\",\"articleSection\":[\"Morning meeting\"],\"inLanguage\":\"ca\",\"potentialAction\":[{\"@type\":\"CommentAction\",\"name\":\"Comment\",\"target\":[\"https:\\\/\\\/www.tressis.com\\\/ca\\\/blog\\\/el-sector-industrial-revive-a-la-economia-europea\\\/#respond\"]}]},{\"@type\":\"WebPage\",\"@id\":\"https:\\\/\\\/www.tressis.com\\\/ca\\\/blog\\\/el-sector-industrial-revive-a-la-economia-europea\\\/\",\"url\":\"https:\\\/\\\/www.tressis.com\\\/ca\\\/blog\\\/el-sector-industrial-revive-a-la-economia-europea\\\/\",\"name\":\"El sector industrial revive a la econom\u00eda europea\",\"isPartOf\":{\"@id\":\"https:\\\/\\\/www.tressis.com\\\/ca\\\/#website\"},\"primaryImageOfPage\":{\"@id\":\"https:\\\/\\\/www.tressis.com\\\/ca\\\/blog\\\/el-sector-industrial-revive-a-la-economia-europea\\\/#primaryimage\"},\"image\":{\"@id\":\"https:\\\/\\\/www.tressis.com\\\/ca\\\/blog\\\/el-sector-industrial-revive-a-la-economia-europea\\\/#primaryimage\"},\"thumbnailUrl\":\"https:\\\/\\\/www.tressis.com\\\/wp-content\\\/uploads\\\/2021\\\/03\\\/industria-alemania.jpg\",\"datePublished\":\"2021-03-24T09:07:56+00:00\",\"description\":\"El repunte sostenido de las f\u00e1bricas ha permitido que el PMI manufacturero alcance niveles sin precedentes en Alemania\",\"breadcrumb\":{\"@id\":\"https:\\\/\\\/www.tressis.com\\\/ca\\\/blog\\\/el-sector-industrial-revive-a-la-economia-europea\\\/#breadcrumb\"},\"inLanguage\":\"ca\",\"potentialAction\":[{\"@type\":\"ReadAction\",\"target\":[\"https:\\\/\\\/www.tressis.com\\\/ca\\\/blog\\\/el-sector-industrial-revive-a-la-economia-europea\\\/\"]}]},{\"@type\":\"ImageObject\",\"inLanguage\":\"ca\",\"@id\":\"https:\\\/\\\/www.tressis.com\\\/ca\\\/blog\\\/el-sector-industrial-revive-a-la-economia-europea\\\/#primaryimage\",\"url\":\"https:\\\/\\\/www.tressis.com\\\/wp-content\\\/uploads\\\/2021\\\/03\\\/industria-alemania.jpg\",\"contentUrl\":\"https:\\\/\\\/www.tressis.com\\\/wp-content\\\/uploads\\\/2021\\\/03\\\/industria-alemania.jpg\",\"width\":1100,\"height\":487},{\"@type\":\"BreadcrumbList\",\"@id\":\"https:\\\/\\\/www.tressis.com\\\/ca\\\/blog\\\/el-sector-industrial-revive-a-la-economia-europea\\\/#breadcrumb\",\"itemListElement\":[{\"@type\":\"ListItem\",\"position\":1,\"name\":\"Inicio\",\"item\":\"https:\\\/\\\/www.tressis.com\\\/ca\\\/\"},{\"@type\":\"ListItem\",\"position\":2,\"name\":\"El sector industrial revive a la econom\u00eda europea\"}]},{\"@type\":\"WebSite\",\"@id\":\"https:\\\/\\\/www.tressis.com\\\/ca\\\/#website\",\"url\":\"https:\\\/\\\/www.tressis.com\\\/ca\\\/\",\"name\":\"Tressis banca privada\",\"description\":\"Tressis | Planificaci\u00f3n financiera y gesti\u00f3n de patrimonios\",\"publisher\":{\"@id\":\"https:\\\/\\\/www.tressis.com\\\/ca\\\/#organization\"},\"potentialAction\":[{\"@type\":\"SearchAction\",\"target\":{\"@type\":\"EntryPoint\",\"urlTemplate\":\"https:\\\/\\\/www.tressis.com\\\/ca\\\/?s={search_term_string}\"},\"query-input\":{\"@type\":\"PropertyValueSpecification\",\"valueRequired\":true,\"valueName\":\"search_term_string\"}}],\"inLanguage\":\"ca\"},{\"@type\":\"Organization\",\"@id\":\"https:\\\/\\\/www.tressis.com\\\/ca\\\/#organization\",\"name\":\"Tressis\",\"url\":\"https:\\\/\\\/www.tressis.com\\\/ca\\\/\",\"logo\":{\"@type\":\"ImageObject\",\"inLanguage\":\"ca\",\"@id\":\"https:\\\/\\\/www.tressis.com\\\/ca\\\/#\\\/schema\\\/logo\\\/image\\\/\",\"url\":\"https:\\\/\\\/www.tressis.com\\\/wp-content\\\/uploads\\\/2025\\\/06\\\/logo-tressis-112.png\",\"contentUrl\":\"https:\\\/\\\/www.tressis.com\\\/wp-content\\\/uploads\\\/2025\\\/06\\\/logo-tressis-112.png\",\"width\":112,\"height\":112,\"caption\":\"Tressis\"},\"image\":{\"@id\":\"https:\\\/\\\/www.tressis.com\\\/ca\\\/#\\\/schema\\\/logo\\\/image\\\/\"},\"sameAs\":[\"https:\\\/\\\/www.facebook.com\\\/Tressis\\\/\",\"https:\\\/\\\/x.com\\\/TressisSV\",\"https:\\\/\\\/www.instagram.com\\\/tressissv\\\/?hl=es\",\"https:\\\/\\\/linkedin.com\\\/company\\\/tressis\\\/\",\"https:\\\/\\\/www.youtube.com\\\/user\\\/tressissv\",\"https:\\\/\\\/open.spotify.com\\\/show\\\/3jmTe1Nf0wqMILl7diWV6h?si=d7112519f13c4593&nd=1\"]},{\"@type\":\"Person\",\"@id\":\"https:\\\/\\\/www.tressis.com\\\/ca\\\/#\\\/schema\\\/person\\\/b833c1d724d8764920b6d6852c70584e\",\"name\":\"Lola\",\"image\":{\"@type\":\"ImageObject\",\"inLanguage\":\"ca\",\"@id\":\"https:\\\/\\\/secure.gravatar.com\\\/avatar\\\/05e646486b23ff45df9649110609c7e31b8c4a3e2821caa23d6317f405e0c51d?s=96&d=mm&r=g\",\"url\":\"https:\\\/\\\/secure.gravatar.com\\\/avatar\\\/05e646486b23ff45df9649110609c7e31b8c4a3e2821caa23d6317f405e0c51d?s=96&d=mm&r=g\",\"contentUrl\":\"https:\\\/\\\/secure.gravatar.com\\\/avatar\\\/05e646486b23ff45df9649110609c7e31b8c4a3e2821caa23d6317f405e0c51d?s=96&d=mm&r=g\",\"caption\":\"Lola\"}}]}<\/script>\n<!-- \/ Yoast SEO plugin. -->","yoast_head_json":{"title":"El sector industrial revive a la econom\u00eda europea","description":"El repunte sostenido de las f\u00e1bricas ha permitido que el PMI manufacturero alcance niveles sin precedentes en Alemania","robots":{"index":"index","follow":"follow","max-snippet":"max-snippet:-1","max-image-preview":"max-image-preview:large","max-video-preview":"max-video-preview:-1"},"canonical":"https:\/\/www.tressis.com\/ca\/blog\/el-sector-industrial-revive-a-la-economia-europea\/","og_locale":"ca_ES","og_type":"article","og_title":"El sector industrial revive a la econom\u00eda europea","og_description":"El repunte sostenido de las f\u00e1bricas ha permitido que el PMI manufacturero alcance niveles sin precedentes en Alemania","og_url":"https:\/\/www.tressis.com\/ca\/blog\/el-sector-industrial-revive-a-la-economia-europea\/","og_site_name":"Tressis","article_publisher":"https:\/\/www.facebook.com\/Tressis\/","article_published_time":"2021-03-24T09:07:56+00:00","og_image":[{"width":1100,"height":487,"url":"https:\/\/www.tressis.com\/wp-content\/uploads\/2021\/03\/industria-alemania.jpg","type":"image\/jpeg"}],"author":"Lola","twitter_card":"summary_large_image","twitter_creator":"@TressisSV","twitter_site":"@TressisSV","twitter_misc":{"Escrit per":"Lola","Temps estimat de lectura":"2 minuts"},"schema":{"@context":"https:\/\/schema.org","@graph":[{"@type":"Article","@id":"https:\/\/www.tressis.com\/ca\/blog\/el-sector-industrial-revive-a-la-economia-europea\/#article","isPartOf":{"@id":"https:\/\/www.tressis.com\/ca\/blog\/el-sector-industrial-revive-a-la-economia-europea\/"},"author":{"name":"Lola","@id":"https:\/\/www.tressis.com\/ca\/#\/schema\/person\/b833c1d724d8764920b6d6852c70584e"},"headline":"El sector industrial revive a la econom\u00eda europea","datePublished":"2021-03-24T09:07:56+00:00","mainEntityOfPage":{"@id":"https:\/\/www.tressis.com\/ca\/blog\/el-sector-industrial-revive-a-la-economia-europea\/"},"wordCount":475,"commentCount":0,"publisher":{"@id":"https:\/\/www.tressis.com\/ca\/#organization"},"image":{"@id":"https:\/\/www.tressis.com\/ca\/blog\/el-sector-industrial-revive-a-la-economia-europea\/#primaryimage"},"thumbnailUrl":"https:\/\/www.tressis.com\/wp-content\/uploads\/2021\/03\/industria-alemania.jpg","articleSection":["Morning meeting"],"inLanguage":"ca","potentialAction":[{"@type":"CommentAction","name":"Comment","target":["https:\/\/www.tressis.com\/ca\/blog\/el-sector-industrial-revive-a-la-economia-europea\/#respond"]}]},{"@type":"WebPage","@id":"https:\/\/www.tressis.com\/ca\/blog\/el-sector-industrial-revive-a-la-economia-europea\/","url":"https:\/\/www.tressis.com\/ca\/blog\/el-sector-industrial-revive-a-la-economia-europea\/","name":"El sector industrial revive a la econom\u00eda europea","isPartOf":{"@id":"https:\/\/www.tressis.com\/ca\/#website"},"primaryImageOfPage":{"@id":"https:\/\/www.tressis.com\/ca\/blog\/el-sector-industrial-revive-a-la-economia-europea\/#primaryimage"},"image":{"@id":"https:\/\/www.tressis.com\/ca\/blog\/el-sector-industrial-revive-a-la-economia-europea\/#primaryimage"},"thumbnailUrl":"https:\/\/www.tressis.com\/wp-content\/uploads\/2021\/03\/industria-alemania.jpg","datePublished":"2021-03-24T09:07:56+00:00","description":"El repunte sostenido de las f\u00e1bricas ha permitido que el PMI manufacturero alcance niveles sin precedentes en Alemania","breadcrumb":{"@id":"https:\/\/www.tressis.com\/ca\/blog\/el-sector-industrial-revive-a-la-economia-europea\/#breadcrumb"},"inLanguage":"ca","potentialAction":[{"@type":"ReadAction","target":["https:\/\/www.tressis.com\/ca\/blog\/el-sector-industrial-revive-a-la-economia-europea\/"]}]},{"@type":"ImageObject","inLanguage":"ca","@id":"https:\/\/www.tressis.com\/ca\/blog\/el-sector-industrial-revive-a-la-economia-europea\/#primaryimage","url":"https:\/\/www.tressis.com\/wp-content\/uploads\/2021\/03\/industria-alemania.jpg","contentUrl":"https:\/\/www.tressis.com\/wp-content\/uploads\/2021\/03\/industria-alemania.jpg","width":1100,"height":487},{"@type":"BreadcrumbList","@id":"https:\/\/www.tressis.com\/ca\/blog\/el-sector-industrial-revive-a-la-economia-europea\/#breadcrumb","itemListElement":[{"@type":"ListItem","position":1,"name":"Inicio","item":"https:\/\/www.tressis.com\/ca\/"},{"@type":"ListItem","position":2,"name":"El sector industrial revive a la econom\u00eda europea"}]},{"@type":"WebSite","@id":"https:\/\/www.tressis.com\/ca\/#website","url":"https:\/\/www.tressis.com\/ca\/","name":"Tressis banca privada","description":"Tressis | Planificaci\u00f3n financiera y gesti\u00f3n de patrimonios","publisher":{"@id":"https:\/\/www.tressis.com\/ca\/#organization"},"potentialAction":[{"@type":"SearchAction","target":{"@type":"EntryPoint","urlTemplate":"https:\/\/www.tressis.com\/ca\/?s={search_term_string}"},"query-input":{"@type":"PropertyValueSpecification","valueRequired":true,"valueName":"search_term_string"}}],"inLanguage":"ca"},{"@type":"Organization","@id":"https:\/\/www.tressis.com\/ca\/#organization","name":"Tressis","url":"https:\/\/www.tressis.com\/ca\/","logo":{"@type":"ImageObject","inLanguage":"ca","@id":"https:\/\/www.tressis.com\/ca\/#\/schema\/logo\/image\/","url":"https:\/\/www.tressis.com\/wp-content\/uploads\/2025\/06\/logo-tressis-112.png","contentUrl":"https:\/\/www.tressis.com\/wp-content\/uploads\/2025\/06\/logo-tressis-112.png","width":112,"height":112,"caption":"Tressis"},"image":{"@id":"https:\/\/www.tressis.com\/ca\/#\/schema\/logo\/image\/"},"sameAs":["https:\/\/www.facebook.com\/Tressis\/","https:\/\/x.com\/TressisSV","https:\/\/www.instagram.com\/tressissv\/?hl=es","https:\/\/linkedin.com\/company\/tressis\/","https:\/\/www.youtube.com\/user\/tressissv","https:\/\/open.spotify.com\/show\/3jmTe1Nf0wqMILl7diWV6h?si=d7112519f13c4593&nd=1"]},{"@type":"Person","@id":"https:\/\/www.tressis.com\/ca\/#\/schema\/person\/b833c1d724d8764920b6d6852c70584e","name":"Lola","image":{"@type":"ImageObject","inLanguage":"ca","@id":"https:\/\/secure.gravatar.com\/avatar\/05e646486b23ff45df9649110609c7e31b8c4a3e2821caa23d6317f405e0c51d?s=96&d=mm&r=g","url":"https:\/\/secure.gravatar.com\/avatar\/05e646486b23ff45df9649110609c7e31b8c4a3e2821caa23d6317f405e0c51d?s=96&d=mm&r=g","contentUrl":"https:\/\/secure.gravatar.com\/avatar\/05e646486b23ff45df9649110609c7e31b8c4a3e2821caa23d6317f405e0c51d?s=96&d=mm&r=g","caption":"Lola"}}]}},"_links":{"self":[{"href":"https:\/\/www.tressis.com\/ca\/wp-json\/wp\/v2\/posts\/35956","targetHints":{"allow":["GET"]}}],"collection":[{"href":"https:\/\/www.tressis.com\/ca\/wp-json\/wp\/v2\/posts"}],"about":[{"href":"https:\/\/www.tressis.com\/ca\/wp-json\/wp\/v2\/types\/post"}],"author":[{"embeddable":true,"href":"https:\/\/www.tressis.com\/ca\/wp-json\/wp\/v2\/users\/4"}],"replies":[{"embeddable":true,"href":"https:\/\/www.tressis.com\/ca\/wp-json\/wp\/v2\/comments?post=35956"}],"version-history":[{"count":0,"href":"https:\/\/www.tressis.com\/ca\/wp-json\/wp\/v2\/posts\/35956\/revisions"}],"wp:featuredmedia":[{"embeddable":true,"href":"https:\/\/www.tressis.com\/ca\/wp-json\/wp\/v2\/media\/35957"}],"wp:attachment":[{"href":"https:\/\/www.tressis.com\/ca\/wp-json\/wp\/v2\/media?parent=35956"}],"wp:term":[{"taxonomy":"category","embeddable":true,"href":"https:\/\/www.tressis.com\/ca\/wp-json\/wp\/v2\/categories?post=35956"},{"taxonomy":"post_tag","embeddable":true,"href":"https:\/\/www.tressis.com\/ca\/wp-json\/wp\/v2\/tags?post=35956"}],"curies":[{"name":"wp","href":"https:\/\/api.w.org\/{rel}","templated":true}]}}