{"id":35936,"date":"2021-03-22T09:44:00","date_gmt":"2021-03-22T08:44:00","guid":{"rendered":"https:\/\/www.tressis.com\/blog\/?p=35936"},"modified":"2021-03-22T09:44:00","modified_gmt":"2021-03-22T08:44:00","slug":"vuelven-los-fantasmas-del-pasado","status":"publish","type":"post","link":"https:\/\/www.tressis.com\/ca\/blog\/vuelven-los-fantasmas-del-pasado\/","title":{"rendered":"Vuelven los fantasmas del pasado"},"content":{"rendered":"<p>Las noticias negativas sobre la evoluci\u00f3n de la pandemia han provocado que los inversores vuelvan su mirada hacia las empresas de crecimiento que tan olvidadas ten\u00edan en las \u00faltimas semanas.<!--more--> Europa no termina de salir de las restricciones y cada d\u00eda parece m\u00e1s claro que la econom\u00eda del Viejo Continente tardar\u00e1 en recuperarse de este par\u00f3n. Tampoco ayuda el conflicto de la UE con el Reino Unido por las vacunas.<\/p>\n<p>Donde tambi\u00e9n tenemos un nuevo foco de problemas es en Estados Unidos. Quien pensara que con la Administraci\u00f3n Biden \u00edbamos a tener paz internacional estaba muy equivocado. Es cierto que las formas son diferentes, pero en sus primeros d\u00edas de mandato ya tienen conflicto con China, Rusia y problemas migratorios en M\u00e9xico. Menudo pleno. Adem\u00e1s, el Estado cada d\u00eda se financia m\u00e1s caro y el bono a diez a\u00f1os se sit\u00faa por encima del 1,7%. Ya veremos lo que esto supone para el crecimiento del pa\u00eds, aunque ya sabemos que Estados Unidos siempre ha tenido un menor impacto por estas situaciones que otros pa\u00edses.<\/p>\n<p>Pero la pesadilla de la subida del bono americano puede haber llegado a los mercados emergentes como ya pas\u00f3 en 2013. Por ahora ya son varios los bancos centrales que han tenido que subir sus tipos de inter\u00e9s para intentar frenar la inflaci\u00f3n. Pero ni eso ha conseguido frenar la ca\u00edda de sus divisas. Un ejemplo claro y recurrente es Turqu\u00eda, que nuevamente se enfrenta a los fantasmas de la devaluaci\u00f3n y la injerencia pol\u00edtica. La lira turca se derrumbaba esta noche casi un 14% frente al d\u00f3lar, despu\u00e9s de que el presidente Recep Erdogan destituyera el s\u00e1bado al titular del Banco Central, Naci A\u011fbal, por su fracaso en el objetivo de contener la inflaci\u00f3n turca a pesar de haber subido los tipos de inter\u00e9s el pasado jueves del 17% al 19%. Sin embargo, parece que dicho movimiento llega tarde, puesto que la inflaci\u00f3n ya se sit\u00faa por encima del 15%.<\/p>\n<p>Estos d\u00edas conoceremos las primeras cifras del sector industrial de marzo. Datos clave para terminar de dilucidar cu\u00e1l ha sido la tasa de recuperaci\u00f3n de las econom\u00edas en el primer trimestre. Los datos del PMI de febrero pusieron de relieve una notable divergencia entre EE.UU. y Europa, cuando los primeros impulsaban la expansi\u00f3n mundial. Por tanto, los datos del PMI de marzo se vigilar\u00e1n con atenci\u00f3n para evaluar el impacto de restricciones m\u00e1s estrictas en Europa en medio de una tercera ola de infecciones en todo el continente, y tambi\u00e9n para detectar signos de cualquier interrupci\u00f3n de la cadena de suministro mundial. En vista de que la preocupaci\u00f3n por la propagaci\u00f3n del virus aumenta una vez m\u00e1s en toda Europa, las cifras de confianza de los consumidores alemanes de abril nos proporcionar\u00e1n una clara muestra de c\u00f3mo se est\u00e1n tomando los ciudadanos de la principal econom\u00eda continental la actual situaci\u00f3n. Adem\u00e1s, estos d\u00edas se publicar\u00e1n las cifras finales del PIB de varios pa\u00edses como EE.UU., Espa\u00f1a y los Pa\u00edses Bajos.<\/p>\n<p>Buena semana.<br \/>\n<center><strong>Jorge Gonz\u00e1lez G\u00f3mez<\/strong><br \/>\nDirector de An\u00e1lisis <\/center><\/p>\n","protected":false},"excerpt":{"rendered":"<p>Las noticias negativas sobre la evoluci\u00f3n de la pandemia han provocado que los inversores vuelvan su mirada hacia las empresas de crecimiento que tan olvidadas ten\u00edan en las \u00faltimas semanas.<\/p>\n","protected":false},"author":4,"featured_media":35937,"comment_status":"open","ping_status":"closed","sticky":false,"template":"","format":"standard","meta":{"_acf_changed":false,"footnotes":""},"categories":[9721],"tags":[],"class_list":["post-35936","post","type-post","status-publish","format-standard","has-post-thumbnail","hentry","category-morning-meeting"],"acf":[],"yoast_head":"<!-- This site is optimized with the Yoast SEO plugin v27.5 - https:\/\/yoast.com\/product\/yoast-seo-wordpress\/ -->\n<title>Vuelven los fantasmas del pasado<\/title>\n<meta name=\"description\" content=\"Quien pensara que con la Administraci\u00f3n Biden \u00edbamos a tener paz internacional estaba muy equivocado. Es cierto que las formas son diferentes, pero en sus primeros d\u00edas de mandato ya tienen conflicto con China, Rusia y problemas migratorios en M\u00e9xico.\" \/>\n<meta name=\"robots\" content=\"index, follow, max-snippet:-1, max-image-preview:large, max-video-preview:-1\" \/>\n<link rel=\"canonical\" href=\"https:\/\/www.tressis.com\/ca\/blog\/vuelven-los-fantasmas-del-pasado\/\" \/>\n<meta property=\"og:locale\" content=\"ca_ES\" \/>\n<meta property=\"og:type\" content=\"article\" \/>\n<meta property=\"og:title\" content=\"Vuelven los fantasmas del pasado\" \/>\n<meta property=\"og:description\" content=\"Quien pensara que con la Administraci\u00f3n Biden \u00edbamos a tener paz internacional estaba muy equivocado. Es cierto que las formas son diferentes, pero en sus primeros d\u00edas de mandato ya tienen conflicto con China, Rusia y problemas migratorios en M\u00e9xico.\" \/>\n<meta property=\"og:url\" content=\"https:\/\/www.tressis.com\/ca\/blog\/vuelven-los-fantasmas-del-pasado\/\" \/>\n<meta property=\"og:site_name\" content=\"Tressis\" \/>\n<meta property=\"article:publisher\" content=\"https:\/\/www.facebook.com\/Tressis\/\" \/>\n<meta property=\"article:published_time\" content=\"2021-03-22T08:44:00+00:00\" \/>\n<meta property=\"og:image\" content=\"https:\/\/www.tressis.com\/wp-content\/uploads\/2021\/03\/eeuu-china-rusia.jpg\" \/>\n\t<meta property=\"og:image:width\" content=\"1100\" \/>\n\t<meta property=\"og:image:height\" content=\"487\" \/>\n\t<meta property=\"og:image:type\" content=\"image\/jpeg\" \/>\n<meta name=\"author\" content=\"Lola\" \/>\n<meta name=\"twitter:card\" content=\"summary_large_image\" \/>\n<meta name=\"twitter:creator\" content=\"@TressisSV\" \/>\n<meta name=\"twitter:site\" content=\"@TressisSV\" \/>\n<meta name=\"twitter:label1\" content=\"Escrit per\" \/>\n\t<meta name=\"twitter:data1\" content=\"Lola\" \/>\n\t<meta name=\"twitter:label2\" content=\"Temps estimat de lectura\" \/>\n\t<meta name=\"twitter:data2\" content=\"3 minuts\" \/>\n<script type=\"application\/ld+json\" class=\"yoast-schema-graph\">{\"@context\":\"https:\\\/\\\/schema.org\",\"@graph\":[{\"@type\":\"Article\",\"@id\":\"https:\\\/\\\/www.tressis.com\\\/ca\\\/blog\\\/vuelven-los-fantasmas-del-pasado\\\/#article\",\"isPartOf\":{\"@id\":\"https:\\\/\\\/www.tressis.com\\\/ca\\\/blog\\\/vuelven-los-fantasmas-del-pasado\\\/\"},\"author\":{\"name\":\"Lola\",\"@id\":\"https:\\\/\\\/www.tressis.com\\\/ca\\\/#\\\/schema\\\/person\\\/b833c1d724d8764920b6d6852c70584e\"},\"headline\":\"Vuelven los fantasmas del pasado\",\"datePublished\":\"2021-03-22T08:44:00+00:00\",\"mainEntityOfPage\":{\"@id\":\"https:\\\/\\\/www.tressis.com\\\/ca\\\/blog\\\/vuelven-los-fantasmas-del-pasado\\\/\"},\"wordCount\":562,\"commentCount\":0,\"publisher\":{\"@id\":\"https:\\\/\\\/www.tressis.com\\\/ca\\\/#organization\"},\"image\":{\"@id\":\"https:\\\/\\\/www.tressis.com\\\/ca\\\/blog\\\/vuelven-los-fantasmas-del-pasado\\\/#primaryimage\"},\"thumbnailUrl\":\"https:\\\/\\\/www.tressis.com\\\/wp-content\\\/uploads\\\/2021\\\/03\\\/eeuu-china-rusia.jpg\",\"articleSection\":[\"Morning meeting\"],\"inLanguage\":\"ca\",\"potentialAction\":[{\"@type\":\"CommentAction\",\"name\":\"Comment\",\"target\":[\"https:\\\/\\\/www.tressis.com\\\/ca\\\/blog\\\/vuelven-los-fantasmas-del-pasado\\\/#respond\"]}]},{\"@type\":\"WebPage\",\"@id\":\"https:\\\/\\\/www.tressis.com\\\/ca\\\/blog\\\/vuelven-los-fantasmas-del-pasado\\\/\",\"url\":\"https:\\\/\\\/www.tressis.com\\\/ca\\\/blog\\\/vuelven-los-fantasmas-del-pasado\\\/\",\"name\":\"Vuelven los fantasmas del pasado\",\"isPartOf\":{\"@id\":\"https:\\\/\\\/www.tressis.com\\\/ca\\\/#website\"},\"primaryImageOfPage\":{\"@id\":\"https:\\\/\\\/www.tressis.com\\\/ca\\\/blog\\\/vuelven-los-fantasmas-del-pasado\\\/#primaryimage\"},\"image\":{\"@id\":\"https:\\\/\\\/www.tressis.com\\\/ca\\\/blog\\\/vuelven-los-fantasmas-del-pasado\\\/#primaryimage\"},\"thumbnailUrl\":\"https:\\\/\\\/www.tressis.com\\\/wp-content\\\/uploads\\\/2021\\\/03\\\/eeuu-china-rusia.jpg\",\"datePublished\":\"2021-03-22T08:44:00+00:00\",\"description\":\"Quien pensara que con la Administraci\u00f3n Biden \u00edbamos a tener paz internacional estaba muy equivocado. Es cierto que las formas son diferentes, pero en sus primeros d\u00edas de mandato ya tienen conflicto con China, Rusia y problemas migratorios en M\u00e9xico.\",\"breadcrumb\":{\"@id\":\"https:\\\/\\\/www.tressis.com\\\/ca\\\/blog\\\/vuelven-los-fantasmas-del-pasado\\\/#breadcrumb\"},\"inLanguage\":\"ca\",\"potentialAction\":[{\"@type\":\"ReadAction\",\"target\":[\"https:\\\/\\\/www.tressis.com\\\/ca\\\/blog\\\/vuelven-los-fantasmas-del-pasado\\\/\"]}]},{\"@type\":\"ImageObject\",\"inLanguage\":\"ca\",\"@id\":\"https:\\\/\\\/www.tressis.com\\\/ca\\\/blog\\\/vuelven-los-fantasmas-del-pasado\\\/#primaryimage\",\"url\":\"https:\\\/\\\/www.tressis.com\\\/wp-content\\\/uploads\\\/2021\\\/03\\\/eeuu-china-rusia.jpg\",\"contentUrl\":\"https:\\\/\\\/www.tressis.com\\\/wp-content\\\/uploads\\\/2021\\\/03\\\/eeuu-china-rusia.jpg\",\"width\":1100,\"height\":487},{\"@type\":\"BreadcrumbList\",\"@id\":\"https:\\\/\\\/www.tressis.com\\\/ca\\\/blog\\\/vuelven-los-fantasmas-del-pasado\\\/#breadcrumb\",\"itemListElement\":[{\"@type\":\"ListItem\",\"position\":1,\"name\":\"Inicio\",\"item\":\"https:\\\/\\\/www.tressis.com\\\/ca\\\/\"},{\"@type\":\"ListItem\",\"position\":2,\"name\":\"Vuelven los fantasmas del pasado\"}]},{\"@type\":\"WebSite\",\"@id\":\"https:\\\/\\\/www.tressis.com\\\/ca\\\/#website\",\"url\":\"https:\\\/\\\/www.tressis.com\\\/ca\\\/\",\"name\":\"Tressis banca privada\",\"description\":\"Tressis | Planificaci\u00f3n financiera y gesti\u00f3n de patrimonios\",\"publisher\":{\"@id\":\"https:\\\/\\\/www.tressis.com\\\/ca\\\/#organization\"},\"potentialAction\":[{\"@type\":\"SearchAction\",\"target\":{\"@type\":\"EntryPoint\",\"urlTemplate\":\"https:\\\/\\\/www.tressis.com\\\/ca\\\/?s={search_term_string}\"},\"query-input\":{\"@type\":\"PropertyValueSpecification\",\"valueRequired\":true,\"valueName\":\"search_term_string\"}}],\"inLanguage\":\"ca\"},{\"@type\":\"Organization\",\"@id\":\"https:\\\/\\\/www.tressis.com\\\/ca\\\/#organization\",\"name\":\"Tressis\",\"url\":\"https:\\\/\\\/www.tressis.com\\\/ca\\\/\",\"logo\":{\"@type\":\"ImageObject\",\"inLanguage\":\"ca\",\"@id\":\"https:\\\/\\\/www.tressis.com\\\/ca\\\/#\\\/schema\\\/logo\\\/image\\\/\",\"url\":\"https:\\\/\\\/www.tressis.com\\\/wp-content\\\/uploads\\\/2025\\\/06\\\/logo-tressis-112.png\",\"contentUrl\":\"https:\\\/\\\/www.tressis.com\\\/wp-content\\\/uploads\\\/2025\\\/06\\\/logo-tressis-112.png\",\"width\":112,\"height\":112,\"caption\":\"Tressis\"},\"image\":{\"@id\":\"https:\\\/\\\/www.tressis.com\\\/ca\\\/#\\\/schema\\\/logo\\\/image\\\/\"},\"sameAs\":[\"https:\\\/\\\/www.facebook.com\\\/Tressis\\\/\",\"https:\\\/\\\/x.com\\\/TressisSV\",\"https:\\\/\\\/www.instagram.com\\\/tressissv\\\/?hl=es\",\"https:\\\/\\\/linkedin.com\\\/company\\\/tressis\\\/\",\"https:\\\/\\\/www.youtube.com\\\/user\\\/tressissv\",\"https:\\\/\\\/open.spotify.com\\\/show\\\/3jmTe1Nf0wqMILl7diWV6h?si=d7112519f13c4593&nd=1\"]},{\"@type\":\"Person\",\"@id\":\"https:\\\/\\\/www.tressis.com\\\/ca\\\/#\\\/schema\\\/person\\\/b833c1d724d8764920b6d6852c70584e\",\"name\":\"Lola\",\"image\":{\"@type\":\"ImageObject\",\"inLanguage\":\"ca\",\"@id\":\"https:\\\/\\\/secure.gravatar.com\\\/avatar\\\/05e646486b23ff45df9649110609c7e31b8c4a3e2821caa23d6317f405e0c51d?s=96&d=mm&r=g\",\"url\":\"https:\\\/\\\/secure.gravatar.com\\\/avatar\\\/05e646486b23ff45df9649110609c7e31b8c4a3e2821caa23d6317f405e0c51d?s=96&d=mm&r=g\",\"contentUrl\":\"https:\\\/\\\/secure.gravatar.com\\\/avatar\\\/05e646486b23ff45df9649110609c7e31b8c4a3e2821caa23d6317f405e0c51d?s=96&d=mm&r=g\",\"caption\":\"Lola\"}}]}<\/script>\n<!-- \/ Yoast SEO plugin. -->","yoast_head_json":{"title":"Vuelven los fantasmas del pasado","description":"Quien pensara que con la Administraci\u00f3n Biden \u00edbamos a tener paz internacional estaba muy equivocado. Es cierto que las formas son diferentes, pero en sus primeros d\u00edas de mandato ya tienen conflicto con China, Rusia y problemas migratorios en M\u00e9xico.","robots":{"index":"index","follow":"follow","max-snippet":"max-snippet:-1","max-image-preview":"max-image-preview:large","max-video-preview":"max-video-preview:-1"},"canonical":"https:\/\/www.tressis.com\/ca\/blog\/vuelven-los-fantasmas-del-pasado\/","og_locale":"ca_ES","og_type":"article","og_title":"Vuelven los fantasmas del pasado","og_description":"Quien pensara que con la Administraci\u00f3n Biden \u00edbamos a tener paz internacional estaba muy equivocado. Es cierto que las formas son diferentes, pero en sus primeros d\u00edas de mandato ya tienen conflicto con China, Rusia y problemas migratorios en M\u00e9xico.","og_url":"https:\/\/www.tressis.com\/ca\/blog\/vuelven-los-fantasmas-del-pasado\/","og_site_name":"Tressis","article_publisher":"https:\/\/www.facebook.com\/Tressis\/","article_published_time":"2021-03-22T08:44:00+00:00","og_image":[{"width":1100,"height":487,"url":"https:\/\/www.tressis.com\/wp-content\/uploads\/2021\/03\/eeuu-china-rusia.jpg","type":"image\/jpeg"}],"author":"Lola","twitter_card":"summary_large_image","twitter_creator":"@TressisSV","twitter_site":"@TressisSV","twitter_misc":{"Escrit per":"Lola","Temps estimat de lectura":"3 minuts"},"schema":{"@context":"https:\/\/schema.org","@graph":[{"@type":"Article","@id":"https:\/\/www.tressis.com\/ca\/blog\/vuelven-los-fantasmas-del-pasado\/#article","isPartOf":{"@id":"https:\/\/www.tressis.com\/ca\/blog\/vuelven-los-fantasmas-del-pasado\/"},"author":{"name":"Lola","@id":"https:\/\/www.tressis.com\/ca\/#\/schema\/person\/b833c1d724d8764920b6d6852c70584e"},"headline":"Vuelven los fantasmas del pasado","datePublished":"2021-03-22T08:44:00+00:00","mainEntityOfPage":{"@id":"https:\/\/www.tressis.com\/ca\/blog\/vuelven-los-fantasmas-del-pasado\/"},"wordCount":562,"commentCount":0,"publisher":{"@id":"https:\/\/www.tressis.com\/ca\/#organization"},"image":{"@id":"https:\/\/www.tressis.com\/ca\/blog\/vuelven-los-fantasmas-del-pasado\/#primaryimage"},"thumbnailUrl":"https:\/\/www.tressis.com\/wp-content\/uploads\/2021\/03\/eeuu-china-rusia.jpg","articleSection":["Morning meeting"],"inLanguage":"ca","potentialAction":[{"@type":"CommentAction","name":"Comment","target":["https:\/\/www.tressis.com\/ca\/blog\/vuelven-los-fantasmas-del-pasado\/#respond"]}]},{"@type":"WebPage","@id":"https:\/\/www.tressis.com\/ca\/blog\/vuelven-los-fantasmas-del-pasado\/","url":"https:\/\/www.tressis.com\/ca\/blog\/vuelven-los-fantasmas-del-pasado\/","name":"Vuelven los fantasmas del pasado","isPartOf":{"@id":"https:\/\/www.tressis.com\/ca\/#website"},"primaryImageOfPage":{"@id":"https:\/\/www.tressis.com\/ca\/blog\/vuelven-los-fantasmas-del-pasado\/#primaryimage"},"image":{"@id":"https:\/\/www.tressis.com\/ca\/blog\/vuelven-los-fantasmas-del-pasado\/#primaryimage"},"thumbnailUrl":"https:\/\/www.tressis.com\/wp-content\/uploads\/2021\/03\/eeuu-china-rusia.jpg","datePublished":"2021-03-22T08:44:00+00:00","description":"Quien pensara que con la Administraci\u00f3n Biden \u00edbamos a tener paz internacional estaba muy equivocado. Es cierto que las formas son diferentes, pero en sus primeros d\u00edas de mandato ya tienen conflicto con China, Rusia y problemas migratorios en M\u00e9xico.","breadcrumb":{"@id":"https:\/\/www.tressis.com\/ca\/blog\/vuelven-los-fantasmas-del-pasado\/#breadcrumb"},"inLanguage":"ca","potentialAction":[{"@type":"ReadAction","target":["https:\/\/www.tressis.com\/ca\/blog\/vuelven-los-fantasmas-del-pasado\/"]}]},{"@type":"ImageObject","inLanguage":"ca","@id":"https:\/\/www.tressis.com\/ca\/blog\/vuelven-los-fantasmas-del-pasado\/#primaryimage","url":"https:\/\/www.tressis.com\/wp-content\/uploads\/2021\/03\/eeuu-china-rusia.jpg","contentUrl":"https:\/\/www.tressis.com\/wp-content\/uploads\/2021\/03\/eeuu-china-rusia.jpg","width":1100,"height":487},{"@type":"BreadcrumbList","@id":"https:\/\/www.tressis.com\/ca\/blog\/vuelven-los-fantasmas-del-pasado\/#breadcrumb","itemListElement":[{"@type":"ListItem","position":1,"name":"Inicio","item":"https:\/\/www.tressis.com\/ca\/"},{"@type":"ListItem","position":2,"name":"Vuelven los fantasmas del pasado"}]},{"@type":"WebSite","@id":"https:\/\/www.tressis.com\/ca\/#website","url":"https:\/\/www.tressis.com\/ca\/","name":"Tressis banca privada","description":"Tressis | Planificaci\u00f3n financiera y gesti\u00f3n de patrimonios","publisher":{"@id":"https:\/\/www.tressis.com\/ca\/#organization"},"potentialAction":[{"@type":"SearchAction","target":{"@type":"EntryPoint","urlTemplate":"https:\/\/www.tressis.com\/ca\/?s={search_term_string}"},"query-input":{"@type":"PropertyValueSpecification","valueRequired":true,"valueName":"search_term_string"}}],"inLanguage":"ca"},{"@type":"Organization","@id":"https:\/\/www.tressis.com\/ca\/#organization","name":"Tressis","url":"https:\/\/www.tressis.com\/ca\/","logo":{"@type":"ImageObject","inLanguage":"ca","@id":"https:\/\/www.tressis.com\/ca\/#\/schema\/logo\/image\/","url":"https:\/\/www.tressis.com\/wp-content\/uploads\/2025\/06\/logo-tressis-112.png","contentUrl":"https:\/\/www.tressis.com\/wp-content\/uploads\/2025\/06\/logo-tressis-112.png","width":112,"height":112,"caption":"Tressis"},"image":{"@id":"https:\/\/www.tressis.com\/ca\/#\/schema\/logo\/image\/"},"sameAs":["https:\/\/www.facebook.com\/Tressis\/","https:\/\/x.com\/TressisSV","https:\/\/www.instagram.com\/tressissv\/?hl=es","https:\/\/linkedin.com\/company\/tressis\/","https:\/\/www.youtube.com\/user\/tressissv","https:\/\/open.spotify.com\/show\/3jmTe1Nf0wqMILl7diWV6h?si=d7112519f13c4593&nd=1"]},{"@type":"Person","@id":"https:\/\/www.tressis.com\/ca\/#\/schema\/person\/b833c1d724d8764920b6d6852c70584e","name":"Lola","image":{"@type":"ImageObject","inLanguage":"ca","@id":"https:\/\/secure.gravatar.com\/avatar\/05e646486b23ff45df9649110609c7e31b8c4a3e2821caa23d6317f405e0c51d?s=96&d=mm&r=g","url":"https:\/\/secure.gravatar.com\/avatar\/05e646486b23ff45df9649110609c7e31b8c4a3e2821caa23d6317f405e0c51d?s=96&d=mm&r=g","contentUrl":"https:\/\/secure.gravatar.com\/avatar\/05e646486b23ff45df9649110609c7e31b8c4a3e2821caa23d6317f405e0c51d?s=96&d=mm&r=g","caption":"Lola"}}]}},"_links":{"self":[{"href":"https:\/\/www.tressis.com\/ca\/wp-json\/wp\/v2\/posts\/35936","targetHints":{"allow":["GET"]}}],"collection":[{"href":"https:\/\/www.tressis.com\/ca\/wp-json\/wp\/v2\/posts"}],"about":[{"href":"https:\/\/www.tressis.com\/ca\/wp-json\/wp\/v2\/types\/post"}],"author":[{"embeddable":true,"href":"https:\/\/www.tressis.com\/ca\/wp-json\/wp\/v2\/users\/4"}],"replies":[{"embeddable":true,"href":"https:\/\/www.tressis.com\/ca\/wp-json\/wp\/v2\/comments?post=35936"}],"version-history":[{"count":0,"href":"https:\/\/www.tressis.com\/ca\/wp-json\/wp\/v2\/posts\/35936\/revisions"}],"wp:featuredmedia":[{"embeddable":true,"href":"https:\/\/www.tressis.com\/ca\/wp-json\/wp\/v2\/media\/35937"}],"wp:attachment":[{"href":"https:\/\/www.tressis.com\/ca\/wp-json\/wp\/v2\/media?parent=35936"}],"wp:term":[{"taxonomy":"category","embeddable":true,"href":"https:\/\/www.tressis.com\/ca\/wp-json\/wp\/v2\/categories?post=35936"},{"taxonomy":"post_tag","embeddable":true,"href":"https:\/\/www.tressis.com\/ca\/wp-json\/wp\/v2\/tags?post=35936"}],"curies":[{"name":"wp","href":"https:\/\/api.w.org\/{rel}","templated":true}]}}