{"id":35838,"date":"2021-03-05T10:13:07","date_gmt":"2021-03-05T09:13:07","guid":{"rendered":"http:\/\/www.tressis.com\/blog\/?p=35838"},"modified":"2021-03-05T10:13:07","modified_gmt":"2021-03-05T09:13:07","slug":"fuerte-aumento-de-la-rentabilidad-exigida-a-la-deuda-publica","status":"publish","type":"post","link":"https:\/\/www.tressis.com\/ca\/blog\/fuerte-aumento-de-la-rentabilidad-exigida-a-la-deuda-publica\/","title":{"rendered":"Fuerte aumento de la rentabilidad exigida a la deuda p\u00fablica"},"content":{"rendered":"<p>La afirmaci\u00f3n de Powell de que la Reserva Federal no subir\u00e1 los tipos en el corto plazo no sirvi\u00f3 para evitar una nueva correcci\u00f3n de los mercados de valores estadounidenses y de los de renta fija.<!--more--> El presidente de la Fed considera que la recuperaci\u00f3n est\u00e1 lejos todav\u00eda de completarse y espera que las tensiones sobre la estabilidad de precios tengan un car\u00e1cter temporal.<\/p>\n<p>En los \u00faltimos d\u00edas estamos viendo un fuerte aumento de la rentabilidad exigida a la deuda p\u00fablica, as\u00ed como un incremento en la pendiente de las curvas de tipos. Y una vez m\u00e1s, esta fase de mercado ha apoyado a los sectores de valor c\u00edclico por encima de los sectores defensivos y\u00a0<i>bond proxy<\/i>. El sector energ\u00e9tico, el financiero y el industrial se han erigido como los principales ganadores en las \u00faltimas semanas, mientras que las empresas de servicios p\u00fablicos, atenci\u00f3n sanitaria y bienes de consumo b\u00e1sico sufren el castigo de los inversores. Tampoco la tecnolog\u00eda est\u00e1 saliendo muy bien parada.<\/p>\n<p>De hecho, ayer el sector energ\u00e9tico se salvaba de la quema generalizada de los inversores norteamericanos gracias a que la OPEP no incrementar\u00e1 su producci\u00f3n diaria de barriles de crudo en abril y Arabia Saud\u00ed mantendr\u00e1 su recorte voluntario de un mill\u00f3n de barriles diarios. Esto provoc\u00f3 el rebote de los precios del crudo que cotiza en cifras no vistas desde enero de 2020, cuando todo eran d\u00edas de vino y rosas.<\/p>\n<p>\u00bfPero realmente estamos tan bien como para que el mercado anticipe un cambio de fase en el ciclo econ\u00f3mico?<\/p>\n<p>Ayer mismo coment\u00e1bamos en este mismo blog que vivimos en un mundo que se recupera a dos velocidades. Uno en el que Estados Unidos muestra claros signos de mejor\u00eda, a pesar de las tormentas de nieve del mes pasado, mientras que en Europa el fuerte crecimiento econ\u00f3mico del sector manufacturero no logra contrarrestar la contracci\u00f3n del sector servicios y que nuevamente experiment\u00f3 otra ca\u00edda marginal de la actividad total en febrero. Italia y Alemania fueron los \u00fanicos pa\u00edses que registraron un crecimiento modesto de la actividad total el mes pasado, gracias a que el empuje de la industria compens\u00f3 con creces la persistente debilidad del sector servicios. El resto de los pa\u00edses dieron signos de que la recesi\u00f3n persiste. Por poner una nota positiva, se observ\u00f3 un crecimiento del empleo en el Viejo Continente, a excepci\u00f3n de Espa\u00f1a. No obstante, la mejor\u00eda del mercado laboral se vio limitada por la continua capacidad disponible, hecho subrayado por una ca\u00edda de los niveles de pedidos pendientes.<\/p>\n<p>Por otro lado, las \u00faltimas encuestas de confianza de los empresarios han dado unos resultados muy positivos, algo que suele coincidir con periodos de fuerte crecimiento de los beneficios. Adem\u00e1s, el aumento de los beneficios puede ser incluso mayor al de otros ciclos de recuperaci\u00f3n por el creciente apalancamiento en los balances corporativos y el hecho de que se mida contra la fuerte ca\u00edda durante la recesi\u00f3n que empez\u00f3 hace justo un a\u00f1o. \u00a1Alerta! Hist\u00f3ricamente estos momentos de optimismo empresarial no han coincidido con fuertes subidas de las bolsas, sino m\u00e1s bien de crecimiento moderado, debido al incremento de la inversi\u00f3n empresarial y de aumento de la capacidad de producci\u00f3n.<\/p>\n<p>Hoy tendremos los ansiados datos de empleo norteamericanos del mes de febrero. \u00bfSer\u00e1n capaces de frenar la subida de rentabilidades del 10 a\u00f1os americano o por el contrario la acelerar\u00e1n?<\/p>\n<p>Buen fin de semana.<\/p>\n<p><center><strong>Jorge Gonz\u00e1lez<\/strong><br \/>\nDirector de An\u00e1lisis<\/center><\/p>\n","protected":false},"excerpt":{"rendered":"<p>La afirmaci\u00f3n de Powell de que la Reserva Federal no subir\u00e1 los tipos en el corto plazo no sirvi\u00f3 para evitar una nueva correcci\u00f3n de los mercados de valores estadounidenses y de los de renta fija.<\/p>\n","protected":false},"author":4,"featured_media":35840,"comment_status":"open","ping_status":"closed","sticky":false,"template":"","format":"standard","meta":{"_acf_changed":false,"footnotes":""},"categories":[9721],"tags":[],"class_list":["post-35838","post","type-post","status-publish","format-standard","has-post-thumbnail","hentry","category-morning-meeting"],"acf":[],"yoast_head":"<!-- This site is optimized with the Yoast SEO plugin v27.5 - https:\/\/yoast.com\/product\/yoast-seo-wordpress\/ -->\n<title>Fuerte aumento de la rentabilidad exigida a la deuda p\u00fablica<\/title>\n<meta name=\"description\" content=\"En los \u00faltimos d\u00edas estamos viendo un fuerte aumento de la rentabilidad exigida a la deuda p\u00fablica, as\u00ed como un incremento en la pendiente de las curvas de tipos.\" \/>\n<meta name=\"robots\" content=\"index, follow, max-snippet:-1, max-image-preview:large, max-video-preview:-1\" \/>\n<link rel=\"canonical\" href=\"https:\/\/www.tressis.com\/ca\/blog\/fuerte-aumento-de-la-rentabilidad-exigida-a-la-deuda-publica\/\" \/>\n<meta property=\"og:locale\" content=\"ca_ES\" \/>\n<meta property=\"og:type\" content=\"article\" \/>\n<meta property=\"og:title\" content=\"Fuerte aumento de la rentabilidad exigida a la deuda p\u00fablica\" \/>\n<meta property=\"og:description\" content=\"En los \u00faltimos d\u00edas estamos viendo un fuerte aumento de la rentabilidad exigida a la deuda p\u00fablica, as\u00ed como un incremento en la pendiente de las curvas de tipos.\" \/>\n<meta property=\"og:url\" content=\"https:\/\/www.tressis.com\/ca\/blog\/fuerte-aumento-de-la-rentabilidad-exigida-a-la-deuda-publica\/\" \/>\n<meta property=\"og:site_name\" content=\"Tressis\" \/>\n<meta property=\"article:publisher\" content=\"https:\/\/www.facebook.com\/Tressis\/\" \/>\n<meta property=\"article:published_time\" content=\"2021-03-05T09:13:07+00:00\" \/>\n<meta property=\"og:image\" content=\"https:\/\/www.tressis.com\/wp-content\/uploads\/2021\/03\/rentabilidades.jpg\" \/>\n\t<meta property=\"og:image:width\" content=\"1100\" \/>\n\t<meta property=\"og:image:height\" content=\"487\" \/>\n\t<meta property=\"og:image:type\" content=\"image\/jpeg\" \/>\n<meta name=\"author\" content=\"Lola\" \/>\n<meta name=\"twitter:card\" content=\"summary_large_image\" \/>\n<meta name=\"twitter:creator\" content=\"@TressisSV\" \/>\n<meta name=\"twitter:site\" content=\"@TressisSV\" \/>\n<meta name=\"twitter:label1\" content=\"Escrit per\" \/>\n\t<meta name=\"twitter:data1\" content=\"Lola\" \/>\n\t<meta name=\"twitter:label2\" content=\"Temps estimat de lectura\" \/>\n\t<meta name=\"twitter:data2\" content=\"3 minuts\" \/>\n<script type=\"application\/ld+json\" class=\"yoast-schema-graph\">{\"@context\":\"https:\\\/\\\/schema.org\",\"@graph\":[{\"@type\":\"Article\",\"@id\":\"https:\\\/\\\/www.tressis.com\\\/ca\\\/blog\\\/fuerte-aumento-de-la-rentabilidad-exigida-a-la-deuda-publica\\\/#article\",\"isPartOf\":{\"@id\":\"https:\\\/\\\/www.tressis.com\\\/ca\\\/blog\\\/fuerte-aumento-de-la-rentabilidad-exigida-a-la-deuda-publica\\\/\"},\"author\":{\"name\":\"Lola\",\"@id\":\"https:\\\/\\\/www.tressis.com\\\/ca\\\/#\\\/schema\\\/person\\\/b833c1d724d8764920b6d6852c70584e\"},\"headline\":\"Fuerte aumento de la rentabilidad exigida a la deuda p\u00fablica\",\"datePublished\":\"2021-03-05T09:13:07+00:00\",\"mainEntityOfPage\":{\"@id\":\"https:\\\/\\\/www.tressis.com\\\/ca\\\/blog\\\/fuerte-aumento-de-la-rentabilidad-exigida-a-la-deuda-publica\\\/\"},\"wordCount\":623,\"commentCount\":0,\"publisher\":{\"@id\":\"https:\\\/\\\/www.tressis.com\\\/ca\\\/#organization\"},\"image\":{\"@id\":\"https:\\\/\\\/www.tressis.com\\\/ca\\\/blog\\\/fuerte-aumento-de-la-rentabilidad-exigida-a-la-deuda-publica\\\/#primaryimage\"},\"thumbnailUrl\":\"https:\\\/\\\/www.tressis.com\\\/wp-content\\\/uploads\\\/2021\\\/03\\\/rentabilidades.jpg\",\"articleSection\":[\"Morning meeting\"],\"inLanguage\":\"ca\",\"potentialAction\":[{\"@type\":\"CommentAction\",\"name\":\"Comment\",\"target\":[\"https:\\\/\\\/www.tressis.com\\\/ca\\\/blog\\\/fuerte-aumento-de-la-rentabilidad-exigida-a-la-deuda-publica\\\/#respond\"]}]},{\"@type\":\"WebPage\",\"@id\":\"https:\\\/\\\/www.tressis.com\\\/ca\\\/blog\\\/fuerte-aumento-de-la-rentabilidad-exigida-a-la-deuda-publica\\\/\",\"url\":\"https:\\\/\\\/www.tressis.com\\\/ca\\\/blog\\\/fuerte-aumento-de-la-rentabilidad-exigida-a-la-deuda-publica\\\/\",\"name\":\"Fuerte aumento de la rentabilidad exigida a la deuda p\u00fablica\",\"isPartOf\":{\"@id\":\"https:\\\/\\\/www.tressis.com\\\/ca\\\/#website\"},\"primaryImageOfPage\":{\"@id\":\"https:\\\/\\\/www.tressis.com\\\/ca\\\/blog\\\/fuerte-aumento-de-la-rentabilidad-exigida-a-la-deuda-publica\\\/#primaryimage\"},\"image\":{\"@id\":\"https:\\\/\\\/www.tressis.com\\\/ca\\\/blog\\\/fuerte-aumento-de-la-rentabilidad-exigida-a-la-deuda-publica\\\/#primaryimage\"},\"thumbnailUrl\":\"https:\\\/\\\/www.tressis.com\\\/wp-content\\\/uploads\\\/2021\\\/03\\\/rentabilidades.jpg\",\"datePublished\":\"2021-03-05T09:13:07+00:00\",\"description\":\"En los \u00faltimos d\u00edas estamos viendo un fuerte aumento de la rentabilidad exigida a la deuda p\u00fablica, as\u00ed como un incremento en la pendiente de las curvas de tipos.\",\"breadcrumb\":{\"@id\":\"https:\\\/\\\/www.tressis.com\\\/ca\\\/blog\\\/fuerte-aumento-de-la-rentabilidad-exigida-a-la-deuda-publica\\\/#breadcrumb\"},\"inLanguage\":\"ca\",\"potentialAction\":[{\"@type\":\"ReadAction\",\"target\":[\"https:\\\/\\\/www.tressis.com\\\/ca\\\/blog\\\/fuerte-aumento-de-la-rentabilidad-exigida-a-la-deuda-publica\\\/\"]}]},{\"@type\":\"ImageObject\",\"inLanguage\":\"ca\",\"@id\":\"https:\\\/\\\/www.tressis.com\\\/ca\\\/blog\\\/fuerte-aumento-de-la-rentabilidad-exigida-a-la-deuda-publica\\\/#primaryimage\",\"url\":\"https:\\\/\\\/www.tressis.com\\\/wp-content\\\/uploads\\\/2021\\\/03\\\/rentabilidades.jpg\",\"contentUrl\":\"https:\\\/\\\/www.tressis.com\\\/wp-content\\\/uploads\\\/2021\\\/03\\\/rentabilidades.jpg\",\"width\":1100,\"height\":487,\"caption\":\"Fuerte aumento de la rentabilidad exigida a la deuda p\u00fablica\"},{\"@type\":\"BreadcrumbList\",\"@id\":\"https:\\\/\\\/www.tressis.com\\\/ca\\\/blog\\\/fuerte-aumento-de-la-rentabilidad-exigida-a-la-deuda-publica\\\/#breadcrumb\",\"itemListElement\":[{\"@type\":\"ListItem\",\"position\":1,\"name\":\"Inicio\",\"item\":\"https:\\\/\\\/www.tressis.com\\\/ca\\\/\"},{\"@type\":\"ListItem\",\"position\":2,\"name\":\"Fuerte aumento de la rentabilidad exigida a la deuda p\u00fablica\"}]},{\"@type\":\"WebSite\",\"@id\":\"https:\\\/\\\/www.tressis.com\\\/ca\\\/#website\",\"url\":\"https:\\\/\\\/www.tressis.com\\\/ca\\\/\",\"name\":\"Tressis banca privada\",\"description\":\"Tressis | Planificaci\u00f3n financiera y gesti\u00f3n de patrimonios\",\"publisher\":{\"@id\":\"https:\\\/\\\/www.tressis.com\\\/ca\\\/#organization\"},\"potentialAction\":[{\"@type\":\"SearchAction\",\"target\":{\"@type\":\"EntryPoint\",\"urlTemplate\":\"https:\\\/\\\/www.tressis.com\\\/ca\\\/?s={search_term_string}\"},\"query-input\":{\"@type\":\"PropertyValueSpecification\",\"valueRequired\":true,\"valueName\":\"search_term_string\"}}],\"inLanguage\":\"ca\"},{\"@type\":\"Organization\",\"@id\":\"https:\\\/\\\/www.tressis.com\\\/ca\\\/#organization\",\"name\":\"Tressis\",\"url\":\"https:\\\/\\\/www.tressis.com\\\/ca\\\/\",\"logo\":{\"@type\":\"ImageObject\",\"inLanguage\":\"ca\",\"@id\":\"https:\\\/\\\/www.tressis.com\\\/ca\\\/#\\\/schema\\\/logo\\\/image\\\/\",\"url\":\"https:\\\/\\\/www.tressis.com\\\/wp-content\\\/uploads\\\/2025\\\/06\\\/logo-tressis-112.png\",\"contentUrl\":\"https:\\\/\\\/www.tressis.com\\\/wp-content\\\/uploads\\\/2025\\\/06\\\/logo-tressis-112.png\",\"width\":112,\"height\":112,\"caption\":\"Tressis\"},\"image\":{\"@id\":\"https:\\\/\\\/www.tressis.com\\\/ca\\\/#\\\/schema\\\/logo\\\/image\\\/\"},\"sameAs\":[\"https:\\\/\\\/www.facebook.com\\\/Tressis\\\/\",\"https:\\\/\\\/x.com\\\/TressisSV\",\"https:\\\/\\\/www.instagram.com\\\/tressissv\\\/?hl=es\",\"https:\\\/\\\/linkedin.com\\\/company\\\/tressis\\\/\",\"https:\\\/\\\/www.youtube.com\\\/user\\\/tressissv\",\"https:\\\/\\\/open.spotify.com\\\/show\\\/3jmTe1Nf0wqMILl7diWV6h?si=d7112519f13c4593&nd=1\"]},{\"@type\":\"Person\",\"@id\":\"https:\\\/\\\/www.tressis.com\\\/ca\\\/#\\\/schema\\\/person\\\/b833c1d724d8764920b6d6852c70584e\",\"name\":\"Lola\",\"image\":{\"@type\":\"ImageObject\",\"inLanguage\":\"ca\",\"@id\":\"https:\\\/\\\/secure.gravatar.com\\\/avatar\\\/05e646486b23ff45df9649110609c7e31b8c4a3e2821caa23d6317f405e0c51d?s=96&d=mm&r=g\",\"url\":\"https:\\\/\\\/secure.gravatar.com\\\/avatar\\\/05e646486b23ff45df9649110609c7e31b8c4a3e2821caa23d6317f405e0c51d?s=96&d=mm&r=g\",\"contentUrl\":\"https:\\\/\\\/secure.gravatar.com\\\/avatar\\\/05e646486b23ff45df9649110609c7e31b8c4a3e2821caa23d6317f405e0c51d?s=96&d=mm&r=g\",\"caption\":\"Lola\"}}]}<\/script>\n<!-- \/ Yoast SEO plugin. -->","yoast_head_json":{"title":"Fuerte aumento de la rentabilidad exigida a la deuda p\u00fablica","description":"En los \u00faltimos d\u00edas estamos viendo un fuerte aumento de la rentabilidad exigida a la deuda p\u00fablica, as\u00ed como un incremento en la pendiente de las curvas de tipos.","robots":{"index":"index","follow":"follow","max-snippet":"max-snippet:-1","max-image-preview":"max-image-preview:large","max-video-preview":"max-video-preview:-1"},"canonical":"https:\/\/www.tressis.com\/ca\/blog\/fuerte-aumento-de-la-rentabilidad-exigida-a-la-deuda-publica\/","og_locale":"ca_ES","og_type":"article","og_title":"Fuerte aumento de la rentabilidad exigida a la deuda p\u00fablica","og_description":"En los \u00faltimos d\u00edas estamos viendo un fuerte aumento de la rentabilidad exigida a la deuda p\u00fablica, as\u00ed como un incremento en la pendiente de las curvas de tipos.","og_url":"https:\/\/www.tressis.com\/ca\/blog\/fuerte-aumento-de-la-rentabilidad-exigida-a-la-deuda-publica\/","og_site_name":"Tressis","article_publisher":"https:\/\/www.facebook.com\/Tressis\/","article_published_time":"2021-03-05T09:13:07+00:00","og_image":[{"width":1100,"height":487,"url":"https:\/\/www.tressis.com\/wp-content\/uploads\/2021\/03\/rentabilidades.jpg","type":"image\/jpeg"}],"author":"Lola","twitter_card":"summary_large_image","twitter_creator":"@TressisSV","twitter_site":"@TressisSV","twitter_misc":{"Escrit per":"Lola","Temps estimat de lectura":"3 minuts"},"schema":{"@context":"https:\/\/schema.org","@graph":[{"@type":"Article","@id":"https:\/\/www.tressis.com\/ca\/blog\/fuerte-aumento-de-la-rentabilidad-exigida-a-la-deuda-publica\/#article","isPartOf":{"@id":"https:\/\/www.tressis.com\/ca\/blog\/fuerte-aumento-de-la-rentabilidad-exigida-a-la-deuda-publica\/"},"author":{"name":"Lola","@id":"https:\/\/www.tressis.com\/ca\/#\/schema\/person\/b833c1d724d8764920b6d6852c70584e"},"headline":"Fuerte aumento de la rentabilidad exigida a la deuda p\u00fablica","datePublished":"2021-03-05T09:13:07+00:00","mainEntityOfPage":{"@id":"https:\/\/www.tressis.com\/ca\/blog\/fuerte-aumento-de-la-rentabilidad-exigida-a-la-deuda-publica\/"},"wordCount":623,"commentCount":0,"publisher":{"@id":"https:\/\/www.tressis.com\/ca\/#organization"},"image":{"@id":"https:\/\/www.tressis.com\/ca\/blog\/fuerte-aumento-de-la-rentabilidad-exigida-a-la-deuda-publica\/#primaryimage"},"thumbnailUrl":"https:\/\/www.tressis.com\/wp-content\/uploads\/2021\/03\/rentabilidades.jpg","articleSection":["Morning meeting"],"inLanguage":"ca","potentialAction":[{"@type":"CommentAction","name":"Comment","target":["https:\/\/www.tressis.com\/ca\/blog\/fuerte-aumento-de-la-rentabilidad-exigida-a-la-deuda-publica\/#respond"]}]},{"@type":"WebPage","@id":"https:\/\/www.tressis.com\/ca\/blog\/fuerte-aumento-de-la-rentabilidad-exigida-a-la-deuda-publica\/","url":"https:\/\/www.tressis.com\/ca\/blog\/fuerte-aumento-de-la-rentabilidad-exigida-a-la-deuda-publica\/","name":"Fuerte aumento de la rentabilidad exigida a la deuda p\u00fablica","isPartOf":{"@id":"https:\/\/www.tressis.com\/ca\/#website"},"primaryImageOfPage":{"@id":"https:\/\/www.tressis.com\/ca\/blog\/fuerte-aumento-de-la-rentabilidad-exigida-a-la-deuda-publica\/#primaryimage"},"image":{"@id":"https:\/\/www.tressis.com\/ca\/blog\/fuerte-aumento-de-la-rentabilidad-exigida-a-la-deuda-publica\/#primaryimage"},"thumbnailUrl":"https:\/\/www.tressis.com\/wp-content\/uploads\/2021\/03\/rentabilidades.jpg","datePublished":"2021-03-05T09:13:07+00:00","description":"En los \u00faltimos d\u00edas estamos viendo un fuerte aumento de la rentabilidad exigida a la deuda p\u00fablica, as\u00ed como un incremento en la pendiente de las curvas de tipos.","breadcrumb":{"@id":"https:\/\/www.tressis.com\/ca\/blog\/fuerte-aumento-de-la-rentabilidad-exigida-a-la-deuda-publica\/#breadcrumb"},"inLanguage":"ca","potentialAction":[{"@type":"ReadAction","target":["https:\/\/www.tressis.com\/ca\/blog\/fuerte-aumento-de-la-rentabilidad-exigida-a-la-deuda-publica\/"]}]},{"@type":"ImageObject","inLanguage":"ca","@id":"https:\/\/www.tressis.com\/ca\/blog\/fuerte-aumento-de-la-rentabilidad-exigida-a-la-deuda-publica\/#primaryimage","url":"https:\/\/www.tressis.com\/wp-content\/uploads\/2021\/03\/rentabilidades.jpg","contentUrl":"https:\/\/www.tressis.com\/wp-content\/uploads\/2021\/03\/rentabilidades.jpg","width":1100,"height":487,"caption":"Fuerte aumento de la rentabilidad exigida a la deuda p\u00fablica"},{"@type":"BreadcrumbList","@id":"https:\/\/www.tressis.com\/ca\/blog\/fuerte-aumento-de-la-rentabilidad-exigida-a-la-deuda-publica\/#breadcrumb","itemListElement":[{"@type":"ListItem","position":1,"name":"Inicio","item":"https:\/\/www.tressis.com\/ca\/"},{"@type":"ListItem","position":2,"name":"Fuerte aumento de la rentabilidad exigida a la deuda p\u00fablica"}]},{"@type":"WebSite","@id":"https:\/\/www.tressis.com\/ca\/#website","url":"https:\/\/www.tressis.com\/ca\/","name":"Tressis banca privada","description":"Tressis | Planificaci\u00f3n financiera y gesti\u00f3n de patrimonios","publisher":{"@id":"https:\/\/www.tressis.com\/ca\/#organization"},"potentialAction":[{"@type":"SearchAction","target":{"@type":"EntryPoint","urlTemplate":"https:\/\/www.tressis.com\/ca\/?s={search_term_string}"},"query-input":{"@type":"PropertyValueSpecification","valueRequired":true,"valueName":"search_term_string"}}],"inLanguage":"ca"},{"@type":"Organization","@id":"https:\/\/www.tressis.com\/ca\/#organization","name":"Tressis","url":"https:\/\/www.tressis.com\/ca\/","logo":{"@type":"ImageObject","inLanguage":"ca","@id":"https:\/\/www.tressis.com\/ca\/#\/schema\/logo\/image\/","url":"https:\/\/www.tressis.com\/wp-content\/uploads\/2025\/06\/logo-tressis-112.png","contentUrl":"https:\/\/www.tressis.com\/wp-content\/uploads\/2025\/06\/logo-tressis-112.png","width":112,"height":112,"caption":"Tressis"},"image":{"@id":"https:\/\/www.tressis.com\/ca\/#\/schema\/logo\/image\/"},"sameAs":["https:\/\/www.facebook.com\/Tressis\/","https:\/\/x.com\/TressisSV","https:\/\/www.instagram.com\/tressissv\/?hl=es","https:\/\/linkedin.com\/company\/tressis\/","https:\/\/www.youtube.com\/user\/tressissv","https:\/\/open.spotify.com\/show\/3jmTe1Nf0wqMILl7diWV6h?si=d7112519f13c4593&nd=1"]},{"@type":"Person","@id":"https:\/\/www.tressis.com\/ca\/#\/schema\/person\/b833c1d724d8764920b6d6852c70584e","name":"Lola","image":{"@type":"ImageObject","inLanguage":"ca","@id":"https:\/\/secure.gravatar.com\/avatar\/05e646486b23ff45df9649110609c7e31b8c4a3e2821caa23d6317f405e0c51d?s=96&d=mm&r=g","url":"https:\/\/secure.gravatar.com\/avatar\/05e646486b23ff45df9649110609c7e31b8c4a3e2821caa23d6317f405e0c51d?s=96&d=mm&r=g","contentUrl":"https:\/\/secure.gravatar.com\/avatar\/05e646486b23ff45df9649110609c7e31b8c4a3e2821caa23d6317f405e0c51d?s=96&d=mm&r=g","caption":"Lola"}}]}},"_links":{"self":[{"href":"https:\/\/www.tressis.com\/ca\/wp-json\/wp\/v2\/posts\/35838","targetHints":{"allow":["GET"]}}],"collection":[{"href":"https:\/\/www.tressis.com\/ca\/wp-json\/wp\/v2\/posts"}],"about":[{"href":"https:\/\/www.tressis.com\/ca\/wp-json\/wp\/v2\/types\/post"}],"author":[{"embeddable":true,"href":"https:\/\/www.tressis.com\/ca\/wp-json\/wp\/v2\/users\/4"}],"replies":[{"embeddable":true,"href":"https:\/\/www.tressis.com\/ca\/wp-json\/wp\/v2\/comments?post=35838"}],"version-history":[{"count":0,"href":"https:\/\/www.tressis.com\/ca\/wp-json\/wp\/v2\/posts\/35838\/revisions"}],"wp:featuredmedia":[{"embeddable":true,"href":"https:\/\/www.tressis.com\/ca\/wp-json\/wp\/v2\/media\/35840"}],"wp:attachment":[{"href":"https:\/\/www.tressis.com\/ca\/wp-json\/wp\/v2\/media?parent=35838"}],"wp:term":[{"taxonomy":"category","embeddable":true,"href":"https:\/\/www.tressis.com\/ca\/wp-json\/wp\/v2\/categories?post=35838"},{"taxonomy":"post_tag","embeddable":true,"href":"https:\/\/www.tressis.com\/ca\/wp-json\/wp\/v2\/tags?post=35838"}],"curies":[{"name":"wp","href":"https:\/\/api.w.org\/{rel}","templated":true}]}}