{"id":35688,"date":"2021-02-15T10:41:17","date_gmt":"2021-02-15T09:41:17","guid":{"rendered":"http:\/\/www.tressis.com\/blog\/?p=35688"},"modified":"2021-02-15T10:41:17","modified_gmt":"2021-02-15T09:41:17","slug":"alivio-tension-politica-italia","status":"publish","type":"post","link":"https:\/\/www.tressis.com\/ca\/blog\/alivio-tension-politica-italia\/","title":{"rendered":"Alivio de la tensi\u00f3n pol\u00edtica en Italia"},"content":{"rendered":"<p>Los principales mercados de renta variable se anotaron una segunda semana de ganancias y los norteamericanos alcanzaron m\u00e1ximos hist\u00f3ricos, aparentemente ayudados por la r\u00e1pida puesta en marcha de las vacunas contra el coronavirus, sobre todo en los pa\u00edses anglosajones, y la disminuci\u00f3n de la tendencia de los casos.<!--more--><\/p>\n<p>El aumento de los precios del petr\u00f3leo ayud\u00f3 a las acciones energ\u00e9ticas, mientras que la debilidad en Amazon y Tesla pes\u00f3 en el sector de bienes de consumo discrecional. Por su parte, las empresas de servicios de comunicaci\u00f3n tuvieron un mejor desempe\u00f1o que las de los \u00edndices, impulsadas por las s\u00f3lidas ganancias en Twitter y las acciones de videojuegos. Adem\u00e1s, las tecnol\u00f3gicas volv\u00edan a batir al conjunto del mercado, pero esto ya ha dejado de ser noticia.<\/p>\n<p>La semana pasada conocimos una importante cantidad de publicaciones trimestrales de resultados empresariales del pasado trimestre, con 82 de las empresas del S&#038;P 500 programadas para reportar resultados, seg\u00fan Refinitiv. Los analistas encuestados por Refinitiv y FactSet ahora esperan que los beneficios globales del S&#038;P 500 hayan crecido en t\u00e9rminos interanuales, lo que supone una recuperaci\u00f3n de los beneficios excepcionalmente r\u00e1pida en comparaci\u00f3n con las recesiones anteriores. Sin irse muy lejos, en la crisis financiera mundial de 2008\u20132009, el S&#038;P 500 tard\u00f3 cinco a\u00f1os en recuperar su m\u00e1ximo de ganancias por acci\u00f3n.<\/p>\n<p>En los mercados de bonos, las rentabilidades exigidas a los gobiernos de la zona del euro se redujeron debido a una inflaci\u00f3n estadounidense m\u00e1s suave de lo esperado, a la que el mercado reacciona reduciendo las expectativas de que la Reserva Federal pueda acabar con sus pol\u00edticas acomodaticias. Los bonos tambi\u00e9n se han visto influidos por la percepci\u00f3n de que el BCE est\u00e1 perdiendo la batalla contra la recesi\u00f3n y por las sombr\u00edas perspectivas econ\u00f3micas de la Comisi\u00f3n Europea. Por su parte, el alivio de la tensi\u00f3n pol\u00edtica en Italia ayud\u00f3 a que el rendimiento del bono a 10 a\u00f1os del pa\u00eds alcanzara un nuevo m\u00ednimo el viernes. Mario Draghi, el expresidente del BCE, est\u00e1 listo para convertirse en el primer ministro de Italia despu\u00e9s de recibir el respaldo del populista Movimiento 5 Estrellas, el partido con mayor presencia en el Parlamento italiano, para su Gobierno de unidad nacional.<\/p>\n<p>Esta semana tendremos las primeras encuestas manufactureras de febrero, en las que se esperan pocas novedades. Por tanto, seguiremos pendientes de los resultados empresariales y de todas las noticias relacionadas con la evoluci\u00f3n de la pandemia. Adem\u00e1s, los inversores de los mercados de renta fija tienen una importante cita con la publicaci\u00f3n del acta de la \u00faltima reuni\u00f3n de la Fed en la que el mercado espera ver la predisposici\u00f3n a mantener los est\u00edmulos monetarios. Por \u00faltimo, conoceremos ventas al por menor, producci\u00f3n industrial y precios de producci\u00f3n del mes de enero de Estados Unidos.<\/p>\n<p>Buena semana.<\/p>\n<p><center><strong>Jorge Gonz\u00e1lez G\u00f3mez<\/strong><br \/>\nDirector de An\u00e1lisis <\/center><\/p>\n","protected":false},"excerpt":{"rendered":"<p>Los principales mercados de renta variable se anotaron una segunda semana de ganancias y los norteamericanos alcanzaron m\u00e1ximos hist\u00f3ricos, aparentemente ayudados por la r\u00e1pida puesta en marcha de las vacunas contra el coronavirus, sobre todo en los pa\u00edses anglosajones, y la disminuci\u00f3n de la tendencia de los casos.<\/p>\n","protected":false},"author":4,"featured_media":35689,"comment_status":"open","ping_status":"closed","sticky":false,"template":"","format":"standard","meta":{"_acf_changed":false,"footnotes":""},"categories":[9721],"tags":[],"class_list":["post-35688","post","type-post","status-publish","format-standard","has-post-thumbnail","hentry","category-morning-meeting"],"acf":[],"yoast_head":"<!-- This site is optimized with the Yoast SEO plugin v27.5 - https:\/\/yoast.com\/product\/yoast-seo-wordpress\/ -->\n<title>Alivio de la tensi\u00f3n pol\u00edtica en Italia<\/title>\n<meta name=\"description\" content=\"El alivio de la tensi\u00f3n pol\u00edtica en Italia ayud\u00f3 a que el rendimiento del bono a 10 a\u00f1os del pa\u00eds alcanzara un nuevo m\u00ednimo el viernes. Mario Draghi, el ex presidente del BCE, est\u00e1 listo para convertirse en el primer ministro de Italia despu\u00e9s de recibir el respaldo del populista Movimiento 5 estrellas, el partido con mayor presencia en el Parlamento italiano, para su gobierno de unidad nacional.\" \/>\n<meta name=\"robots\" content=\"index, follow, max-snippet:-1, max-image-preview:large, max-video-preview:-1\" \/>\n<link rel=\"canonical\" href=\"https:\/\/www.tressis.com\/ca\/blog\/alivio-tension-politica-italia\/\" \/>\n<meta property=\"og:locale\" content=\"ca_ES\" \/>\n<meta property=\"og:type\" content=\"article\" \/>\n<meta property=\"og:title\" content=\"Alivio de la tensi\u00f3n pol\u00edtica en Italia\" \/>\n<meta property=\"og:description\" content=\"El alivio de la tensi\u00f3n pol\u00edtica en Italia ayud\u00f3 a que el rendimiento del bono a 10 a\u00f1os del pa\u00eds alcanzara un nuevo m\u00ednimo el viernes. Mario Draghi, el ex presidente del BCE, est\u00e1 listo para convertirse en el primer ministro de Italia despu\u00e9s de recibir el respaldo del populista Movimiento 5 estrellas, el partido con mayor presencia en el Parlamento italiano, para su gobierno de unidad nacional.\" \/>\n<meta property=\"og:url\" content=\"https:\/\/www.tressis.com\/ca\/blog\/alivio-tension-politica-italia\/\" \/>\n<meta property=\"og:site_name\" content=\"Tressis\" \/>\n<meta property=\"article:publisher\" content=\"https:\/\/www.facebook.com\/Tressis\/\" \/>\n<meta property=\"article:published_time\" content=\"2021-02-15T09:41:17+00:00\" \/>\n<meta property=\"og:image\" content=\"https:\/\/www.tressis.com\/wp-content\/uploads\/2021\/02\/mario-draghi-italia.jpg\" \/>\n\t<meta property=\"og:image:width\" content=\"1100\" \/>\n\t<meta property=\"og:image:height\" content=\"487\" \/>\n\t<meta property=\"og:image:type\" content=\"image\/jpeg\" \/>\n<meta name=\"author\" content=\"Lola\" \/>\n<meta name=\"twitter:card\" content=\"summary_large_image\" \/>\n<meta name=\"twitter:creator\" content=\"@TressisSV\" \/>\n<meta name=\"twitter:site\" content=\"@TressisSV\" \/>\n<meta name=\"twitter:label1\" content=\"Escrit per\" \/>\n\t<meta name=\"twitter:data1\" content=\"Lola\" \/>\n\t<meta name=\"twitter:label2\" content=\"Temps estimat de lectura\" \/>\n\t<meta name=\"twitter:data2\" content=\"3 minuts\" \/>\n<script type=\"application\/ld+json\" class=\"yoast-schema-graph\">{\"@context\":\"https:\\\/\\\/schema.org\",\"@graph\":[{\"@type\":\"Article\",\"@id\":\"https:\\\/\\\/www.tressis.com\\\/ca\\\/blog\\\/alivio-tension-politica-italia\\\/#article\",\"isPartOf\":{\"@id\":\"https:\\\/\\\/www.tressis.com\\\/ca\\\/blog\\\/alivio-tension-politica-italia\\\/\"},\"author\":{\"name\":\"Lola\",\"@id\":\"https:\\\/\\\/www.tressis.com\\\/ca\\\/#\\\/schema\\\/person\\\/b833c1d724d8764920b6d6852c70584e\"},\"headline\":\"Alivio de la tensi\u00f3n pol\u00edtica en Italia\",\"datePublished\":\"2021-02-15T09:41:17+00:00\",\"mainEntityOfPage\":{\"@id\":\"https:\\\/\\\/www.tressis.com\\\/ca\\\/blog\\\/alivio-tension-politica-italia\\\/\"},\"wordCount\":521,\"commentCount\":0,\"publisher\":{\"@id\":\"https:\\\/\\\/www.tressis.com\\\/ca\\\/#organization\"},\"image\":{\"@id\":\"https:\\\/\\\/www.tressis.com\\\/ca\\\/blog\\\/alivio-tension-politica-italia\\\/#primaryimage\"},\"thumbnailUrl\":\"https:\\\/\\\/www.tressis.com\\\/wp-content\\\/uploads\\\/2021\\\/02\\\/mario-draghi-italia.jpg\",\"articleSection\":[\"Morning meeting\"],\"inLanguage\":\"ca\",\"potentialAction\":[{\"@type\":\"CommentAction\",\"name\":\"Comment\",\"target\":[\"https:\\\/\\\/www.tressis.com\\\/ca\\\/blog\\\/alivio-tension-politica-italia\\\/#respond\"]}]},{\"@type\":\"WebPage\",\"@id\":\"https:\\\/\\\/www.tressis.com\\\/ca\\\/blog\\\/alivio-tension-politica-italia\\\/\",\"url\":\"https:\\\/\\\/www.tressis.com\\\/ca\\\/blog\\\/alivio-tension-politica-italia\\\/\",\"name\":\"Alivio de la tensi\u00f3n pol\u00edtica en Italia\",\"isPartOf\":{\"@id\":\"https:\\\/\\\/www.tressis.com\\\/ca\\\/#website\"},\"primaryImageOfPage\":{\"@id\":\"https:\\\/\\\/www.tressis.com\\\/ca\\\/blog\\\/alivio-tension-politica-italia\\\/#primaryimage\"},\"image\":{\"@id\":\"https:\\\/\\\/www.tressis.com\\\/ca\\\/blog\\\/alivio-tension-politica-italia\\\/#primaryimage\"},\"thumbnailUrl\":\"https:\\\/\\\/www.tressis.com\\\/wp-content\\\/uploads\\\/2021\\\/02\\\/mario-draghi-italia.jpg\",\"datePublished\":\"2021-02-15T09:41:17+00:00\",\"description\":\"El alivio de la tensi\u00f3n pol\u00edtica en Italia ayud\u00f3 a que el rendimiento del bono a 10 a\u00f1os del pa\u00eds alcanzara un nuevo m\u00ednimo el viernes. Mario Draghi, el ex presidente del BCE, est\u00e1 listo para convertirse en el primer ministro de Italia despu\u00e9s de recibir el respaldo del populista Movimiento 5 estrellas, el partido con mayor presencia en el Parlamento italiano, para su gobierno de unidad nacional.\",\"breadcrumb\":{\"@id\":\"https:\\\/\\\/www.tressis.com\\\/ca\\\/blog\\\/alivio-tension-politica-italia\\\/#breadcrumb\"},\"inLanguage\":\"ca\",\"potentialAction\":[{\"@type\":\"ReadAction\",\"target\":[\"https:\\\/\\\/www.tressis.com\\\/ca\\\/blog\\\/alivio-tension-politica-italia\\\/\"]}]},{\"@type\":\"ImageObject\",\"inLanguage\":\"ca\",\"@id\":\"https:\\\/\\\/www.tressis.com\\\/ca\\\/blog\\\/alivio-tension-politica-italia\\\/#primaryimage\",\"url\":\"https:\\\/\\\/www.tressis.com\\\/wp-content\\\/uploads\\\/2021\\\/02\\\/mario-draghi-italia.jpg\",\"contentUrl\":\"https:\\\/\\\/www.tressis.com\\\/wp-content\\\/uploads\\\/2021\\\/02\\\/mario-draghi-italia.jpg\",\"width\":1100,\"height\":487},{\"@type\":\"BreadcrumbList\",\"@id\":\"https:\\\/\\\/www.tressis.com\\\/ca\\\/blog\\\/alivio-tension-politica-italia\\\/#breadcrumb\",\"itemListElement\":[{\"@type\":\"ListItem\",\"position\":1,\"name\":\"Inicio\",\"item\":\"https:\\\/\\\/www.tressis.com\\\/ca\\\/\"},{\"@type\":\"ListItem\",\"position\":2,\"name\":\"Alivio de la tensi\u00f3n pol\u00edtica en Italia\"}]},{\"@type\":\"WebSite\",\"@id\":\"https:\\\/\\\/www.tressis.com\\\/ca\\\/#website\",\"url\":\"https:\\\/\\\/www.tressis.com\\\/ca\\\/\",\"name\":\"Tressis banca privada\",\"description\":\"Tressis | Planificaci\u00f3n financiera y gesti\u00f3n de patrimonios\",\"publisher\":{\"@id\":\"https:\\\/\\\/www.tressis.com\\\/ca\\\/#organization\"},\"potentialAction\":[{\"@type\":\"SearchAction\",\"target\":{\"@type\":\"EntryPoint\",\"urlTemplate\":\"https:\\\/\\\/www.tressis.com\\\/ca\\\/?s={search_term_string}\"},\"query-input\":{\"@type\":\"PropertyValueSpecification\",\"valueRequired\":true,\"valueName\":\"search_term_string\"}}],\"inLanguage\":\"ca\"},{\"@type\":\"Organization\",\"@id\":\"https:\\\/\\\/www.tressis.com\\\/ca\\\/#organization\",\"name\":\"Tressis\",\"url\":\"https:\\\/\\\/www.tressis.com\\\/ca\\\/\",\"logo\":{\"@type\":\"ImageObject\",\"inLanguage\":\"ca\",\"@id\":\"https:\\\/\\\/www.tressis.com\\\/ca\\\/#\\\/schema\\\/logo\\\/image\\\/\",\"url\":\"https:\\\/\\\/www.tressis.com\\\/wp-content\\\/uploads\\\/2025\\\/06\\\/logo-tressis-112.png\",\"contentUrl\":\"https:\\\/\\\/www.tressis.com\\\/wp-content\\\/uploads\\\/2025\\\/06\\\/logo-tressis-112.png\",\"width\":112,\"height\":112,\"caption\":\"Tressis\"},\"image\":{\"@id\":\"https:\\\/\\\/www.tressis.com\\\/ca\\\/#\\\/schema\\\/logo\\\/image\\\/\"},\"sameAs\":[\"https:\\\/\\\/www.facebook.com\\\/Tressis\\\/\",\"https:\\\/\\\/x.com\\\/TressisSV\",\"https:\\\/\\\/www.instagram.com\\\/tressissv\\\/?hl=es\",\"https:\\\/\\\/linkedin.com\\\/company\\\/tressis\\\/\",\"https:\\\/\\\/www.youtube.com\\\/user\\\/tressissv\",\"https:\\\/\\\/open.spotify.com\\\/show\\\/3jmTe1Nf0wqMILl7diWV6h?si=d7112519f13c4593&nd=1\"]},{\"@type\":\"Person\",\"@id\":\"https:\\\/\\\/www.tressis.com\\\/ca\\\/#\\\/schema\\\/person\\\/b833c1d724d8764920b6d6852c70584e\",\"name\":\"Lola\",\"image\":{\"@type\":\"ImageObject\",\"inLanguage\":\"ca\",\"@id\":\"https:\\\/\\\/secure.gravatar.com\\\/avatar\\\/05e646486b23ff45df9649110609c7e31b8c4a3e2821caa23d6317f405e0c51d?s=96&d=mm&r=g\",\"url\":\"https:\\\/\\\/secure.gravatar.com\\\/avatar\\\/05e646486b23ff45df9649110609c7e31b8c4a3e2821caa23d6317f405e0c51d?s=96&d=mm&r=g\",\"contentUrl\":\"https:\\\/\\\/secure.gravatar.com\\\/avatar\\\/05e646486b23ff45df9649110609c7e31b8c4a3e2821caa23d6317f405e0c51d?s=96&d=mm&r=g\",\"caption\":\"Lola\"}}]}<\/script>\n<!-- \/ Yoast SEO plugin. -->","yoast_head_json":{"title":"Alivio de la tensi\u00f3n pol\u00edtica en Italia","description":"El alivio de la tensi\u00f3n pol\u00edtica en Italia ayud\u00f3 a que el rendimiento del bono a 10 a\u00f1os del pa\u00eds alcanzara un nuevo m\u00ednimo el viernes. Mario Draghi, el ex presidente del BCE, est\u00e1 listo para convertirse en el primer ministro de Italia despu\u00e9s de recibir el respaldo del populista Movimiento 5 estrellas, el partido con mayor presencia en el Parlamento italiano, para su gobierno de unidad nacional.","robots":{"index":"index","follow":"follow","max-snippet":"max-snippet:-1","max-image-preview":"max-image-preview:large","max-video-preview":"max-video-preview:-1"},"canonical":"https:\/\/www.tressis.com\/ca\/blog\/alivio-tension-politica-italia\/","og_locale":"ca_ES","og_type":"article","og_title":"Alivio de la tensi\u00f3n pol\u00edtica en Italia","og_description":"El alivio de la tensi\u00f3n pol\u00edtica en Italia ayud\u00f3 a que el rendimiento del bono a 10 a\u00f1os del pa\u00eds alcanzara un nuevo m\u00ednimo el viernes. Mario Draghi, el ex presidente del BCE, est\u00e1 listo para convertirse en el primer ministro de Italia despu\u00e9s de recibir el respaldo del populista Movimiento 5 estrellas, el partido con mayor presencia en el Parlamento italiano, para su gobierno de unidad nacional.","og_url":"https:\/\/www.tressis.com\/ca\/blog\/alivio-tension-politica-italia\/","og_site_name":"Tressis","article_publisher":"https:\/\/www.facebook.com\/Tressis\/","article_published_time":"2021-02-15T09:41:17+00:00","og_image":[{"width":1100,"height":487,"url":"https:\/\/www.tressis.com\/wp-content\/uploads\/2021\/02\/mario-draghi-italia.jpg","type":"image\/jpeg"}],"author":"Lola","twitter_card":"summary_large_image","twitter_creator":"@TressisSV","twitter_site":"@TressisSV","twitter_misc":{"Escrit per":"Lola","Temps estimat de lectura":"3 minuts"},"schema":{"@context":"https:\/\/schema.org","@graph":[{"@type":"Article","@id":"https:\/\/www.tressis.com\/ca\/blog\/alivio-tension-politica-italia\/#article","isPartOf":{"@id":"https:\/\/www.tressis.com\/ca\/blog\/alivio-tension-politica-italia\/"},"author":{"name":"Lola","@id":"https:\/\/www.tressis.com\/ca\/#\/schema\/person\/b833c1d724d8764920b6d6852c70584e"},"headline":"Alivio de la tensi\u00f3n pol\u00edtica en Italia","datePublished":"2021-02-15T09:41:17+00:00","mainEntityOfPage":{"@id":"https:\/\/www.tressis.com\/ca\/blog\/alivio-tension-politica-italia\/"},"wordCount":521,"commentCount":0,"publisher":{"@id":"https:\/\/www.tressis.com\/ca\/#organization"},"image":{"@id":"https:\/\/www.tressis.com\/ca\/blog\/alivio-tension-politica-italia\/#primaryimage"},"thumbnailUrl":"https:\/\/www.tressis.com\/wp-content\/uploads\/2021\/02\/mario-draghi-italia.jpg","articleSection":["Morning meeting"],"inLanguage":"ca","potentialAction":[{"@type":"CommentAction","name":"Comment","target":["https:\/\/www.tressis.com\/ca\/blog\/alivio-tension-politica-italia\/#respond"]}]},{"@type":"WebPage","@id":"https:\/\/www.tressis.com\/ca\/blog\/alivio-tension-politica-italia\/","url":"https:\/\/www.tressis.com\/ca\/blog\/alivio-tension-politica-italia\/","name":"Alivio de la tensi\u00f3n pol\u00edtica en Italia","isPartOf":{"@id":"https:\/\/www.tressis.com\/ca\/#website"},"primaryImageOfPage":{"@id":"https:\/\/www.tressis.com\/ca\/blog\/alivio-tension-politica-italia\/#primaryimage"},"image":{"@id":"https:\/\/www.tressis.com\/ca\/blog\/alivio-tension-politica-italia\/#primaryimage"},"thumbnailUrl":"https:\/\/www.tressis.com\/wp-content\/uploads\/2021\/02\/mario-draghi-italia.jpg","datePublished":"2021-02-15T09:41:17+00:00","description":"El alivio de la tensi\u00f3n pol\u00edtica en Italia ayud\u00f3 a que el rendimiento del bono a 10 a\u00f1os del pa\u00eds alcanzara un nuevo m\u00ednimo el viernes. Mario Draghi, el ex presidente del BCE, est\u00e1 listo para convertirse en el primer ministro de Italia despu\u00e9s de recibir el respaldo del populista Movimiento 5 estrellas, el partido con mayor presencia en el Parlamento italiano, para su gobierno de unidad nacional.","breadcrumb":{"@id":"https:\/\/www.tressis.com\/ca\/blog\/alivio-tension-politica-italia\/#breadcrumb"},"inLanguage":"ca","potentialAction":[{"@type":"ReadAction","target":["https:\/\/www.tressis.com\/ca\/blog\/alivio-tension-politica-italia\/"]}]},{"@type":"ImageObject","inLanguage":"ca","@id":"https:\/\/www.tressis.com\/ca\/blog\/alivio-tension-politica-italia\/#primaryimage","url":"https:\/\/www.tressis.com\/wp-content\/uploads\/2021\/02\/mario-draghi-italia.jpg","contentUrl":"https:\/\/www.tressis.com\/wp-content\/uploads\/2021\/02\/mario-draghi-italia.jpg","width":1100,"height":487},{"@type":"BreadcrumbList","@id":"https:\/\/www.tressis.com\/ca\/blog\/alivio-tension-politica-italia\/#breadcrumb","itemListElement":[{"@type":"ListItem","position":1,"name":"Inicio","item":"https:\/\/www.tressis.com\/ca\/"},{"@type":"ListItem","position":2,"name":"Alivio de la tensi\u00f3n pol\u00edtica en Italia"}]},{"@type":"WebSite","@id":"https:\/\/www.tressis.com\/ca\/#website","url":"https:\/\/www.tressis.com\/ca\/","name":"Tressis banca privada","description":"Tressis | Planificaci\u00f3n financiera y gesti\u00f3n de patrimonios","publisher":{"@id":"https:\/\/www.tressis.com\/ca\/#organization"},"potentialAction":[{"@type":"SearchAction","target":{"@type":"EntryPoint","urlTemplate":"https:\/\/www.tressis.com\/ca\/?s={search_term_string}"},"query-input":{"@type":"PropertyValueSpecification","valueRequired":true,"valueName":"search_term_string"}}],"inLanguage":"ca"},{"@type":"Organization","@id":"https:\/\/www.tressis.com\/ca\/#organization","name":"Tressis","url":"https:\/\/www.tressis.com\/ca\/","logo":{"@type":"ImageObject","inLanguage":"ca","@id":"https:\/\/www.tressis.com\/ca\/#\/schema\/logo\/image\/","url":"https:\/\/www.tressis.com\/wp-content\/uploads\/2025\/06\/logo-tressis-112.png","contentUrl":"https:\/\/www.tressis.com\/wp-content\/uploads\/2025\/06\/logo-tressis-112.png","width":112,"height":112,"caption":"Tressis"},"image":{"@id":"https:\/\/www.tressis.com\/ca\/#\/schema\/logo\/image\/"},"sameAs":["https:\/\/www.facebook.com\/Tressis\/","https:\/\/x.com\/TressisSV","https:\/\/www.instagram.com\/tressissv\/?hl=es","https:\/\/linkedin.com\/company\/tressis\/","https:\/\/www.youtube.com\/user\/tressissv","https:\/\/open.spotify.com\/show\/3jmTe1Nf0wqMILl7diWV6h?si=d7112519f13c4593&nd=1"]},{"@type":"Person","@id":"https:\/\/www.tressis.com\/ca\/#\/schema\/person\/b833c1d724d8764920b6d6852c70584e","name":"Lola","image":{"@type":"ImageObject","inLanguage":"ca","@id":"https:\/\/secure.gravatar.com\/avatar\/05e646486b23ff45df9649110609c7e31b8c4a3e2821caa23d6317f405e0c51d?s=96&d=mm&r=g","url":"https:\/\/secure.gravatar.com\/avatar\/05e646486b23ff45df9649110609c7e31b8c4a3e2821caa23d6317f405e0c51d?s=96&d=mm&r=g","contentUrl":"https:\/\/secure.gravatar.com\/avatar\/05e646486b23ff45df9649110609c7e31b8c4a3e2821caa23d6317f405e0c51d?s=96&d=mm&r=g","caption":"Lola"}}]}},"_links":{"self":[{"href":"https:\/\/www.tressis.com\/ca\/wp-json\/wp\/v2\/posts\/35688","targetHints":{"allow":["GET"]}}],"collection":[{"href":"https:\/\/www.tressis.com\/ca\/wp-json\/wp\/v2\/posts"}],"about":[{"href":"https:\/\/www.tressis.com\/ca\/wp-json\/wp\/v2\/types\/post"}],"author":[{"embeddable":true,"href":"https:\/\/www.tressis.com\/ca\/wp-json\/wp\/v2\/users\/4"}],"replies":[{"embeddable":true,"href":"https:\/\/www.tressis.com\/ca\/wp-json\/wp\/v2\/comments?post=35688"}],"version-history":[{"count":0,"href":"https:\/\/www.tressis.com\/ca\/wp-json\/wp\/v2\/posts\/35688\/revisions"}],"wp:featuredmedia":[{"embeddable":true,"href":"https:\/\/www.tressis.com\/ca\/wp-json\/wp\/v2\/media\/35689"}],"wp:attachment":[{"href":"https:\/\/www.tressis.com\/ca\/wp-json\/wp\/v2\/media?parent=35688"}],"wp:term":[{"taxonomy":"category","embeddable":true,"href":"https:\/\/www.tressis.com\/ca\/wp-json\/wp\/v2\/categories?post=35688"},{"taxonomy":"post_tag","embeddable":true,"href":"https:\/\/www.tressis.com\/ca\/wp-json\/wp\/v2\/tags?post=35688"}],"curies":[{"name":"wp","href":"https:\/\/api.w.org\/{rel}","templated":true}]}}