{"id":35600,"date":"2021-02-01T10:24:51","date_gmt":"2021-02-01T09:24:51","guid":{"rendered":"http:\/\/www.tressis.com\/blog\/?p=35600"},"modified":"2021-02-01T10:24:51","modified_gmt":"2021-02-01T09:24:51","slug":"semana-cargada-eventos-economicos-doble-recesion","status":"publish","type":"post","link":"https:\/\/www.tressis.com\/ca\/blog\/semana-cargada-eventos-economicos-doble-recesion\/","title":{"rendered":"Semana cargada de eventos econ\u00f3micos, \u00bfdoble recesi\u00f3n?"},"content":{"rendered":"<p>Dejamos atr\u00e1s una semana marcada por las ca\u00eddas de los mercados de renta variable y el aumento de la volatilidad a consecuencia de una escaramuza entre inversores particulares y fondos de cobertura.<!--more--><\/p>\n<p>Tampoco ayudaba el aumento de la preocupaci\u00f3n por el impacto econ\u00f3mico que puede estar teniendo la fuerte incidencia de la pandemia en Europa y los retraso en la distribuci\u00f3n de las vacunas. Por su parte, las tensiones no se trasladaban al resto de mercados, lo que evitaba que cundiera el p\u00e1nico entre los inversores.<\/p>\n<p>Adem\u00e1s, el viernes conoc\u00edamos datos importantes de Alemania, Francia y Espa\u00f1a que reportaron cifras de PIB relativamente resistentes para el cuarto trimestre del a\u00f1o pasado, lo que suscita esperanzas de que la eurozona podr\u00eda evitar caer en una doble recesi\u00f3n. La econom\u00eda alemana se expandi\u00f3 un 0,1%, gracias a la fortaleza de las exportaciones y la construcci\u00f3n; el PIB de Espa\u00f1a creci\u00f3 inesperadamente un 0,4%, impulsado, en parte, por el aumento del consumo de los hogares. Por su parte, la econom\u00eda de Francia se redujo un 1,3% en el cuarto trimestre, una sorpresa al alza en relaci\u00f3n con una estimaci\u00f3n de consenso que contaba con una contracci\u00f3n del 4,1%. Sin embargo, debido a los continuos bloqueos, el gobierno alem\u00e1n redujo su previsi\u00f3n de crecimiento del PIB para 2021 al 3% con respecto a su estimaci\u00f3n anterior del 4,4%.<\/p>\n<p>Esta semana viene cargada de eventos econ\u00f3micos. Hoy comenzaremos con las encuestas PMI en todo el mundo. Los datos centrar\u00e1n la atenci\u00f3n de los inversores, ya que las lecturas preliminares mostraban el aumento del riesgo de que la eurozona cayera por segunda vez en terreno contractivo. El crecimiento global ha mostrado una resistencia alentadora gracias a EE.UU. y China. Los problemas se mantienen en el sector servicios, sobre todo en las actividades relacionadas con viajes y turismo.<\/p>\n<p>En Estados Unidos, adem\u00e1s de conocer los datos de las encuestas econ\u00f3micas del mes de enero, sabremos las cifras oficiales del mercado laboral. El consenso del mercado espera un nuevo aumento de las n\u00f3minas no agr\u00edcolas despu\u00e9s de la ca\u00edda registrada en diciembre, pero  que las cifras de empleos permanezcan moderadas en comparaci\u00f3n con los meses anteriores de la recuperaci\u00f3n.<\/p>\n<p>Dentro de las noticias monetarias, el Banco de Inglaterra en principio seguir\u00e1 los pasos de la Fed, subrayando la necesidad de que las pol\u00edticas deben seguir siendo acomodaticias durante mucho tiempo, ya que la pandemia plantea riesgos continuos. Hay que tener en cuenta que a las interrupciones del <i>brexit<\/i> se han sumado las restricciones de terceros pa\u00edses, lo que ha hecho que la producci\u00f3n baje considerablemente en enero.<\/p>\n<p>Por ultimo, recordemos que seguimos en temporada de resultados empresariales. Por ahora han presentado sus cuentas poco m\u00e1s del 30% de las empresas del S&#038;P 500 y muy pocas europeas, siendo prudentemente positivas. Los pr\u00f3ximos d\u00edas ser\u00e1n clave, ya que veremos un fuerte aumento del numero de compa\u00f1\u00edas que muestran tanto sus datos de 2020 como sus estimaciones para 2021.  <\/p>\n<p>Buena semana.<\/p>\n<p><center><strong>Jorge Gonz\u00e1lez G\u00f3mez<\/strong><br \/>\nDirector de An\u00e1lisis <\/center><\/p>\n","protected":false},"excerpt":{"rendered":"<p>Dejamos atr\u00e1s una semana marcada por las ca\u00eddas de los mercados de renta variable y el aumento de la volatilidad a consecuencia de una escaramuza entre inversores particulares y fondos de cobertura.<\/p>\n","protected":false},"author":4,"featured_media":35601,"comment_status":"open","ping_status":"closed","sticky":false,"template":"","format":"standard","meta":{"_acf_changed":false,"footnotes":""},"categories":[9721],"tags":[],"class_list":["post-35600","post","type-post","status-publish","format-standard","has-post-thumbnail","hentry","category-morning-meeting"],"acf":[],"yoast_head":"<!-- This site is optimized with the Yoast SEO plugin v27.5 - https:\/\/yoast.com\/product\/yoast-seo-wordpress\/ -->\n<title>Semana cargada de eventos econ\u00f3micos, \u00bfdoble recesi\u00f3n?<\/title>\n<meta name=\"description\" content=\"Esta semana viene cargada de eventos econ\u00f3micos. Hoy comenzaremos con las encuestas PMI en todo el mundo. Los datos centraran la atenci\u00f3n de los inversores, ya que las lecturas preliminares mostraban el aumento del riesgo de que la eurozona cayeran por segunda vez en terreno contractivo.\" \/>\n<meta name=\"robots\" content=\"index, follow, max-snippet:-1, max-image-preview:large, max-video-preview:-1\" \/>\n<link rel=\"canonical\" href=\"https:\/\/www.tressis.com\/ca\/blog\/semana-cargada-eventos-economicos-doble-recesion\/\" \/>\n<meta property=\"og:locale\" content=\"ca_ES\" \/>\n<meta property=\"og:type\" content=\"article\" \/>\n<meta property=\"og:title\" content=\"Semana cargada de eventos econ\u00f3micos, \u00bfdoble recesi\u00f3n?\" \/>\n<meta property=\"og:description\" content=\"Esta semana viene cargada de eventos econ\u00f3micos. Hoy comenzaremos con las encuestas PMI en todo el mundo. Los datos centraran la atenci\u00f3n de los inversores, ya que las lecturas preliminares mostraban el aumento del riesgo de que la eurozona cayeran por segunda vez en terreno contractivo.\" \/>\n<meta property=\"og:url\" content=\"https:\/\/www.tressis.com\/ca\/blog\/semana-cargada-eventos-economicos-doble-recesion\/\" \/>\n<meta property=\"og:site_name\" content=\"Tressis\" \/>\n<meta property=\"article:publisher\" content=\"https:\/\/www.facebook.com\/Tressis\/\" \/>\n<meta property=\"article:published_time\" content=\"2021-02-01T09:24:51+00:00\" \/>\n<meta property=\"og:image\" content=\"https:\/\/www.tressis.com\/wp-content\/uploads\/2021\/02\/resultados-empresariales.jpg\" \/>\n\t<meta property=\"og:image:width\" content=\"1100\" \/>\n\t<meta property=\"og:image:height\" content=\"487\" \/>\n\t<meta property=\"og:image:type\" content=\"image\/jpeg\" \/>\n<meta name=\"author\" content=\"Lola\" \/>\n<meta name=\"twitter:card\" content=\"summary_large_image\" \/>\n<meta name=\"twitter:creator\" content=\"@TressisSV\" \/>\n<meta name=\"twitter:site\" content=\"@TressisSV\" \/>\n<meta name=\"twitter:label1\" content=\"Escrit per\" \/>\n\t<meta name=\"twitter:data1\" content=\"Lola\" \/>\n\t<meta name=\"twitter:label2\" content=\"Temps estimat de lectura\" \/>\n\t<meta name=\"twitter:data2\" content=\"3 minuts\" \/>\n<script type=\"application\/ld+json\" class=\"yoast-schema-graph\">{\"@context\":\"https:\\\/\\\/schema.org\",\"@graph\":[{\"@type\":\"Article\",\"@id\":\"https:\\\/\\\/www.tressis.com\\\/ca\\\/blog\\\/semana-cargada-eventos-economicos-doble-recesion\\\/#article\",\"isPartOf\":{\"@id\":\"https:\\\/\\\/www.tressis.com\\\/ca\\\/blog\\\/semana-cargada-eventos-economicos-doble-recesion\\\/\"},\"author\":{\"name\":\"Lola\",\"@id\":\"https:\\\/\\\/www.tressis.com\\\/ca\\\/#\\\/schema\\\/person\\\/b833c1d724d8764920b6d6852c70584e\"},\"headline\":\"Semana cargada de eventos econ\u00f3micos, \u00bfdoble recesi\u00f3n?\",\"datePublished\":\"2021-02-01T09:24:51+00:00\",\"mainEntityOfPage\":{\"@id\":\"https:\\\/\\\/www.tressis.com\\\/ca\\\/blog\\\/semana-cargada-eventos-economicos-doble-recesion\\\/\"},\"wordCount\":541,\"commentCount\":0,\"publisher\":{\"@id\":\"https:\\\/\\\/www.tressis.com\\\/ca\\\/#organization\"},\"image\":{\"@id\":\"https:\\\/\\\/www.tressis.com\\\/ca\\\/blog\\\/semana-cargada-eventos-economicos-doble-recesion\\\/#primaryimage\"},\"thumbnailUrl\":\"https:\\\/\\\/www.tressis.com\\\/wp-content\\\/uploads\\\/2021\\\/02\\\/resultados-empresariales.jpg\",\"articleSection\":[\"Morning meeting\"],\"inLanguage\":\"ca\",\"potentialAction\":[{\"@type\":\"CommentAction\",\"name\":\"Comment\",\"target\":[\"https:\\\/\\\/www.tressis.com\\\/ca\\\/blog\\\/semana-cargada-eventos-economicos-doble-recesion\\\/#respond\"]}]},{\"@type\":\"WebPage\",\"@id\":\"https:\\\/\\\/www.tressis.com\\\/ca\\\/blog\\\/semana-cargada-eventos-economicos-doble-recesion\\\/\",\"url\":\"https:\\\/\\\/www.tressis.com\\\/ca\\\/blog\\\/semana-cargada-eventos-economicos-doble-recesion\\\/\",\"name\":\"Semana cargada de eventos econ\u00f3micos, \u00bfdoble recesi\u00f3n?\",\"isPartOf\":{\"@id\":\"https:\\\/\\\/www.tressis.com\\\/ca\\\/#website\"},\"primaryImageOfPage\":{\"@id\":\"https:\\\/\\\/www.tressis.com\\\/ca\\\/blog\\\/semana-cargada-eventos-economicos-doble-recesion\\\/#primaryimage\"},\"image\":{\"@id\":\"https:\\\/\\\/www.tressis.com\\\/ca\\\/blog\\\/semana-cargada-eventos-economicos-doble-recesion\\\/#primaryimage\"},\"thumbnailUrl\":\"https:\\\/\\\/www.tressis.com\\\/wp-content\\\/uploads\\\/2021\\\/02\\\/resultados-empresariales.jpg\",\"datePublished\":\"2021-02-01T09:24:51+00:00\",\"description\":\"Esta semana viene cargada de eventos econ\u00f3micos. Hoy comenzaremos con las encuestas PMI en todo el mundo. Los datos centraran la atenci\u00f3n de los inversores, ya que las lecturas preliminares mostraban el aumento del riesgo de que la eurozona cayeran por segunda vez en terreno contractivo.\",\"breadcrumb\":{\"@id\":\"https:\\\/\\\/www.tressis.com\\\/ca\\\/blog\\\/semana-cargada-eventos-economicos-doble-recesion\\\/#breadcrumb\"},\"inLanguage\":\"ca\",\"potentialAction\":[{\"@type\":\"ReadAction\",\"target\":[\"https:\\\/\\\/www.tressis.com\\\/ca\\\/blog\\\/semana-cargada-eventos-economicos-doble-recesion\\\/\"]}]},{\"@type\":\"ImageObject\",\"inLanguage\":\"ca\",\"@id\":\"https:\\\/\\\/www.tressis.com\\\/ca\\\/blog\\\/semana-cargada-eventos-economicos-doble-recesion\\\/#primaryimage\",\"url\":\"https:\\\/\\\/www.tressis.com\\\/wp-content\\\/uploads\\\/2021\\\/02\\\/resultados-empresariales.jpg\",\"contentUrl\":\"https:\\\/\\\/www.tressis.com\\\/wp-content\\\/uploads\\\/2021\\\/02\\\/resultados-empresariales.jpg\",\"width\":1100,\"height\":487},{\"@type\":\"BreadcrumbList\",\"@id\":\"https:\\\/\\\/www.tressis.com\\\/ca\\\/blog\\\/semana-cargada-eventos-economicos-doble-recesion\\\/#breadcrumb\",\"itemListElement\":[{\"@type\":\"ListItem\",\"position\":1,\"name\":\"Inicio\",\"item\":\"https:\\\/\\\/www.tressis.com\\\/ca\\\/\"},{\"@type\":\"ListItem\",\"position\":2,\"name\":\"Semana cargada de eventos econ\u00f3micos, \u00bfdoble recesi\u00f3n?\"}]},{\"@type\":\"WebSite\",\"@id\":\"https:\\\/\\\/www.tressis.com\\\/ca\\\/#website\",\"url\":\"https:\\\/\\\/www.tressis.com\\\/ca\\\/\",\"name\":\"Tressis banca privada\",\"description\":\"Tressis | Planificaci\u00f3n financiera y gesti\u00f3n de patrimonios\",\"publisher\":{\"@id\":\"https:\\\/\\\/www.tressis.com\\\/ca\\\/#organization\"},\"potentialAction\":[{\"@type\":\"SearchAction\",\"target\":{\"@type\":\"EntryPoint\",\"urlTemplate\":\"https:\\\/\\\/www.tressis.com\\\/ca\\\/?s={search_term_string}\"},\"query-input\":{\"@type\":\"PropertyValueSpecification\",\"valueRequired\":true,\"valueName\":\"search_term_string\"}}],\"inLanguage\":\"ca\"},{\"@type\":\"Organization\",\"@id\":\"https:\\\/\\\/www.tressis.com\\\/ca\\\/#organization\",\"name\":\"Tressis\",\"url\":\"https:\\\/\\\/www.tressis.com\\\/ca\\\/\",\"logo\":{\"@type\":\"ImageObject\",\"inLanguage\":\"ca\",\"@id\":\"https:\\\/\\\/www.tressis.com\\\/ca\\\/#\\\/schema\\\/logo\\\/image\\\/\",\"url\":\"https:\\\/\\\/www.tressis.com\\\/wp-content\\\/uploads\\\/2025\\\/06\\\/logo-tressis-112.png\",\"contentUrl\":\"https:\\\/\\\/www.tressis.com\\\/wp-content\\\/uploads\\\/2025\\\/06\\\/logo-tressis-112.png\",\"width\":112,\"height\":112,\"caption\":\"Tressis\"},\"image\":{\"@id\":\"https:\\\/\\\/www.tressis.com\\\/ca\\\/#\\\/schema\\\/logo\\\/image\\\/\"},\"sameAs\":[\"https:\\\/\\\/www.facebook.com\\\/Tressis\\\/\",\"https:\\\/\\\/x.com\\\/TressisSV\",\"https:\\\/\\\/www.instagram.com\\\/tressissv\\\/?hl=es\",\"https:\\\/\\\/linkedin.com\\\/company\\\/tressis\\\/\",\"https:\\\/\\\/www.youtube.com\\\/user\\\/tressissv\",\"https:\\\/\\\/open.spotify.com\\\/show\\\/3jmTe1Nf0wqMILl7diWV6h?si=d7112519f13c4593&nd=1\"]},{\"@type\":\"Person\",\"@id\":\"https:\\\/\\\/www.tressis.com\\\/ca\\\/#\\\/schema\\\/person\\\/b833c1d724d8764920b6d6852c70584e\",\"name\":\"Lola\",\"image\":{\"@type\":\"ImageObject\",\"inLanguage\":\"ca\",\"@id\":\"https:\\\/\\\/secure.gravatar.com\\\/avatar\\\/05e646486b23ff45df9649110609c7e31b8c4a3e2821caa23d6317f405e0c51d?s=96&d=mm&r=g\",\"url\":\"https:\\\/\\\/secure.gravatar.com\\\/avatar\\\/05e646486b23ff45df9649110609c7e31b8c4a3e2821caa23d6317f405e0c51d?s=96&d=mm&r=g\",\"contentUrl\":\"https:\\\/\\\/secure.gravatar.com\\\/avatar\\\/05e646486b23ff45df9649110609c7e31b8c4a3e2821caa23d6317f405e0c51d?s=96&d=mm&r=g\",\"caption\":\"Lola\"}}]}<\/script>\n<!-- \/ Yoast SEO plugin. -->","yoast_head_json":{"title":"Semana cargada de eventos econ\u00f3micos, \u00bfdoble recesi\u00f3n?","description":"Esta semana viene cargada de eventos econ\u00f3micos. Hoy comenzaremos con las encuestas PMI en todo el mundo. Los datos centraran la atenci\u00f3n de los inversores, ya que las lecturas preliminares mostraban el aumento del riesgo de que la eurozona cayeran por segunda vez en terreno contractivo.","robots":{"index":"index","follow":"follow","max-snippet":"max-snippet:-1","max-image-preview":"max-image-preview:large","max-video-preview":"max-video-preview:-1"},"canonical":"https:\/\/www.tressis.com\/ca\/blog\/semana-cargada-eventos-economicos-doble-recesion\/","og_locale":"ca_ES","og_type":"article","og_title":"Semana cargada de eventos econ\u00f3micos, \u00bfdoble recesi\u00f3n?","og_description":"Esta semana viene cargada de eventos econ\u00f3micos. Hoy comenzaremos con las encuestas PMI en todo el mundo. Los datos centraran la atenci\u00f3n de los inversores, ya que las lecturas preliminares mostraban el aumento del riesgo de que la eurozona cayeran por segunda vez en terreno contractivo.","og_url":"https:\/\/www.tressis.com\/ca\/blog\/semana-cargada-eventos-economicos-doble-recesion\/","og_site_name":"Tressis","article_publisher":"https:\/\/www.facebook.com\/Tressis\/","article_published_time":"2021-02-01T09:24:51+00:00","og_image":[{"width":1100,"height":487,"url":"https:\/\/www.tressis.com\/wp-content\/uploads\/2021\/02\/resultados-empresariales.jpg","type":"image\/jpeg"}],"author":"Lola","twitter_card":"summary_large_image","twitter_creator":"@TressisSV","twitter_site":"@TressisSV","twitter_misc":{"Escrit per":"Lola","Temps estimat de lectura":"3 minuts"},"schema":{"@context":"https:\/\/schema.org","@graph":[{"@type":"Article","@id":"https:\/\/www.tressis.com\/ca\/blog\/semana-cargada-eventos-economicos-doble-recesion\/#article","isPartOf":{"@id":"https:\/\/www.tressis.com\/ca\/blog\/semana-cargada-eventos-economicos-doble-recesion\/"},"author":{"name":"Lola","@id":"https:\/\/www.tressis.com\/ca\/#\/schema\/person\/b833c1d724d8764920b6d6852c70584e"},"headline":"Semana cargada de eventos econ\u00f3micos, \u00bfdoble recesi\u00f3n?","datePublished":"2021-02-01T09:24:51+00:00","mainEntityOfPage":{"@id":"https:\/\/www.tressis.com\/ca\/blog\/semana-cargada-eventos-economicos-doble-recesion\/"},"wordCount":541,"commentCount":0,"publisher":{"@id":"https:\/\/www.tressis.com\/ca\/#organization"},"image":{"@id":"https:\/\/www.tressis.com\/ca\/blog\/semana-cargada-eventos-economicos-doble-recesion\/#primaryimage"},"thumbnailUrl":"https:\/\/www.tressis.com\/wp-content\/uploads\/2021\/02\/resultados-empresariales.jpg","articleSection":["Morning meeting"],"inLanguage":"ca","potentialAction":[{"@type":"CommentAction","name":"Comment","target":["https:\/\/www.tressis.com\/ca\/blog\/semana-cargada-eventos-economicos-doble-recesion\/#respond"]}]},{"@type":"WebPage","@id":"https:\/\/www.tressis.com\/ca\/blog\/semana-cargada-eventos-economicos-doble-recesion\/","url":"https:\/\/www.tressis.com\/ca\/blog\/semana-cargada-eventos-economicos-doble-recesion\/","name":"Semana cargada de eventos econ\u00f3micos, \u00bfdoble recesi\u00f3n?","isPartOf":{"@id":"https:\/\/www.tressis.com\/ca\/#website"},"primaryImageOfPage":{"@id":"https:\/\/www.tressis.com\/ca\/blog\/semana-cargada-eventos-economicos-doble-recesion\/#primaryimage"},"image":{"@id":"https:\/\/www.tressis.com\/ca\/blog\/semana-cargada-eventos-economicos-doble-recesion\/#primaryimage"},"thumbnailUrl":"https:\/\/www.tressis.com\/wp-content\/uploads\/2021\/02\/resultados-empresariales.jpg","datePublished":"2021-02-01T09:24:51+00:00","description":"Esta semana viene cargada de eventos econ\u00f3micos. Hoy comenzaremos con las encuestas PMI en todo el mundo. Los datos centraran la atenci\u00f3n de los inversores, ya que las lecturas preliminares mostraban el aumento del riesgo de que la eurozona cayeran por segunda vez en terreno contractivo.","breadcrumb":{"@id":"https:\/\/www.tressis.com\/ca\/blog\/semana-cargada-eventos-economicos-doble-recesion\/#breadcrumb"},"inLanguage":"ca","potentialAction":[{"@type":"ReadAction","target":["https:\/\/www.tressis.com\/ca\/blog\/semana-cargada-eventos-economicos-doble-recesion\/"]}]},{"@type":"ImageObject","inLanguage":"ca","@id":"https:\/\/www.tressis.com\/ca\/blog\/semana-cargada-eventos-economicos-doble-recesion\/#primaryimage","url":"https:\/\/www.tressis.com\/wp-content\/uploads\/2021\/02\/resultados-empresariales.jpg","contentUrl":"https:\/\/www.tressis.com\/wp-content\/uploads\/2021\/02\/resultados-empresariales.jpg","width":1100,"height":487},{"@type":"BreadcrumbList","@id":"https:\/\/www.tressis.com\/ca\/blog\/semana-cargada-eventos-economicos-doble-recesion\/#breadcrumb","itemListElement":[{"@type":"ListItem","position":1,"name":"Inicio","item":"https:\/\/www.tressis.com\/ca\/"},{"@type":"ListItem","position":2,"name":"Semana cargada de eventos econ\u00f3micos, \u00bfdoble recesi\u00f3n?"}]},{"@type":"WebSite","@id":"https:\/\/www.tressis.com\/ca\/#website","url":"https:\/\/www.tressis.com\/ca\/","name":"Tressis banca privada","description":"Tressis | Planificaci\u00f3n financiera y gesti\u00f3n de patrimonios","publisher":{"@id":"https:\/\/www.tressis.com\/ca\/#organization"},"potentialAction":[{"@type":"SearchAction","target":{"@type":"EntryPoint","urlTemplate":"https:\/\/www.tressis.com\/ca\/?s={search_term_string}"},"query-input":{"@type":"PropertyValueSpecification","valueRequired":true,"valueName":"search_term_string"}}],"inLanguage":"ca"},{"@type":"Organization","@id":"https:\/\/www.tressis.com\/ca\/#organization","name":"Tressis","url":"https:\/\/www.tressis.com\/ca\/","logo":{"@type":"ImageObject","inLanguage":"ca","@id":"https:\/\/www.tressis.com\/ca\/#\/schema\/logo\/image\/","url":"https:\/\/www.tressis.com\/wp-content\/uploads\/2025\/06\/logo-tressis-112.png","contentUrl":"https:\/\/www.tressis.com\/wp-content\/uploads\/2025\/06\/logo-tressis-112.png","width":112,"height":112,"caption":"Tressis"},"image":{"@id":"https:\/\/www.tressis.com\/ca\/#\/schema\/logo\/image\/"},"sameAs":["https:\/\/www.facebook.com\/Tressis\/","https:\/\/x.com\/TressisSV","https:\/\/www.instagram.com\/tressissv\/?hl=es","https:\/\/linkedin.com\/company\/tressis\/","https:\/\/www.youtube.com\/user\/tressissv","https:\/\/open.spotify.com\/show\/3jmTe1Nf0wqMILl7diWV6h?si=d7112519f13c4593&nd=1"]},{"@type":"Person","@id":"https:\/\/www.tressis.com\/ca\/#\/schema\/person\/b833c1d724d8764920b6d6852c70584e","name":"Lola","image":{"@type":"ImageObject","inLanguage":"ca","@id":"https:\/\/secure.gravatar.com\/avatar\/05e646486b23ff45df9649110609c7e31b8c4a3e2821caa23d6317f405e0c51d?s=96&d=mm&r=g","url":"https:\/\/secure.gravatar.com\/avatar\/05e646486b23ff45df9649110609c7e31b8c4a3e2821caa23d6317f405e0c51d?s=96&d=mm&r=g","contentUrl":"https:\/\/secure.gravatar.com\/avatar\/05e646486b23ff45df9649110609c7e31b8c4a3e2821caa23d6317f405e0c51d?s=96&d=mm&r=g","caption":"Lola"}}]}},"_links":{"self":[{"href":"https:\/\/www.tressis.com\/ca\/wp-json\/wp\/v2\/posts\/35600","targetHints":{"allow":["GET"]}}],"collection":[{"href":"https:\/\/www.tressis.com\/ca\/wp-json\/wp\/v2\/posts"}],"about":[{"href":"https:\/\/www.tressis.com\/ca\/wp-json\/wp\/v2\/types\/post"}],"author":[{"embeddable":true,"href":"https:\/\/www.tressis.com\/ca\/wp-json\/wp\/v2\/users\/4"}],"replies":[{"embeddable":true,"href":"https:\/\/www.tressis.com\/ca\/wp-json\/wp\/v2\/comments?post=35600"}],"version-history":[{"count":0,"href":"https:\/\/www.tressis.com\/ca\/wp-json\/wp\/v2\/posts\/35600\/revisions"}],"wp:featuredmedia":[{"embeddable":true,"href":"https:\/\/www.tressis.com\/ca\/wp-json\/wp\/v2\/media\/35601"}],"wp:attachment":[{"href":"https:\/\/www.tressis.com\/ca\/wp-json\/wp\/v2\/media?parent=35600"}],"wp:term":[{"taxonomy":"category","embeddable":true,"href":"https:\/\/www.tressis.com\/ca\/wp-json\/wp\/v2\/categories?post=35600"},{"taxonomy":"post_tag","embeddable":true,"href":"https:\/\/www.tressis.com\/ca\/wp-json\/wp\/v2\/tags?post=35600"}],"curies":[{"name":"wp","href":"https:\/\/api.w.org\/{rel}","templated":true}]}}