{"id":35584,"date":"2021-01-28T10:55:54","date_gmt":"2021-01-28T09:55:54","guid":{"rendered":"http:\/\/www.tressis.com\/blog\/?p=35584"},"modified":"2021-01-28T10:55:54","modified_gmt":"2021-01-28T09:55:54","slug":"la-economia-lejos-volver-normalidad","status":"publish","type":"post","link":"https:\/\/www.tressis.com\/ca\/blog\/la-economia-lejos-volver-normalidad\/","title":{"rendered":"La econom\u00eda todav\u00eda est\u00e1 muy lejos de volver a la normalidad"},"content":{"rendered":"<p>Ayer tuvimos un mal d\u00eda para la renta variable, que experiment\u00f3 fuertes p\u00e9rdidas en medio de las crecientes preocupaciones de los inversores por las nuevas variantes de COVID-19, el lento ritmo de los procesos de vacunaci\u00f3n y las incertidumbres sobre el momento y el tama\u00f1o de los posibles nuevos est\u00edmulos fiscales estadounidenses.<!--more--><\/p>\n<p>El sentimiento se debilit\u00f3 a pesar de las garant\u00edas del presidente de la Fed, Jerome Powell, de que la Reserva Federal mantendr\u00eda su postura monetaria acomodaticia y su ritmo actual de compra de activos.<\/p>\n<p>Las ca\u00eddas de ayer no son alarmantes, ya que estamos asistiendo a una guerra de los inversores minoristas contra las posiciones cortas de los fondos de cobertura. Por dicho motivo, estos fondos han reducido la exposici\u00f3n, en particular los de <i>long short equity<\/i>, quienes, despu\u00e9s de haber sido forzados a cubrir sus posiciones cortas, est\u00e1n cerrando posiciones largas simult\u00e1neamente con el fin de evitar que la exposici\u00f3n neta general aumente. Una menor exposici\u00f3n bruta es positiva para el riesgo de mercado. Por lo que podr\u00edamos decir que lo que est\u00e1 pasando \u00faltimamente es sano para el mercado. Lo cual no significa que los inversores particulares que est\u00e1n realizando grandes apuestas apalancadas sobre ciertos valores vayan a salir bien parados. Ya veremos en qu\u00e9 queda todo esto en su caso, pero jugarse todos los ahorros en opciones no parece una idea muy inteligente, por mucho dinero que les pueda aportar en el corto plazo. Las que s\u00ed que se est\u00e1n forrando son las entidades de brokeraje, sobre todo teniendo en cuenta que ayer vivimos el d\u00eda con mayor volumen de operaciones de la historia.<\/p>\n<p>En cambio, en los mercados de renta fija europeos ve\u00edamos ligeras subidas de precios, ya que el BCE puso de relieve la posibilidad de nuevos recortes de los tipos de inter\u00e9s. Por su parte, los bonos del Tesoro de los Estados Unidos cerraron con ligeros cambios, viendo ciertos avances en los t\u00edtulos a largo plazo, que se beneficiaron de la demanda de activos m\u00e1s seguros a medida que disminuye la confianza en est\u00edmulos fiscales a corto plazo. Durante la sesi\u00f3n, los rendimientos del bono a 10 a\u00f1os volvieron a caer por debajo del 1%, antes de cerrar la sesi\u00f3n en el 1,02%. Adem\u00e1s, como era de esperar, la Reserva Federal de los Estados Unidos mantuvo su rango objetivo de tipos en 0,00-0,25%, as\u00ed como el ritmo de sus compras de activos. Los responsables tambi\u00e9n reiteran su promesa de mantener una postura de pol\u00edtica monetaria acomodaticia hasta que la econom\u00eda alcance su m\u00e1ximo empleo y los precios se sit\u00faen moderadamente por encima de la inflaci\u00f3n objetivo. Reforzando el mensaje del Comit\u00e9, el presidente de la Fed, Powell, dijo que la econom\u00eda todav\u00eda est\u00e1 &#8220;muy lejos&#8221; de volver a la normalidad y es &#8220;demasiado pronto&#8221; para discutir la reducci\u00f3n de las compras de activos.<\/p>\n<p>En el terreno macro, los pedidos de bienes duraderos de EE.UU. aumentaron 0,2% en diciembre, qued\u00e1ndose lejos del esperado 1,0%. La decepci\u00f3n se produjo cuando la categor\u00eda de aviones se redujo a m\u00e1s de la mitad por las cancelaciones de pedidos. Sin embargo, quitando la vol\u00e1til categor\u00eda de transporte, la serie mejor\u00f3 un 0,7% (frente al 0,5% esperado). En general, esta medida subyacente est\u00e1 actualmente en una tendencia que muestra un crecimiento del 6% frente a los niveles de diciembre de 2019 despu\u00e9s de ocho meses consecutivos de ganancias constantes. Hoy conoceremos las esperadas cifras del PIB del cuarto trimestre en la primera econom\u00eda del mundo.<\/p>\n<p>En cuanto al terreno empresarial, ayer publicaban sus cuentas Apple, Facebook, Tesla y Samsung. Los de la primera compa\u00f1\u00eda fueron buenos, pero el mercado no debi\u00f3 de pensar lo mismo, a pesar de batir ampliamente expectativas de ventas gracias a la recuperaci\u00f3n de China y el impacto que tiene el teletrabajo en l\u00edneas de negocio como los port\u00e1tiles o tabletas. Los ingresos de la red social tambi\u00e9n superaban las expectativas, al igual que las ventas de la empresa coreana. Por \u00faltimo, la compa\u00f1\u00eda de coches el\u00e9ctricos daba unas gu\u00edas ambiguas, ya que sigue presentando problemas en la cadena de suministro.<\/p>\n<p>Buen d\u00eda.<\/p>\n<p><center><strong>Jorge Gonz\u00e1lez G\u00f3mez<\/strong><br \/>\nDirector de An\u00e1lisis<\/center><\/p>\n","protected":false},"excerpt":{"rendered":"<p>Ayer tuvimos un mal d\u00eda para la renta variable, que experiment\u00f3 fuertes p\u00e9rdidas en medio de las crecientes preocupaciones de los inversores por las nuevas variantes de COVID-19, el lento ritmo de los procesos de vacunaci\u00f3n y las incertidumbres sobre el momento y el tama\u00f1o de los posibles nuevos est\u00edmulos fiscales estadounidenses.<\/p>\n","protected":false},"author":4,"featured_media":35585,"comment_status":"open","ping_status":"closed","sticky":false,"template":"","format":"standard","meta":{"_acf_changed":false,"footnotes":""},"categories":[9721],"tags":[],"class_list":["post-35584","post","type-post","status-publish","format-standard","has-post-thumbnail","hentry","category-morning-meeting"],"acf":[],"yoast_head":"<!-- This site is optimized with the Yoast SEO plugin v27.5 - https:\/\/yoast.com\/product\/yoast-seo-wordpress\/ -->\n<title>La econom\u00eda todav\u00eda est\u00e1 muy lejos de volver a la normalidad<\/title>\n<meta name=\"description\" content=\"Las ca\u00eddas de ayer no son alarmantes ya que estamos asistiendo a una guerra de los inversores minoristas contra las posiciones cortas de los fondos de cobertura. Por dicho motivo, estos fondos han reducido la exposici\u00f3n, en particular los de Long Short Equity, quienes, despu\u00e9s de haber sido forzados a cubrir sus posiciones cortas, est\u00e1n cerrando posiciones largas simult\u00e1neamente con el fin de evitar que la exposici\u00f3n neta general aumente.\" \/>\n<meta name=\"robots\" content=\"index, follow, max-snippet:-1, max-image-preview:large, max-video-preview:-1\" \/>\n<link rel=\"canonical\" href=\"https:\/\/www.tressis.com\/ca\/blog\/la-economia-lejos-volver-normalidad\/\" \/>\n<meta property=\"og:locale\" content=\"ca_ES\" \/>\n<meta property=\"og:type\" content=\"article\" \/>\n<meta property=\"og:title\" content=\"La econom\u00eda todav\u00eda est\u00e1 muy lejos de volver a la normalidad\" \/>\n<meta property=\"og:description\" content=\"Las ca\u00eddas de ayer no son alarmantes ya que estamos asistiendo a una guerra de los inversores minoristas contra las posiciones cortas de los fondos de cobertura. Por dicho motivo, estos fondos han reducido la exposici\u00f3n, en particular los de Long Short Equity, quienes, despu\u00e9s de haber sido forzados a cubrir sus posiciones cortas, est\u00e1n cerrando posiciones largas simult\u00e1neamente con el fin de evitar que la exposici\u00f3n neta general aumente.\" \/>\n<meta property=\"og:url\" content=\"https:\/\/www.tressis.com\/ca\/blog\/la-economia-lejos-volver-normalidad\/\" \/>\n<meta property=\"og:site_name\" content=\"Tressis\" \/>\n<meta property=\"article:publisher\" content=\"https:\/\/www.facebook.com\/Tressis\/\" \/>\n<meta property=\"article:published_time\" content=\"2021-01-28T09:55:54+00:00\" \/>\n<meta property=\"og:image\" content=\"https:\/\/www.tressis.com\/wp-content\/uploads\/2021\/01\/economia.jpg\" \/>\n\t<meta property=\"og:image:width\" content=\"1100\" \/>\n\t<meta property=\"og:image:height\" content=\"487\" \/>\n\t<meta property=\"og:image:type\" content=\"image\/jpeg\" \/>\n<meta name=\"author\" content=\"Lola\" \/>\n<meta name=\"twitter:card\" content=\"summary_large_image\" \/>\n<meta name=\"twitter:creator\" content=\"@TressisSV\" \/>\n<meta name=\"twitter:site\" content=\"@TressisSV\" \/>\n<meta name=\"twitter:label1\" content=\"Escrit per\" \/>\n\t<meta name=\"twitter:data1\" content=\"Lola\" \/>\n\t<meta name=\"twitter:label2\" content=\"Temps estimat de lectura\" \/>\n\t<meta name=\"twitter:data2\" content=\"4 minuts\" \/>\n<script type=\"application\/ld+json\" class=\"yoast-schema-graph\">{\"@context\":\"https:\\\/\\\/schema.org\",\"@graph\":[{\"@type\":\"Article\",\"@id\":\"https:\\\/\\\/www.tressis.com\\\/ca\\\/blog\\\/la-economia-lejos-volver-normalidad\\\/#article\",\"isPartOf\":{\"@id\":\"https:\\\/\\\/www.tressis.com\\\/ca\\\/blog\\\/la-economia-lejos-volver-normalidad\\\/\"},\"author\":{\"name\":\"Lola\",\"@id\":\"https:\\\/\\\/www.tressis.com\\\/ca\\\/#\\\/schema\\\/person\\\/b833c1d724d8764920b6d6852c70584e\"},\"headline\":\"La econom\u00eda todav\u00eda est\u00e1 muy lejos de volver a la normalidad\",\"datePublished\":\"2021-01-28T09:55:54+00:00\",\"mainEntityOfPage\":{\"@id\":\"https:\\\/\\\/www.tressis.com\\\/ca\\\/blog\\\/la-economia-lejos-volver-normalidad\\\/\"},\"wordCount\":746,\"commentCount\":0,\"publisher\":{\"@id\":\"https:\\\/\\\/www.tressis.com\\\/ca\\\/#organization\"},\"image\":{\"@id\":\"https:\\\/\\\/www.tressis.com\\\/ca\\\/blog\\\/la-economia-lejos-volver-normalidad\\\/#primaryimage\"},\"thumbnailUrl\":\"https:\\\/\\\/www.tressis.com\\\/wp-content\\\/uploads\\\/2021\\\/01\\\/economia.jpg\",\"articleSection\":[\"Morning meeting\"],\"inLanguage\":\"ca\",\"potentialAction\":[{\"@type\":\"CommentAction\",\"name\":\"Comment\",\"target\":[\"https:\\\/\\\/www.tressis.com\\\/ca\\\/blog\\\/la-economia-lejos-volver-normalidad\\\/#respond\"]}]},{\"@type\":\"WebPage\",\"@id\":\"https:\\\/\\\/www.tressis.com\\\/ca\\\/blog\\\/la-economia-lejos-volver-normalidad\\\/\",\"url\":\"https:\\\/\\\/www.tressis.com\\\/ca\\\/blog\\\/la-economia-lejos-volver-normalidad\\\/\",\"name\":\"La econom\u00eda todav\u00eda est\u00e1 muy lejos de volver a la normalidad\",\"isPartOf\":{\"@id\":\"https:\\\/\\\/www.tressis.com\\\/ca\\\/#website\"},\"primaryImageOfPage\":{\"@id\":\"https:\\\/\\\/www.tressis.com\\\/ca\\\/blog\\\/la-economia-lejos-volver-normalidad\\\/#primaryimage\"},\"image\":{\"@id\":\"https:\\\/\\\/www.tressis.com\\\/ca\\\/blog\\\/la-economia-lejos-volver-normalidad\\\/#primaryimage\"},\"thumbnailUrl\":\"https:\\\/\\\/www.tressis.com\\\/wp-content\\\/uploads\\\/2021\\\/01\\\/economia.jpg\",\"datePublished\":\"2021-01-28T09:55:54+00:00\",\"description\":\"Las ca\u00eddas de ayer no son alarmantes ya que estamos asistiendo a una guerra de los inversores minoristas contra las posiciones cortas de los fondos de cobertura. Por dicho motivo, estos fondos han reducido la exposici\u00f3n, en particular los de Long Short Equity, quienes, despu\u00e9s de haber sido forzados a cubrir sus posiciones cortas, est\u00e1n cerrando posiciones largas simult\u00e1neamente con el fin de evitar que la exposici\u00f3n neta general aumente.\",\"breadcrumb\":{\"@id\":\"https:\\\/\\\/www.tressis.com\\\/ca\\\/blog\\\/la-economia-lejos-volver-normalidad\\\/#breadcrumb\"},\"inLanguage\":\"ca\",\"potentialAction\":[{\"@type\":\"ReadAction\",\"target\":[\"https:\\\/\\\/www.tressis.com\\\/ca\\\/blog\\\/la-economia-lejos-volver-normalidad\\\/\"]}]},{\"@type\":\"ImageObject\",\"inLanguage\":\"ca\",\"@id\":\"https:\\\/\\\/www.tressis.com\\\/ca\\\/blog\\\/la-economia-lejos-volver-normalidad\\\/#primaryimage\",\"url\":\"https:\\\/\\\/www.tressis.com\\\/wp-content\\\/uploads\\\/2021\\\/01\\\/economia.jpg\",\"contentUrl\":\"https:\\\/\\\/www.tressis.com\\\/wp-content\\\/uploads\\\/2021\\\/01\\\/economia.jpg\",\"width\":1100,\"height\":487},{\"@type\":\"BreadcrumbList\",\"@id\":\"https:\\\/\\\/www.tressis.com\\\/ca\\\/blog\\\/la-economia-lejos-volver-normalidad\\\/#breadcrumb\",\"itemListElement\":[{\"@type\":\"ListItem\",\"position\":1,\"name\":\"Inicio\",\"item\":\"https:\\\/\\\/www.tressis.com\\\/ca\\\/\"},{\"@type\":\"ListItem\",\"position\":2,\"name\":\"La econom\u00eda todav\u00eda est\u00e1 muy lejos de volver a la normalidad\"}]},{\"@type\":\"WebSite\",\"@id\":\"https:\\\/\\\/www.tressis.com\\\/ca\\\/#website\",\"url\":\"https:\\\/\\\/www.tressis.com\\\/ca\\\/\",\"name\":\"Tressis banca privada\",\"description\":\"Tressis | Planificaci\u00f3n financiera y gesti\u00f3n de patrimonios\",\"publisher\":{\"@id\":\"https:\\\/\\\/www.tressis.com\\\/ca\\\/#organization\"},\"potentialAction\":[{\"@type\":\"SearchAction\",\"target\":{\"@type\":\"EntryPoint\",\"urlTemplate\":\"https:\\\/\\\/www.tressis.com\\\/ca\\\/?s={search_term_string}\"},\"query-input\":{\"@type\":\"PropertyValueSpecification\",\"valueRequired\":true,\"valueName\":\"search_term_string\"}}],\"inLanguage\":\"ca\"},{\"@type\":\"Organization\",\"@id\":\"https:\\\/\\\/www.tressis.com\\\/ca\\\/#organization\",\"name\":\"Tressis\",\"url\":\"https:\\\/\\\/www.tressis.com\\\/ca\\\/\",\"logo\":{\"@type\":\"ImageObject\",\"inLanguage\":\"ca\",\"@id\":\"https:\\\/\\\/www.tressis.com\\\/ca\\\/#\\\/schema\\\/logo\\\/image\\\/\",\"url\":\"https:\\\/\\\/www.tressis.com\\\/wp-content\\\/uploads\\\/2025\\\/06\\\/logo-tressis-112.png\",\"contentUrl\":\"https:\\\/\\\/www.tressis.com\\\/wp-content\\\/uploads\\\/2025\\\/06\\\/logo-tressis-112.png\",\"width\":112,\"height\":112,\"caption\":\"Tressis\"},\"image\":{\"@id\":\"https:\\\/\\\/www.tressis.com\\\/ca\\\/#\\\/schema\\\/logo\\\/image\\\/\"},\"sameAs\":[\"https:\\\/\\\/www.facebook.com\\\/Tressis\\\/\",\"https:\\\/\\\/x.com\\\/TressisSV\",\"https:\\\/\\\/www.instagram.com\\\/tressissv\\\/?hl=es\",\"https:\\\/\\\/linkedin.com\\\/company\\\/tressis\\\/\",\"https:\\\/\\\/www.youtube.com\\\/user\\\/tressissv\",\"https:\\\/\\\/open.spotify.com\\\/show\\\/3jmTe1Nf0wqMILl7diWV6h?si=d7112519f13c4593&nd=1\"]},{\"@type\":\"Person\",\"@id\":\"https:\\\/\\\/www.tressis.com\\\/ca\\\/#\\\/schema\\\/person\\\/b833c1d724d8764920b6d6852c70584e\",\"name\":\"Lola\",\"image\":{\"@type\":\"ImageObject\",\"inLanguage\":\"ca\",\"@id\":\"https:\\\/\\\/secure.gravatar.com\\\/avatar\\\/05e646486b23ff45df9649110609c7e31b8c4a3e2821caa23d6317f405e0c51d?s=96&d=mm&r=g\",\"url\":\"https:\\\/\\\/secure.gravatar.com\\\/avatar\\\/05e646486b23ff45df9649110609c7e31b8c4a3e2821caa23d6317f405e0c51d?s=96&d=mm&r=g\",\"contentUrl\":\"https:\\\/\\\/secure.gravatar.com\\\/avatar\\\/05e646486b23ff45df9649110609c7e31b8c4a3e2821caa23d6317f405e0c51d?s=96&d=mm&r=g\",\"caption\":\"Lola\"}}]}<\/script>\n<!-- \/ Yoast SEO plugin. -->","yoast_head_json":{"title":"La econom\u00eda todav\u00eda est\u00e1 muy lejos de volver a la normalidad","description":"Las ca\u00eddas de ayer no son alarmantes ya que estamos asistiendo a una guerra de los inversores minoristas contra las posiciones cortas de los fondos de cobertura. Por dicho motivo, estos fondos han reducido la exposici\u00f3n, en particular los de Long Short Equity, quienes, despu\u00e9s de haber sido forzados a cubrir sus posiciones cortas, est\u00e1n cerrando posiciones largas simult\u00e1neamente con el fin de evitar que la exposici\u00f3n neta general aumente.","robots":{"index":"index","follow":"follow","max-snippet":"max-snippet:-1","max-image-preview":"max-image-preview:large","max-video-preview":"max-video-preview:-1"},"canonical":"https:\/\/www.tressis.com\/ca\/blog\/la-economia-lejos-volver-normalidad\/","og_locale":"ca_ES","og_type":"article","og_title":"La econom\u00eda todav\u00eda est\u00e1 muy lejos de volver a la normalidad","og_description":"Las ca\u00eddas de ayer no son alarmantes ya que estamos asistiendo a una guerra de los inversores minoristas contra las posiciones cortas de los fondos de cobertura. Por dicho motivo, estos fondos han reducido la exposici\u00f3n, en particular los de Long Short Equity, quienes, despu\u00e9s de haber sido forzados a cubrir sus posiciones cortas, est\u00e1n cerrando posiciones largas simult\u00e1neamente con el fin de evitar que la exposici\u00f3n neta general aumente.","og_url":"https:\/\/www.tressis.com\/ca\/blog\/la-economia-lejos-volver-normalidad\/","og_site_name":"Tressis","article_publisher":"https:\/\/www.facebook.com\/Tressis\/","article_published_time":"2021-01-28T09:55:54+00:00","og_image":[{"width":1100,"height":487,"url":"https:\/\/www.tressis.com\/wp-content\/uploads\/2021\/01\/economia.jpg","type":"image\/jpeg"}],"author":"Lola","twitter_card":"summary_large_image","twitter_creator":"@TressisSV","twitter_site":"@TressisSV","twitter_misc":{"Escrit per":"Lola","Temps estimat de lectura":"4 minuts"},"schema":{"@context":"https:\/\/schema.org","@graph":[{"@type":"Article","@id":"https:\/\/www.tressis.com\/ca\/blog\/la-economia-lejos-volver-normalidad\/#article","isPartOf":{"@id":"https:\/\/www.tressis.com\/ca\/blog\/la-economia-lejos-volver-normalidad\/"},"author":{"name":"Lola","@id":"https:\/\/www.tressis.com\/ca\/#\/schema\/person\/b833c1d724d8764920b6d6852c70584e"},"headline":"La econom\u00eda todav\u00eda est\u00e1 muy lejos de volver a la normalidad","datePublished":"2021-01-28T09:55:54+00:00","mainEntityOfPage":{"@id":"https:\/\/www.tressis.com\/ca\/blog\/la-economia-lejos-volver-normalidad\/"},"wordCount":746,"commentCount":0,"publisher":{"@id":"https:\/\/www.tressis.com\/ca\/#organization"},"image":{"@id":"https:\/\/www.tressis.com\/ca\/blog\/la-economia-lejos-volver-normalidad\/#primaryimage"},"thumbnailUrl":"https:\/\/www.tressis.com\/wp-content\/uploads\/2021\/01\/economia.jpg","articleSection":["Morning meeting"],"inLanguage":"ca","potentialAction":[{"@type":"CommentAction","name":"Comment","target":["https:\/\/www.tressis.com\/ca\/blog\/la-economia-lejos-volver-normalidad\/#respond"]}]},{"@type":"WebPage","@id":"https:\/\/www.tressis.com\/ca\/blog\/la-economia-lejos-volver-normalidad\/","url":"https:\/\/www.tressis.com\/ca\/blog\/la-economia-lejos-volver-normalidad\/","name":"La econom\u00eda todav\u00eda est\u00e1 muy lejos de volver a la normalidad","isPartOf":{"@id":"https:\/\/www.tressis.com\/ca\/#website"},"primaryImageOfPage":{"@id":"https:\/\/www.tressis.com\/ca\/blog\/la-economia-lejos-volver-normalidad\/#primaryimage"},"image":{"@id":"https:\/\/www.tressis.com\/ca\/blog\/la-economia-lejos-volver-normalidad\/#primaryimage"},"thumbnailUrl":"https:\/\/www.tressis.com\/wp-content\/uploads\/2021\/01\/economia.jpg","datePublished":"2021-01-28T09:55:54+00:00","description":"Las ca\u00eddas de ayer no son alarmantes ya que estamos asistiendo a una guerra de los inversores minoristas contra las posiciones cortas de los fondos de cobertura. Por dicho motivo, estos fondos han reducido la exposici\u00f3n, en particular los de Long Short Equity, quienes, despu\u00e9s de haber sido forzados a cubrir sus posiciones cortas, est\u00e1n cerrando posiciones largas simult\u00e1neamente con el fin de evitar que la exposici\u00f3n neta general aumente.","breadcrumb":{"@id":"https:\/\/www.tressis.com\/ca\/blog\/la-economia-lejos-volver-normalidad\/#breadcrumb"},"inLanguage":"ca","potentialAction":[{"@type":"ReadAction","target":["https:\/\/www.tressis.com\/ca\/blog\/la-economia-lejos-volver-normalidad\/"]}]},{"@type":"ImageObject","inLanguage":"ca","@id":"https:\/\/www.tressis.com\/ca\/blog\/la-economia-lejos-volver-normalidad\/#primaryimage","url":"https:\/\/www.tressis.com\/wp-content\/uploads\/2021\/01\/economia.jpg","contentUrl":"https:\/\/www.tressis.com\/wp-content\/uploads\/2021\/01\/economia.jpg","width":1100,"height":487},{"@type":"BreadcrumbList","@id":"https:\/\/www.tressis.com\/ca\/blog\/la-economia-lejos-volver-normalidad\/#breadcrumb","itemListElement":[{"@type":"ListItem","position":1,"name":"Inicio","item":"https:\/\/www.tressis.com\/ca\/"},{"@type":"ListItem","position":2,"name":"La econom\u00eda todav\u00eda est\u00e1 muy lejos de volver a la normalidad"}]},{"@type":"WebSite","@id":"https:\/\/www.tressis.com\/ca\/#website","url":"https:\/\/www.tressis.com\/ca\/","name":"Tressis banca privada","description":"Tressis | Planificaci\u00f3n financiera y gesti\u00f3n de patrimonios","publisher":{"@id":"https:\/\/www.tressis.com\/ca\/#organization"},"potentialAction":[{"@type":"SearchAction","target":{"@type":"EntryPoint","urlTemplate":"https:\/\/www.tressis.com\/ca\/?s={search_term_string}"},"query-input":{"@type":"PropertyValueSpecification","valueRequired":true,"valueName":"search_term_string"}}],"inLanguage":"ca"},{"@type":"Organization","@id":"https:\/\/www.tressis.com\/ca\/#organization","name":"Tressis","url":"https:\/\/www.tressis.com\/ca\/","logo":{"@type":"ImageObject","inLanguage":"ca","@id":"https:\/\/www.tressis.com\/ca\/#\/schema\/logo\/image\/","url":"https:\/\/www.tressis.com\/wp-content\/uploads\/2025\/06\/logo-tressis-112.png","contentUrl":"https:\/\/www.tressis.com\/wp-content\/uploads\/2025\/06\/logo-tressis-112.png","width":112,"height":112,"caption":"Tressis"},"image":{"@id":"https:\/\/www.tressis.com\/ca\/#\/schema\/logo\/image\/"},"sameAs":["https:\/\/www.facebook.com\/Tressis\/","https:\/\/x.com\/TressisSV","https:\/\/www.instagram.com\/tressissv\/?hl=es","https:\/\/linkedin.com\/company\/tressis\/","https:\/\/www.youtube.com\/user\/tressissv","https:\/\/open.spotify.com\/show\/3jmTe1Nf0wqMILl7diWV6h?si=d7112519f13c4593&nd=1"]},{"@type":"Person","@id":"https:\/\/www.tressis.com\/ca\/#\/schema\/person\/b833c1d724d8764920b6d6852c70584e","name":"Lola","image":{"@type":"ImageObject","inLanguage":"ca","@id":"https:\/\/secure.gravatar.com\/avatar\/05e646486b23ff45df9649110609c7e31b8c4a3e2821caa23d6317f405e0c51d?s=96&d=mm&r=g","url":"https:\/\/secure.gravatar.com\/avatar\/05e646486b23ff45df9649110609c7e31b8c4a3e2821caa23d6317f405e0c51d?s=96&d=mm&r=g","contentUrl":"https:\/\/secure.gravatar.com\/avatar\/05e646486b23ff45df9649110609c7e31b8c4a3e2821caa23d6317f405e0c51d?s=96&d=mm&r=g","caption":"Lola"}}]}},"_links":{"self":[{"href":"https:\/\/www.tressis.com\/ca\/wp-json\/wp\/v2\/posts\/35584","targetHints":{"allow":["GET"]}}],"collection":[{"href":"https:\/\/www.tressis.com\/ca\/wp-json\/wp\/v2\/posts"}],"about":[{"href":"https:\/\/www.tressis.com\/ca\/wp-json\/wp\/v2\/types\/post"}],"author":[{"embeddable":true,"href":"https:\/\/www.tressis.com\/ca\/wp-json\/wp\/v2\/users\/4"}],"replies":[{"embeddable":true,"href":"https:\/\/www.tressis.com\/ca\/wp-json\/wp\/v2\/comments?post=35584"}],"version-history":[{"count":0,"href":"https:\/\/www.tressis.com\/ca\/wp-json\/wp\/v2\/posts\/35584\/revisions"}],"wp:featuredmedia":[{"embeddable":true,"href":"https:\/\/www.tressis.com\/ca\/wp-json\/wp\/v2\/media\/35585"}],"wp:attachment":[{"href":"https:\/\/www.tressis.com\/ca\/wp-json\/wp\/v2\/media?parent=35584"}],"wp:term":[{"taxonomy":"category","embeddable":true,"href":"https:\/\/www.tressis.com\/ca\/wp-json\/wp\/v2\/categories?post=35584"},{"taxonomy":"post_tag","embeddable":true,"href":"https:\/\/www.tressis.com\/ca\/wp-json\/wp\/v2\/tags?post=35584"}],"curies":[{"name":"wp","href":"https:\/\/api.w.org\/{rel}","templated":true}]}}