{"id":35567,"date":"2021-01-26T11:13:57","date_gmt":"2021-01-26T10:13:57","guid":{"rendered":"http:\/\/www.tressis.com\/blog\/?p=35567"},"modified":"2021-01-26T11:13:57","modified_gmt":"2021-01-26T10:13:57","slug":"inversores-centrarse-efectos-pandemia","status":"publish","type":"post","link":"https:\/\/www.tressis.com\/ca\/blog\/inversores-centrarse-efectos-pandemia\/","title":{"rendered":"Los inversores han vuelto a centrarse en los efectos de la pandemia"},"content":{"rendered":"<p>Hoy comienza la primera reuni\u00f3n de este 2021 de la Reserva Federal estadounidense, de la que, si bien no se esperan grandes novedades en t\u00e9rminos de pol\u00edticas monetarias, lo que no quieren los mercados bajo ning\u00fan concepto es que se mencione un posible inicio de retirada de est\u00edmulos (<i>tapering<\/i>), aunque se emplace a 2022 o 2023.<!--more--><\/p>\n<p>Entendemos que la Fed, en su an\u00e1lisis, tendr\u00e1 en cuenta el plan de est\u00edmulos que los dem\u00f3cratas, y en particular el presidente Biden, llevan d\u00edas prometiendo y sobre el que ya se est\u00e1 trabajando en el Senado. No obstante y dado que necesitan el apoyo republicano, no parece que vaya a alcanzar los casi dos billones de d\u00f3lares que se pretend\u00eda y que la cuant\u00eda ser\u00e1 algo menor. Probablemente todo sea bienvenido para Jerome Powell despu\u00e9s de tanto predicar en un desierto acerca de la necesidad de que la pol\u00edtica fiscal ayudase a la monetaria, pero ahora tiene una aliada confirmada en la nueva administraci\u00f3n, pues Janet Yellen ya ha sido confirmada como secretaria del Tesoro.<\/p>\n<p>Da la sensaci\u00f3n de que ahora que la inestabilidad pol\u00edtica va cediendo (Italia aparte), los inversores han vuelto a centrarse en los efectos de la pandemia. Ayer vivimos una sesi\u00f3n con \u00e1nimo pesimista, donde tanto acciones como bonos perd\u00edan terreno. De hecho, en Europa son varias las bolsas que ya se han dejado todo lo ganado en el inicio del a\u00f1o. Pero esto no parece ser as\u00ed en Estados Unidos, donde el Nasdaq se relejaba hasta los 13.500 puntos, nivel en el que los participantes del mercado parecen dar por buenas las valoraciones, reactivando las compras y arrastrando tras de s\u00ed a otros \u00edndices como el S&#038;P 500. Nuevos m\u00e1ximos hist\u00f3ricos, como casi siempre \u00faltimamente.<\/p>\n<p>Para finalizar un poco de salseo, porque si nos lo tomamos en serio ser\u00eda perjudicial para nuestra salud: parece que hay l\u00edo entre Bruselas y AstraZeneca. Una cosa es que puedan surgir problemas de producci\u00f3n en las vacunas, cosa que sucedi\u00f3 con Pfizer y no hubo tanto drama, pero es que en este caso la Uni\u00f3n Europea sospecha que la brit\u00e1nica ha vendido a otros pa\u00edses las dosis prometidas a los socios comunitarios. Tanto es as\u00ed, que se ha activado el procedimiento por el cual la Comisi\u00f3n Europea puede revisar todas las exportaciones hechas desde su jurisdicci\u00f3n, lo que incluye las plantas de producci\u00f3n de AstraZeneca. Veremos en qu\u00e9 acaba, pero la situaci\u00f3n es, cuando menos, dantesca. Digna de este 2021.<\/p>\n<p>Buen martes.<\/p>\n<p><center><strong>M\u00aa Salom\u00e9 Bouzas Romero<\/strong><br \/>\nAnalista <\/center><\/p>\n","protected":false},"excerpt":{"rendered":"<p>Hoy comienza la primera reuni\u00f3n de este 2021 de la Reserva Federal estadounidense, de la que, si bien no se esperan grandes novedades en t\u00e9rminos de pol\u00edticas monetarias, lo que no quieren los mercados bajo ning\u00fan concepto es que se mencione un posible inicio de retirada de est\u00edmulos (tapering), aunque se emplace a 2022 o [&hellip;]<\/p>\n","protected":false},"author":4,"featured_media":35568,"comment_status":"open","ping_status":"closed","sticky":false,"template":"","format":"standard","meta":{"_acf_changed":false,"footnotes":""},"categories":[9721],"tags":[],"class_list":["post-35567","post","type-post","status-publish","format-standard","has-post-thumbnail","hentry","category-morning-meeting"],"acf":[],"yoast_head":"<!-- This site is optimized with the Yoast SEO plugin v27.5 - https:\/\/yoast.com\/product\/yoast-seo-wordpress\/ -->\n<title>Los inversores han vuelto a centrarse en los efectos de la pandemia<\/title>\n<meta name=\"description\" content=\"Ayer vivimos una sesi\u00f3n con \u00e1nimo pesimista, donde tanto acciones como bonos perd\u00edan terreno. De hecho, en Europa son varias las bolsas que ya se han dejado todo lo ganado en el inicio del a\u00f1o.\" \/>\n<meta name=\"robots\" content=\"index, follow, max-snippet:-1, max-image-preview:large, max-video-preview:-1\" \/>\n<link rel=\"canonical\" href=\"https:\/\/www.tressis.com\/ca\/blog\/inversores-centrarse-efectos-pandemia\/\" \/>\n<meta property=\"og:locale\" content=\"ca_ES\" \/>\n<meta property=\"og:type\" content=\"article\" \/>\n<meta property=\"og:title\" content=\"Los inversores han vuelto a centrarse en los efectos de la pandemia\" \/>\n<meta property=\"og:description\" content=\"Ayer vivimos una sesi\u00f3n con \u00e1nimo pesimista, donde tanto acciones como bonos perd\u00edan terreno. De hecho, en Europa son varias las bolsas que ya se han dejado todo lo ganado en el inicio del a\u00f1o.\" \/>\n<meta property=\"og:url\" content=\"https:\/\/www.tressis.com\/ca\/blog\/inversores-centrarse-efectos-pandemia\/\" \/>\n<meta property=\"og:site_name\" content=\"Tressis\" \/>\n<meta property=\"article:publisher\" content=\"https:\/\/www.facebook.com\/Tressis\/\" \/>\n<meta property=\"article:published_time\" content=\"2021-01-26T10:13:57+00:00\" \/>\n<meta property=\"og:image\" content=\"https:\/\/www.tressis.com\/wp-content\/uploads\/2021\/01\/pandemia-inversores.jpg\" \/>\n\t<meta property=\"og:image:width\" content=\"1100\" \/>\n\t<meta property=\"og:image:height\" content=\"487\" \/>\n\t<meta property=\"og:image:type\" content=\"image\/jpeg\" \/>\n<meta name=\"author\" content=\"Lola\" \/>\n<meta name=\"twitter:card\" content=\"summary_large_image\" \/>\n<meta name=\"twitter:creator\" content=\"@TressisSV\" \/>\n<meta name=\"twitter:site\" content=\"@TressisSV\" \/>\n<meta name=\"twitter:label1\" content=\"Escrit per\" \/>\n\t<meta name=\"twitter:data1\" content=\"Lola\" \/>\n\t<meta name=\"twitter:label2\" content=\"Temps estimat de lectura\" \/>\n\t<meta name=\"twitter:data2\" content=\"2 minuts\" \/>\n<script type=\"application\/ld+json\" class=\"yoast-schema-graph\">{\"@context\":\"https:\\\/\\\/schema.org\",\"@graph\":[{\"@type\":\"Article\",\"@id\":\"https:\\\/\\\/www.tressis.com\\\/ca\\\/blog\\\/inversores-centrarse-efectos-pandemia\\\/#article\",\"isPartOf\":{\"@id\":\"https:\\\/\\\/www.tressis.com\\\/ca\\\/blog\\\/inversores-centrarse-efectos-pandemia\\\/\"},\"author\":{\"name\":\"Lola\",\"@id\":\"https:\\\/\\\/www.tressis.com\\\/ca\\\/#\\\/schema\\\/person\\\/b833c1d724d8764920b6d6852c70584e\"},\"headline\":\"Los inversores han vuelto a centrarse en los efectos de la pandemia\",\"datePublished\":\"2021-01-26T10:13:57+00:00\",\"mainEntityOfPage\":{\"@id\":\"https:\\\/\\\/www.tressis.com\\\/ca\\\/blog\\\/inversores-centrarse-efectos-pandemia\\\/\"},\"wordCount\":454,\"commentCount\":0,\"publisher\":{\"@id\":\"https:\\\/\\\/www.tressis.com\\\/ca\\\/#organization\"},\"image\":{\"@id\":\"https:\\\/\\\/www.tressis.com\\\/ca\\\/blog\\\/inversores-centrarse-efectos-pandemia\\\/#primaryimage\"},\"thumbnailUrl\":\"https:\\\/\\\/www.tressis.com\\\/wp-content\\\/uploads\\\/2021\\\/01\\\/pandemia-inversores.jpg\",\"articleSection\":[\"Morning meeting\"],\"inLanguage\":\"ca\",\"potentialAction\":[{\"@type\":\"CommentAction\",\"name\":\"Comment\",\"target\":[\"https:\\\/\\\/www.tressis.com\\\/ca\\\/blog\\\/inversores-centrarse-efectos-pandemia\\\/#respond\"]}]},{\"@type\":\"WebPage\",\"@id\":\"https:\\\/\\\/www.tressis.com\\\/ca\\\/blog\\\/inversores-centrarse-efectos-pandemia\\\/\",\"url\":\"https:\\\/\\\/www.tressis.com\\\/ca\\\/blog\\\/inversores-centrarse-efectos-pandemia\\\/\",\"name\":\"Los inversores han vuelto a centrarse en los efectos de la pandemia\",\"isPartOf\":{\"@id\":\"https:\\\/\\\/www.tressis.com\\\/ca\\\/#website\"},\"primaryImageOfPage\":{\"@id\":\"https:\\\/\\\/www.tressis.com\\\/ca\\\/blog\\\/inversores-centrarse-efectos-pandemia\\\/#primaryimage\"},\"image\":{\"@id\":\"https:\\\/\\\/www.tressis.com\\\/ca\\\/blog\\\/inversores-centrarse-efectos-pandemia\\\/#primaryimage\"},\"thumbnailUrl\":\"https:\\\/\\\/www.tressis.com\\\/wp-content\\\/uploads\\\/2021\\\/01\\\/pandemia-inversores.jpg\",\"datePublished\":\"2021-01-26T10:13:57+00:00\",\"description\":\"Ayer vivimos una sesi\u00f3n con \u00e1nimo pesimista, donde tanto acciones como bonos perd\u00edan terreno. De hecho, en Europa son varias las bolsas que ya se han dejado todo lo ganado en el inicio del a\u00f1o.\",\"breadcrumb\":{\"@id\":\"https:\\\/\\\/www.tressis.com\\\/ca\\\/blog\\\/inversores-centrarse-efectos-pandemia\\\/#breadcrumb\"},\"inLanguage\":\"ca\",\"potentialAction\":[{\"@type\":\"ReadAction\",\"target\":[\"https:\\\/\\\/www.tressis.com\\\/ca\\\/blog\\\/inversores-centrarse-efectos-pandemia\\\/\"]}]},{\"@type\":\"ImageObject\",\"inLanguage\":\"ca\",\"@id\":\"https:\\\/\\\/www.tressis.com\\\/ca\\\/blog\\\/inversores-centrarse-efectos-pandemia\\\/#primaryimage\",\"url\":\"https:\\\/\\\/www.tressis.com\\\/wp-content\\\/uploads\\\/2021\\\/01\\\/pandemia-inversores.jpg\",\"contentUrl\":\"https:\\\/\\\/www.tressis.com\\\/wp-content\\\/uploads\\\/2021\\\/01\\\/pandemia-inversores.jpg\",\"width\":1100,\"height\":487},{\"@type\":\"BreadcrumbList\",\"@id\":\"https:\\\/\\\/www.tressis.com\\\/ca\\\/blog\\\/inversores-centrarse-efectos-pandemia\\\/#breadcrumb\",\"itemListElement\":[{\"@type\":\"ListItem\",\"position\":1,\"name\":\"Inicio\",\"item\":\"https:\\\/\\\/www.tressis.com\\\/ca\\\/\"},{\"@type\":\"ListItem\",\"position\":2,\"name\":\"Los inversores han vuelto a centrarse en los efectos de la pandemia\"}]},{\"@type\":\"WebSite\",\"@id\":\"https:\\\/\\\/www.tressis.com\\\/ca\\\/#website\",\"url\":\"https:\\\/\\\/www.tressis.com\\\/ca\\\/\",\"name\":\"Tressis banca privada\",\"description\":\"Tressis | Planificaci\u00f3n financiera y gesti\u00f3n de patrimonios\",\"publisher\":{\"@id\":\"https:\\\/\\\/www.tressis.com\\\/ca\\\/#organization\"},\"potentialAction\":[{\"@type\":\"SearchAction\",\"target\":{\"@type\":\"EntryPoint\",\"urlTemplate\":\"https:\\\/\\\/www.tressis.com\\\/ca\\\/?s={search_term_string}\"},\"query-input\":{\"@type\":\"PropertyValueSpecification\",\"valueRequired\":true,\"valueName\":\"search_term_string\"}}],\"inLanguage\":\"ca\"},{\"@type\":\"Organization\",\"@id\":\"https:\\\/\\\/www.tressis.com\\\/ca\\\/#organization\",\"name\":\"Tressis\",\"url\":\"https:\\\/\\\/www.tressis.com\\\/ca\\\/\",\"logo\":{\"@type\":\"ImageObject\",\"inLanguage\":\"ca\",\"@id\":\"https:\\\/\\\/www.tressis.com\\\/ca\\\/#\\\/schema\\\/logo\\\/image\\\/\",\"url\":\"https:\\\/\\\/www.tressis.com\\\/wp-content\\\/uploads\\\/2025\\\/06\\\/logo-tressis-112.png\",\"contentUrl\":\"https:\\\/\\\/www.tressis.com\\\/wp-content\\\/uploads\\\/2025\\\/06\\\/logo-tressis-112.png\",\"width\":112,\"height\":112,\"caption\":\"Tressis\"},\"image\":{\"@id\":\"https:\\\/\\\/www.tressis.com\\\/ca\\\/#\\\/schema\\\/logo\\\/image\\\/\"},\"sameAs\":[\"https:\\\/\\\/www.facebook.com\\\/Tressis\\\/\",\"https:\\\/\\\/x.com\\\/TressisSV\",\"https:\\\/\\\/www.instagram.com\\\/tressissv\\\/?hl=es\",\"https:\\\/\\\/linkedin.com\\\/company\\\/tressis\\\/\",\"https:\\\/\\\/www.youtube.com\\\/user\\\/tressissv\",\"https:\\\/\\\/open.spotify.com\\\/show\\\/3jmTe1Nf0wqMILl7diWV6h?si=d7112519f13c4593&nd=1\"]},{\"@type\":\"Person\",\"@id\":\"https:\\\/\\\/www.tressis.com\\\/ca\\\/#\\\/schema\\\/person\\\/b833c1d724d8764920b6d6852c70584e\",\"name\":\"Lola\",\"image\":{\"@type\":\"ImageObject\",\"inLanguage\":\"ca\",\"@id\":\"https:\\\/\\\/secure.gravatar.com\\\/avatar\\\/05e646486b23ff45df9649110609c7e31b8c4a3e2821caa23d6317f405e0c51d?s=96&d=mm&r=g\",\"url\":\"https:\\\/\\\/secure.gravatar.com\\\/avatar\\\/05e646486b23ff45df9649110609c7e31b8c4a3e2821caa23d6317f405e0c51d?s=96&d=mm&r=g\",\"contentUrl\":\"https:\\\/\\\/secure.gravatar.com\\\/avatar\\\/05e646486b23ff45df9649110609c7e31b8c4a3e2821caa23d6317f405e0c51d?s=96&d=mm&r=g\",\"caption\":\"Lola\"}}]}<\/script>\n<!-- \/ Yoast SEO plugin. -->","yoast_head_json":{"title":"Los inversores han vuelto a centrarse en los efectos de la pandemia","description":"Ayer vivimos una sesi\u00f3n con \u00e1nimo pesimista, donde tanto acciones como bonos perd\u00edan terreno. De hecho, en Europa son varias las bolsas que ya se han dejado todo lo ganado en el inicio del a\u00f1o.","robots":{"index":"index","follow":"follow","max-snippet":"max-snippet:-1","max-image-preview":"max-image-preview:large","max-video-preview":"max-video-preview:-1"},"canonical":"https:\/\/www.tressis.com\/ca\/blog\/inversores-centrarse-efectos-pandemia\/","og_locale":"ca_ES","og_type":"article","og_title":"Los inversores han vuelto a centrarse en los efectos de la pandemia","og_description":"Ayer vivimos una sesi\u00f3n con \u00e1nimo pesimista, donde tanto acciones como bonos perd\u00edan terreno. De hecho, en Europa son varias las bolsas que ya se han dejado todo lo ganado en el inicio del a\u00f1o.","og_url":"https:\/\/www.tressis.com\/ca\/blog\/inversores-centrarse-efectos-pandemia\/","og_site_name":"Tressis","article_publisher":"https:\/\/www.facebook.com\/Tressis\/","article_published_time":"2021-01-26T10:13:57+00:00","og_image":[{"width":1100,"height":487,"url":"https:\/\/www.tressis.com\/wp-content\/uploads\/2021\/01\/pandemia-inversores.jpg","type":"image\/jpeg"}],"author":"Lola","twitter_card":"summary_large_image","twitter_creator":"@TressisSV","twitter_site":"@TressisSV","twitter_misc":{"Escrit per":"Lola","Temps estimat de lectura":"2 minuts"},"schema":{"@context":"https:\/\/schema.org","@graph":[{"@type":"Article","@id":"https:\/\/www.tressis.com\/ca\/blog\/inversores-centrarse-efectos-pandemia\/#article","isPartOf":{"@id":"https:\/\/www.tressis.com\/ca\/blog\/inversores-centrarse-efectos-pandemia\/"},"author":{"name":"Lola","@id":"https:\/\/www.tressis.com\/ca\/#\/schema\/person\/b833c1d724d8764920b6d6852c70584e"},"headline":"Los inversores han vuelto a centrarse en los efectos de la pandemia","datePublished":"2021-01-26T10:13:57+00:00","mainEntityOfPage":{"@id":"https:\/\/www.tressis.com\/ca\/blog\/inversores-centrarse-efectos-pandemia\/"},"wordCount":454,"commentCount":0,"publisher":{"@id":"https:\/\/www.tressis.com\/ca\/#organization"},"image":{"@id":"https:\/\/www.tressis.com\/ca\/blog\/inversores-centrarse-efectos-pandemia\/#primaryimage"},"thumbnailUrl":"https:\/\/www.tressis.com\/wp-content\/uploads\/2021\/01\/pandemia-inversores.jpg","articleSection":["Morning meeting"],"inLanguage":"ca","potentialAction":[{"@type":"CommentAction","name":"Comment","target":["https:\/\/www.tressis.com\/ca\/blog\/inversores-centrarse-efectos-pandemia\/#respond"]}]},{"@type":"WebPage","@id":"https:\/\/www.tressis.com\/ca\/blog\/inversores-centrarse-efectos-pandemia\/","url":"https:\/\/www.tressis.com\/ca\/blog\/inversores-centrarse-efectos-pandemia\/","name":"Los inversores han vuelto a centrarse en los efectos de la pandemia","isPartOf":{"@id":"https:\/\/www.tressis.com\/ca\/#website"},"primaryImageOfPage":{"@id":"https:\/\/www.tressis.com\/ca\/blog\/inversores-centrarse-efectos-pandemia\/#primaryimage"},"image":{"@id":"https:\/\/www.tressis.com\/ca\/blog\/inversores-centrarse-efectos-pandemia\/#primaryimage"},"thumbnailUrl":"https:\/\/www.tressis.com\/wp-content\/uploads\/2021\/01\/pandemia-inversores.jpg","datePublished":"2021-01-26T10:13:57+00:00","description":"Ayer vivimos una sesi\u00f3n con \u00e1nimo pesimista, donde tanto acciones como bonos perd\u00edan terreno. De hecho, en Europa son varias las bolsas que ya se han dejado todo lo ganado en el inicio del a\u00f1o.","breadcrumb":{"@id":"https:\/\/www.tressis.com\/ca\/blog\/inversores-centrarse-efectos-pandemia\/#breadcrumb"},"inLanguage":"ca","potentialAction":[{"@type":"ReadAction","target":["https:\/\/www.tressis.com\/ca\/blog\/inversores-centrarse-efectos-pandemia\/"]}]},{"@type":"ImageObject","inLanguage":"ca","@id":"https:\/\/www.tressis.com\/ca\/blog\/inversores-centrarse-efectos-pandemia\/#primaryimage","url":"https:\/\/www.tressis.com\/wp-content\/uploads\/2021\/01\/pandemia-inversores.jpg","contentUrl":"https:\/\/www.tressis.com\/wp-content\/uploads\/2021\/01\/pandemia-inversores.jpg","width":1100,"height":487},{"@type":"BreadcrumbList","@id":"https:\/\/www.tressis.com\/ca\/blog\/inversores-centrarse-efectos-pandemia\/#breadcrumb","itemListElement":[{"@type":"ListItem","position":1,"name":"Inicio","item":"https:\/\/www.tressis.com\/ca\/"},{"@type":"ListItem","position":2,"name":"Los inversores han vuelto a centrarse en los efectos de la pandemia"}]},{"@type":"WebSite","@id":"https:\/\/www.tressis.com\/ca\/#website","url":"https:\/\/www.tressis.com\/ca\/","name":"Tressis banca privada","description":"Tressis | Planificaci\u00f3n financiera y gesti\u00f3n de patrimonios","publisher":{"@id":"https:\/\/www.tressis.com\/ca\/#organization"},"potentialAction":[{"@type":"SearchAction","target":{"@type":"EntryPoint","urlTemplate":"https:\/\/www.tressis.com\/ca\/?s={search_term_string}"},"query-input":{"@type":"PropertyValueSpecification","valueRequired":true,"valueName":"search_term_string"}}],"inLanguage":"ca"},{"@type":"Organization","@id":"https:\/\/www.tressis.com\/ca\/#organization","name":"Tressis","url":"https:\/\/www.tressis.com\/ca\/","logo":{"@type":"ImageObject","inLanguage":"ca","@id":"https:\/\/www.tressis.com\/ca\/#\/schema\/logo\/image\/","url":"https:\/\/www.tressis.com\/wp-content\/uploads\/2025\/06\/logo-tressis-112.png","contentUrl":"https:\/\/www.tressis.com\/wp-content\/uploads\/2025\/06\/logo-tressis-112.png","width":112,"height":112,"caption":"Tressis"},"image":{"@id":"https:\/\/www.tressis.com\/ca\/#\/schema\/logo\/image\/"},"sameAs":["https:\/\/www.facebook.com\/Tressis\/","https:\/\/x.com\/TressisSV","https:\/\/www.instagram.com\/tressissv\/?hl=es","https:\/\/linkedin.com\/company\/tressis\/","https:\/\/www.youtube.com\/user\/tressissv","https:\/\/open.spotify.com\/show\/3jmTe1Nf0wqMILl7diWV6h?si=d7112519f13c4593&nd=1"]},{"@type":"Person","@id":"https:\/\/www.tressis.com\/ca\/#\/schema\/person\/b833c1d724d8764920b6d6852c70584e","name":"Lola","image":{"@type":"ImageObject","inLanguage":"ca","@id":"https:\/\/secure.gravatar.com\/avatar\/05e646486b23ff45df9649110609c7e31b8c4a3e2821caa23d6317f405e0c51d?s=96&d=mm&r=g","url":"https:\/\/secure.gravatar.com\/avatar\/05e646486b23ff45df9649110609c7e31b8c4a3e2821caa23d6317f405e0c51d?s=96&d=mm&r=g","contentUrl":"https:\/\/secure.gravatar.com\/avatar\/05e646486b23ff45df9649110609c7e31b8c4a3e2821caa23d6317f405e0c51d?s=96&d=mm&r=g","caption":"Lola"}}]}},"_links":{"self":[{"href":"https:\/\/www.tressis.com\/ca\/wp-json\/wp\/v2\/posts\/35567","targetHints":{"allow":["GET"]}}],"collection":[{"href":"https:\/\/www.tressis.com\/ca\/wp-json\/wp\/v2\/posts"}],"about":[{"href":"https:\/\/www.tressis.com\/ca\/wp-json\/wp\/v2\/types\/post"}],"author":[{"embeddable":true,"href":"https:\/\/www.tressis.com\/ca\/wp-json\/wp\/v2\/users\/4"}],"replies":[{"embeddable":true,"href":"https:\/\/www.tressis.com\/ca\/wp-json\/wp\/v2\/comments?post=35567"}],"version-history":[{"count":0,"href":"https:\/\/www.tressis.com\/ca\/wp-json\/wp\/v2\/posts\/35567\/revisions"}],"wp:featuredmedia":[{"embeddable":true,"href":"https:\/\/www.tressis.com\/ca\/wp-json\/wp\/v2\/media\/35568"}],"wp:attachment":[{"href":"https:\/\/www.tressis.com\/ca\/wp-json\/wp\/v2\/media?parent=35567"}],"wp:term":[{"taxonomy":"category","embeddable":true,"href":"https:\/\/www.tressis.com\/ca\/wp-json\/wp\/v2\/categories?post=35567"},{"taxonomy":"post_tag","embeddable":true,"href":"https:\/\/www.tressis.com\/ca\/wp-json\/wp\/v2\/tags?post=35567"}],"curies":[{"name":"wp","href":"https:\/\/api.w.org\/{rel}","templated":true}]}}