{"id":35517,"date":"2021-01-20T10:51:46","date_gmt":"2021-01-20T09:51:46","guid":{"rendered":"http:\/\/www.tressis.com\/blog\/?p=35517"},"modified":"2021-01-20T10:51:46","modified_gmt":"2021-01-20T09:51:46","slug":"nasdaq-subia","status":"publish","type":"post","link":"https:\/\/www.tressis.com\/ca\/blog\/nasdaq-subia\/","title":{"rendered":"El Nasdaq sub\u00eda m\u00e1s de un 1,5%"},"content":{"rendered":"<p>Los inversores norteamericanos volvieron ayer con un sentimiento positivo tras un fin de semana m\u00e1s largo de lo normal por la festividad de Martin Luther King.<!--more--><\/p>\n<p>Sus principales referencias terminaron al alza, en especial el Nasdaq Composite que sub\u00eda m\u00e1s de un 1,5%, destacando el buen comportamiento de sectores como la energ\u00eda, las telecomunicaciones o las tecnol\u00f3gicas.<\/p>\n<p>Las palabras de Janet Yellen, que ayer comparec\u00eda ante el Comit\u00e9 de Finanzas del Senado para ratificar su nombramiento como secretaria del Tesoro, sobre la necesidad de pol\u00edticas fiscales \u201ca lo grande\u201d para favorecer el crecimiento, eran bien acogidas por la comunidad inversora. Pero en materia pol\u00edtica, el foco est\u00e1 puesto en el d\u00eda de hoy en la toma de posesi\u00f3n del nuevo presidente electo, Joe Biden. El evento tendr\u00e1 lugar en Washington entre fuertes medidas de seguridad, con m\u00e1s de 25.000 miembros de la Guardia Nacional movilizados, y se realizar\u00e1 con grandes restricciones de asistencia de p\u00fablico. El contraste es obvio con respecto a a\u00f1os anteriores, donde llegaban a asistir m\u00e1s de un mill\u00f3n de espectadores. Aunque este a\u00f1o por no ir, ni ir\u00e1 Donald Trump, rompiendo una tradici\u00f3n de m\u00e1s de un siglo.<\/p>\n<p>En lo que respecta a Europa, la sesi\u00f3n tuvo un peor comportamiento y los \u00edndices fueron a menos, cerrando la mayor\u00eda con ca\u00eddas. Si bien no hubo causas concretas, parece que todav\u00eda pesa la incertidumbre sobre la recuperaci\u00f3n de la econom\u00eda dadas las restricciones a la movilidad que todav\u00eda hay en marcha y el lento proceso de vacunaci\u00f3n de la poblaci\u00f3n. En el lado pol\u00edtico, ayer el primer ministro italiano, Giuseppe Conte, consegu\u00eda la confianza del Senado por mayor\u00eda simple. Aunque esto por ahora dar\u00eda continuidad al gobierno, faltar\u00eda conocer las decisiones tras la consulta con el presidente de la Rep\u00fablica, Sergio Mattarella.<\/p>\n<p>En el plano macroecon\u00f3mico, ayer hubo escasas referencias. Poca cosa m\u00e1s all\u00e1 de una ligera mejora en la confianza inversora alemana del \u00edndice ZEW, y las bajas cifras de matriculaciones en la Uni\u00f3n Europea, con el peor dato anual desde que hay registros. Sin embargo, hoy ser\u00e1 interesante conocer los niveles del IPC para la regi\u00f3n, as\u00ed como los precios de producci\u00f3n en Alemania.<\/p>\n<p>Buen d\u00eda.<\/p>\n<p><center><strong>Fernando Sanz Rubio<\/strong><br \/>\nAnalista <\/center><\/p>\n","protected":false},"excerpt":{"rendered":"<p>Los inversores norteamericanos volvieron ayer con un sentimiento positivo tras un fin de semana m\u00e1s largo de lo normal por la festividad de Martin Luther King.<\/p>\n","protected":false},"author":4,"featured_media":35518,"comment_status":"open","ping_status":"closed","sticky":false,"template":"","format":"standard","meta":{"_acf_changed":false,"footnotes":""},"categories":[9721],"tags":[],"class_list":["post-35517","post","type-post","status-publish","format-standard","has-post-thumbnail","hentry","category-morning-meeting"],"acf":[],"yoast_head":"<!-- This site is optimized with the Yoast SEO plugin v27.5 - https:\/\/yoast.com\/product\/yoast-seo-wordpress\/ -->\n<title>El Nasdaq sub\u00eda m\u00e1s de un 1,5%<\/title>\n<meta name=\"description\" content=\"En Europa parece que todav\u00eda pesa la incertidumbre sobre la recuperaci\u00f3n de la econom\u00eda dadas las restricciones a la movilidad que todav\u00eda hay en marcha y el lento proceso de vacunaci\u00f3n de la poblaci\u00f3n\" \/>\n<meta name=\"robots\" content=\"index, follow, max-snippet:-1, max-image-preview:large, max-video-preview:-1\" \/>\n<link rel=\"canonical\" href=\"https:\/\/www.tressis.com\/ca\/blog\/nasdaq-subia\/\" \/>\n<meta property=\"og:locale\" content=\"ca_ES\" \/>\n<meta property=\"og:type\" content=\"article\" \/>\n<meta property=\"og:title\" content=\"El Nasdaq sub\u00eda m\u00e1s de un 1,5%\" \/>\n<meta property=\"og:description\" content=\"En Europa parece que todav\u00eda pesa la incertidumbre sobre la recuperaci\u00f3n de la econom\u00eda dadas las restricciones a la movilidad que todav\u00eda hay en marcha y el lento proceso de vacunaci\u00f3n de la poblaci\u00f3n\" \/>\n<meta property=\"og:url\" content=\"https:\/\/www.tressis.com\/ca\/blog\/nasdaq-subia\/\" \/>\n<meta property=\"og:site_name\" content=\"Tressis\" \/>\n<meta property=\"article:publisher\" content=\"https:\/\/www.facebook.com\/Tressis\/\" \/>\n<meta property=\"article:published_time\" content=\"2021-01-20T09:51:46+00:00\" \/>\n<meta property=\"og:image\" content=\"https:\/\/www.tressis.com\/wp-content\/uploads\/2021\/01\/indices-caidas.jpg\" \/>\n\t<meta property=\"og:image:width\" content=\"1100\" \/>\n\t<meta property=\"og:image:height\" content=\"487\" \/>\n\t<meta property=\"og:image:type\" content=\"image\/jpeg\" \/>\n<meta name=\"author\" content=\"Lola\" \/>\n<meta name=\"twitter:card\" content=\"summary_large_image\" \/>\n<meta name=\"twitter:creator\" content=\"@TressisSV\" \/>\n<meta name=\"twitter:site\" content=\"@TressisSV\" \/>\n<meta name=\"twitter:label1\" content=\"Escrit per\" \/>\n\t<meta name=\"twitter:data1\" content=\"Lola\" \/>\n\t<meta name=\"twitter:label2\" content=\"Temps estimat de lectura\" \/>\n\t<meta name=\"twitter:data2\" content=\"2 minuts\" \/>\n<script type=\"application\/ld+json\" class=\"yoast-schema-graph\">{\"@context\":\"https:\\\/\\\/schema.org\",\"@graph\":[{\"@type\":\"Article\",\"@id\":\"https:\\\/\\\/www.tressis.com\\\/ca\\\/blog\\\/nasdaq-subia\\\/#article\",\"isPartOf\":{\"@id\":\"https:\\\/\\\/www.tressis.com\\\/ca\\\/blog\\\/nasdaq-subia\\\/\"},\"author\":{\"name\":\"Lola\",\"@id\":\"https:\\\/\\\/www.tressis.com\\\/ca\\\/#\\\/schema\\\/person\\\/b833c1d724d8764920b6d6852c70584e\"},\"headline\":\"El Nasdaq sub\u00eda m\u00e1s de un 1,5%\",\"datePublished\":\"2021-01-20T09:51:46+00:00\",\"mainEntityOfPage\":{\"@id\":\"https:\\\/\\\/www.tressis.com\\\/ca\\\/blog\\\/nasdaq-subia\\\/\"},\"wordCount\":410,\"commentCount\":0,\"publisher\":{\"@id\":\"https:\\\/\\\/www.tressis.com\\\/ca\\\/#organization\"},\"image\":{\"@id\":\"https:\\\/\\\/www.tressis.com\\\/ca\\\/blog\\\/nasdaq-subia\\\/#primaryimage\"},\"thumbnailUrl\":\"https:\\\/\\\/www.tressis.com\\\/wp-content\\\/uploads\\\/2021\\\/01\\\/indices-caidas.jpg\",\"articleSection\":[\"Morning meeting\"],\"inLanguage\":\"ca\",\"potentialAction\":[{\"@type\":\"CommentAction\",\"name\":\"Comment\",\"target\":[\"https:\\\/\\\/www.tressis.com\\\/ca\\\/blog\\\/nasdaq-subia\\\/#respond\"]}]},{\"@type\":\"WebPage\",\"@id\":\"https:\\\/\\\/www.tressis.com\\\/ca\\\/blog\\\/nasdaq-subia\\\/\",\"url\":\"https:\\\/\\\/www.tressis.com\\\/ca\\\/blog\\\/nasdaq-subia\\\/\",\"name\":\"El Nasdaq sub\u00eda m\u00e1s de un 1,5%\",\"isPartOf\":{\"@id\":\"https:\\\/\\\/www.tressis.com\\\/ca\\\/#website\"},\"primaryImageOfPage\":{\"@id\":\"https:\\\/\\\/www.tressis.com\\\/ca\\\/blog\\\/nasdaq-subia\\\/#primaryimage\"},\"image\":{\"@id\":\"https:\\\/\\\/www.tressis.com\\\/ca\\\/blog\\\/nasdaq-subia\\\/#primaryimage\"},\"thumbnailUrl\":\"https:\\\/\\\/www.tressis.com\\\/wp-content\\\/uploads\\\/2021\\\/01\\\/indices-caidas.jpg\",\"datePublished\":\"2021-01-20T09:51:46+00:00\",\"description\":\"En Europa parece que todav\u00eda pesa la incertidumbre sobre la recuperaci\u00f3n de la econom\u00eda dadas las restricciones a la movilidad que todav\u00eda hay en marcha y el lento proceso de vacunaci\u00f3n de la poblaci\u00f3n\",\"breadcrumb\":{\"@id\":\"https:\\\/\\\/www.tressis.com\\\/ca\\\/blog\\\/nasdaq-subia\\\/#breadcrumb\"},\"inLanguage\":\"ca\",\"potentialAction\":[{\"@type\":\"ReadAction\",\"target\":[\"https:\\\/\\\/www.tressis.com\\\/ca\\\/blog\\\/nasdaq-subia\\\/\"]}]},{\"@type\":\"ImageObject\",\"inLanguage\":\"ca\",\"@id\":\"https:\\\/\\\/www.tressis.com\\\/ca\\\/blog\\\/nasdaq-subia\\\/#primaryimage\",\"url\":\"https:\\\/\\\/www.tressis.com\\\/wp-content\\\/uploads\\\/2021\\\/01\\\/indices-caidas.jpg\",\"contentUrl\":\"https:\\\/\\\/www.tressis.com\\\/wp-content\\\/uploads\\\/2021\\\/01\\\/indices-caidas.jpg\",\"width\":1100,\"height\":487},{\"@type\":\"BreadcrumbList\",\"@id\":\"https:\\\/\\\/www.tressis.com\\\/ca\\\/blog\\\/nasdaq-subia\\\/#breadcrumb\",\"itemListElement\":[{\"@type\":\"ListItem\",\"position\":1,\"name\":\"Inicio\",\"item\":\"https:\\\/\\\/www.tressis.com\\\/ca\\\/\"},{\"@type\":\"ListItem\",\"position\":2,\"name\":\"El Nasdaq sub\u00eda m\u00e1s de un 1,5%\"}]},{\"@type\":\"WebSite\",\"@id\":\"https:\\\/\\\/www.tressis.com\\\/ca\\\/#website\",\"url\":\"https:\\\/\\\/www.tressis.com\\\/ca\\\/\",\"name\":\"Tressis banca privada\",\"description\":\"Tressis | Planificaci\u00f3n financiera y gesti\u00f3n de patrimonios\",\"publisher\":{\"@id\":\"https:\\\/\\\/www.tressis.com\\\/ca\\\/#organization\"},\"potentialAction\":[{\"@type\":\"SearchAction\",\"target\":{\"@type\":\"EntryPoint\",\"urlTemplate\":\"https:\\\/\\\/www.tressis.com\\\/ca\\\/?s={search_term_string}\"},\"query-input\":{\"@type\":\"PropertyValueSpecification\",\"valueRequired\":true,\"valueName\":\"search_term_string\"}}],\"inLanguage\":\"ca\"},{\"@type\":\"Organization\",\"@id\":\"https:\\\/\\\/www.tressis.com\\\/ca\\\/#organization\",\"name\":\"Tressis\",\"url\":\"https:\\\/\\\/www.tressis.com\\\/ca\\\/\",\"logo\":{\"@type\":\"ImageObject\",\"inLanguage\":\"ca\",\"@id\":\"https:\\\/\\\/www.tressis.com\\\/ca\\\/#\\\/schema\\\/logo\\\/image\\\/\",\"url\":\"https:\\\/\\\/www.tressis.com\\\/wp-content\\\/uploads\\\/2025\\\/06\\\/logo-tressis-112.png\",\"contentUrl\":\"https:\\\/\\\/www.tressis.com\\\/wp-content\\\/uploads\\\/2025\\\/06\\\/logo-tressis-112.png\",\"width\":112,\"height\":112,\"caption\":\"Tressis\"},\"image\":{\"@id\":\"https:\\\/\\\/www.tressis.com\\\/ca\\\/#\\\/schema\\\/logo\\\/image\\\/\"},\"sameAs\":[\"https:\\\/\\\/www.facebook.com\\\/Tressis\\\/\",\"https:\\\/\\\/x.com\\\/TressisSV\",\"https:\\\/\\\/www.instagram.com\\\/tressissv\\\/?hl=es\",\"https:\\\/\\\/linkedin.com\\\/company\\\/tressis\\\/\",\"https:\\\/\\\/www.youtube.com\\\/user\\\/tressissv\",\"https:\\\/\\\/open.spotify.com\\\/show\\\/3jmTe1Nf0wqMILl7diWV6h?si=d7112519f13c4593&nd=1\"]},{\"@type\":\"Person\",\"@id\":\"https:\\\/\\\/www.tressis.com\\\/ca\\\/#\\\/schema\\\/person\\\/b833c1d724d8764920b6d6852c70584e\",\"name\":\"Lola\",\"image\":{\"@type\":\"ImageObject\",\"inLanguage\":\"ca\",\"@id\":\"https:\\\/\\\/secure.gravatar.com\\\/avatar\\\/05e646486b23ff45df9649110609c7e31b8c4a3e2821caa23d6317f405e0c51d?s=96&d=mm&r=g\",\"url\":\"https:\\\/\\\/secure.gravatar.com\\\/avatar\\\/05e646486b23ff45df9649110609c7e31b8c4a3e2821caa23d6317f405e0c51d?s=96&d=mm&r=g\",\"contentUrl\":\"https:\\\/\\\/secure.gravatar.com\\\/avatar\\\/05e646486b23ff45df9649110609c7e31b8c4a3e2821caa23d6317f405e0c51d?s=96&d=mm&r=g\",\"caption\":\"Lola\"}}]}<\/script>\n<!-- \/ Yoast SEO plugin. -->","yoast_head_json":{"title":"El Nasdaq sub\u00eda m\u00e1s de un 1,5%","description":"En Europa parece que todav\u00eda pesa la incertidumbre sobre la recuperaci\u00f3n de la econom\u00eda dadas las restricciones a la movilidad que todav\u00eda hay en marcha y el lento proceso de vacunaci\u00f3n de la poblaci\u00f3n","robots":{"index":"index","follow":"follow","max-snippet":"max-snippet:-1","max-image-preview":"max-image-preview:large","max-video-preview":"max-video-preview:-1"},"canonical":"https:\/\/www.tressis.com\/ca\/blog\/nasdaq-subia\/","og_locale":"ca_ES","og_type":"article","og_title":"El Nasdaq sub\u00eda m\u00e1s de un 1,5%","og_description":"En Europa parece que todav\u00eda pesa la incertidumbre sobre la recuperaci\u00f3n de la econom\u00eda dadas las restricciones a la movilidad que todav\u00eda hay en marcha y el lento proceso de vacunaci\u00f3n de la poblaci\u00f3n","og_url":"https:\/\/www.tressis.com\/ca\/blog\/nasdaq-subia\/","og_site_name":"Tressis","article_publisher":"https:\/\/www.facebook.com\/Tressis\/","article_published_time":"2021-01-20T09:51:46+00:00","og_image":[{"width":1100,"height":487,"url":"https:\/\/www.tressis.com\/wp-content\/uploads\/2021\/01\/indices-caidas.jpg","type":"image\/jpeg"}],"author":"Lola","twitter_card":"summary_large_image","twitter_creator":"@TressisSV","twitter_site":"@TressisSV","twitter_misc":{"Escrit per":"Lola","Temps estimat de lectura":"2 minuts"},"schema":{"@context":"https:\/\/schema.org","@graph":[{"@type":"Article","@id":"https:\/\/www.tressis.com\/ca\/blog\/nasdaq-subia\/#article","isPartOf":{"@id":"https:\/\/www.tressis.com\/ca\/blog\/nasdaq-subia\/"},"author":{"name":"Lola","@id":"https:\/\/www.tressis.com\/ca\/#\/schema\/person\/b833c1d724d8764920b6d6852c70584e"},"headline":"El Nasdaq sub\u00eda m\u00e1s de un 1,5%","datePublished":"2021-01-20T09:51:46+00:00","mainEntityOfPage":{"@id":"https:\/\/www.tressis.com\/ca\/blog\/nasdaq-subia\/"},"wordCount":410,"commentCount":0,"publisher":{"@id":"https:\/\/www.tressis.com\/ca\/#organization"},"image":{"@id":"https:\/\/www.tressis.com\/ca\/blog\/nasdaq-subia\/#primaryimage"},"thumbnailUrl":"https:\/\/www.tressis.com\/wp-content\/uploads\/2021\/01\/indices-caidas.jpg","articleSection":["Morning meeting"],"inLanguage":"ca","potentialAction":[{"@type":"CommentAction","name":"Comment","target":["https:\/\/www.tressis.com\/ca\/blog\/nasdaq-subia\/#respond"]}]},{"@type":"WebPage","@id":"https:\/\/www.tressis.com\/ca\/blog\/nasdaq-subia\/","url":"https:\/\/www.tressis.com\/ca\/blog\/nasdaq-subia\/","name":"El Nasdaq sub\u00eda m\u00e1s de un 1,5%","isPartOf":{"@id":"https:\/\/www.tressis.com\/ca\/#website"},"primaryImageOfPage":{"@id":"https:\/\/www.tressis.com\/ca\/blog\/nasdaq-subia\/#primaryimage"},"image":{"@id":"https:\/\/www.tressis.com\/ca\/blog\/nasdaq-subia\/#primaryimage"},"thumbnailUrl":"https:\/\/www.tressis.com\/wp-content\/uploads\/2021\/01\/indices-caidas.jpg","datePublished":"2021-01-20T09:51:46+00:00","description":"En Europa parece que todav\u00eda pesa la incertidumbre sobre la recuperaci\u00f3n de la econom\u00eda dadas las restricciones a la movilidad que todav\u00eda hay en marcha y el lento proceso de vacunaci\u00f3n de la poblaci\u00f3n","breadcrumb":{"@id":"https:\/\/www.tressis.com\/ca\/blog\/nasdaq-subia\/#breadcrumb"},"inLanguage":"ca","potentialAction":[{"@type":"ReadAction","target":["https:\/\/www.tressis.com\/ca\/blog\/nasdaq-subia\/"]}]},{"@type":"ImageObject","inLanguage":"ca","@id":"https:\/\/www.tressis.com\/ca\/blog\/nasdaq-subia\/#primaryimage","url":"https:\/\/www.tressis.com\/wp-content\/uploads\/2021\/01\/indices-caidas.jpg","contentUrl":"https:\/\/www.tressis.com\/wp-content\/uploads\/2021\/01\/indices-caidas.jpg","width":1100,"height":487},{"@type":"BreadcrumbList","@id":"https:\/\/www.tressis.com\/ca\/blog\/nasdaq-subia\/#breadcrumb","itemListElement":[{"@type":"ListItem","position":1,"name":"Inicio","item":"https:\/\/www.tressis.com\/ca\/"},{"@type":"ListItem","position":2,"name":"El Nasdaq sub\u00eda m\u00e1s de un 1,5%"}]},{"@type":"WebSite","@id":"https:\/\/www.tressis.com\/ca\/#website","url":"https:\/\/www.tressis.com\/ca\/","name":"Tressis banca privada","description":"Tressis | Planificaci\u00f3n financiera y gesti\u00f3n de patrimonios","publisher":{"@id":"https:\/\/www.tressis.com\/ca\/#organization"},"potentialAction":[{"@type":"SearchAction","target":{"@type":"EntryPoint","urlTemplate":"https:\/\/www.tressis.com\/ca\/?s={search_term_string}"},"query-input":{"@type":"PropertyValueSpecification","valueRequired":true,"valueName":"search_term_string"}}],"inLanguage":"ca"},{"@type":"Organization","@id":"https:\/\/www.tressis.com\/ca\/#organization","name":"Tressis","url":"https:\/\/www.tressis.com\/ca\/","logo":{"@type":"ImageObject","inLanguage":"ca","@id":"https:\/\/www.tressis.com\/ca\/#\/schema\/logo\/image\/","url":"https:\/\/www.tressis.com\/wp-content\/uploads\/2025\/06\/logo-tressis-112.png","contentUrl":"https:\/\/www.tressis.com\/wp-content\/uploads\/2025\/06\/logo-tressis-112.png","width":112,"height":112,"caption":"Tressis"},"image":{"@id":"https:\/\/www.tressis.com\/ca\/#\/schema\/logo\/image\/"},"sameAs":["https:\/\/www.facebook.com\/Tressis\/","https:\/\/x.com\/TressisSV","https:\/\/www.instagram.com\/tressissv\/?hl=es","https:\/\/linkedin.com\/company\/tressis\/","https:\/\/www.youtube.com\/user\/tressissv","https:\/\/open.spotify.com\/show\/3jmTe1Nf0wqMILl7diWV6h?si=d7112519f13c4593&nd=1"]},{"@type":"Person","@id":"https:\/\/www.tressis.com\/ca\/#\/schema\/person\/b833c1d724d8764920b6d6852c70584e","name":"Lola","image":{"@type":"ImageObject","inLanguage":"ca","@id":"https:\/\/secure.gravatar.com\/avatar\/05e646486b23ff45df9649110609c7e31b8c4a3e2821caa23d6317f405e0c51d?s=96&d=mm&r=g","url":"https:\/\/secure.gravatar.com\/avatar\/05e646486b23ff45df9649110609c7e31b8c4a3e2821caa23d6317f405e0c51d?s=96&d=mm&r=g","contentUrl":"https:\/\/secure.gravatar.com\/avatar\/05e646486b23ff45df9649110609c7e31b8c4a3e2821caa23d6317f405e0c51d?s=96&d=mm&r=g","caption":"Lola"}}]}},"_links":{"self":[{"href":"https:\/\/www.tressis.com\/ca\/wp-json\/wp\/v2\/posts\/35517","targetHints":{"allow":["GET"]}}],"collection":[{"href":"https:\/\/www.tressis.com\/ca\/wp-json\/wp\/v2\/posts"}],"about":[{"href":"https:\/\/www.tressis.com\/ca\/wp-json\/wp\/v2\/types\/post"}],"author":[{"embeddable":true,"href":"https:\/\/www.tressis.com\/ca\/wp-json\/wp\/v2\/users\/4"}],"replies":[{"embeddable":true,"href":"https:\/\/www.tressis.com\/ca\/wp-json\/wp\/v2\/comments?post=35517"}],"version-history":[{"count":0,"href":"https:\/\/www.tressis.com\/ca\/wp-json\/wp\/v2\/posts\/35517\/revisions"}],"wp:featuredmedia":[{"embeddable":true,"href":"https:\/\/www.tressis.com\/ca\/wp-json\/wp\/v2\/media\/35518"}],"wp:attachment":[{"href":"https:\/\/www.tressis.com\/ca\/wp-json\/wp\/v2\/media?parent=35517"}],"wp:term":[{"taxonomy":"category","embeddable":true,"href":"https:\/\/www.tressis.com\/ca\/wp-json\/wp\/v2\/categories?post=35517"},{"taxonomy":"post_tag","embeddable":true,"href":"https:\/\/www.tressis.com\/ca\/wp-json\/wp\/v2\/tags?post=35517"}],"curies":[{"name":"wp","href":"https:\/\/api.w.org\/{rel}","templated":true}]}}