{"id":35496,"date":"2021-01-15T10:15:04","date_gmt":"2021-01-15T09:15:04","guid":{"rendered":"http:\/\/www.tressis.com\/blog\/?p=35496"},"modified":"2021-01-15T10:15:04","modified_gmt":"2021-01-15T09:15:04","slug":"avalancha-declaraciones-politicas","status":"publish","type":"post","link":"https:\/\/www.tressis.com\/ca\/blog\/avalancha-declaraciones-politicas\/","title":{"rendered":"Avalancha de declaraciones pol\u00edticas"},"content":{"rendered":"<p>Ayer tuvimos un d\u00eda de indefinici\u00f3n en los mercados ante la avalancha de declaraciones pol\u00edticas, de los bancos centrales y la publicaci\u00f3n de alg\u00fan que otro dato macro.<!--more--><\/p>\n<p>Los nuevos casos de COVID, as\u00ed como las hospitalizaciones, est\u00e1n disminuyendo r\u00e1pidamente en Estados Unidos y el Reino Unido, probablemente debido al aumento de las restricciones de movilidad establecidas a finales de diciembre y a pesar de los de A\u00f1o Nuevo. La mala noticia es que las muertes, que a menudo se retrasan un mes, siguen creciendo. <\/p>\n<p>La renta variable estadounidense esperaba con retrocesos el anuncio del paquete de est\u00edmulo de 1,9 billones de d\u00f3lares del presidente electo Joe Biden. Tambi\u00e9n es cierto que los datos semanales de peticiones de empleo vieron un aumento significativo y no esperado. Pero centr\u00e1ndonos en la primera noticia, los detalles del primer plan econ\u00f3mico de Biden se dieron a conocer despu\u00e9s del cierre del mercado e incluyeron pagos directos adicionales, prestaciones de desempleo suplementarias y ayudas para los gobiernos estatales y locales. Anteriormente, los inversores tuvieron que digerir los comentarios del presidente de la Fed, Jerome Powell, quien dijo que el banco central seguir\u00eda con su pol\u00edtica acomodaticia. Con todo, el S&#038;P 500 cerr\u00f3 con una ca\u00edda del 0,4%. Por su parte, la mayor\u00eda de las bolsas europeas avanzaron el jueves en medio de informes de una mayor efectividad de las vacunas. Los datos de importaciones de China han sido mejores de lo esperado y tambi\u00e9n permitieron que mejorara el sentimiento. As\u00ed que el Euro Stoxx 50 subi\u00f3 un 0,7%, liderado por las acciones tecnol\u00f3gicas. Mientras tanto, el FTSE MIB de Italia obtuvo un pobre desempe\u00f1o (-0,5%) por las renovadas preocupaciones sobre la estabilidad del gobierno transalpino.<\/p>\n<p>Los precios del crudo avanzaron el jueves con el optimismo de que las propuestas de est\u00edmulo fiscal de Joe Biden ayudar\u00edan a aumentar el gasto y aumentar\u00edan la demanda de combustible. La mayor\u00eda de las materias primas reaccionaban de igual manera, puesto que al est\u00edmulo norteamericano se uni\u00f3 la ca\u00edda del d\u00f3lar. El gas natural era la principal excepci\u00f3n debido al aumento de las temperaturas.  <\/p>\n<p>En cuanto a la renta fija, la deuda p\u00fablica alemana aumentaba el precio (los rendimientos cayeron) a medida que la preocupaci\u00f3n por la posibilidad de que vivi\u00e9ramos unas nuevas elecciones italianas apoyaba los movimientos hacia los tradicionales activos refugio. En cambio, los bonos del Tesoro de Estados Unidos cayeron (los rendimientos aumentaron) en previsi\u00f3n de las propuestas de Biden sobre el plan de est\u00edmulo, aunque las observaciones de la continuidad en la pol\u00edtica monetaria del presidente de la Fed, Powell, serv\u00edan de apoyo. Los bonos a m\u00e1s largo plazo lideraron las ca\u00eddas con las rentabilidades a 10 y 30 a\u00f1os subiendo 5 puntos b\u00e1sicos a 1,13% y 1,87% respectivamente.  <\/p>\n<p>Adem\u00e1s, durante la jornada de ayer se daban a conocer las notas de la \u00faltima reuni\u00f3n de pol\u00edtica monetaria del BCE. Por lo visto, los miembros del organismo monetario reflexionaron sobre el equilibrio existente entre el impacto de las noticias positivas sobre las vacunas, en el largo plazo, y el impacto del aumento de las tasas de infecci\u00f3n y las medidas de contenci\u00f3n a corto plazo. Sin embargo, sugirieron que la facilidad de dep\u00f3sito podr\u00eda reducirse si las perspectivas econ\u00f3micas empeoran. Si bien hubo un amplio apoyo al impulso de 500.000 millones de euros al programa de compras de emergencia para la pandemia, hubo desacuerdo sobre el tama\u00f1o del aumento.<\/p>\n<p>Hoy tendremos datos macro relevantes en Estados Unidos y, adem\u00e1s, los resultados empresariales ir\u00e1n poco a poco copando los titulares econ\u00f3micos.<\/p>\n<p>Buen fin de semana.<\/p>\n<p><center><strong>Jorge Gonz\u00e1lez G\u00f3mez<\/strong><br \/>\nDirector de An\u00e1lisis <\/center><\/p>\n","protected":false},"excerpt":{"rendered":"<p>Ayer tuvimos un d\u00eda de indefinici\u00f3n en los mercados ante la avalancha de declaraciones pol\u00edticas, de los bancos centrales y la publicaci\u00f3n de alg\u00fan que otro dato macro.<\/p>\n","protected":false},"author":4,"featured_media":35497,"comment_status":"open","ping_status":"closed","sticky":false,"template":"","format":"standard","meta":{"_acf_changed":false,"footnotes":""},"categories":[9721],"tags":[],"class_list":["post-35496","post","type-post","status-publish","format-standard","has-post-thumbnail","hentry","category-morning-meeting"],"acf":[],"yoast_head":"<!-- This site is optimized with the Yoast SEO plugin v27.5 - https:\/\/yoast.com\/product\/yoast-seo-wordpress\/ -->\n<title>Avalancha de declaraciones pol\u00edticas<\/title>\n<meta name=\"description\" content=\"Los inversores tuvieron que digerir los comentarios del presidente de la Fed, Jerome Powell, quien dijo que el banco central seguir\u00eda con su pol\u00edtica acomodaticia\" \/>\n<meta name=\"robots\" content=\"index, follow, max-snippet:-1, max-image-preview:large, max-video-preview:-1\" \/>\n<link rel=\"canonical\" href=\"https:\/\/www.tressis.com\/ca\/blog\/avalancha-declaraciones-politicas\/\" \/>\n<meta property=\"og:locale\" content=\"ca_ES\" \/>\n<meta property=\"og:type\" content=\"article\" \/>\n<meta property=\"og:title\" content=\"Avalancha de declaraciones pol\u00edticas\" \/>\n<meta property=\"og:description\" content=\"Los inversores tuvieron que digerir los comentarios del presidente de la Fed, Jerome Powell, quien dijo que el banco central seguir\u00eda con su pol\u00edtica acomodaticia\" \/>\n<meta property=\"og:url\" content=\"https:\/\/www.tressis.com\/ca\/blog\/avalancha-declaraciones-politicas\/\" \/>\n<meta property=\"og:site_name\" content=\"Tressis\" \/>\n<meta property=\"article:publisher\" content=\"https:\/\/www.facebook.com\/Tressis\/\" \/>\n<meta property=\"article:published_time\" content=\"2021-01-15T09:15:04+00:00\" \/>\n<meta property=\"og:image\" content=\"https:\/\/www.tressis.com\/wp-content\/uploads\/2021\/01\/avalancha-declaraciones-politicas.jpg\" \/>\n\t<meta property=\"og:image:width\" content=\"1100\" \/>\n\t<meta property=\"og:image:height\" content=\"487\" \/>\n\t<meta property=\"og:image:type\" content=\"image\/jpeg\" \/>\n<meta name=\"author\" content=\"Lola\" \/>\n<meta name=\"twitter:card\" content=\"summary_large_image\" \/>\n<meta name=\"twitter:creator\" content=\"@TressisSV\" \/>\n<meta name=\"twitter:site\" content=\"@TressisSV\" \/>\n<meta name=\"twitter:label1\" content=\"Escrit per\" \/>\n\t<meta name=\"twitter:data1\" content=\"Lola\" \/>\n\t<meta name=\"twitter:label2\" content=\"Temps estimat de lectura\" \/>\n\t<meta name=\"twitter:data2\" content=\"3 minuts\" \/>\n<script type=\"application\/ld+json\" class=\"yoast-schema-graph\">{\"@context\":\"https:\\\/\\\/schema.org\",\"@graph\":[{\"@type\":\"Article\",\"@id\":\"https:\\\/\\\/www.tressis.com\\\/ca\\\/blog\\\/avalancha-declaraciones-politicas\\\/#article\",\"isPartOf\":{\"@id\":\"https:\\\/\\\/www.tressis.com\\\/ca\\\/blog\\\/avalancha-declaraciones-politicas\\\/\"},\"author\":{\"name\":\"Lola\",\"@id\":\"https:\\\/\\\/www.tressis.com\\\/ca\\\/#\\\/schema\\\/person\\\/b833c1d724d8764920b6d6852c70584e\"},\"headline\":\"Avalancha de declaraciones pol\u00edticas\",\"datePublished\":\"2021-01-15T09:15:04+00:00\",\"mainEntityOfPage\":{\"@id\":\"https:\\\/\\\/www.tressis.com\\\/ca\\\/blog\\\/avalancha-declaraciones-politicas\\\/\"},\"wordCount\":646,\"commentCount\":0,\"publisher\":{\"@id\":\"https:\\\/\\\/www.tressis.com\\\/ca\\\/#organization\"},\"image\":{\"@id\":\"https:\\\/\\\/www.tressis.com\\\/ca\\\/blog\\\/avalancha-declaraciones-politicas\\\/#primaryimage\"},\"thumbnailUrl\":\"https:\\\/\\\/www.tressis.com\\\/wp-content\\\/uploads\\\/2021\\\/01\\\/avalancha-declaraciones-politicas.jpg\",\"articleSection\":[\"Morning meeting\"],\"inLanguage\":\"ca\",\"potentialAction\":[{\"@type\":\"CommentAction\",\"name\":\"Comment\",\"target\":[\"https:\\\/\\\/www.tressis.com\\\/ca\\\/blog\\\/avalancha-declaraciones-politicas\\\/#respond\"]}]},{\"@type\":\"WebPage\",\"@id\":\"https:\\\/\\\/www.tressis.com\\\/ca\\\/blog\\\/avalancha-declaraciones-politicas\\\/\",\"url\":\"https:\\\/\\\/www.tressis.com\\\/ca\\\/blog\\\/avalancha-declaraciones-politicas\\\/\",\"name\":\"Avalancha de declaraciones pol\u00edticas\",\"isPartOf\":{\"@id\":\"https:\\\/\\\/www.tressis.com\\\/ca\\\/#website\"},\"primaryImageOfPage\":{\"@id\":\"https:\\\/\\\/www.tressis.com\\\/ca\\\/blog\\\/avalancha-declaraciones-politicas\\\/#primaryimage\"},\"image\":{\"@id\":\"https:\\\/\\\/www.tressis.com\\\/ca\\\/blog\\\/avalancha-declaraciones-politicas\\\/#primaryimage\"},\"thumbnailUrl\":\"https:\\\/\\\/www.tressis.com\\\/wp-content\\\/uploads\\\/2021\\\/01\\\/avalancha-declaraciones-politicas.jpg\",\"datePublished\":\"2021-01-15T09:15:04+00:00\",\"description\":\"Los inversores tuvieron que digerir los comentarios del presidente de la Fed, Jerome Powell, quien dijo que el banco central seguir\u00eda con su pol\u00edtica acomodaticia\",\"breadcrumb\":{\"@id\":\"https:\\\/\\\/www.tressis.com\\\/ca\\\/blog\\\/avalancha-declaraciones-politicas\\\/#breadcrumb\"},\"inLanguage\":\"ca\",\"potentialAction\":[{\"@type\":\"ReadAction\",\"target\":[\"https:\\\/\\\/www.tressis.com\\\/ca\\\/blog\\\/avalancha-declaraciones-politicas\\\/\"]}]},{\"@type\":\"ImageObject\",\"inLanguage\":\"ca\",\"@id\":\"https:\\\/\\\/www.tressis.com\\\/ca\\\/blog\\\/avalancha-declaraciones-politicas\\\/#primaryimage\",\"url\":\"https:\\\/\\\/www.tressis.com\\\/wp-content\\\/uploads\\\/2021\\\/01\\\/avalancha-declaraciones-politicas.jpg\",\"contentUrl\":\"https:\\\/\\\/www.tressis.com\\\/wp-content\\\/uploads\\\/2021\\\/01\\\/avalancha-declaraciones-politicas.jpg\",\"width\":1100,\"height\":487},{\"@type\":\"BreadcrumbList\",\"@id\":\"https:\\\/\\\/www.tressis.com\\\/ca\\\/blog\\\/avalancha-declaraciones-politicas\\\/#breadcrumb\",\"itemListElement\":[{\"@type\":\"ListItem\",\"position\":1,\"name\":\"Inicio\",\"item\":\"https:\\\/\\\/www.tressis.com\\\/ca\\\/\"},{\"@type\":\"ListItem\",\"position\":2,\"name\":\"Avalancha de declaraciones pol\u00edticas\"}]},{\"@type\":\"WebSite\",\"@id\":\"https:\\\/\\\/www.tressis.com\\\/ca\\\/#website\",\"url\":\"https:\\\/\\\/www.tressis.com\\\/ca\\\/\",\"name\":\"Tressis banca privada\",\"description\":\"Tressis | Planificaci\u00f3n financiera y gesti\u00f3n de patrimonios\",\"publisher\":{\"@id\":\"https:\\\/\\\/www.tressis.com\\\/ca\\\/#organization\"},\"potentialAction\":[{\"@type\":\"SearchAction\",\"target\":{\"@type\":\"EntryPoint\",\"urlTemplate\":\"https:\\\/\\\/www.tressis.com\\\/ca\\\/?s={search_term_string}\"},\"query-input\":{\"@type\":\"PropertyValueSpecification\",\"valueRequired\":true,\"valueName\":\"search_term_string\"}}],\"inLanguage\":\"ca\"},{\"@type\":\"Organization\",\"@id\":\"https:\\\/\\\/www.tressis.com\\\/ca\\\/#organization\",\"name\":\"Tressis\",\"url\":\"https:\\\/\\\/www.tressis.com\\\/ca\\\/\",\"logo\":{\"@type\":\"ImageObject\",\"inLanguage\":\"ca\",\"@id\":\"https:\\\/\\\/www.tressis.com\\\/ca\\\/#\\\/schema\\\/logo\\\/image\\\/\",\"url\":\"https:\\\/\\\/www.tressis.com\\\/wp-content\\\/uploads\\\/2025\\\/06\\\/logo-tressis-112.png\",\"contentUrl\":\"https:\\\/\\\/www.tressis.com\\\/wp-content\\\/uploads\\\/2025\\\/06\\\/logo-tressis-112.png\",\"width\":112,\"height\":112,\"caption\":\"Tressis\"},\"image\":{\"@id\":\"https:\\\/\\\/www.tressis.com\\\/ca\\\/#\\\/schema\\\/logo\\\/image\\\/\"},\"sameAs\":[\"https:\\\/\\\/www.facebook.com\\\/Tressis\\\/\",\"https:\\\/\\\/x.com\\\/TressisSV\",\"https:\\\/\\\/www.instagram.com\\\/tressissv\\\/?hl=es\",\"https:\\\/\\\/linkedin.com\\\/company\\\/tressis\\\/\",\"https:\\\/\\\/www.youtube.com\\\/user\\\/tressissv\",\"https:\\\/\\\/open.spotify.com\\\/show\\\/3jmTe1Nf0wqMILl7diWV6h?si=d7112519f13c4593&nd=1\"]},{\"@type\":\"Person\",\"@id\":\"https:\\\/\\\/www.tressis.com\\\/ca\\\/#\\\/schema\\\/person\\\/b833c1d724d8764920b6d6852c70584e\",\"name\":\"Lola\",\"image\":{\"@type\":\"ImageObject\",\"inLanguage\":\"ca\",\"@id\":\"https:\\\/\\\/secure.gravatar.com\\\/avatar\\\/05e646486b23ff45df9649110609c7e31b8c4a3e2821caa23d6317f405e0c51d?s=96&d=mm&r=g\",\"url\":\"https:\\\/\\\/secure.gravatar.com\\\/avatar\\\/05e646486b23ff45df9649110609c7e31b8c4a3e2821caa23d6317f405e0c51d?s=96&d=mm&r=g\",\"contentUrl\":\"https:\\\/\\\/secure.gravatar.com\\\/avatar\\\/05e646486b23ff45df9649110609c7e31b8c4a3e2821caa23d6317f405e0c51d?s=96&d=mm&r=g\",\"caption\":\"Lola\"}}]}<\/script>\n<!-- \/ Yoast SEO plugin. -->","yoast_head_json":{"title":"Avalancha de declaraciones pol\u00edticas","description":"Los inversores tuvieron que digerir los comentarios del presidente de la Fed, Jerome Powell, quien dijo que el banco central seguir\u00eda con su pol\u00edtica acomodaticia","robots":{"index":"index","follow":"follow","max-snippet":"max-snippet:-1","max-image-preview":"max-image-preview:large","max-video-preview":"max-video-preview:-1"},"canonical":"https:\/\/www.tressis.com\/ca\/blog\/avalancha-declaraciones-politicas\/","og_locale":"ca_ES","og_type":"article","og_title":"Avalancha de declaraciones pol\u00edticas","og_description":"Los inversores tuvieron que digerir los comentarios del presidente de la Fed, Jerome Powell, quien dijo que el banco central seguir\u00eda con su pol\u00edtica acomodaticia","og_url":"https:\/\/www.tressis.com\/ca\/blog\/avalancha-declaraciones-politicas\/","og_site_name":"Tressis","article_publisher":"https:\/\/www.facebook.com\/Tressis\/","article_published_time":"2021-01-15T09:15:04+00:00","og_image":[{"width":1100,"height":487,"url":"https:\/\/www.tressis.com\/wp-content\/uploads\/2021\/01\/avalancha-declaraciones-politicas.jpg","type":"image\/jpeg"}],"author":"Lola","twitter_card":"summary_large_image","twitter_creator":"@TressisSV","twitter_site":"@TressisSV","twitter_misc":{"Escrit per":"Lola","Temps estimat de lectura":"3 minuts"},"schema":{"@context":"https:\/\/schema.org","@graph":[{"@type":"Article","@id":"https:\/\/www.tressis.com\/ca\/blog\/avalancha-declaraciones-politicas\/#article","isPartOf":{"@id":"https:\/\/www.tressis.com\/ca\/blog\/avalancha-declaraciones-politicas\/"},"author":{"name":"Lola","@id":"https:\/\/www.tressis.com\/ca\/#\/schema\/person\/b833c1d724d8764920b6d6852c70584e"},"headline":"Avalancha de declaraciones pol\u00edticas","datePublished":"2021-01-15T09:15:04+00:00","mainEntityOfPage":{"@id":"https:\/\/www.tressis.com\/ca\/blog\/avalancha-declaraciones-politicas\/"},"wordCount":646,"commentCount":0,"publisher":{"@id":"https:\/\/www.tressis.com\/ca\/#organization"},"image":{"@id":"https:\/\/www.tressis.com\/ca\/blog\/avalancha-declaraciones-politicas\/#primaryimage"},"thumbnailUrl":"https:\/\/www.tressis.com\/wp-content\/uploads\/2021\/01\/avalancha-declaraciones-politicas.jpg","articleSection":["Morning meeting"],"inLanguage":"ca","potentialAction":[{"@type":"CommentAction","name":"Comment","target":["https:\/\/www.tressis.com\/ca\/blog\/avalancha-declaraciones-politicas\/#respond"]}]},{"@type":"WebPage","@id":"https:\/\/www.tressis.com\/ca\/blog\/avalancha-declaraciones-politicas\/","url":"https:\/\/www.tressis.com\/ca\/blog\/avalancha-declaraciones-politicas\/","name":"Avalancha de declaraciones pol\u00edticas","isPartOf":{"@id":"https:\/\/www.tressis.com\/ca\/#website"},"primaryImageOfPage":{"@id":"https:\/\/www.tressis.com\/ca\/blog\/avalancha-declaraciones-politicas\/#primaryimage"},"image":{"@id":"https:\/\/www.tressis.com\/ca\/blog\/avalancha-declaraciones-politicas\/#primaryimage"},"thumbnailUrl":"https:\/\/www.tressis.com\/wp-content\/uploads\/2021\/01\/avalancha-declaraciones-politicas.jpg","datePublished":"2021-01-15T09:15:04+00:00","description":"Los inversores tuvieron que digerir los comentarios del presidente de la Fed, Jerome Powell, quien dijo que el banco central seguir\u00eda con su pol\u00edtica acomodaticia","breadcrumb":{"@id":"https:\/\/www.tressis.com\/ca\/blog\/avalancha-declaraciones-politicas\/#breadcrumb"},"inLanguage":"ca","potentialAction":[{"@type":"ReadAction","target":["https:\/\/www.tressis.com\/ca\/blog\/avalancha-declaraciones-politicas\/"]}]},{"@type":"ImageObject","inLanguage":"ca","@id":"https:\/\/www.tressis.com\/ca\/blog\/avalancha-declaraciones-politicas\/#primaryimage","url":"https:\/\/www.tressis.com\/wp-content\/uploads\/2021\/01\/avalancha-declaraciones-politicas.jpg","contentUrl":"https:\/\/www.tressis.com\/wp-content\/uploads\/2021\/01\/avalancha-declaraciones-politicas.jpg","width":1100,"height":487},{"@type":"BreadcrumbList","@id":"https:\/\/www.tressis.com\/ca\/blog\/avalancha-declaraciones-politicas\/#breadcrumb","itemListElement":[{"@type":"ListItem","position":1,"name":"Inicio","item":"https:\/\/www.tressis.com\/ca\/"},{"@type":"ListItem","position":2,"name":"Avalancha de declaraciones pol\u00edticas"}]},{"@type":"WebSite","@id":"https:\/\/www.tressis.com\/ca\/#website","url":"https:\/\/www.tressis.com\/ca\/","name":"Tressis banca privada","description":"Tressis | Planificaci\u00f3n financiera y gesti\u00f3n de patrimonios","publisher":{"@id":"https:\/\/www.tressis.com\/ca\/#organization"},"potentialAction":[{"@type":"SearchAction","target":{"@type":"EntryPoint","urlTemplate":"https:\/\/www.tressis.com\/ca\/?s={search_term_string}"},"query-input":{"@type":"PropertyValueSpecification","valueRequired":true,"valueName":"search_term_string"}}],"inLanguage":"ca"},{"@type":"Organization","@id":"https:\/\/www.tressis.com\/ca\/#organization","name":"Tressis","url":"https:\/\/www.tressis.com\/ca\/","logo":{"@type":"ImageObject","inLanguage":"ca","@id":"https:\/\/www.tressis.com\/ca\/#\/schema\/logo\/image\/","url":"https:\/\/www.tressis.com\/wp-content\/uploads\/2025\/06\/logo-tressis-112.png","contentUrl":"https:\/\/www.tressis.com\/wp-content\/uploads\/2025\/06\/logo-tressis-112.png","width":112,"height":112,"caption":"Tressis"},"image":{"@id":"https:\/\/www.tressis.com\/ca\/#\/schema\/logo\/image\/"},"sameAs":["https:\/\/www.facebook.com\/Tressis\/","https:\/\/x.com\/TressisSV","https:\/\/www.instagram.com\/tressissv\/?hl=es","https:\/\/linkedin.com\/company\/tressis\/","https:\/\/www.youtube.com\/user\/tressissv","https:\/\/open.spotify.com\/show\/3jmTe1Nf0wqMILl7diWV6h?si=d7112519f13c4593&nd=1"]},{"@type":"Person","@id":"https:\/\/www.tressis.com\/ca\/#\/schema\/person\/b833c1d724d8764920b6d6852c70584e","name":"Lola","image":{"@type":"ImageObject","inLanguage":"ca","@id":"https:\/\/secure.gravatar.com\/avatar\/05e646486b23ff45df9649110609c7e31b8c4a3e2821caa23d6317f405e0c51d?s=96&d=mm&r=g","url":"https:\/\/secure.gravatar.com\/avatar\/05e646486b23ff45df9649110609c7e31b8c4a3e2821caa23d6317f405e0c51d?s=96&d=mm&r=g","contentUrl":"https:\/\/secure.gravatar.com\/avatar\/05e646486b23ff45df9649110609c7e31b8c4a3e2821caa23d6317f405e0c51d?s=96&d=mm&r=g","caption":"Lola"}}]}},"_links":{"self":[{"href":"https:\/\/www.tressis.com\/ca\/wp-json\/wp\/v2\/posts\/35496","targetHints":{"allow":["GET"]}}],"collection":[{"href":"https:\/\/www.tressis.com\/ca\/wp-json\/wp\/v2\/posts"}],"about":[{"href":"https:\/\/www.tressis.com\/ca\/wp-json\/wp\/v2\/types\/post"}],"author":[{"embeddable":true,"href":"https:\/\/www.tressis.com\/ca\/wp-json\/wp\/v2\/users\/4"}],"replies":[{"embeddable":true,"href":"https:\/\/www.tressis.com\/ca\/wp-json\/wp\/v2\/comments?post=35496"}],"version-history":[{"count":0,"href":"https:\/\/www.tressis.com\/ca\/wp-json\/wp\/v2\/posts\/35496\/revisions"}],"wp:featuredmedia":[{"embeddable":true,"href":"https:\/\/www.tressis.com\/ca\/wp-json\/wp\/v2\/media\/35497"}],"wp:attachment":[{"href":"https:\/\/www.tressis.com\/ca\/wp-json\/wp\/v2\/media?parent=35496"}],"wp:term":[{"taxonomy":"category","embeddable":true,"href":"https:\/\/www.tressis.com\/ca\/wp-json\/wp\/v2\/categories?post=35496"},{"taxonomy":"post_tag","embeddable":true,"href":"https:\/\/www.tressis.com\/ca\/wp-json\/wp\/v2\/tags?post=35496"}],"curies":[{"name":"wp","href":"https:\/\/api.w.org\/{rel}","templated":true}]}}