{"id":35490,"date":"2021-01-14T10:57:40","date_gmt":"2021-01-14T09:57:40","guid":{"rendered":"http:\/\/www.tressis.com\/blog\/?p=35490"},"modified":"2021-01-14T10:57:40","modified_gmt":"2021-01-14T09:57:40","slug":"cual-sera-el-programa-economico-joe-biden","status":"publish","type":"post","link":"https:\/\/www.tressis.com\/ca\/blog\/cual-sera-el-programa-economico-joe-biden\/","title":{"rendered":"\u00bfCu\u00e1l ser\u00e1 el programa econ\u00f3mico de Joe Biden?"},"content":{"rendered":"<p>Las sesiones de este 2021 siguen sin tener una tendencia totalmente clara, con d\u00edas verdes y rojos, d\u00edas con mejor comportamiento de los sectores c\u00edclicos y otros en los que el buen hacer vino desde los defensivos, ocasiones en las que las peque\u00f1as compa\u00f1\u00edas lo hacen mejor que las grandes y viceversa.<!--more--><\/p>\n<p>No obstante, no estamos muy aburridos porque el entretenimiento lo estamos encontrando en la renta fija. Entre la victoria dem\u00f3crata en el Senado, la \u00faltima emisi\u00f3n por parte de la Reserva Federal y lo que parece el comienzo de un desacuerdo en el seno de la instituci\u00f3n monetaria sobre la paulatina retirada de est\u00edmulos, el precio de alguna referencia de la deuda p\u00fablica americana est\u00e1 d\u00e1ndonos quehacer. <\/p>\n<p>En este sentido, tras una emisi\u00f3n ayer muy sobrescrita por parte de los inversores, hoy conoceremos la opini\u00f3n de Rosengren y Bostic, miembros con derecho a voto del comit\u00e9 de mercado abierto de la Reserva Federal, mientras que ma\u00f1ana lo haremos del propio Jerome Powell. Entiendo que todos ellos tendr\u00e1n en cuenta en sus palabras lo que comunicar\u00e1, tambi\u00e9n en esta jornada, el presidente electo Joe Biden. Est\u00e1 previsto que d\u00e9 a conocer su programa econ\u00f3mico dentro del que encontraremos, previsiblemente, el importe de un nuevo paquete de est\u00edmulos fiscales. <\/p>\n<p>Con todo lo que est\u00e1 pasando \u00faltimamente tanto a nivel internacional como nacional, parece que hayamos olvidado que seguimos inmersos en la lucha contra la pandemia y que ayer fue el peor d\u00eda en n\u00famero de contagios en Espa\u00f1a desde su inicio all\u00e1 por marzo. Las nuevas restricciones a la movilidad que ya aplican o se aplicar\u00e1n en diversas regiones de la eurozona pueden ser un lastre para unas estimaciones econ\u00f3micas que esperaban que, para verano, hubiese un porcentaje relevante de poblaci\u00f3n vacunada. Y, visto lo visto, quiz\u00e1 tendremos que pasar otro verano con la mascarilla en la playa.<\/p>\n<p>Otro foco que se nos abre ma\u00f1ana ser\u00e1 la temporada de presentaci\u00f3n de resultados corporativos correspondientes al cuarto trimestre del 2020. Como siempre, Citigroup, JP Morgan y Wells Fargo dar\u00e1n el pistoletazo de salida al desfile, del que se pondr\u00e1 especial inter\u00e9s en las gu\u00edas que las empresas puedan dar sobre el futuro, ahora que \u201cse dice\u201d que ha mejorado algo la visibilidad.<\/p>\n<p>Buen jueves.<\/p>\n<p><center><strong>M\u00aa Salom\u00e9 Bouzas Romero<\/strong><br \/>\nAnalista <\/center><\/p>\n","protected":false},"excerpt":{"rendered":"<p>Las sesiones de este 2021 siguen sin tener una tendencia totalmente clara, con d\u00edas verdes y rojos, d\u00edas con mejor comportamiento de los sectores c\u00edclicos y otros en los que el buen hacer vino desde los defensivos, ocasiones en las que las peque\u00f1as compa\u00f1\u00edas lo hacen mejor que las grandes y viceversa.<\/p>\n","protected":false},"author":4,"featured_media":35491,"comment_status":"open","ping_status":"closed","sticky":false,"template":"","format":"standard","meta":{"_acf_changed":false,"footnotes":""},"categories":[9721],"tags":[],"class_list":["post-35490","post","type-post","status-publish","format-standard","has-post-thumbnail","hentry","category-morning-meeting"],"acf":[],"yoast_head":"<!-- This site is optimized with the Yoast SEO plugin v27.5 - https:\/\/yoast.com\/product\/yoast-seo-wordpress\/ -->\n<title>\u00bfCu\u00e1l ser\u00e1 el programa econ\u00f3mico de Joe Biden?<\/title>\n<meta name=\"description\" content=\"Tras una emisi\u00f3n ayer muy sobre escrita por parte de los inversores, hoy conoceremos la opini\u00f3n de Rosengren y Bostic, miembros con derecho a voto del comit\u00e9 de mercado abierto de la Reserva Federal, mientras que ma\u00f1ana lo haremos del propio Jerome Powell. Entiendo que todos ellos tendr\u00e1n en cuenta en sus palabras lo que comunicar\u00e1, tambi\u00e9n en esta jornada, el presidente electo Joe Biden. Est\u00e1 previsto que d\u00e9 a conocer su programa econ\u00f3mico dentro del que encontraremos, previsiblemente, el importe de un nuevo paquete de est\u00edmulos fiscales.\" \/>\n<meta name=\"robots\" content=\"index, follow, max-snippet:-1, max-image-preview:large, max-video-preview:-1\" \/>\n<link rel=\"canonical\" href=\"https:\/\/www.tressis.com\/ca\/blog\/cual-sera-el-programa-economico-joe-biden\/\" \/>\n<meta property=\"og:locale\" content=\"ca_ES\" \/>\n<meta property=\"og:type\" content=\"article\" \/>\n<meta property=\"og:title\" content=\"\u00bfCu\u00e1l ser\u00e1 el programa econ\u00f3mico de Joe Biden?\" \/>\n<meta property=\"og:description\" content=\"Tras una emisi\u00f3n ayer muy sobre escrita por parte de los inversores, hoy conoceremos la opini\u00f3n de Rosengren y Bostic, miembros con derecho a voto del comit\u00e9 de mercado abierto de la Reserva Federal, mientras que ma\u00f1ana lo haremos del propio Jerome Powell. Entiendo que todos ellos tendr\u00e1n en cuenta en sus palabras lo que comunicar\u00e1, tambi\u00e9n en esta jornada, el presidente electo Joe Biden. Est\u00e1 previsto que d\u00e9 a conocer su programa econ\u00f3mico dentro del que encontraremos, previsiblemente, el importe de un nuevo paquete de est\u00edmulos fiscales.\" \/>\n<meta property=\"og:url\" content=\"https:\/\/www.tressis.com\/ca\/blog\/cual-sera-el-programa-economico-joe-biden\/\" \/>\n<meta property=\"og:site_name\" content=\"Tressis\" \/>\n<meta property=\"article:publisher\" content=\"https:\/\/www.facebook.com\/Tressis\/\" \/>\n<meta property=\"article:published_time\" content=\"2021-01-14T09:57:40+00:00\" \/>\n<meta property=\"og:image\" content=\"https:\/\/www.tressis.com\/wp-content\/uploads\/2021\/01\/joe-biden.jpg\" \/>\n\t<meta property=\"og:image:width\" content=\"1100\" \/>\n\t<meta property=\"og:image:height\" content=\"487\" \/>\n\t<meta property=\"og:image:type\" content=\"image\/jpeg\" \/>\n<meta name=\"author\" content=\"Lola\" \/>\n<meta name=\"twitter:card\" content=\"summary_large_image\" \/>\n<meta name=\"twitter:creator\" content=\"@TressisSV\" \/>\n<meta name=\"twitter:site\" content=\"@TressisSV\" \/>\n<meta name=\"twitter:label1\" content=\"Escrit per\" \/>\n\t<meta name=\"twitter:data1\" content=\"Lola\" \/>\n\t<meta name=\"twitter:label2\" content=\"Temps estimat de lectura\" \/>\n\t<meta name=\"twitter:data2\" content=\"2 minuts\" \/>\n<script type=\"application\/ld+json\" class=\"yoast-schema-graph\">{\"@context\":\"https:\\\/\\\/schema.org\",\"@graph\":[{\"@type\":\"Article\",\"@id\":\"https:\\\/\\\/www.tressis.com\\\/ca\\\/blog\\\/cual-sera-el-programa-economico-joe-biden\\\/#article\",\"isPartOf\":{\"@id\":\"https:\\\/\\\/www.tressis.com\\\/ca\\\/blog\\\/cual-sera-el-programa-economico-joe-biden\\\/\"},\"author\":{\"name\":\"Lola\",\"@id\":\"https:\\\/\\\/www.tressis.com\\\/ca\\\/#\\\/schema\\\/person\\\/b833c1d724d8764920b6d6852c70584e\"},\"headline\":\"\u00bfCu\u00e1l ser\u00e1 el programa econ\u00f3mico de Joe Biden?\",\"datePublished\":\"2021-01-14T09:57:40+00:00\",\"mainEntityOfPage\":{\"@id\":\"https:\\\/\\\/www.tressis.com\\\/ca\\\/blog\\\/cual-sera-el-programa-economico-joe-biden\\\/\"},\"wordCount\":415,\"commentCount\":0,\"publisher\":{\"@id\":\"https:\\\/\\\/www.tressis.com\\\/ca\\\/#organization\"},\"image\":{\"@id\":\"https:\\\/\\\/www.tressis.com\\\/ca\\\/blog\\\/cual-sera-el-programa-economico-joe-biden\\\/#primaryimage\"},\"thumbnailUrl\":\"https:\\\/\\\/www.tressis.com\\\/wp-content\\\/uploads\\\/2021\\\/01\\\/joe-biden.jpg\",\"articleSection\":[\"Morning meeting\"],\"inLanguage\":\"ca\",\"potentialAction\":[{\"@type\":\"CommentAction\",\"name\":\"Comment\",\"target\":[\"https:\\\/\\\/www.tressis.com\\\/ca\\\/blog\\\/cual-sera-el-programa-economico-joe-biden\\\/#respond\"]}]},{\"@type\":\"WebPage\",\"@id\":\"https:\\\/\\\/www.tressis.com\\\/ca\\\/blog\\\/cual-sera-el-programa-economico-joe-biden\\\/\",\"url\":\"https:\\\/\\\/www.tressis.com\\\/ca\\\/blog\\\/cual-sera-el-programa-economico-joe-biden\\\/\",\"name\":\"\u00bfCu\u00e1l ser\u00e1 el programa econ\u00f3mico de Joe Biden?\",\"isPartOf\":{\"@id\":\"https:\\\/\\\/www.tressis.com\\\/ca\\\/#website\"},\"primaryImageOfPage\":{\"@id\":\"https:\\\/\\\/www.tressis.com\\\/ca\\\/blog\\\/cual-sera-el-programa-economico-joe-biden\\\/#primaryimage\"},\"image\":{\"@id\":\"https:\\\/\\\/www.tressis.com\\\/ca\\\/blog\\\/cual-sera-el-programa-economico-joe-biden\\\/#primaryimage\"},\"thumbnailUrl\":\"https:\\\/\\\/www.tressis.com\\\/wp-content\\\/uploads\\\/2021\\\/01\\\/joe-biden.jpg\",\"datePublished\":\"2021-01-14T09:57:40+00:00\",\"description\":\"Tras una emisi\u00f3n ayer muy sobre escrita por parte de los inversores, hoy conoceremos la opini\u00f3n de Rosengren y Bostic, miembros con derecho a voto del comit\u00e9 de mercado abierto de la Reserva Federal, mientras que ma\u00f1ana lo haremos del propio Jerome Powell. Entiendo que todos ellos tendr\u00e1n en cuenta en sus palabras lo que comunicar\u00e1, tambi\u00e9n en esta jornada, el presidente electo Joe Biden. Est\u00e1 previsto que d\u00e9 a conocer su programa econ\u00f3mico dentro del que encontraremos, previsiblemente, el importe de un nuevo paquete de est\u00edmulos fiscales.\",\"breadcrumb\":{\"@id\":\"https:\\\/\\\/www.tressis.com\\\/ca\\\/blog\\\/cual-sera-el-programa-economico-joe-biden\\\/#breadcrumb\"},\"inLanguage\":\"ca\",\"potentialAction\":[{\"@type\":\"ReadAction\",\"target\":[\"https:\\\/\\\/www.tressis.com\\\/ca\\\/blog\\\/cual-sera-el-programa-economico-joe-biden\\\/\"]}]},{\"@type\":\"ImageObject\",\"inLanguage\":\"ca\",\"@id\":\"https:\\\/\\\/www.tressis.com\\\/ca\\\/blog\\\/cual-sera-el-programa-economico-joe-biden\\\/#primaryimage\",\"url\":\"https:\\\/\\\/www.tressis.com\\\/wp-content\\\/uploads\\\/2021\\\/01\\\/joe-biden.jpg\",\"contentUrl\":\"https:\\\/\\\/www.tressis.com\\\/wp-content\\\/uploads\\\/2021\\\/01\\\/joe-biden.jpg\",\"width\":1100,\"height\":487},{\"@type\":\"BreadcrumbList\",\"@id\":\"https:\\\/\\\/www.tressis.com\\\/ca\\\/blog\\\/cual-sera-el-programa-economico-joe-biden\\\/#breadcrumb\",\"itemListElement\":[{\"@type\":\"ListItem\",\"position\":1,\"name\":\"Inicio\",\"item\":\"https:\\\/\\\/www.tressis.com\\\/ca\\\/\"},{\"@type\":\"ListItem\",\"position\":2,\"name\":\"\u00bfCu\u00e1l ser\u00e1 el programa econ\u00f3mico de Joe Biden?\"}]},{\"@type\":\"WebSite\",\"@id\":\"https:\\\/\\\/www.tressis.com\\\/ca\\\/#website\",\"url\":\"https:\\\/\\\/www.tressis.com\\\/ca\\\/\",\"name\":\"Tressis banca privada\",\"description\":\"Tressis | Planificaci\u00f3n financiera y gesti\u00f3n de patrimonios\",\"publisher\":{\"@id\":\"https:\\\/\\\/www.tressis.com\\\/ca\\\/#organization\"},\"potentialAction\":[{\"@type\":\"SearchAction\",\"target\":{\"@type\":\"EntryPoint\",\"urlTemplate\":\"https:\\\/\\\/www.tressis.com\\\/ca\\\/?s={search_term_string}\"},\"query-input\":{\"@type\":\"PropertyValueSpecification\",\"valueRequired\":true,\"valueName\":\"search_term_string\"}}],\"inLanguage\":\"ca\"},{\"@type\":\"Organization\",\"@id\":\"https:\\\/\\\/www.tressis.com\\\/ca\\\/#organization\",\"name\":\"Tressis\",\"url\":\"https:\\\/\\\/www.tressis.com\\\/ca\\\/\",\"logo\":{\"@type\":\"ImageObject\",\"inLanguage\":\"ca\",\"@id\":\"https:\\\/\\\/www.tressis.com\\\/ca\\\/#\\\/schema\\\/logo\\\/image\\\/\",\"url\":\"https:\\\/\\\/www.tressis.com\\\/wp-content\\\/uploads\\\/2025\\\/06\\\/logo-tressis-112.png\",\"contentUrl\":\"https:\\\/\\\/www.tressis.com\\\/wp-content\\\/uploads\\\/2025\\\/06\\\/logo-tressis-112.png\",\"width\":112,\"height\":112,\"caption\":\"Tressis\"},\"image\":{\"@id\":\"https:\\\/\\\/www.tressis.com\\\/ca\\\/#\\\/schema\\\/logo\\\/image\\\/\"},\"sameAs\":[\"https:\\\/\\\/www.facebook.com\\\/Tressis\\\/\",\"https:\\\/\\\/x.com\\\/TressisSV\",\"https:\\\/\\\/www.instagram.com\\\/tressissv\\\/?hl=es\",\"https:\\\/\\\/linkedin.com\\\/company\\\/tressis\\\/\",\"https:\\\/\\\/www.youtube.com\\\/user\\\/tressissv\",\"https:\\\/\\\/open.spotify.com\\\/show\\\/3jmTe1Nf0wqMILl7diWV6h?si=d7112519f13c4593&nd=1\"]},{\"@type\":\"Person\",\"@id\":\"https:\\\/\\\/www.tressis.com\\\/ca\\\/#\\\/schema\\\/person\\\/b833c1d724d8764920b6d6852c70584e\",\"name\":\"Lola\",\"image\":{\"@type\":\"ImageObject\",\"inLanguage\":\"ca\",\"@id\":\"https:\\\/\\\/secure.gravatar.com\\\/avatar\\\/05e646486b23ff45df9649110609c7e31b8c4a3e2821caa23d6317f405e0c51d?s=96&d=mm&r=g\",\"url\":\"https:\\\/\\\/secure.gravatar.com\\\/avatar\\\/05e646486b23ff45df9649110609c7e31b8c4a3e2821caa23d6317f405e0c51d?s=96&d=mm&r=g\",\"contentUrl\":\"https:\\\/\\\/secure.gravatar.com\\\/avatar\\\/05e646486b23ff45df9649110609c7e31b8c4a3e2821caa23d6317f405e0c51d?s=96&d=mm&r=g\",\"caption\":\"Lola\"}}]}<\/script>\n<!-- \/ Yoast SEO plugin. -->","yoast_head_json":{"title":"\u00bfCu\u00e1l ser\u00e1 el programa econ\u00f3mico de Joe Biden?","description":"Tras una emisi\u00f3n ayer muy sobre escrita por parte de los inversores, hoy conoceremos la opini\u00f3n de Rosengren y Bostic, miembros con derecho a voto del comit\u00e9 de mercado abierto de la Reserva Federal, mientras que ma\u00f1ana lo haremos del propio Jerome Powell. Entiendo que todos ellos tendr\u00e1n en cuenta en sus palabras lo que comunicar\u00e1, tambi\u00e9n en esta jornada, el presidente electo Joe Biden. Est\u00e1 previsto que d\u00e9 a conocer su programa econ\u00f3mico dentro del que encontraremos, previsiblemente, el importe de un nuevo paquete de est\u00edmulos fiscales.","robots":{"index":"index","follow":"follow","max-snippet":"max-snippet:-1","max-image-preview":"max-image-preview:large","max-video-preview":"max-video-preview:-1"},"canonical":"https:\/\/www.tressis.com\/ca\/blog\/cual-sera-el-programa-economico-joe-biden\/","og_locale":"ca_ES","og_type":"article","og_title":"\u00bfCu\u00e1l ser\u00e1 el programa econ\u00f3mico de Joe Biden?","og_description":"Tras una emisi\u00f3n ayer muy sobre escrita por parte de los inversores, hoy conoceremos la opini\u00f3n de Rosengren y Bostic, miembros con derecho a voto del comit\u00e9 de mercado abierto de la Reserva Federal, mientras que ma\u00f1ana lo haremos del propio Jerome Powell. Entiendo que todos ellos tendr\u00e1n en cuenta en sus palabras lo que comunicar\u00e1, tambi\u00e9n en esta jornada, el presidente electo Joe Biden. Est\u00e1 previsto que d\u00e9 a conocer su programa econ\u00f3mico dentro del que encontraremos, previsiblemente, el importe de un nuevo paquete de est\u00edmulos fiscales.","og_url":"https:\/\/www.tressis.com\/ca\/blog\/cual-sera-el-programa-economico-joe-biden\/","og_site_name":"Tressis","article_publisher":"https:\/\/www.facebook.com\/Tressis\/","article_published_time":"2021-01-14T09:57:40+00:00","og_image":[{"width":1100,"height":487,"url":"https:\/\/www.tressis.com\/wp-content\/uploads\/2021\/01\/joe-biden.jpg","type":"image\/jpeg"}],"author":"Lola","twitter_card":"summary_large_image","twitter_creator":"@TressisSV","twitter_site":"@TressisSV","twitter_misc":{"Escrit per":"Lola","Temps estimat de lectura":"2 minuts"},"schema":{"@context":"https:\/\/schema.org","@graph":[{"@type":"Article","@id":"https:\/\/www.tressis.com\/ca\/blog\/cual-sera-el-programa-economico-joe-biden\/#article","isPartOf":{"@id":"https:\/\/www.tressis.com\/ca\/blog\/cual-sera-el-programa-economico-joe-biden\/"},"author":{"name":"Lola","@id":"https:\/\/www.tressis.com\/ca\/#\/schema\/person\/b833c1d724d8764920b6d6852c70584e"},"headline":"\u00bfCu\u00e1l ser\u00e1 el programa econ\u00f3mico de Joe Biden?","datePublished":"2021-01-14T09:57:40+00:00","mainEntityOfPage":{"@id":"https:\/\/www.tressis.com\/ca\/blog\/cual-sera-el-programa-economico-joe-biden\/"},"wordCount":415,"commentCount":0,"publisher":{"@id":"https:\/\/www.tressis.com\/ca\/#organization"},"image":{"@id":"https:\/\/www.tressis.com\/ca\/blog\/cual-sera-el-programa-economico-joe-biden\/#primaryimage"},"thumbnailUrl":"https:\/\/www.tressis.com\/wp-content\/uploads\/2021\/01\/joe-biden.jpg","articleSection":["Morning meeting"],"inLanguage":"ca","potentialAction":[{"@type":"CommentAction","name":"Comment","target":["https:\/\/www.tressis.com\/ca\/blog\/cual-sera-el-programa-economico-joe-biden\/#respond"]}]},{"@type":"WebPage","@id":"https:\/\/www.tressis.com\/ca\/blog\/cual-sera-el-programa-economico-joe-biden\/","url":"https:\/\/www.tressis.com\/ca\/blog\/cual-sera-el-programa-economico-joe-biden\/","name":"\u00bfCu\u00e1l ser\u00e1 el programa econ\u00f3mico de Joe Biden?","isPartOf":{"@id":"https:\/\/www.tressis.com\/ca\/#website"},"primaryImageOfPage":{"@id":"https:\/\/www.tressis.com\/ca\/blog\/cual-sera-el-programa-economico-joe-biden\/#primaryimage"},"image":{"@id":"https:\/\/www.tressis.com\/ca\/blog\/cual-sera-el-programa-economico-joe-biden\/#primaryimage"},"thumbnailUrl":"https:\/\/www.tressis.com\/wp-content\/uploads\/2021\/01\/joe-biden.jpg","datePublished":"2021-01-14T09:57:40+00:00","description":"Tras una emisi\u00f3n ayer muy sobre escrita por parte de los inversores, hoy conoceremos la opini\u00f3n de Rosengren y Bostic, miembros con derecho a voto del comit\u00e9 de mercado abierto de la Reserva Federal, mientras que ma\u00f1ana lo haremos del propio Jerome Powell. Entiendo que todos ellos tendr\u00e1n en cuenta en sus palabras lo que comunicar\u00e1, tambi\u00e9n en esta jornada, el presidente electo Joe Biden. Est\u00e1 previsto que d\u00e9 a conocer su programa econ\u00f3mico dentro del que encontraremos, previsiblemente, el importe de un nuevo paquete de est\u00edmulos fiscales.","breadcrumb":{"@id":"https:\/\/www.tressis.com\/ca\/blog\/cual-sera-el-programa-economico-joe-biden\/#breadcrumb"},"inLanguage":"ca","potentialAction":[{"@type":"ReadAction","target":["https:\/\/www.tressis.com\/ca\/blog\/cual-sera-el-programa-economico-joe-biden\/"]}]},{"@type":"ImageObject","inLanguage":"ca","@id":"https:\/\/www.tressis.com\/ca\/blog\/cual-sera-el-programa-economico-joe-biden\/#primaryimage","url":"https:\/\/www.tressis.com\/wp-content\/uploads\/2021\/01\/joe-biden.jpg","contentUrl":"https:\/\/www.tressis.com\/wp-content\/uploads\/2021\/01\/joe-biden.jpg","width":1100,"height":487},{"@type":"BreadcrumbList","@id":"https:\/\/www.tressis.com\/ca\/blog\/cual-sera-el-programa-economico-joe-biden\/#breadcrumb","itemListElement":[{"@type":"ListItem","position":1,"name":"Inicio","item":"https:\/\/www.tressis.com\/ca\/"},{"@type":"ListItem","position":2,"name":"\u00bfCu\u00e1l ser\u00e1 el programa econ\u00f3mico de Joe Biden?"}]},{"@type":"WebSite","@id":"https:\/\/www.tressis.com\/ca\/#website","url":"https:\/\/www.tressis.com\/ca\/","name":"Tressis banca privada","description":"Tressis | Planificaci\u00f3n financiera y gesti\u00f3n de patrimonios","publisher":{"@id":"https:\/\/www.tressis.com\/ca\/#organization"},"potentialAction":[{"@type":"SearchAction","target":{"@type":"EntryPoint","urlTemplate":"https:\/\/www.tressis.com\/ca\/?s={search_term_string}"},"query-input":{"@type":"PropertyValueSpecification","valueRequired":true,"valueName":"search_term_string"}}],"inLanguage":"ca"},{"@type":"Organization","@id":"https:\/\/www.tressis.com\/ca\/#organization","name":"Tressis","url":"https:\/\/www.tressis.com\/ca\/","logo":{"@type":"ImageObject","inLanguage":"ca","@id":"https:\/\/www.tressis.com\/ca\/#\/schema\/logo\/image\/","url":"https:\/\/www.tressis.com\/wp-content\/uploads\/2025\/06\/logo-tressis-112.png","contentUrl":"https:\/\/www.tressis.com\/wp-content\/uploads\/2025\/06\/logo-tressis-112.png","width":112,"height":112,"caption":"Tressis"},"image":{"@id":"https:\/\/www.tressis.com\/ca\/#\/schema\/logo\/image\/"},"sameAs":["https:\/\/www.facebook.com\/Tressis\/","https:\/\/x.com\/TressisSV","https:\/\/www.instagram.com\/tressissv\/?hl=es","https:\/\/linkedin.com\/company\/tressis\/","https:\/\/www.youtube.com\/user\/tressissv","https:\/\/open.spotify.com\/show\/3jmTe1Nf0wqMILl7diWV6h?si=d7112519f13c4593&nd=1"]},{"@type":"Person","@id":"https:\/\/www.tressis.com\/ca\/#\/schema\/person\/b833c1d724d8764920b6d6852c70584e","name":"Lola","image":{"@type":"ImageObject","inLanguage":"ca","@id":"https:\/\/secure.gravatar.com\/avatar\/05e646486b23ff45df9649110609c7e31b8c4a3e2821caa23d6317f405e0c51d?s=96&d=mm&r=g","url":"https:\/\/secure.gravatar.com\/avatar\/05e646486b23ff45df9649110609c7e31b8c4a3e2821caa23d6317f405e0c51d?s=96&d=mm&r=g","contentUrl":"https:\/\/secure.gravatar.com\/avatar\/05e646486b23ff45df9649110609c7e31b8c4a3e2821caa23d6317f405e0c51d?s=96&d=mm&r=g","caption":"Lola"}}]}},"_links":{"self":[{"href":"https:\/\/www.tressis.com\/ca\/wp-json\/wp\/v2\/posts\/35490","targetHints":{"allow":["GET"]}}],"collection":[{"href":"https:\/\/www.tressis.com\/ca\/wp-json\/wp\/v2\/posts"}],"about":[{"href":"https:\/\/www.tressis.com\/ca\/wp-json\/wp\/v2\/types\/post"}],"author":[{"embeddable":true,"href":"https:\/\/www.tressis.com\/ca\/wp-json\/wp\/v2\/users\/4"}],"replies":[{"embeddable":true,"href":"https:\/\/www.tressis.com\/ca\/wp-json\/wp\/v2\/comments?post=35490"}],"version-history":[{"count":0,"href":"https:\/\/www.tressis.com\/ca\/wp-json\/wp\/v2\/posts\/35490\/revisions"}],"wp:featuredmedia":[{"embeddable":true,"href":"https:\/\/www.tressis.com\/ca\/wp-json\/wp\/v2\/media\/35491"}],"wp:attachment":[{"href":"https:\/\/www.tressis.com\/ca\/wp-json\/wp\/v2\/media?parent=35490"}],"wp:term":[{"taxonomy":"category","embeddable":true,"href":"https:\/\/www.tressis.com\/ca\/wp-json\/wp\/v2\/categories?post=35490"},{"taxonomy":"post_tag","embeddable":true,"href":"https:\/\/www.tressis.com\/ca\/wp-json\/wp\/v2\/tags?post=35490"}],"curies":[{"name":"wp","href":"https:\/\/api.w.org\/{rel}","templated":true}]}}