{"id":35470,"date":"2021-01-07T10:55:47","date_gmt":"2021-01-07T09:55:47","guid":{"rendered":"http:\/\/www.tressis.com\/blog\/?p=35470"},"modified":"2021-01-07T10:55:47","modified_gmt":"2021-01-07T09:55:47","slug":"ver-para-creer","status":"publish","type":"post","link":"https:\/\/www.tressis.com\/ca\/blog\/ver-para-creer\/","title":{"rendered":"Ver para creer"},"content":{"rendered":"<p>Si bien la mayor\u00eda esper\u00e1bamos que la jornada de ayer fuera lo m\u00e1s familiar y acogedora posible dadas las fechas en las que nos encontramos, parece que finalmente \u201cse fue de las manos\u201d en otras regiones del planeta.<!--more--> Lo ocurrido en Washington, con la toma del Capitolio por parte de simpatizantes de Trump, dejaba perplejo a cualquiera que sacara un momento para ver las noticias o leer los peri\u00f3dicos. Ver para creer. Que vayan preparando Melchor, Gaspar y Baltasar carb\u00f3n para el a\u00f1o que viene, porque as\u00ed no se hacen las cosas.<\/p>\n<p>Los resultados de las elecciones celebradas en Georgia el d\u00eda 5 de enero apuntan a que definitivamente los dem\u00f3cratas se har\u00e1n con el control del Senado, tras conseguir los dos esca\u00f1os que estaban en juego. Este panorama dar\u00eda m\u00e1s poder al partido de Joe Biden del que se esperaba en un primer momento para llevar a cabo su programa electoral, en el que se enmarcan posibles subidas de impuestos y una mayor regulaci\u00f3n, entre otros aspectos. Aun as\u00ed, los mercados norteamericanos no reaccionaron mal del todo. El S&#038;P 500 terminaba con subidas del 0,57% apoy\u00e1ndose en la escalada de los sectores de corte m\u00e1s c\u00edclico como la banca, los materiales y la energ\u00eda. No obstante, s\u00ed que se produc\u00edan recortes en los valores tecnol\u00f3gicos as\u00ed como en los precios de la deuda p\u00fablica estadounidense a diez a\u00f1os, que cerraba por encima del 1% en t\u00e9rminos de rentabilidad.<\/p>\n<p>Por suerte, el rebote del <i>value<\/i> permit\u00eda al Ibex-35 marcar una de las mejores sesiones de los \u00faltimos tiempos escalando un 3,2%. Asimismo, destacaba el comportamiento de las principales referencias sobre el crudo, el Brent y el West Texas, que terminaban por encima de los 50 d\u00f3lares por barril tras el anuncio de Arabia Saud\u00ed de recortar su producci\u00f3n en los meses de febrero y marzo.<\/p>\n<p>En cuanto a los aspectos macroecon\u00f3micos, estos d\u00edas conoc\u00edamos las lecturas de ISM de manufacturas de los Estados Unidos, que se situaba en los 60,7 puntos, su nivel m\u00e1s alto desde agosto de 2018. En la eurozona, el PMI compuesto marcaba una lectura para el mes de diciembre de 49,1 puntos, el cual sigue confirmando el deterioro del sector servicios en la regi\u00f3n. Por \u00faltimo conoc\u00edamos la decisi\u00f3n de la Agencia Europea del Medicamento, que daba el visto bueno a la vacuna de Moderna, dejando ahora en manos de la Comisi\u00f3n Econ\u00f3mica su aprobaci\u00f3n para su uso de emergencia.<\/p>\n<p>Buen d\u00eda.<\/p>\n<p><center><strong>Fernando Sanz Rubio<\/strong><br \/>\nAnalista<\/center><\/p>\n","protected":false},"excerpt":{"rendered":"<p>Si bien la mayor\u00eda esper\u00e1bamos que la jornada de ayer fuera lo m\u00e1s familiar y acogedora posible dadas las fechas en las que nos encontramos, parece que finalmente \u201cse fue de las manos\u201d en otras regiones del planeta.<\/p>\n","protected":false},"author":4,"featured_media":35471,"comment_status":"open","ping_status":"closed","sticky":false,"template":"","format":"standard","meta":{"_acf_changed":false,"footnotes":""},"categories":[9721],"tags":[],"class_list":["post-35470","post","type-post","status-publish","format-standard","has-post-thumbnail","hentry","category-morning-meeting"],"acf":[],"yoast_head":"<!-- This site is optimized with the Yoast SEO plugin v27.5 - https:\/\/yoast.com\/product\/yoast-seo-wordpress\/ -->\n<title>Ver para creer<\/title>\n<meta name=\"description\" content=\"Lo ocurrido en Washington, con la toma del Capitolio por parte de simpatizantes de Trump, dejaba perplejo a cualquiera.\" \/>\n<meta name=\"robots\" content=\"index, follow, max-snippet:-1, max-image-preview:large, max-video-preview:-1\" \/>\n<link rel=\"canonical\" href=\"https:\/\/www.tressis.com\/ca\/blog\/ver-para-creer\/\" \/>\n<meta property=\"og:locale\" content=\"ca_ES\" \/>\n<meta property=\"og:type\" content=\"article\" \/>\n<meta property=\"og:title\" content=\"Ver para creer\" \/>\n<meta property=\"og:description\" content=\"Lo ocurrido en Washington, con la toma del Capitolio por parte de simpatizantes de Trump, dejaba perplejo a cualquiera.\" \/>\n<meta property=\"og:url\" content=\"https:\/\/www.tressis.com\/ca\/blog\/ver-para-creer\/\" \/>\n<meta property=\"og:site_name\" content=\"Tressis\" \/>\n<meta property=\"article:publisher\" content=\"https:\/\/www.facebook.com\/Tressis\/\" \/>\n<meta property=\"article:published_time\" content=\"2021-01-07T09:55:47+00:00\" \/>\n<meta property=\"og:image\" content=\"https:\/\/www.tressis.com\/wp-content\/uploads\/2021\/01\/ver-para-creer.jpg\" \/>\n\t<meta property=\"og:image:width\" content=\"1100\" \/>\n\t<meta property=\"og:image:height\" content=\"487\" \/>\n\t<meta property=\"og:image:type\" content=\"image\/jpeg\" \/>\n<meta name=\"author\" content=\"Lola\" \/>\n<meta name=\"twitter:card\" content=\"summary_large_image\" \/>\n<meta name=\"twitter:creator\" content=\"@TressisSV\" \/>\n<meta name=\"twitter:site\" content=\"@TressisSV\" \/>\n<meta name=\"twitter:label1\" content=\"Escrit per\" \/>\n\t<meta name=\"twitter:data1\" content=\"Lola\" \/>\n\t<meta name=\"twitter:label2\" content=\"Temps estimat de lectura\" \/>\n\t<meta name=\"twitter:data2\" content=\"2 minuts\" \/>\n<script type=\"application\/ld+json\" class=\"yoast-schema-graph\">{\"@context\":\"https:\\\/\\\/schema.org\",\"@graph\":[{\"@type\":\"Article\",\"@id\":\"https:\\\/\\\/www.tressis.com\\\/ca\\\/blog\\\/ver-para-creer\\\/#article\",\"isPartOf\":{\"@id\":\"https:\\\/\\\/www.tressis.com\\\/ca\\\/blog\\\/ver-para-creer\\\/\"},\"author\":{\"name\":\"Lola\",\"@id\":\"https:\\\/\\\/www.tressis.com\\\/ca\\\/#\\\/schema\\\/person\\\/b833c1d724d8764920b6d6852c70584e\"},\"headline\":\"Ver para creer\",\"datePublished\":\"2021-01-07T09:55:47+00:00\",\"mainEntityOfPage\":{\"@id\":\"https:\\\/\\\/www.tressis.com\\\/ca\\\/blog\\\/ver-para-creer\\\/\"},\"wordCount\":441,\"commentCount\":0,\"publisher\":{\"@id\":\"https:\\\/\\\/www.tressis.com\\\/ca\\\/#organization\"},\"image\":{\"@id\":\"https:\\\/\\\/www.tressis.com\\\/ca\\\/blog\\\/ver-para-creer\\\/#primaryimage\"},\"thumbnailUrl\":\"https:\\\/\\\/www.tressis.com\\\/wp-content\\\/uploads\\\/2021\\\/01\\\/ver-para-creer.jpg\",\"articleSection\":[\"Morning meeting\"],\"inLanguage\":\"ca\",\"potentialAction\":[{\"@type\":\"CommentAction\",\"name\":\"Comment\",\"target\":[\"https:\\\/\\\/www.tressis.com\\\/ca\\\/blog\\\/ver-para-creer\\\/#respond\"]}]},{\"@type\":\"WebPage\",\"@id\":\"https:\\\/\\\/www.tressis.com\\\/ca\\\/blog\\\/ver-para-creer\\\/\",\"url\":\"https:\\\/\\\/www.tressis.com\\\/ca\\\/blog\\\/ver-para-creer\\\/\",\"name\":\"Ver para creer\",\"isPartOf\":{\"@id\":\"https:\\\/\\\/www.tressis.com\\\/ca\\\/#website\"},\"primaryImageOfPage\":{\"@id\":\"https:\\\/\\\/www.tressis.com\\\/ca\\\/blog\\\/ver-para-creer\\\/#primaryimage\"},\"image\":{\"@id\":\"https:\\\/\\\/www.tressis.com\\\/ca\\\/blog\\\/ver-para-creer\\\/#primaryimage\"},\"thumbnailUrl\":\"https:\\\/\\\/www.tressis.com\\\/wp-content\\\/uploads\\\/2021\\\/01\\\/ver-para-creer.jpg\",\"datePublished\":\"2021-01-07T09:55:47+00:00\",\"description\":\"Lo ocurrido en Washington, con la toma del Capitolio por parte de simpatizantes de Trump, dejaba perplejo a cualquiera.\",\"breadcrumb\":{\"@id\":\"https:\\\/\\\/www.tressis.com\\\/ca\\\/blog\\\/ver-para-creer\\\/#breadcrumb\"},\"inLanguage\":\"ca\",\"potentialAction\":[{\"@type\":\"ReadAction\",\"target\":[\"https:\\\/\\\/www.tressis.com\\\/ca\\\/blog\\\/ver-para-creer\\\/\"]}]},{\"@type\":\"ImageObject\",\"inLanguage\":\"ca\",\"@id\":\"https:\\\/\\\/www.tressis.com\\\/ca\\\/blog\\\/ver-para-creer\\\/#primaryimage\",\"url\":\"https:\\\/\\\/www.tressis.com\\\/wp-content\\\/uploads\\\/2021\\\/01\\\/ver-para-creer.jpg\",\"contentUrl\":\"https:\\\/\\\/www.tressis.com\\\/wp-content\\\/uploads\\\/2021\\\/01\\\/ver-para-creer.jpg\",\"width\":1100,\"height\":487,\"caption\":\"Ver para creer\"},{\"@type\":\"BreadcrumbList\",\"@id\":\"https:\\\/\\\/www.tressis.com\\\/ca\\\/blog\\\/ver-para-creer\\\/#breadcrumb\",\"itemListElement\":[{\"@type\":\"ListItem\",\"position\":1,\"name\":\"Inicio\",\"item\":\"https:\\\/\\\/www.tressis.com\\\/ca\\\/\"},{\"@type\":\"ListItem\",\"position\":2,\"name\":\"Ver para creer\"}]},{\"@type\":\"WebSite\",\"@id\":\"https:\\\/\\\/www.tressis.com\\\/ca\\\/#website\",\"url\":\"https:\\\/\\\/www.tressis.com\\\/ca\\\/\",\"name\":\"Tressis banca privada\",\"description\":\"Tressis | Planificaci\u00f3n financiera y gesti\u00f3n de patrimonios\",\"publisher\":{\"@id\":\"https:\\\/\\\/www.tressis.com\\\/ca\\\/#organization\"},\"potentialAction\":[{\"@type\":\"SearchAction\",\"target\":{\"@type\":\"EntryPoint\",\"urlTemplate\":\"https:\\\/\\\/www.tressis.com\\\/ca\\\/?s={search_term_string}\"},\"query-input\":{\"@type\":\"PropertyValueSpecification\",\"valueRequired\":true,\"valueName\":\"search_term_string\"}}],\"inLanguage\":\"ca\"},{\"@type\":\"Organization\",\"@id\":\"https:\\\/\\\/www.tressis.com\\\/ca\\\/#organization\",\"name\":\"Tressis\",\"url\":\"https:\\\/\\\/www.tressis.com\\\/ca\\\/\",\"logo\":{\"@type\":\"ImageObject\",\"inLanguage\":\"ca\",\"@id\":\"https:\\\/\\\/www.tressis.com\\\/ca\\\/#\\\/schema\\\/logo\\\/image\\\/\",\"url\":\"https:\\\/\\\/www.tressis.com\\\/wp-content\\\/uploads\\\/2025\\\/06\\\/logo-tressis-112.png\",\"contentUrl\":\"https:\\\/\\\/www.tressis.com\\\/wp-content\\\/uploads\\\/2025\\\/06\\\/logo-tressis-112.png\",\"width\":112,\"height\":112,\"caption\":\"Tressis\"},\"image\":{\"@id\":\"https:\\\/\\\/www.tressis.com\\\/ca\\\/#\\\/schema\\\/logo\\\/image\\\/\"},\"sameAs\":[\"https:\\\/\\\/www.facebook.com\\\/Tressis\\\/\",\"https:\\\/\\\/x.com\\\/TressisSV\",\"https:\\\/\\\/www.instagram.com\\\/tressissv\\\/?hl=es\",\"https:\\\/\\\/linkedin.com\\\/company\\\/tressis\\\/\",\"https:\\\/\\\/www.youtube.com\\\/user\\\/tressissv\",\"https:\\\/\\\/open.spotify.com\\\/show\\\/3jmTe1Nf0wqMILl7diWV6h?si=d7112519f13c4593&nd=1\"]},{\"@type\":\"Person\",\"@id\":\"https:\\\/\\\/www.tressis.com\\\/ca\\\/#\\\/schema\\\/person\\\/b833c1d724d8764920b6d6852c70584e\",\"name\":\"Lola\",\"image\":{\"@type\":\"ImageObject\",\"inLanguage\":\"ca\",\"@id\":\"https:\\\/\\\/secure.gravatar.com\\\/avatar\\\/05e646486b23ff45df9649110609c7e31b8c4a3e2821caa23d6317f405e0c51d?s=96&d=mm&r=g\",\"url\":\"https:\\\/\\\/secure.gravatar.com\\\/avatar\\\/05e646486b23ff45df9649110609c7e31b8c4a3e2821caa23d6317f405e0c51d?s=96&d=mm&r=g\",\"contentUrl\":\"https:\\\/\\\/secure.gravatar.com\\\/avatar\\\/05e646486b23ff45df9649110609c7e31b8c4a3e2821caa23d6317f405e0c51d?s=96&d=mm&r=g\",\"caption\":\"Lola\"}}]}<\/script>\n<!-- \/ Yoast SEO plugin. -->","yoast_head_json":{"title":"Ver para creer","description":"Lo ocurrido en Washington, con la toma del Capitolio por parte de simpatizantes de Trump, dejaba perplejo a cualquiera.","robots":{"index":"index","follow":"follow","max-snippet":"max-snippet:-1","max-image-preview":"max-image-preview:large","max-video-preview":"max-video-preview:-1"},"canonical":"https:\/\/www.tressis.com\/ca\/blog\/ver-para-creer\/","og_locale":"ca_ES","og_type":"article","og_title":"Ver para creer","og_description":"Lo ocurrido en Washington, con la toma del Capitolio por parte de simpatizantes de Trump, dejaba perplejo a cualquiera.","og_url":"https:\/\/www.tressis.com\/ca\/blog\/ver-para-creer\/","og_site_name":"Tressis","article_publisher":"https:\/\/www.facebook.com\/Tressis\/","article_published_time":"2021-01-07T09:55:47+00:00","og_image":[{"width":1100,"height":487,"url":"https:\/\/www.tressis.com\/wp-content\/uploads\/2021\/01\/ver-para-creer.jpg","type":"image\/jpeg"}],"author":"Lola","twitter_card":"summary_large_image","twitter_creator":"@TressisSV","twitter_site":"@TressisSV","twitter_misc":{"Escrit per":"Lola","Temps estimat de lectura":"2 minuts"},"schema":{"@context":"https:\/\/schema.org","@graph":[{"@type":"Article","@id":"https:\/\/www.tressis.com\/ca\/blog\/ver-para-creer\/#article","isPartOf":{"@id":"https:\/\/www.tressis.com\/ca\/blog\/ver-para-creer\/"},"author":{"name":"Lola","@id":"https:\/\/www.tressis.com\/ca\/#\/schema\/person\/b833c1d724d8764920b6d6852c70584e"},"headline":"Ver para creer","datePublished":"2021-01-07T09:55:47+00:00","mainEntityOfPage":{"@id":"https:\/\/www.tressis.com\/ca\/blog\/ver-para-creer\/"},"wordCount":441,"commentCount":0,"publisher":{"@id":"https:\/\/www.tressis.com\/ca\/#organization"},"image":{"@id":"https:\/\/www.tressis.com\/ca\/blog\/ver-para-creer\/#primaryimage"},"thumbnailUrl":"https:\/\/www.tressis.com\/wp-content\/uploads\/2021\/01\/ver-para-creer.jpg","articleSection":["Morning meeting"],"inLanguage":"ca","potentialAction":[{"@type":"CommentAction","name":"Comment","target":["https:\/\/www.tressis.com\/ca\/blog\/ver-para-creer\/#respond"]}]},{"@type":"WebPage","@id":"https:\/\/www.tressis.com\/ca\/blog\/ver-para-creer\/","url":"https:\/\/www.tressis.com\/ca\/blog\/ver-para-creer\/","name":"Ver para creer","isPartOf":{"@id":"https:\/\/www.tressis.com\/ca\/#website"},"primaryImageOfPage":{"@id":"https:\/\/www.tressis.com\/ca\/blog\/ver-para-creer\/#primaryimage"},"image":{"@id":"https:\/\/www.tressis.com\/ca\/blog\/ver-para-creer\/#primaryimage"},"thumbnailUrl":"https:\/\/www.tressis.com\/wp-content\/uploads\/2021\/01\/ver-para-creer.jpg","datePublished":"2021-01-07T09:55:47+00:00","description":"Lo ocurrido en Washington, con la toma del Capitolio por parte de simpatizantes de Trump, dejaba perplejo a cualquiera.","breadcrumb":{"@id":"https:\/\/www.tressis.com\/ca\/blog\/ver-para-creer\/#breadcrumb"},"inLanguage":"ca","potentialAction":[{"@type":"ReadAction","target":["https:\/\/www.tressis.com\/ca\/blog\/ver-para-creer\/"]}]},{"@type":"ImageObject","inLanguage":"ca","@id":"https:\/\/www.tressis.com\/ca\/blog\/ver-para-creer\/#primaryimage","url":"https:\/\/www.tressis.com\/wp-content\/uploads\/2021\/01\/ver-para-creer.jpg","contentUrl":"https:\/\/www.tressis.com\/wp-content\/uploads\/2021\/01\/ver-para-creer.jpg","width":1100,"height":487,"caption":"Ver para creer"},{"@type":"BreadcrumbList","@id":"https:\/\/www.tressis.com\/ca\/blog\/ver-para-creer\/#breadcrumb","itemListElement":[{"@type":"ListItem","position":1,"name":"Inicio","item":"https:\/\/www.tressis.com\/ca\/"},{"@type":"ListItem","position":2,"name":"Ver para creer"}]},{"@type":"WebSite","@id":"https:\/\/www.tressis.com\/ca\/#website","url":"https:\/\/www.tressis.com\/ca\/","name":"Tressis banca privada","description":"Tressis | Planificaci\u00f3n financiera y gesti\u00f3n de patrimonios","publisher":{"@id":"https:\/\/www.tressis.com\/ca\/#organization"},"potentialAction":[{"@type":"SearchAction","target":{"@type":"EntryPoint","urlTemplate":"https:\/\/www.tressis.com\/ca\/?s={search_term_string}"},"query-input":{"@type":"PropertyValueSpecification","valueRequired":true,"valueName":"search_term_string"}}],"inLanguage":"ca"},{"@type":"Organization","@id":"https:\/\/www.tressis.com\/ca\/#organization","name":"Tressis","url":"https:\/\/www.tressis.com\/ca\/","logo":{"@type":"ImageObject","inLanguage":"ca","@id":"https:\/\/www.tressis.com\/ca\/#\/schema\/logo\/image\/","url":"https:\/\/www.tressis.com\/wp-content\/uploads\/2025\/06\/logo-tressis-112.png","contentUrl":"https:\/\/www.tressis.com\/wp-content\/uploads\/2025\/06\/logo-tressis-112.png","width":112,"height":112,"caption":"Tressis"},"image":{"@id":"https:\/\/www.tressis.com\/ca\/#\/schema\/logo\/image\/"},"sameAs":["https:\/\/www.facebook.com\/Tressis\/","https:\/\/x.com\/TressisSV","https:\/\/www.instagram.com\/tressissv\/?hl=es","https:\/\/linkedin.com\/company\/tressis\/","https:\/\/www.youtube.com\/user\/tressissv","https:\/\/open.spotify.com\/show\/3jmTe1Nf0wqMILl7diWV6h?si=d7112519f13c4593&nd=1"]},{"@type":"Person","@id":"https:\/\/www.tressis.com\/ca\/#\/schema\/person\/b833c1d724d8764920b6d6852c70584e","name":"Lola","image":{"@type":"ImageObject","inLanguage":"ca","@id":"https:\/\/secure.gravatar.com\/avatar\/05e646486b23ff45df9649110609c7e31b8c4a3e2821caa23d6317f405e0c51d?s=96&d=mm&r=g","url":"https:\/\/secure.gravatar.com\/avatar\/05e646486b23ff45df9649110609c7e31b8c4a3e2821caa23d6317f405e0c51d?s=96&d=mm&r=g","contentUrl":"https:\/\/secure.gravatar.com\/avatar\/05e646486b23ff45df9649110609c7e31b8c4a3e2821caa23d6317f405e0c51d?s=96&d=mm&r=g","caption":"Lola"}}]}},"_links":{"self":[{"href":"https:\/\/www.tressis.com\/ca\/wp-json\/wp\/v2\/posts\/35470","targetHints":{"allow":["GET"]}}],"collection":[{"href":"https:\/\/www.tressis.com\/ca\/wp-json\/wp\/v2\/posts"}],"about":[{"href":"https:\/\/www.tressis.com\/ca\/wp-json\/wp\/v2\/types\/post"}],"author":[{"embeddable":true,"href":"https:\/\/www.tressis.com\/ca\/wp-json\/wp\/v2\/users\/4"}],"replies":[{"embeddable":true,"href":"https:\/\/www.tressis.com\/ca\/wp-json\/wp\/v2\/comments?post=35470"}],"version-history":[{"count":0,"href":"https:\/\/www.tressis.com\/ca\/wp-json\/wp\/v2\/posts\/35470\/revisions"}],"wp:featuredmedia":[{"embeddable":true,"href":"https:\/\/www.tressis.com\/ca\/wp-json\/wp\/v2\/media\/35471"}],"wp:attachment":[{"href":"https:\/\/www.tressis.com\/ca\/wp-json\/wp\/v2\/media?parent=35470"}],"wp:term":[{"taxonomy":"category","embeddable":true,"href":"https:\/\/www.tressis.com\/ca\/wp-json\/wp\/v2\/categories?post=35470"},{"taxonomy":"post_tag","embeddable":true,"href":"https:\/\/www.tressis.com\/ca\/wp-json\/wp\/v2\/tags?post=35470"}],"curies":[{"name":"wp","href":"https:\/\/api.w.org\/{rel}","templated":true}]}}