{"id":35450,"date":"2020-12-30T10:54:29","date_gmt":"2020-12-30T09:54:29","guid":{"rendered":"http:\/\/www.tressis.com\/blog\/?p=35450"},"modified":"2020-12-30T10:54:29","modified_gmt":"2020-12-30T09:54:29","slug":"aprobado-acuerdo-salida-reino-unido","status":"publish","type":"post","link":"https:\/\/www.tressis.com\/ca\/blog\/aprobado-acuerdo-salida-reino-unido\/","title":{"rendered":"Aprobado el acuerdo provisional para la salida del Reino Unido"},"content":{"rendered":"<p>La jornada de ayer terminaba sin grandes movimientos en las principales plazas mundiales, algo que realmente casi agradecemos, porque ya en plenas fiestas de Navidad, cuantos menos sustos mejor.<!--more--><\/p>\n<p>De hecho, si es por algunos, ya habr\u00edamos firmado el cierre de a\u00f1o hace alg\u00fan tiempo.<\/p>\n<p>En cualquier caso, ci\u00f1\u00e9ndonos a la realidad, el mercado americano terminaba su sesi\u00f3n con ligeras p\u00e9rdidas, mientras que en Europa ve\u00edamos resultados mixtos. Quiz\u00e1s las \u00fanicas excepciones fueron el FTSE 100 brit\u00e1nico, que sub\u00eda m\u00e1s de un 1,5% por la buena trayectoria que est\u00e1n cogiendo las negociaciones sobre el <i>brexit<\/i>, y la ca\u00edda de las peque\u00f1as compa\u00f1\u00edas norteamericanas, que correg\u00edan algo a pesar del buen comportamiento que llevan en el a\u00f1o.<\/p>\n<p>En el plano pol\u00edtico norteamericano destacan las opiniones enfrentadas entre miembros del Partido Republicano sobre las ayudas directas a ciudadanos. Si bien en el Congreso ya se ha aprobado la propuesta de incrementar los cheques hasta los 2.000 d\u00f3lares por persona, el l\u00edder republicano en el Senado, Mitch McConnell, mostraba su negativa a votar dicha enmienda. Recog\u00eda as\u00ed parte de las preocupaciones crecientes que hay dentro de la agrupaci\u00f3n sobre los niveles de deuda que se est\u00e1n alcanzando en el pa\u00eds. Por otro lado, el bloque comunitario europeo aprobaba ayer de forma un\u00e1nime el acuerdo provisional para la salida del Reino Unido. Aunque todav\u00eda quedan algunos flecos que rematar, sobre todo en el \u00e1mbito financiero, hoy se espera que la ley sea aprobada en el Parlamento brit\u00e1nico y en la C\u00e1mara de los Lores. De este modo, ma\u00f1ana la Casa de Windsor podr\u00eda dar as\u00ed su consentimiento, lo que permitir\u00eda a los brit\u00e1nicos tomarse las uvas celebrando tambi\u00e9n que el periodo de transici\u00f3n para la salida haya comenzado. Seguro que esto les animar\u00eda.<\/p>\n<p>Por el lado macroecon\u00f3mico se espera una jornada de publicaciones bastante tranquila. Jornada que, adem\u00e1s, para algunas plazas ser\u00e1 ya la \u00faltima del a\u00f1o por la festividad de Nochevieja que se celebra. En cualquier caso, habr\u00e1 que estar atentos por si se produjesen movimientos de \u00faltima hora en los mercados.<\/p>\n<p>Buen d\u00eda.<\/p>\n<p><center><strong>Fernando Sanz Rubio<\/strong><br \/>\nAnalista <\/center><\/p>\n","protected":false},"excerpt":{"rendered":"<p>La jornada de ayer terminaba sin grandes movimientos en las principales plazas mundiales, algo que realmente casi agradecemos, porque ya en plenas fiestas de Navidad, cuantos menos sustos mejor.<\/p>\n","protected":false},"author":4,"featured_media":35456,"comment_status":"open","ping_status":"closed","sticky":false,"template":"","format":"standard","meta":{"_acf_changed":false,"footnotes":""},"categories":[9721],"tags":[],"class_list":["post-35450","post","type-post","status-publish","format-standard","has-post-thumbnail","hentry","category-morning-meeting"],"acf":[],"yoast_head":"<!-- This site is optimized with the Yoast SEO plugin v27.5 - https:\/\/yoast.com\/product\/yoast-seo-wordpress\/ -->\n<title>Aprobado el acuerdo provisional para la salida del Reino Unido<\/title>\n<meta name=\"description\" content=\"El bloque comunitario europeo aprobaba ayer de forma un\u00e1nime el acuerdo provisional para la salida de Reino Unido. Aunque todav\u00eda quedan algunos flecos que rematar, sobre todo en el \u00e1mbito financiero, hoy se espera que la ley sea aprobada en el parlamento brit\u00e1nico y en la C\u00e1mara de los Lores.\" \/>\n<meta name=\"robots\" content=\"index, follow, max-snippet:-1, max-image-preview:large, max-video-preview:-1\" \/>\n<link rel=\"canonical\" href=\"https:\/\/www.tressis.com\/ca\/blog\/aprobado-acuerdo-salida-reino-unido\/\" \/>\n<meta property=\"og:locale\" content=\"ca_ES\" \/>\n<meta property=\"og:type\" content=\"article\" \/>\n<meta property=\"og:title\" content=\"Aprobado el acuerdo provisional para la salida del Reino Unido\" \/>\n<meta property=\"og:description\" content=\"El bloque comunitario europeo aprobaba ayer de forma un\u00e1nime el acuerdo provisional para la salida de Reino Unido. Aunque todav\u00eda quedan algunos flecos que rematar, sobre todo en el \u00e1mbito financiero, hoy se espera que la ley sea aprobada en el parlamento brit\u00e1nico y en la C\u00e1mara de los Lores.\" \/>\n<meta property=\"og:url\" content=\"https:\/\/www.tressis.com\/ca\/blog\/aprobado-acuerdo-salida-reino-unido\/\" \/>\n<meta property=\"og:site_name\" content=\"Tressis\" \/>\n<meta property=\"article:publisher\" content=\"https:\/\/www.facebook.com\/Tressis\/\" \/>\n<meta property=\"article:published_time\" content=\"2020-12-30T09:54:29+00:00\" \/>\n<meta property=\"og:image\" content=\"https:\/\/www.tressis.com\/wp-content\/uploads\/2020\/12\/reino-unido-ue-1.jpg\" \/>\n\t<meta property=\"og:image:width\" content=\"1100\" \/>\n\t<meta property=\"og:image:height\" content=\"487\" \/>\n\t<meta property=\"og:image:type\" content=\"image\/jpeg\" \/>\n<meta name=\"author\" content=\"Lola\" \/>\n<meta name=\"twitter:card\" content=\"summary_large_image\" \/>\n<meta name=\"twitter:creator\" content=\"@TressisSV\" \/>\n<meta name=\"twitter:site\" content=\"@TressisSV\" \/>\n<meta name=\"twitter:label1\" content=\"Escrit per\" \/>\n\t<meta name=\"twitter:data1\" content=\"Lola\" \/>\n\t<meta name=\"twitter:label2\" content=\"Temps estimat de lectura\" \/>\n\t<meta name=\"twitter:data2\" content=\"2 minuts\" \/>\n<script type=\"application\/ld+json\" class=\"yoast-schema-graph\">{\"@context\":\"https:\\\/\\\/schema.org\",\"@graph\":[{\"@type\":\"Article\",\"@id\":\"https:\\\/\\\/www.tressis.com\\\/ca\\\/blog\\\/aprobado-acuerdo-salida-reino-unido\\\/#article\",\"isPartOf\":{\"@id\":\"https:\\\/\\\/www.tressis.com\\\/ca\\\/blog\\\/aprobado-acuerdo-salida-reino-unido\\\/\"},\"author\":{\"name\":\"Lola\",\"@id\":\"https:\\\/\\\/www.tressis.com\\\/ca\\\/#\\\/schema\\\/person\\\/b833c1d724d8764920b6d6852c70584e\"},\"headline\":\"Aprobado el acuerdo provisional para la salida del Reino Unido\",\"datePublished\":\"2020-12-30T09:54:29+00:00\",\"mainEntityOfPage\":{\"@id\":\"https:\\\/\\\/www.tressis.com\\\/ca\\\/blog\\\/aprobado-acuerdo-salida-reino-unido\\\/\"},\"wordCount\":391,\"commentCount\":0,\"publisher\":{\"@id\":\"https:\\\/\\\/www.tressis.com\\\/ca\\\/#organization\"},\"image\":{\"@id\":\"https:\\\/\\\/www.tressis.com\\\/ca\\\/blog\\\/aprobado-acuerdo-salida-reino-unido\\\/#primaryimage\"},\"thumbnailUrl\":\"https:\\\/\\\/www.tressis.com\\\/wp-content\\\/uploads\\\/2020\\\/12\\\/reino-unido-ue-1.jpg\",\"articleSection\":[\"Morning meeting\"],\"inLanguage\":\"ca\",\"potentialAction\":[{\"@type\":\"CommentAction\",\"name\":\"Comment\",\"target\":[\"https:\\\/\\\/www.tressis.com\\\/ca\\\/blog\\\/aprobado-acuerdo-salida-reino-unido\\\/#respond\"]}]},{\"@type\":\"WebPage\",\"@id\":\"https:\\\/\\\/www.tressis.com\\\/ca\\\/blog\\\/aprobado-acuerdo-salida-reino-unido\\\/\",\"url\":\"https:\\\/\\\/www.tressis.com\\\/ca\\\/blog\\\/aprobado-acuerdo-salida-reino-unido\\\/\",\"name\":\"Aprobado el acuerdo provisional para la salida del Reino Unido\",\"isPartOf\":{\"@id\":\"https:\\\/\\\/www.tressis.com\\\/ca\\\/#website\"},\"primaryImageOfPage\":{\"@id\":\"https:\\\/\\\/www.tressis.com\\\/ca\\\/blog\\\/aprobado-acuerdo-salida-reino-unido\\\/#primaryimage\"},\"image\":{\"@id\":\"https:\\\/\\\/www.tressis.com\\\/ca\\\/blog\\\/aprobado-acuerdo-salida-reino-unido\\\/#primaryimage\"},\"thumbnailUrl\":\"https:\\\/\\\/www.tressis.com\\\/wp-content\\\/uploads\\\/2020\\\/12\\\/reino-unido-ue-1.jpg\",\"datePublished\":\"2020-12-30T09:54:29+00:00\",\"description\":\"El bloque comunitario europeo aprobaba ayer de forma un\u00e1nime el acuerdo provisional para la salida de Reino Unido. Aunque todav\u00eda quedan algunos flecos que rematar, sobre todo en el \u00e1mbito financiero, hoy se espera que la ley sea aprobada en el parlamento brit\u00e1nico y en la C\u00e1mara de los Lores.\",\"breadcrumb\":{\"@id\":\"https:\\\/\\\/www.tressis.com\\\/ca\\\/blog\\\/aprobado-acuerdo-salida-reino-unido\\\/#breadcrumb\"},\"inLanguage\":\"ca\",\"potentialAction\":[{\"@type\":\"ReadAction\",\"target\":[\"https:\\\/\\\/www.tressis.com\\\/ca\\\/blog\\\/aprobado-acuerdo-salida-reino-unido\\\/\"]}]},{\"@type\":\"ImageObject\",\"inLanguage\":\"ca\",\"@id\":\"https:\\\/\\\/www.tressis.com\\\/ca\\\/blog\\\/aprobado-acuerdo-salida-reino-unido\\\/#primaryimage\",\"url\":\"https:\\\/\\\/www.tressis.com\\\/wp-content\\\/uploads\\\/2020\\\/12\\\/reino-unido-ue-1.jpg\",\"contentUrl\":\"https:\\\/\\\/www.tressis.com\\\/wp-content\\\/uploads\\\/2020\\\/12\\\/reino-unido-ue-1.jpg\",\"width\":1100,\"height\":487},{\"@type\":\"BreadcrumbList\",\"@id\":\"https:\\\/\\\/www.tressis.com\\\/ca\\\/blog\\\/aprobado-acuerdo-salida-reino-unido\\\/#breadcrumb\",\"itemListElement\":[{\"@type\":\"ListItem\",\"position\":1,\"name\":\"Inicio\",\"item\":\"https:\\\/\\\/www.tressis.com\\\/ca\\\/\"},{\"@type\":\"ListItem\",\"position\":2,\"name\":\"Aprobado el acuerdo provisional para la salida del Reino Unido\"}]},{\"@type\":\"WebSite\",\"@id\":\"https:\\\/\\\/www.tressis.com\\\/ca\\\/#website\",\"url\":\"https:\\\/\\\/www.tressis.com\\\/ca\\\/\",\"name\":\"Tressis banca privada\",\"description\":\"Tressis | Planificaci\u00f3n financiera y gesti\u00f3n de patrimonios\",\"publisher\":{\"@id\":\"https:\\\/\\\/www.tressis.com\\\/ca\\\/#organization\"},\"potentialAction\":[{\"@type\":\"SearchAction\",\"target\":{\"@type\":\"EntryPoint\",\"urlTemplate\":\"https:\\\/\\\/www.tressis.com\\\/ca\\\/?s={search_term_string}\"},\"query-input\":{\"@type\":\"PropertyValueSpecification\",\"valueRequired\":true,\"valueName\":\"search_term_string\"}}],\"inLanguage\":\"ca\"},{\"@type\":\"Organization\",\"@id\":\"https:\\\/\\\/www.tressis.com\\\/ca\\\/#organization\",\"name\":\"Tressis\",\"url\":\"https:\\\/\\\/www.tressis.com\\\/ca\\\/\",\"logo\":{\"@type\":\"ImageObject\",\"inLanguage\":\"ca\",\"@id\":\"https:\\\/\\\/www.tressis.com\\\/ca\\\/#\\\/schema\\\/logo\\\/image\\\/\",\"url\":\"https:\\\/\\\/www.tressis.com\\\/wp-content\\\/uploads\\\/2025\\\/06\\\/logo-tressis-112.png\",\"contentUrl\":\"https:\\\/\\\/www.tressis.com\\\/wp-content\\\/uploads\\\/2025\\\/06\\\/logo-tressis-112.png\",\"width\":112,\"height\":112,\"caption\":\"Tressis\"},\"image\":{\"@id\":\"https:\\\/\\\/www.tressis.com\\\/ca\\\/#\\\/schema\\\/logo\\\/image\\\/\"},\"sameAs\":[\"https:\\\/\\\/www.facebook.com\\\/Tressis\\\/\",\"https:\\\/\\\/x.com\\\/TressisSV\",\"https:\\\/\\\/www.instagram.com\\\/tressissv\\\/?hl=es\",\"https:\\\/\\\/linkedin.com\\\/company\\\/tressis\\\/\",\"https:\\\/\\\/www.youtube.com\\\/user\\\/tressissv\",\"https:\\\/\\\/open.spotify.com\\\/show\\\/3jmTe1Nf0wqMILl7diWV6h?si=d7112519f13c4593&nd=1\"]},{\"@type\":\"Person\",\"@id\":\"https:\\\/\\\/www.tressis.com\\\/ca\\\/#\\\/schema\\\/person\\\/b833c1d724d8764920b6d6852c70584e\",\"name\":\"Lola\",\"image\":{\"@type\":\"ImageObject\",\"inLanguage\":\"ca\",\"@id\":\"https:\\\/\\\/secure.gravatar.com\\\/avatar\\\/05e646486b23ff45df9649110609c7e31b8c4a3e2821caa23d6317f405e0c51d?s=96&d=mm&r=g\",\"url\":\"https:\\\/\\\/secure.gravatar.com\\\/avatar\\\/05e646486b23ff45df9649110609c7e31b8c4a3e2821caa23d6317f405e0c51d?s=96&d=mm&r=g\",\"contentUrl\":\"https:\\\/\\\/secure.gravatar.com\\\/avatar\\\/05e646486b23ff45df9649110609c7e31b8c4a3e2821caa23d6317f405e0c51d?s=96&d=mm&r=g\",\"caption\":\"Lola\"}}]}<\/script>\n<!-- \/ Yoast SEO plugin. -->","yoast_head_json":{"title":"Aprobado el acuerdo provisional para la salida del Reino Unido","description":"El bloque comunitario europeo aprobaba ayer de forma un\u00e1nime el acuerdo provisional para la salida de Reino Unido. Aunque todav\u00eda quedan algunos flecos que rematar, sobre todo en el \u00e1mbito financiero, hoy se espera que la ley sea aprobada en el parlamento brit\u00e1nico y en la C\u00e1mara de los Lores.","robots":{"index":"index","follow":"follow","max-snippet":"max-snippet:-1","max-image-preview":"max-image-preview:large","max-video-preview":"max-video-preview:-1"},"canonical":"https:\/\/www.tressis.com\/ca\/blog\/aprobado-acuerdo-salida-reino-unido\/","og_locale":"ca_ES","og_type":"article","og_title":"Aprobado el acuerdo provisional para la salida del Reino Unido","og_description":"El bloque comunitario europeo aprobaba ayer de forma un\u00e1nime el acuerdo provisional para la salida de Reino Unido. Aunque todav\u00eda quedan algunos flecos que rematar, sobre todo en el \u00e1mbito financiero, hoy se espera que la ley sea aprobada en el parlamento brit\u00e1nico y en la C\u00e1mara de los Lores.","og_url":"https:\/\/www.tressis.com\/ca\/blog\/aprobado-acuerdo-salida-reino-unido\/","og_site_name":"Tressis","article_publisher":"https:\/\/www.facebook.com\/Tressis\/","article_published_time":"2020-12-30T09:54:29+00:00","og_image":[{"width":1100,"height":487,"url":"https:\/\/www.tressis.com\/wp-content\/uploads\/2020\/12\/reino-unido-ue-1.jpg","type":"image\/jpeg"}],"author":"Lola","twitter_card":"summary_large_image","twitter_creator":"@TressisSV","twitter_site":"@TressisSV","twitter_misc":{"Escrit per":"Lola","Temps estimat de lectura":"2 minuts"},"schema":{"@context":"https:\/\/schema.org","@graph":[{"@type":"Article","@id":"https:\/\/www.tressis.com\/ca\/blog\/aprobado-acuerdo-salida-reino-unido\/#article","isPartOf":{"@id":"https:\/\/www.tressis.com\/ca\/blog\/aprobado-acuerdo-salida-reino-unido\/"},"author":{"name":"Lola","@id":"https:\/\/www.tressis.com\/ca\/#\/schema\/person\/b833c1d724d8764920b6d6852c70584e"},"headline":"Aprobado el acuerdo provisional para la salida del Reino Unido","datePublished":"2020-12-30T09:54:29+00:00","mainEntityOfPage":{"@id":"https:\/\/www.tressis.com\/ca\/blog\/aprobado-acuerdo-salida-reino-unido\/"},"wordCount":391,"commentCount":0,"publisher":{"@id":"https:\/\/www.tressis.com\/ca\/#organization"},"image":{"@id":"https:\/\/www.tressis.com\/ca\/blog\/aprobado-acuerdo-salida-reino-unido\/#primaryimage"},"thumbnailUrl":"https:\/\/www.tressis.com\/wp-content\/uploads\/2020\/12\/reino-unido-ue-1.jpg","articleSection":["Morning meeting"],"inLanguage":"ca","potentialAction":[{"@type":"CommentAction","name":"Comment","target":["https:\/\/www.tressis.com\/ca\/blog\/aprobado-acuerdo-salida-reino-unido\/#respond"]}]},{"@type":"WebPage","@id":"https:\/\/www.tressis.com\/ca\/blog\/aprobado-acuerdo-salida-reino-unido\/","url":"https:\/\/www.tressis.com\/ca\/blog\/aprobado-acuerdo-salida-reino-unido\/","name":"Aprobado el acuerdo provisional para la salida del Reino Unido","isPartOf":{"@id":"https:\/\/www.tressis.com\/ca\/#website"},"primaryImageOfPage":{"@id":"https:\/\/www.tressis.com\/ca\/blog\/aprobado-acuerdo-salida-reino-unido\/#primaryimage"},"image":{"@id":"https:\/\/www.tressis.com\/ca\/blog\/aprobado-acuerdo-salida-reino-unido\/#primaryimage"},"thumbnailUrl":"https:\/\/www.tressis.com\/wp-content\/uploads\/2020\/12\/reino-unido-ue-1.jpg","datePublished":"2020-12-30T09:54:29+00:00","description":"El bloque comunitario europeo aprobaba ayer de forma un\u00e1nime el acuerdo provisional para la salida de Reino Unido. Aunque todav\u00eda quedan algunos flecos que rematar, sobre todo en el \u00e1mbito financiero, hoy se espera que la ley sea aprobada en el parlamento brit\u00e1nico y en la C\u00e1mara de los Lores.","breadcrumb":{"@id":"https:\/\/www.tressis.com\/ca\/blog\/aprobado-acuerdo-salida-reino-unido\/#breadcrumb"},"inLanguage":"ca","potentialAction":[{"@type":"ReadAction","target":["https:\/\/www.tressis.com\/ca\/blog\/aprobado-acuerdo-salida-reino-unido\/"]}]},{"@type":"ImageObject","inLanguage":"ca","@id":"https:\/\/www.tressis.com\/ca\/blog\/aprobado-acuerdo-salida-reino-unido\/#primaryimage","url":"https:\/\/www.tressis.com\/wp-content\/uploads\/2020\/12\/reino-unido-ue-1.jpg","contentUrl":"https:\/\/www.tressis.com\/wp-content\/uploads\/2020\/12\/reino-unido-ue-1.jpg","width":1100,"height":487},{"@type":"BreadcrumbList","@id":"https:\/\/www.tressis.com\/ca\/blog\/aprobado-acuerdo-salida-reino-unido\/#breadcrumb","itemListElement":[{"@type":"ListItem","position":1,"name":"Inicio","item":"https:\/\/www.tressis.com\/ca\/"},{"@type":"ListItem","position":2,"name":"Aprobado el acuerdo provisional para la salida del Reino Unido"}]},{"@type":"WebSite","@id":"https:\/\/www.tressis.com\/ca\/#website","url":"https:\/\/www.tressis.com\/ca\/","name":"Tressis banca privada","description":"Tressis | Planificaci\u00f3n financiera y gesti\u00f3n de patrimonios","publisher":{"@id":"https:\/\/www.tressis.com\/ca\/#organization"},"potentialAction":[{"@type":"SearchAction","target":{"@type":"EntryPoint","urlTemplate":"https:\/\/www.tressis.com\/ca\/?s={search_term_string}"},"query-input":{"@type":"PropertyValueSpecification","valueRequired":true,"valueName":"search_term_string"}}],"inLanguage":"ca"},{"@type":"Organization","@id":"https:\/\/www.tressis.com\/ca\/#organization","name":"Tressis","url":"https:\/\/www.tressis.com\/ca\/","logo":{"@type":"ImageObject","inLanguage":"ca","@id":"https:\/\/www.tressis.com\/ca\/#\/schema\/logo\/image\/","url":"https:\/\/www.tressis.com\/wp-content\/uploads\/2025\/06\/logo-tressis-112.png","contentUrl":"https:\/\/www.tressis.com\/wp-content\/uploads\/2025\/06\/logo-tressis-112.png","width":112,"height":112,"caption":"Tressis"},"image":{"@id":"https:\/\/www.tressis.com\/ca\/#\/schema\/logo\/image\/"},"sameAs":["https:\/\/www.facebook.com\/Tressis\/","https:\/\/x.com\/TressisSV","https:\/\/www.instagram.com\/tressissv\/?hl=es","https:\/\/linkedin.com\/company\/tressis\/","https:\/\/www.youtube.com\/user\/tressissv","https:\/\/open.spotify.com\/show\/3jmTe1Nf0wqMILl7diWV6h?si=d7112519f13c4593&nd=1"]},{"@type":"Person","@id":"https:\/\/www.tressis.com\/ca\/#\/schema\/person\/b833c1d724d8764920b6d6852c70584e","name":"Lola","image":{"@type":"ImageObject","inLanguage":"ca","@id":"https:\/\/secure.gravatar.com\/avatar\/05e646486b23ff45df9649110609c7e31b8c4a3e2821caa23d6317f405e0c51d?s=96&d=mm&r=g","url":"https:\/\/secure.gravatar.com\/avatar\/05e646486b23ff45df9649110609c7e31b8c4a3e2821caa23d6317f405e0c51d?s=96&d=mm&r=g","contentUrl":"https:\/\/secure.gravatar.com\/avatar\/05e646486b23ff45df9649110609c7e31b8c4a3e2821caa23d6317f405e0c51d?s=96&d=mm&r=g","caption":"Lola"}}]}},"_links":{"self":[{"href":"https:\/\/www.tressis.com\/ca\/wp-json\/wp\/v2\/posts\/35450","targetHints":{"allow":["GET"]}}],"collection":[{"href":"https:\/\/www.tressis.com\/ca\/wp-json\/wp\/v2\/posts"}],"about":[{"href":"https:\/\/www.tressis.com\/ca\/wp-json\/wp\/v2\/types\/post"}],"author":[{"embeddable":true,"href":"https:\/\/www.tressis.com\/ca\/wp-json\/wp\/v2\/users\/4"}],"replies":[{"embeddable":true,"href":"https:\/\/www.tressis.com\/ca\/wp-json\/wp\/v2\/comments?post=35450"}],"version-history":[{"count":0,"href":"https:\/\/www.tressis.com\/ca\/wp-json\/wp\/v2\/posts\/35450\/revisions"}],"wp:featuredmedia":[{"embeddable":true,"href":"https:\/\/www.tressis.com\/ca\/wp-json\/wp\/v2\/media\/35456"}],"wp:attachment":[{"href":"https:\/\/www.tressis.com\/ca\/wp-json\/wp\/v2\/media?parent=35450"}],"wp:term":[{"taxonomy":"category","embeddable":true,"href":"https:\/\/www.tressis.com\/ca\/wp-json\/wp\/v2\/categories?post=35450"},{"taxonomy":"post_tag","embeddable":true,"href":"https:\/\/www.tressis.com\/ca\/wp-json\/wp\/v2\/tags?post=35450"}],"curies":[{"name":"wp","href":"https:\/\/api.w.org\/{rel}","templated":true}]}}