{"id":35403,"date":"2020-12-18T10:03:14","date_gmt":"2020-12-18T09:03:14","guid":{"rendered":"http:\/\/www.tressis.com\/blog\/?p=35403"},"modified":"2020-12-18T10:03:14","modified_gmt":"2020-12-18T09:03:14","slug":"tesla-en-el-sp","status":"publish","type":"post","link":"https:\/\/www.tressis.com\/ca\/blog\/tesla-en-el-sp\/","title":{"rendered":"Tesla en el S&#038;P"},"content":{"rendered":"<p>Poco a poco nos acercamos a las fechas clave para vivir el <i>rally<\/i> de Navidad.<!--more--><\/p>\n<p>Ese patr\u00f3n estacional que se suele producir entre el 20 de diciembre y el 3 de enero. Sin embargo, el rebalanceo de los grandes fondos de pensiones, <i>endowments<\/i> de las universidades y fondos de cobertura podr\u00edan tener una gran incidencia en el devenir del mercado en las dos pr\u00f3ximas semanas cuasi festivas. Una combinaci\u00f3n de reequilibrio mensual y trimestral podr\u00eda provocar una presi\u00f3n de venta cercana a los 60.000 millones de euros, tras el buen a\u00f1o de muchos activos. Otro factor relevante para las pr\u00f3ximas semanas es la incorporaci\u00f3n de Tesla al S&amp;P 500. No se incorporaba una compa\u00f1\u00eda de tanta capitalizaci\u00f3n burs\u00e1til desde la d\u00e9cada de los noventa.<\/p>\n<p>Pero antes de que eso suceda, hoy tenemos cu\u00e1druple hora bruja, ese evento que se da los terceros viernes del mes que cierra un trimestre. Es el d\u00eda en el que coincide la fecha de vencimiento de los futuros sobre \u00edndices, opciones sobre \u00edndices, futuros sobre acciones y opciones sobre acciones. Este caso es muy peculiar, ya que hay grandes sumas de dinero posicionadas en esta clase de derivados y podr\u00eda provocar un momento de gran volatilidad a lo largo del d\u00eda.<\/p>\n<p>Donde s\u00ed que hay volatilidad es en Washington: si ayer dec\u00edamos que era pr\u00e1cticamente seguro que ver\u00edamos un acuerdo sobre un nuevo plan de est\u00edmulo de 900.000 millones de d\u00f3lares, ahora parece que todo se ha ido al garete por una cl\u00e1usula que quieren incluir los republicanos. Toca volver a negociar y, como con el caso del <i>brexit<\/i>, ya pueden ponerse las pilas; los d\u00edas pasan y en dos semanas estaremos en un nuevo a\u00f1o.<\/p>\n<p>Con todo, los \u00edndices norteamericanos vuelven a cotizar en m\u00e1ximos hist\u00f3ricos, mientras la renta fija se mueve sin una direcci\u00f3n clara. En Europa, el d\u00eda fue tambi\u00e9n ligeramente positivo, aunque aqu\u00ed no podemos hablar ni de m\u00e1ximos anuales.<\/p>\n<p>Ahora que los inversores solo tienen ojos para los calendarios de vacunaci\u00f3n, la incidencia de los malos datos econ\u00f3micos que hemos ido conociendo estos d\u00edas ha sido menor. Los datos de precios no terminan de mejorar, para muestra el IPC de Jap\u00f3n, la eurozona o los precios de producci\u00f3n de Alemania que han cerrado noviembre en terreno negativo. En Estados Unidos, los datos relacionados con el sector inmobiliario nos alegraban un d\u00eda en el que conoc\u00edamos unas decepcionantes cifras de desempleo y una fuerte ca\u00edda de la encuesta de la Fed de Filadelfia.<\/p>\n<p>Buen fin de semana.<\/p>\n<p><center><strong>Jorge Gonz\u00e1lez G\u00f3mez<\/strong><br \/>\nDirector de An\u00e1lisis<\/center><\/p>\n","protected":false},"excerpt":{"rendered":"<p>Poco a poco nos acercamos a las fechas clave para vivir el rally de Navidad.<\/p>\n","protected":false},"author":4,"featured_media":35404,"comment_status":"open","ping_status":"closed","sticky":false,"template":"","format":"standard","meta":{"_acf_changed":false,"footnotes":""},"categories":[9721],"tags":[],"class_list":["post-35403","post","type-post","status-publish","format-standard","has-post-thumbnail","hentry","category-morning-meeting"],"acf":[],"yoast_head":"<!-- This site is optimized with the Yoast SEO plugin v27.5 - https:\/\/yoast.com\/product\/yoast-seo-wordpress\/ -->\n<title>Tesla en el S&amp;P<\/title>\n<meta name=\"description\" content=\"Un factor relevante para las pr\u00f3ximas semanas es la incorporaci\u00f3n de Tesla en el S&amp;P 500. No se produc\u00eda la incorporaci\u00f3n de una compa\u00f1\u00eda de tanta capitalizaci\u00f3n burs\u00e1til desde la d\u00e9cada de los noventa.\" \/>\n<meta name=\"robots\" content=\"index, follow, max-snippet:-1, max-image-preview:large, max-video-preview:-1\" \/>\n<link rel=\"canonical\" href=\"https:\/\/www.tressis.com\/ca\/blog\/tesla-en-el-sp\/\" \/>\n<meta property=\"og:locale\" content=\"ca_ES\" \/>\n<meta property=\"og:type\" content=\"article\" \/>\n<meta property=\"og:title\" content=\"Tesla en el S&amp;P\" \/>\n<meta property=\"og:description\" content=\"Un factor relevante para las pr\u00f3ximas semanas es la incorporaci\u00f3n de Tesla en el S&amp;P 500. No se produc\u00eda la incorporaci\u00f3n de una compa\u00f1\u00eda de tanta capitalizaci\u00f3n burs\u00e1til desde la d\u00e9cada de los noventa.\" \/>\n<meta property=\"og:url\" content=\"https:\/\/www.tressis.com\/ca\/blog\/tesla-en-el-sp\/\" \/>\n<meta property=\"og:site_name\" content=\"Tressis\" \/>\n<meta property=\"article:publisher\" content=\"https:\/\/www.facebook.com\/Tressis\/\" \/>\n<meta property=\"article:published_time\" content=\"2020-12-18T09:03:14+00:00\" \/>\n<meta property=\"og:image\" content=\"https:\/\/www.tressis.com\/wp-content\/uploads\/2020\/12\/tesla.jpg\" \/>\n\t<meta property=\"og:image:width\" content=\"1100\" \/>\n\t<meta property=\"og:image:height\" content=\"487\" \/>\n\t<meta property=\"og:image:type\" content=\"image\/jpeg\" \/>\n<meta name=\"author\" content=\"Lola\" \/>\n<meta name=\"twitter:card\" content=\"summary_large_image\" \/>\n<meta name=\"twitter:creator\" content=\"@TressisSV\" \/>\n<meta name=\"twitter:site\" content=\"@TressisSV\" \/>\n<meta name=\"twitter:label1\" content=\"Escrit per\" \/>\n\t<meta name=\"twitter:data1\" content=\"Lola\" \/>\n\t<meta name=\"twitter:label2\" content=\"Temps estimat de lectura\" \/>\n\t<meta name=\"twitter:data2\" content=\"2 minuts\" \/>\n<script type=\"application\/ld+json\" class=\"yoast-schema-graph\">{\"@context\":\"https:\\\/\\\/schema.org\",\"@graph\":[{\"@type\":\"Article\",\"@id\":\"https:\\\/\\\/www.tressis.com\\\/ca\\\/blog\\\/tesla-en-el-sp\\\/#article\",\"isPartOf\":{\"@id\":\"https:\\\/\\\/www.tressis.com\\\/ca\\\/blog\\\/tesla-en-el-sp\\\/\"},\"author\":{\"name\":\"Lola\",\"@id\":\"https:\\\/\\\/www.tressis.com\\\/ca\\\/#\\\/schema\\\/person\\\/b833c1d724d8764920b6d6852c70584e\"},\"headline\":\"Tesla en el S&#038;P\",\"datePublished\":\"2020-12-18T09:03:14+00:00\",\"mainEntityOfPage\":{\"@id\":\"https:\\\/\\\/www.tressis.com\\\/ca\\\/blog\\\/tesla-en-el-sp\\\/\"},\"wordCount\":466,\"commentCount\":0,\"publisher\":{\"@id\":\"https:\\\/\\\/www.tressis.com\\\/ca\\\/#organization\"},\"image\":{\"@id\":\"https:\\\/\\\/www.tressis.com\\\/ca\\\/blog\\\/tesla-en-el-sp\\\/#primaryimage\"},\"thumbnailUrl\":\"https:\\\/\\\/www.tressis.com\\\/wp-content\\\/uploads\\\/2020\\\/12\\\/tesla.jpg\",\"articleSection\":[\"Morning meeting\"],\"inLanguage\":\"ca\",\"potentialAction\":[{\"@type\":\"CommentAction\",\"name\":\"Comment\",\"target\":[\"https:\\\/\\\/www.tressis.com\\\/ca\\\/blog\\\/tesla-en-el-sp\\\/#respond\"]}]},{\"@type\":\"WebPage\",\"@id\":\"https:\\\/\\\/www.tressis.com\\\/ca\\\/blog\\\/tesla-en-el-sp\\\/\",\"url\":\"https:\\\/\\\/www.tressis.com\\\/ca\\\/blog\\\/tesla-en-el-sp\\\/\",\"name\":\"Tesla en el S&P\",\"isPartOf\":{\"@id\":\"https:\\\/\\\/www.tressis.com\\\/ca\\\/#website\"},\"primaryImageOfPage\":{\"@id\":\"https:\\\/\\\/www.tressis.com\\\/ca\\\/blog\\\/tesla-en-el-sp\\\/#primaryimage\"},\"image\":{\"@id\":\"https:\\\/\\\/www.tressis.com\\\/ca\\\/blog\\\/tesla-en-el-sp\\\/#primaryimage\"},\"thumbnailUrl\":\"https:\\\/\\\/www.tressis.com\\\/wp-content\\\/uploads\\\/2020\\\/12\\\/tesla.jpg\",\"datePublished\":\"2020-12-18T09:03:14+00:00\",\"description\":\"Un factor relevante para las pr\u00f3ximas semanas es la incorporaci\u00f3n de Tesla en el S&P 500. No se produc\u00eda la incorporaci\u00f3n de una compa\u00f1\u00eda de tanta capitalizaci\u00f3n burs\u00e1til desde la d\u00e9cada de los noventa.\",\"breadcrumb\":{\"@id\":\"https:\\\/\\\/www.tressis.com\\\/ca\\\/blog\\\/tesla-en-el-sp\\\/#breadcrumb\"},\"inLanguage\":\"ca\",\"potentialAction\":[{\"@type\":\"ReadAction\",\"target\":[\"https:\\\/\\\/www.tressis.com\\\/ca\\\/blog\\\/tesla-en-el-sp\\\/\"]}]},{\"@type\":\"ImageObject\",\"inLanguage\":\"ca\",\"@id\":\"https:\\\/\\\/www.tressis.com\\\/ca\\\/blog\\\/tesla-en-el-sp\\\/#primaryimage\",\"url\":\"https:\\\/\\\/www.tressis.com\\\/wp-content\\\/uploads\\\/2020\\\/12\\\/tesla.jpg\",\"contentUrl\":\"https:\\\/\\\/www.tressis.com\\\/wp-content\\\/uploads\\\/2020\\\/12\\\/tesla.jpg\",\"width\":1100,\"height\":487},{\"@type\":\"BreadcrumbList\",\"@id\":\"https:\\\/\\\/www.tressis.com\\\/ca\\\/blog\\\/tesla-en-el-sp\\\/#breadcrumb\",\"itemListElement\":[{\"@type\":\"ListItem\",\"position\":1,\"name\":\"Inicio\",\"item\":\"https:\\\/\\\/www.tressis.com\\\/ca\\\/\"},{\"@type\":\"ListItem\",\"position\":2,\"name\":\"Tesla en el S&#038;P\"}]},{\"@type\":\"WebSite\",\"@id\":\"https:\\\/\\\/www.tressis.com\\\/ca\\\/#website\",\"url\":\"https:\\\/\\\/www.tressis.com\\\/ca\\\/\",\"name\":\"Tressis banca privada\",\"description\":\"Tressis | Planificaci\u00f3n financiera y gesti\u00f3n de patrimonios\",\"publisher\":{\"@id\":\"https:\\\/\\\/www.tressis.com\\\/ca\\\/#organization\"},\"potentialAction\":[{\"@type\":\"SearchAction\",\"target\":{\"@type\":\"EntryPoint\",\"urlTemplate\":\"https:\\\/\\\/www.tressis.com\\\/ca\\\/?s={search_term_string}\"},\"query-input\":{\"@type\":\"PropertyValueSpecification\",\"valueRequired\":true,\"valueName\":\"search_term_string\"}}],\"inLanguage\":\"ca\"},{\"@type\":\"Organization\",\"@id\":\"https:\\\/\\\/www.tressis.com\\\/ca\\\/#organization\",\"name\":\"Tressis\",\"url\":\"https:\\\/\\\/www.tressis.com\\\/ca\\\/\",\"logo\":{\"@type\":\"ImageObject\",\"inLanguage\":\"ca\",\"@id\":\"https:\\\/\\\/www.tressis.com\\\/ca\\\/#\\\/schema\\\/logo\\\/image\\\/\",\"url\":\"https:\\\/\\\/www.tressis.com\\\/wp-content\\\/uploads\\\/2025\\\/06\\\/logo-tressis-112.png\",\"contentUrl\":\"https:\\\/\\\/www.tressis.com\\\/wp-content\\\/uploads\\\/2025\\\/06\\\/logo-tressis-112.png\",\"width\":112,\"height\":112,\"caption\":\"Tressis\"},\"image\":{\"@id\":\"https:\\\/\\\/www.tressis.com\\\/ca\\\/#\\\/schema\\\/logo\\\/image\\\/\"},\"sameAs\":[\"https:\\\/\\\/www.facebook.com\\\/Tressis\\\/\",\"https:\\\/\\\/x.com\\\/TressisSV\",\"https:\\\/\\\/www.instagram.com\\\/tressissv\\\/?hl=es\",\"https:\\\/\\\/linkedin.com\\\/company\\\/tressis\\\/\",\"https:\\\/\\\/www.youtube.com\\\/user\\\/tressissv\",\"https:\\\/\\\/open.spotify.com\\\/show\\\/3jmTe1Nf0wqMILl7diWV6h?si=d7112519f13c4593&nd=1\"]},{\"@type\":\"Person\",\"@id\":\"https:\\\/\\\/www.tressis.com\\\/ca\\\/#\\\/schema\\\/person\\\/b833c1d724d8764920b6d6852c70584e\",\"name\":\"Lola\",\"image\":{\"@type\":\"ImageObject\",\"inLanguage\":\"ca\",\"@id\":\"https:\\\/\\\/secure.gravatar.com\\\/avatar\\\/05e646486b23ff45df9649110609c7e31b8c4a3e2821caa23d6317f405e0c51d?s=96&d=mm&r=g\",\"url\":\"https:\\\/\\\/secure.gravatar.com\\\/avatar\\\/05e646486b23ff45df9649110609c7e31b8c4a3e2821caa23d6317f405e0c51d?s=96&d=mm&r=g\",\"contentUrl\":\"https:\\\/\\\/secure.gravatar.com\\\/avatar\\\/05e646486b23ff45df9649110609c7e31b8c4a3e2821caa23d6317f405e0c51d?s=96&d=mm&r=g\",\"caption\":\"Lola\"}}]}<\/script>\n<!-- \/ Yoast SEO plugin. -->","yoast_head_json":{"title":"Tesla en el S&P","description":"Un factor relevante para las pr\u00f3ximas semanas es la incorporaci\u00f3n de Tesla en el S&P 500. No se produc\u00eda la incorporaci\u00f3n de una compa\u00f1\u00eda de tanta capitalizaci\u00f3n burs\u00e1til desde la d\u00e9cada de los noventa.","robots":{"index":"index","follow":"follow","max-snippet":"max-snippet:-1","max-image-preview":"max-image-preview:large","max-video-preview":"max-video-preview:-1"},"canonical":"https:\/\/www.tressis.com\/ca\/blog\/tesla-en-el-sp\/","og_locale":"ca_ES","og_type":"article","og_title":"Tesla en el S&P","og_description":"Un factor relevante para las pr\u00f3ximas semanas es la incorporaci\u00f3n de Tesla en el S&P 500. No se produc\u00eda la incorporaci\u00f3n de una compa\u00f1\u00eda de tanta capitalizaci\u00f3n burs\u00e1til desde la d\u00e9cada de los noventa.","og_url":"https:\/\/www.tressis.com\/ca\/blog\/tesla-en-el-sp\/","og_site_name":"Tressis","article_publisher":"https:\/\/www.facebook.com\/Tressis\/","article_published_time":"2020-12-18T09:03:14+00:00","og_image":[{"width":1100,"height":487,"url":"https:\/\/www.tressis.com\/wp-content\/uploads\/2020\/12\/tesla.jpg","type":"image\/jpeg"}],"author":"Lola","twitter_card":"summary_large_image","twitter_creator":"@TressisSV","twitter_site":"@TressisSV","twitter_misc":{"Escrit per":"Lola","Temps estimat de lectura":"2 minuts"},"schema":{"@context":"https:\/\/schema.org","@graph":[{"@type":"Article","@id":"https:\/\/www.tressis.com\/ca\/blog\/tesla-en-el-sp\/#article","isPartOf":{"@id":"https:\/\/www.tressis.com\/ca\/blog\/tesla-en-el-sp\/"},"author":{"name":"Lola","@id":"https:\/\/www.tressis.com\/ca\/#\/schema\/person\/b833c1d724d8764920b6d6852c70584e"},"headline":"Tesla en el S&#038;P","datePublished":"2020-12-18T09:03:14+00:00","mainEntityOfPage":{"@id":"https:\/\/www.tressis.com\/ca\/blog\/tesla-en-el-sp\/"},"wordCount":466,"commentCount":0,"publisher":{"@id":"https:\/\/www.tressis.com\/ca\/#organization"},"image":{"@id":"https:\/\/www.tressis.com\/ca\/blog\/tesla-en-el-sp\/#primaryimage"},"thumbnailUrl":"https:\/\/www.tressis.com\/wp-content\/uploads\/2020\/12\/tesla.jpg","articleSection":["Morning meeting"],"inLanguage":"ca","potentialAction":[{"@type":"CommentAction","name":"Comment","target":["https:\/\/www.tressis.com\/ca\/blog\/tesla-en-el-sp\/#respond"]}]},{"@type":"WebPage","@id":"https:\/\/www.tressis.com\/ca\/blog\/tesla-en-el-sp\/","url":"https:\/\/www.tressis.com\/ca\/blog\/tesla-en-el-sp\/","name":"Tesla en el S&P","isPartOf":{"@id":"https:\/\/www.tressis.com\/ca\/#website"},"primaryImageOfPage":{"@id":"https:\/\/www.tressis.com\/ca\/blog\/tesla-en-el-sp\/#primaryimage"},"image":{"@id":"https:\/\/www.tressis.com\/ca\/blog\/tesla-en-el-sp\/#primaryimage"},"thumbnailUrl":"https:\/\/www.tressis.com\/wp-content\/uploads\/2020\/12\/tesla.jpg","datePublished":"2020-12-18T09:03:14+00:00","description":"Un factor relevante para las pr\u00f3ximas semanas es la incorporaci\u00f3n de Tesla en el S&P 500. No se produc\u00eda la incorporaci\u00f3n de una compa\u00f1\u00eda de tanta capitalizaci\u00f3n burs\u00e1til desde la d\u00e9cada de los noventa.","breadcrumb":{"@id":"https:\/\/www.tressis.com\/ca\/blog\/tesla-en-el-sp\/#breadcrumb"},"inLanguage":"ca","potentialAction":[{"@type":"ReadAction","target":["https:\/\/www.tressis.com\/ca\/blog\/tesla-en-el-sp\/"]}]},{"@type":"ImageObject","inLanguage":"ca","@id":"https:\/\/www.tressis.com\/ca\/blog\/tesla-en-el-sp\/#primaryimage","url":"https:\/\/www.tressis.com\/wp-content\/uploads\/2020\/12\/tesla.jpg","contentUrl":"https:\/\/www.tressis.com\/wp-content\/uploads\/2020\/12\/tesla.jpg","width":1100,"height":487},{"@type":"BreadcrumbList","@id":"https:\/\/www.tressis.com\/ca\/blog\/tesla-en-el-sp\/#breadcrumb","itemListElement":[{"@type":"ListItem","position":1,"name":"Inicio","item":"https:\/\/www.tressis.com\/ca\/"},{"@type":"ListItem","position":2,"name":"Tesla en el S&#038;P"}]},{"@type":"WebSite","@id":"https:\/\/www.tressis.com\/ca\/#website","url":"https:\/\/www.tressis.com\/ca\/","name":"Tressis banca privada","description":"Tressis | Planificaci\u00f3n financiera y gesti\u00f3n de patrimonios","publisher":{"@id":"https:\/\/www.tressis.com\/ca\/#organization"},"potentialAction":[{"@type":"SearchAction","target":{"@type":"EntryPoint","urlTemplate":"https:\/\/www.tressis.com\/ca\/?s={search_term_string}"},"query-input":{"@type":"PropertyValueSpecification","valueRequired":true,"valueName":"search_term_string"}}],"inLanguage":"ca"},{"@type":"Organization","@id":"https:\/\/www.tressis.com\/ca\/#organization","name":"Tressis","url":"https:\/\/www.tressis.com\/ca\/","logo":{"@type":"ImageObject","inLanguage":"ca","@id":"https:\/\/www.tressis.com\/ca\/#\/schema\/logo\/image\/","url":"https:\/\/www.tressis.com\/wp-content\/uploads\/2025\/06\/logo-tressis-112.png","contentUrl":"https:\/\/www.tressis.com\/wp-content\/uploads\/2025\/06\/logo-tressis-112.png","width":112,"height":112,"caption":"Tressis"},"image":{"@id":"https:\/\/www.tressis.com\/ca\/#\/schema\/logo\/image\/"},"sameAs":["https:\/\/www.facebook.com\/Tressis\/","https:\/\/x.com\/TressisSV","https:\/\/www.instagram.com\/tressissv\/?hl=es","https:\/\/linkedin.com\/company\/tressis\/","https:\/\/www.youtube.com\/user\/tressissv","https:\/\/open.spotify.com\/show\/3jmTe1Nf0wqMILl7diWV6h?si=d7112519f13c4593&nd=1"]},{"@type":"Person","@id":"https:\/\/www.tressis.com\/ca\/#\/schema\/person\/b833c1d724d8764920b6d6852c70584e","name":"Lola","image":{"@type":"ImageObject","inLanguage":"ca","@id":"https:\/\/secure.gravatar.com\/avatar\/05e646486b23ff45df9649110609c7e31b8c4a3e2821caa23d6317f405e0c51d?s=96&d=mm&r=g","url":"https:\/\/secure.gravatar.com\/avatar\/05e646486b23ff45df9649110609c7e31b8c4a3e2821caa23d6317f405e0c51d?s=96&d=mm&r=g","contentUrl":"https:\/\/secure.gravatar.com\/avatar\/05e646486b23ff45df9649110609c7e31b8c4a3e2821caa23d6317f405e0c51d?s=96&d=mm&r=g","caption":"Lola"}}]}},"_links":{"self":[{"href":"https:\/\/www.tressis.com\/ca\/wp-json\/wp\/v2\/posts\/35403","targetHints":{"allow":["GET"]}}],"collection":[{"href":"https:\/\/www.tressis.com\/ca\/wp-json\/wp\/v2\/posts"}],"about":[{"href":"https:\/\/www.tressis.com\/ca\/wp-json\/wp\/v2\/types\/post"}],"author":[{"embeddable":true,"href":"https:\/\/www.tressis.com\/ca\/wp-json\/wp\/v2\/users\/4"}],"replies":[{"embeddable":true,"href":"https:\/\/www.tressis.com\/ca\/wp-json\/wp\/v2\/comments?post=35403"}],"version-history":[{"count":0,"href":"https:\/\/www.tressis.com\/ca\/wp-json\/wp\/v2\/posts\/35403\/revisions"}],"wp:featuredmedia":[{"embeddable":true,"href":"https:\/\/www.tressis.com\/ca\/wp-json\/wp\/v2\/media\/35404"}],"wp:attachment":[{"href":"https:\/\/www.tressis.com\/ca\/wp-json\/wp\/v2\/media?parent=35403"}],"wp:term":[{"taxonomy":"category","embeddable":true,"href":"https:\/\/www.tressis.com\/ca\/wp-json\/wp\/v2\/categories?post=35403"},{"taxonomy":"post_tag","embeddable":true,"href":"https:\/\/www.tressis.com\/ca\/wp-json\/wp\/v2\/tags?post=35403"}],"curies":[{"name":"wp","href":"https:\/\/api.w.org\/{rel}","templated":true}]}}