{"id":35368,"date":"2020-12-15T10:57:27","date_gmt":"2020-12-15T09:57:27","guid":{"rendered":"http:\/\/www.tressis.com\/blog\/?p=35368"},"modified":"2020-12-15T10:57:27","modified_gmt":"2020-12-15T09:57:27","slug":"la-sola-mencion-de-que-se-confine-nueva-york-provoca-pavor","status":"publish","type":"post","link":"https:\/\/www.tressis.com\/ca\/blog\/la-sola-mencion-de-que-se-confine-nueva-york-provoca-pavor\/","title":{"rendered":"La sola menci\u00f3n de que se pueda cerrar la ciudad de Nueva York puede provocar pavor"},"content":{"rendered":"<p>Quedan alrededor de una decena de sesiones para que finalice (\u00a1s\u00ed, por favor!) este 2020 y todav\u00eda no sabemos si tendremos <i>rally<\/i> de Navidad.<!--more--><\/p>\n<p>Es probable que este fen\u00f3meno, provocado por el optimismo de las fiestas y (sobre todo) por las ganas de los gestores de mejorar sus resultados sobre la campana, este a\u00f1o quede algo descafeinado. Creo que, con lo que pod\u00eda haber sido, y me refiero a nivel mercado, podemos estar bastante satisfechos, y dir\u00eda m\u00e1s, incluso estar rogando para que acabe el a\u00f1o ya con el resultado actual.<\/p>\n<p>Ayer fue uno de esos d\u00edas en los que quiz\u00e1, si sucediese en otro momento del a\u00f1o, la reacci\u00f3n habr\u00eda sido algo m\u00e1s exagerada. Porque la sola menci\u00f3n de que se pueda cerrar la ciudad de Nueva York puede provocar pavor. Y ayer su alcalde, Bill de Blasio, advirti\u00f3 de que puede que llegue a necesitarse. Si a esto le sumamos las cada vez mayores restricciones en muchos pa\u00edses europeos, Alemania incluida, para tratar de frenar la evoluci\u00f3n de los contagios en unas fechas tan se\u00f1aladas y, tradicionalmente, con tantos reencuentros, tenemos una buena raz\u00f3n para ver los \u00edndices en n\u00fameros rojos. <\/p>\n<p>Pero por favor, \u00a1que ya casi estamos en Navidad! \u00a1que las luces festivas inundan nuestras pupilas cuando paseamos por la calle! \u00bfC\u00f3mo vamos a apretar el bot\u00f3n de venta indiscriminada? Si adem\u00e1s ah\u00ed est\u00e1n los bancos centrales, con la Reserva Federal a la cabeza, cuyos miembros del Comit\u00e9 de Mercado Abierto se re\u00fanen hoy por \u00faltima vez este a\u00f1o. Haciendo gala de mis or\u00edgenes dir\u00e9 que puede que s\u00ed ampl\u00eden sus programas de est\u00edmulos, en parte tratando de compensar la falta de acuerdo a nivel fiscal; o puede que no y se limiten a usar la dial\u00e9ctica. Como los pimientos de Padr\u00f3n, vaya.<\/p>\n<p>Finalmente debemos considerar la probabilidad de un <i>brexit<\/i> sin acuerdo. Llevamos hablando de esto, de una forma u otra, respecto a una etapa u otra, desde junio de 2016 y, a 15 d\u00edas de la ya definitiva ruptura del matrimonio, seguimos sin saber bajo qu\u00e9 condiciones se establecer\u00e1n las relaciones entre ambas regiones. No es necesario que nadie le recuerde a Boris Johnson y a Ursula von der Leyen lo perjudicial para ambos bandos de no tener un marco acordado antes de fin de a\u00f1o, pero por si acaso, ayer lo hizo el CEO de Airbus. Porque, aunque pensemos que un <i>brexit<\/i> duro no puede suceder, por el sinsentido que ser\u00eda, es como las meigas: que racionalmente no, pero haberlas, haylas.<\/p>\n<p>Buen martes.<\/p>\n<p><center><strong>M\u00aa Salom\u00e9 Bouzas Romero<\/strong><br \/>\nAnalista <\/center><\/p>\n","protected":false},"excerpt":{"rendered":"<p>Quedan alrededor de una decena de sesiones para que finalice (\u00a1s\u00ed, por favor!) este 2020 y todav\u00eda no sabemos si tendremos rally de Navidad.<\/p>\n","protected":false},"author":4,"featured_media":35369,"comment_status":"open","ping_status":"closed","sticky":false,"template":"","format":"standard","meta":{"_acf_changed":false,"footnotes":""},"categories":[9721],"tags":[],"class_list":["post-35368","post","type-post","status-publish","format-standard","has-post-thumbnail","hentry","category-morning-meeting"],"acf":[],"yoast_head":"<!-- This site is optimized with the Yoast SEO plugin v27.5 - https:\/\/yoast.com\/product\/yoast-seo-wordpress\/ -->\n<title>La sola menci\u00f3n de que se pueda cerrar la ciudad de Nueva York puede provocar pavor<\/title>\n<meta name=\"description\" content=\"Si a esto le sumamos las cada vez mayores restricciones en muchos pa\u00edses europeos, Alemania incluida, para tratar de frenar la evoluci\u00f3n de los contagios en unas fechas tan se\u00f1aladas y, tradicionalmente, con tantos reencuentros, tenemos una buena raz\u00f3n para ver los \u00edndices en n\u00fameros rojos.\" \/>\n<meta name=\"robots\" content=\"index, follow, max-snippet:-1, max-image-preview:large, max-video-preview:-1\" \/>\n<link rel=\"canonical\" href=\"https:\/\/www.tressis.com\/ca\/blog\/la-sola-mencion-de-que-se-confine-nueva-york-provoca-pavor\/\" \/>\n<meta property=\"og:locale\" content=\"ca_ES\" \/>\n<meta property=\"og:type\" content=\"article\" \/>\n<meta property=\"og:title\" content=\"La sola menci\u00f3n de que se pueda cerrar la ciudad de Nueva York puede provocar pavor\" \/>\n<meta property=\"og:description\" content=\"Si a esto le sumamos las cada vez mayores restricciones en muchos pa\u00edses europeos, Alemania incluida, para tratar de frenar la evoluci\u00f3n de los contagios en unas fechas tan se\u00f1aladas y, tradicionalmente, con tantos reencuentros, tenemos una buena raz\u00f3n para ver los \u00edndices en n\u00fameros rojos.\" \/>\n<meta property=\"og:url\" content=\"https:\/\/www.tressis.com\/ca\/blog\/la-sola-mencion-de-que-se-confine-nueva-york-provoca-pavor\/\" \/>\n<meta property=\"og:site_name\" content=\"Tressis\" \/>\n<meta property=\"article:publisher\" content=\"https:\/\/www.facebook.com\/Tressis\/\" \/>\n<meta property=\"article:published_time\" content=\"2020-12-15T09:57:27+00:00\" \/>\n<meta property=\"og:image\" content=\"https:\/\/www.tressis.com\/wp-content\/uploads\/2020\/12\/nueva-york-confinada.jpg\" \/>\n\t<meta property=\"og:image:width\" content=\"1100\" \/>\n\t<meta property=\"og:image:height\" content=\"487\" \/>\n\t<meta property=\"og:image:type\" content=\"image\/jpeg\" \/>\n<meta name=\"author\" content=\"Lola\" \/>\n<meta name=\"twitter:card\" content=\"summary_large_image\" \/>\n<meta name=\"twitter:creator\" content=\"@TressisSV\" \/>\n<meta name=\"twitter:site\" content=\"@TressisSV\" \/>\n<meta name=\"twitter:label1\" content=\"Escrit per\" \/>\n\t<meta name=\"twitter:data1\" content=\"Lola\" \/>\n\t<meta name=\"twitter:label2\" content=\"Temps estimat de lectura\" \/>\n\t<meta name=\"twitter:data2\" content=\"2 minuts\" \/>\n<script type=\"application\/ld+json\" class=\"yoast-schema-graph\">{\"@context\":\"https:\\\/\\\/schema.org\",\"@graph\":[{\"@type\":\"Article\",\"@id\":\"https:\\\/\\\/www.tressis.com\\\/ca\\\/blog\\\/la-sola-mencion-de-que-se-confine-nueva-york-provoca-pavor\\\/#article\",\"isPartOf\":{\"@id\":\"https:\\\/\\\/www.tressis.com\\\/ca\\\/blog\\\/la-sola-mencion-de-que-se-confine-nueva-york-provoca-pavor\\\/\"},\"author\":{\"name\":\"Lola\",\"@id\":\"https:\\\/\\\/www.tressis.com\\\/ca\\\/#\\\/schema\\\/person\\\/b833c1d724d8764920b6d6852c70584e\"},\"headline\":\"La sola menci\u00f3n de que se pueda cerrar la ciudad de Nueva York puede provocar pavor\",\"datePublished\":\"2020-12-15T09:57:27+00:00\",\"mainEntityOfPage\":{\"@id\":\"https:\\\/\\\/www.tressis.com\\\/ca\\\/blog\\\/la-sola-mencion-de-que-se-confine-nueva-york-provoca-pavor\\\/\"},\"wordCount\":471,\"commentCount\":0,\"publisher\":{\"@id\":\"https:\\\/\\\/www.tressis.com\\\/ca\\\/#organization\"},\"image\":{\"@id\":\"https:\\\/\\\/www.tressis.com\\\/ca\\\/blog\\\/la-sola-mencion-de-que-se-confine-nueva-york-provoca-pavor\\\/#primaryimage\"},\"thumbnailUrl\":\"https:\\\/\\\/www.tressis.com\\\/wp-content\\\/uploads\\\/2020\\\/12\\\/nueva-york-confinada.jpg\",\"articleSection\":[\"Morning meeting\"],\"inLanguage\":\"ca\",\"potentialAction\":[{\"@type\":\"CommentAction\",\"name\":\"Comment\",\"target\":[\"https:\\\/\\\/www.tressis.com\\\/ca\\\/blog\\\/la-sola-mencion-de-que-se-confine-nueva-york-provoca-pavor\\\/#respond\"]}]},{\"@type\":\"WebPage\",\"@id\":\"https:\\\/\\\/www.tressis.com\\\/ca\\\/blog\\\/la-sola-mencion-de-que-se-confine-nueva-york-provoca-pavor\\\/\",\"url\":\"https:\\\/\\\/www.tressis.com\\\/ca\\\/blog\\\/la-sola-mencion-de-que-se-confine-nueva-york-provoca-pavor\\\/\",\"name\":\"La sola menci\u00f3n de que se pueda cerrar la ciudad de Nueva York puede provocar pavor\",\"isPartOf\":{\"@id\":\"https:\\\/\\\/www.tressis.com\\\/ca\\\/#website\"},\"primaryImageOfPage\":{\"@id\":\"https:\\\/\\\/www.tressis.com\\\/ca\\\/blog\\\/la-sola-mencion-de-que-se-confine-nueva-york-provoca-pavor\\\/#primaryimage\"},\"image\":{\"@id\":\"https:\\\/\\\/www.tressis.com\\\/ca\\\/blog\\\/la-sola-mencion-de-que-se-confine-nueva-york-provoca-pavor\\\/#primaryimage\"},\"thumbnailUrl\":\"https:\\\/\\\/www.tressis.com\\\/wp-content\\\/uploads\\\/2020\\\/12\\\/nueva-york-confinada.jpg\",\"datePublished\":\"2020-12-15T09:57:27+00:00\",\"description\":\"Si a esto le sumamos las cada vez mayores restricciones en muchos pa\u00edses europeos, Alemania incluida, para tratar de frenar la evoluci\u00f3n de los contagios en unas fechas tan se\u00f1aladas y, tradicionalmente, con tantos reencuentros, tenemos una buena raz\u00f3n para ver los \u00edndices en n\u00fameros rojos.\",\"breadcrumb\":{\"@id\":\"https:\\\/\\\/www.tressis.com\\\/ca\\\/blog\\\/la-sola-mencion-de-que-se-confine-nueva-york-provoca-pavor\\\/#breadcrumb\"},\"inLanguage\":\"ca\",\"potentialAction\":[{\"@type\":\"ReadAction\",\"target\":[\"https:\\\/\\\/www.tressis.com\\\/ca\\\/blog\\\/la-sola-mencion-de-que-se-confine-nueva-york-provoca-pavor\\\/\"]}]},{\"@type\":\"ImageObject\",\"inLanguage\":\"ca\",\"@id\":\"https:\\\/\\\/www.tressis.com\\\/ca\\\/blog\\\/la-sola-mencion-de-que-se-confine-nueva-york-provoca-pavor\\\/#primaryimage\",\"url\":\"https:\\\/\\\/www.tressis.com\\\/wp-content\\\/uploads\\\/2020\\\/12\\\/nueva-york-confinada.jpg\",\"contentUrl\":\"https:\\\/\\\/www.tressis.com\\\/wp-content\\\/uploads\\\/2020\\\/12\\\/nueva-york-confinada.jpg\",\"width\":1100,\"height\":487},{\"@type\":\"BreadcrumbList\",\"@id\":\"https:\\\/\\\/www.tressis.com\\\/ca\\\/blog\\\/la-sola-mencion-de-que-se-confine-nueva-york-provoca-pavor\\\/#breadcrumb\",\"itemListElement\":[{\"@type\":\"ListItem\",\"position\":1,\"name\":\"Inicio\",\"item\":\"https:\\\/\\\/www.tressis.com\\\/ca\\\/\"},{\"@type\":\"ListItem\",\"position\":2,\"name\":\"La sola menci\u00f3n de que se pueda cerrar la ciudad de Nueva York puede provocar pavor\"}]},{\"@type\":\"WebSite\",\"@id\":\"https:\\\/\\\/www.tressis.com\\\/ca\\\/#website\",\"url\":\"https:\\\/\\\/www.tressis.com\\\/ca\\\/\",\"name\":\"Tressis banca privada\",\"description\":\"Tressis | Planificaci\u00f3n financiera y gesti\u00f3n de patrimonios\",\"publisher\":{\"@id\":\"https:\\\/\\\/www.tressis.com\\\/ca\\\/#organization\"},\"potentialAction\":[{\"@type\":\"SearchAction\",\"target\":{\"@type\":\"EntryPoint\",\"urlTemplate\":\"https:\\\/\\\/www.tressis.com\\\/ca\\\/?s={search_term_string}\"},\"query-input\":{\"@type\":\"PropertyValueSpecification\",\"valueRequired\":true,\"valueName\":\"search_term_string\"}}],\"inLanguage\":\"ca\"},{\"@type\":\"Organization\",\"@id\":\"https:\\\/\\\/www.tressis.com\\\/ca\\\/#organization\",\"name\":\"Tressis\",\"url\":\"https:\\\/\\\/www.tressis.com\\\/ca\\\/\",\"logo\":{\"@type\":\"ImageObject\",\"inLanguage\":\"ca\",\"@id\":\"https:\\\/\\\/www.tressis.com\\\/ca\\\/#\\\/schema\\\/logo\\\/image\\\/\",\"url\":\"https:\\\/\\\/www.tressis.com\\\/wp-content\\\/uploads\\\/2025\\\/06\\\/logo-tressis-112.png\",\"contentUrl\":\"https:\\\/\\\/www.tressis.com\\\/wp-content\\\/uploads\\\/2025\\\/06\\\/logo-tressis-112.png\",\"width\":112,\"height\":112,\"caption\":\"Tressis\"},\"image\":{\"@id\":\"https:\\\/\\\/www.tressis.com\\\/ca\\\/#\\\/schema\\\/logo\\\/image\\\/\"},\"sameAs\":[\"https:\\\/\\\/www.facebook.com\\\/Tressis\\\/\",\"https:\\\/\\\/x.com\\\/TressisSV\",\"https:\\\/\\\/www.instagram.com\\\/tressissv\\\/?hl=es\",\"https:\\\/\\\/linkedin.com\\\/company\\\/tressis\\\/\",\"https:\\\/\\\/www.youtube.com\\\/user\\\/tressissv\",\"https:\\\/\\\/open.spotify.com\\\/show\\\/3jmTe1Nf0wqMILl7diWV6h?si=d7112519f13c4593&nd=1\"]},{\"@type\":\"Person\",\"@id\":\"https:\\\/\\\/www.tressis.com\\\/ca\\\/#\\\/schema\\\/person\\\/b833c1d724d8764920b6d6852c70584e\",\"name\":\"Lola\",\"image\":{\"@type\":\"ImageObject\",\"inLanguage\":\"ca\",\"@id\":\"https:\\\/\\\/secure.gravatar.com\\\/avatar\\\/05e646486b23ff45df9649110609c7e31b8c4a3e2821caa23d6317f405e0c51d?s=96&d=mm&r=g\",\"url\":\"https:\\\/\\\/secure.gravatar.com\\\/avatar\\\/05e646486b23ff45df9649110609c7e31b8c4a3e2821caa23d6317f405e0c51d?s=96&d=mm&r=g\",\"contentUrl\":\"https:\\\/\\\/secure.gravatar.com\\\/avatar\\\/05e646486b23ff45df9649110609c7e31b8c4a3e2821caa23d6317f405e0c51d?s=96&d=mm&r=g\",\"caption\":\"Lola\"}}]}<\/script>\n<!-- \/ Yoast SEO plugin. -->","yoast_head_json":{"title":"La sola menci\u00f3n de que se pueda cerrar la ciudad de Nueva York puede provocar pavor","description":"Si a esto le sumamos las cada vez mayores restricciones en muchos pa\u00edses europeos, Alemania incluida, para tratar de frenar la evoluci\u00f3n de los contagios en unas fechas tan se\u00f1aladas y, tradicionalmente, con tantos reencuentros, tenemos una buena raz\u00f3n para ver los \u00edndices en n\u00fameros rojos.","robots":{"index":"index","follow":"follow","max-snippet":"max-snippet:-1","max-image-preview":"max-image-preview:large","max-video-preview":"max-video-preview:-1"},"canonical":"https:\/\/www.tressis.com\/ca\/blog\/la-sola-mencion-de-que-se-confine-nueva-york-provoca-pavor\/","og_locale":"ca_ES","og_type":"article","og_title":"La sola menci\u00f3n de que se pueda cerrar la ciudad de Nueva York puede provocar pavor","og_description":"Si a esto le sumamos las cada vez mayores restricciones en muchos pa\u00edses europeos, Alemania incluida, para tratar de frenar la evoluci\u00f3n de los contagios en unas fechas tan se\u00f1aladas y, tradicionalmente, con tantos reencuentros, tenemos una buena raz\u00f3n para ver los \u00edndices en n\u00fameros rojos.","og_url":"https:\/\/www.tressis.com\/ca\/blog\/la-sola-mencion-de-que-se-confine-nueva-york-provoca-pavor\/","og_site_name":"Tressis","article_publisher":"https:\/\/www.facebook.com\/Tressis\/","article_published_time":"2020-12-15T09:57:27+00:00","og_image":[{"width":1100,"height":487,"url":"https:\/\/www.tressis.com\/wp-content\/uploads\/2020\/12\/nueva-york-confinada.jpg","type":"image\/jpeg"}],"author":"Lola","twitter_card":"summary_large_image","twitter_creator":"@TressisSV","twitter_site":"@TressisSV","twitter_misc":{"Escrit per":"Lola","Temps estimat de lectura":"2 minuts"},"schema":{"@context":"https:\/\/schema.org","@graph":[{"@type":"Article","@id":"https:\/\/www.tressis.com\/ca\/blog\/la-sola-mencion-de-que-se-confine-nueva-york-provoca-pavor\/#article","isPartOf":{"@id":"https:\/\/www.tressis.com\/ca\/blog\/la-sola-mencion-de-que-se-confine-nueva-york-provoca-pavor\/"},"author":{"name":"Lola","@id":"https:\/\/www.tressis.com\/ca\/#\/schema\/person\/b833c1d724d8764920b6d6852c70584e"},"headline":"La sola menci\u00f3n de que se pueda cerrar la ciudad de Nueva York puede provocar pavor","datePublished":"2020-12-15T09:57:27+00:00","mainEntityOfPage":{"@id":"https:\/\/www.tressis.com\/ca\/blog\/la-sola-mencion-de-que-se-confine-nueva-york-provoca-pavor\/"},"wordCount":471,"commentCount":0,"publisher":{"@id":"https:\/\/www.tressis.com\/ca\/#organization"},"image":{"@id":"https:\/\/www.tressis.com\/ca\/blog\/la-sola-mencion-de-que-se-confine-nueva-york-provoca-pavor\/#primaryimage"},"thumbnailUrl":"https:\/\/www.tressis.com\/wp-content\/uploads\/2020\/12\/nueva-york-confinada.jpg","articleSection":["Morning meeting"],"inLanguage":"ca","potentialAction":[{"@type":"CommentAction","name":"Comment","target":["https:\/\/www.tressis.com\/ca\/blog\/la-sola-mencion-de-que-se-confine-nueva-york-provoca-pavor\/#respond"]}]},{"@type":"WebPage","@id":"https:\/\/www.tressis.com\/ca\/blog\/la-sola-mencion-de-que-se-confine-nueva-york-provoca-pavor\/","url":"https:\/\/www.tressis.com\/ca\/blog\/la-sola-mencion-de-que-se-confine-nueva-york-provoca-pavor\/","name":"La sola menci\u00f3n de que se pueda cerrar la ciudad de Nueva York puede provocar pavor","isPartOf":{"@id":"https:\/\/www.tressis.com\/ca\/#website"},"primaryImageOfPage":{"@id":"https:\/\/www.tressis.com\/ca\/blog\/la-sola-mencion-de-que-se-confine-nueva-york-provoca-pavor\/#primaryimage"},"image":{"@id":"https:\/\/www.tressis.com\/ca\/blog\/la-sola-mencion-de-que-se-confine-nueva-york-provoca-pavor\/#primaryimage"},"thumbnailUrl":"https:\/\/www.tressis.com\/wp-content\/uploads\/2020\/12\/nueva-york-confinada.jpg","datePublished":"2020-12-15T09:57:27+00:00","description":"Si a esto le sumamos las cada vez mayores restricciones en muchos pa\u00edses europeos, Alemania incluida, para tratar de frenar la evoluci\u00f3n de los contagios en unas fechas tan se\u00f1aladas y, tradicionalmente, con tantos reencuentros, tenemos una buena raz\u00f3n para ver los \u00edndices en n\u00fameros rojos.","breadcrumb":{"@id":"https:\/\/www.tressis.com\/ca\/blog\/la-sola-mencion-de-que-se-confine-nueva-york-provoca-pavor\/#breadcrumb"},"inLanguage":"ca","potentialAction":[{"@type":"ReadAction","target":["https:\/\/www.tressis.com\/ca\/blog\/la-sola-mencion-de-que-se-confine-nueva-york-provoca-pavor\/"]}]},{"@type":"ImageObject","inLanguage":"ca","@id":"https:\/\/www.tressis.com\/ca\/blog\/la-sola-mencion-de-que-se-confine-nueva-york-provoca-pavor\/#primaryimage","url":"https:\/\/www.tressis.com\/wp-content\/uploads\/2020\/12\/nueva-york-confinada.jpg","contentUrl":"https:\/\/www.tressis.com\/wp-content\/uploads\/2020\/12\/nueva-york-confinada.jpg","width":1100,"height":487},{"@type":"BreadcrumbList","@id":"https:\/\/www.tressis.com\/ca\/blog\/la-sola-mencion-de-que-se-confine-nueva-york-provoca-pavor\/#breadcrumb","itemListElement":[{"@type":"ListItem","position":1,"name":"Inicio","item":"https:\/\/www.tressis.com\/ca\/"},{"@type":"ListItem","position":2,"name":"La sola menci\u00f3n de que se pueda cerrar la ciudad de Nueva York puede provocar pavor"}]},{"@type":"WebSite","@id":"https:\/\/www.tressis.com\/ca\/#website","url":"https:\/\/www.tressis.com\/ca\/","name":"Tressis banca privada","description":"Tressis | Planificaci\u00f3n financiera y gesti\u00f3n de patrimonios","publisher":{"@id":"https:\/\/www.tressis.com\/ca\/#organization"},"potentialAction":[{"@type":"SearchAction","target":{"@type":"EntryPoint","urlTemplate":"https:\/\/www.tressis.com\/ca\/?s={search_term_string}"},"query-input":{"@type":"PropertyValueSpecification","valueRequired":true,"valueName":"search_term_string"}}],"inLanguage":"ca"},{"@type":"Organization","@id":"https:\/\/www.tressis.com\/ca\/#organization","name":"Tressis","url":"https:\/\/www.tressis.com\/ca\/","logo":{"@type":"ImageObject","inLanguage":"ca","@id":"https:\/\/www.tressis.com\/ca\/#\/schema\/logo\/image\/","url":"https:\/\/www.tressis.com\/wp-content\/uploads\/2025\/06\/logo-tressis-112.png","contentUrl":"https:\/\/www.tressis.com\/wp-content\/uploads\/2025\/06\/logo-tressis-112.png","width":112,"height":112,"caption":"Tressis"},"image":{"@id":"https:\/\/www.tressis.com\/ca\/#\/schema\/logo\/image\/"},"sameAs":["https:\/\/www.facebook.com\/Tressis\/","https:\/\/x.com\/TressisSV","https:\/\/www.instagram.com\/tressissv\/?hl=es","https:\/\/linkedin.com\/company\/tressis\/","https:\/\/www.youtube.com\/user\/tressissv","https:\/\/open.spotify.com\/show\/3jmTe1Nf0wqMILl7diWV6h?si=d7112519f13c4593&nd=1"]},{"@type":"Person","@id":"https:\/\/www.tressis.com\/ca\/#\/schema\/person\/b833c1d724d8764920b6d6852c70584e","name":"Lola","image":{"@type":"ImageObject","inLanguage":"ca","@id":"https:\/\/secure.gravatar.com\/avatar\/05e646486b23ff45df9649110609c7e31b8c4a3e2821caa23d6317f405e0c51d?s=96&d=mm&r=g","url":"https:\/\/secure.gravatar.com\/avatar\/05e646486b23ff45df9649110609c7e31b8c4a3e2821caa23d6317f405e0c51d?s=96&d=mm&r=g","contentUrl":"https:\/\/secure.gravatar.com\/avatar\/05e646486b23ff45df9649110609c7e31b8c4a3e2821caa23d6317f405e0c51d?s=96&d=mm&r=g","caption":"Lola"}}]}},"_links":{"self":[{"href":"https:\/\/www.tressis.com\/ca\/wp-json\/wp\/v2\/posts\/35368","targetHints":{"allow":["GET"]}}],"collection":[{"href":"https:\/\/www.tressis.com\/ca\/wp-json\/wp\/v2\/posts"}],"about":[{"href":"https:\/\/www.tressis.com\/ca\/wp-json\/wp\/v2\/types\/post"}],"author":[{"embeddable":true,"href":"https:\/\/www.tressis.com\/ca\/wp-json\/wp\/v2\/users\/4"}],"replies":[{"embeddable":true,"href":"https:\/\/www.tressis.com\/ca\/wp-json\/wp\/v2\/comments?post=35368"}],"version-history":[{"count":0,"href":"https:\/\/www.tressis.com\/ca\/wp-json\/wp\/v2\/posts\/35368\/revisions"}],"wp:featuredmedia":[{"embeddable":true,"href":"https:\/\/www.tressis.com\/ca\/wp-json\/wp\/v2\/media\/35369"}],"wp:attachment":[{"href":"https:\/\/www.tressis.com\/ca\/wp-json\/wp\/v2\/media?parent=35368"}],"wp:term":[{"taxonomy":"category","embeddable":true,"href":"https:\/\/www.tressis.com\/ca\/wp-json\/wp\/v2\/categories?post=35368"},{"taxonomy":"post_tag","embeddable":true,"href":"https:\/\/www.tressis.com\/ca\/wp-json\/wp\/v2\/tags?post=35368"}],"curies":[{"name":"wp","href":"https:\/\/api.w.org\/{rel}","templated":true}]}}