{"id":35355,"date":"2020-12-11T10:54:45","date_gmt":"2020-12-11T09:54:45","guid":{"rendered":"http:\/\/www.tressis.com\/blog\/?p=35355"},"modified":"2020-12-11T10:54:45","modified_gmt":"2020-12-11T09:54:45","slug":"comprar-con-el-rumor-y-vender-con-la-noticia","status":"publish","type":"post","link":"https:\/\/www.tressis.com\/ca\/blog\/comprar-con-el-rumor-y-vender-con-la-noticia\/","title":{"rendered":"comprar con el rumor y vender con la noticia"},"content":{"rendered":"<p>Las noticias positivas se acumulaban durante el d\u00eda de ayer, pero ya sabemos el dicho de comprar con el rumor y vender con la noticia.<!--more--> Eso debieron de pensar los participantes de mercado durante la jornada, ya que tanto los mercados de renta fija como los de renta variable registraban un d\u00eda mixto tirando a negativo.<\/p>\n<p>El BCE anunci\u00f3 un aumento de 500.000 millones euros del programa de compras de emergencia pand\u00e9mica (PEPP), as\u00ed como una pr\u00f3rroga de nueve meses en su programa de compra de bonos.  Ambas medidas fueron bien recibidas por los inversores, aunque su impacto fue m\u00e1s bien pobre, dado que llevan meses descontadas. De hecho, la rentabilidad exigida al <i>bund<\/i> alem\u00e1n (bono a 10 a\u00f1os) aument\u00f3 ligeramente y la curva cog\u00eda algo de pendiente. Adem\u00e1s, la entidad monetaria aprob\u00f3 nuevas condiciones de los pr\u00e9stamos a largo plazo (TLTRO-III), con nuevas subastas, ampliando porcentaje de pr\u00e9stamos del 50% al 55% del total de cr\u00e9ditos elegibles y suavizando las condiciones de los colaterales. Asimismo, tendremos cuatro nuevos programas de PELTRO (procedimientos de subasta a tipo de inter\u00e9s fijo con adjudicaci\u00f3n plena) en 2021. Uno ya se pierde con las iniciales y los diferentes planes de inyecci\u00f3n de liquidez, pero el resumen bien podr\u00eda ser: m\u00e1s dinero para los bancos. <\/p>\n<p>Simult\u00e1neamente, los l\u00edderes de la Uni\u00f3n Europea lograron desbloquear su plan de recuperaci\u00f3n tras la pandemia de coronavirus al llegar a un compromiso con Hungr\u00eda y Polonia para que levanten el veto que manten\u00edan. Con el visto bueno al est\u00edmulo fiscal de casi dos billones de euros ya solo nos queda conseguir llegar a un acuerdo para el <i>brexit<\/i>.<\/p>\n<p>Por su parte, en Estados Unidos, el ruido de las negociaciones fiscales volvi\u00f3 a azotar los mercados. Sin est\u00edmulo, aumentan las opciones de que el comit\u00e9 de la Reserva Federal, que se re\u00fane la pr\u00f3xima semana, ampl\u00ede la duraci\u00f3n de sus compras de activos. La anticipaci\u00f3n de esa acci\u00f3n, o incluso el mero rumor de que puede tener lugar, debe evitar que la curva siga cogiendo pendiente. El problema en el horizonte de los mercados de renta fija es el futuro desequilibrio entre oferta y demanda de <i>treasuries<\/i>. El gobierno federal deber\u00eda intentar contener las emisiones en 2021, ya que las compras de la Fed \u201c\u00fanicamente\u201d supondr\u00e1n un tercio de la emisi\u00f3n neta y es dif\u00edcil pensar que los inversores internacionales cubran este diferencial en un entorno de depreciaci\u00f3n de la divisa verde.<\/p>\n<p>Otras noticias de la jornada fueron el magn\u00edfico estreno burs\u00e1til de Airbnb y la recomendaci\u00f3n de la Agencia del Medicamento de EE.UU. de aprobar la vacuna de Pfizer. Esta \u00faltima noticia fue especialmente dif\u00edcil de conseguir, ya que tras m\u00e1s de diez horas de reuni\u00f3n el comit\u00e9 no consigui\u00f3 aprobarlo por unanimidad. Adem\u00e1s, no es vinculante y no significa que la vacuna haya recibido luz verde para empezar a administrarse al otro lado del Atl\u00e1ntico.<\/p>\n<p>Por \u00faltimo, d\u00eda de pocas novedades en el terreno econ\u00f3mico. Los IPC se mantienen alejados de los objetivos de los diferentes bancos centrales y no hay signos de que vayamos a ver una recuperaci\u00f3n pr\u00f3ximamente, ayudando a los organismos a mantener su pol\u00edtica ultraacomodaticia.<\/p>\n<p>Buen fin de semana.<\/p>\n<p><center><strong>Jorge Gonz\u00e1lez G\u00f3mez<\/strong><br \/>\nDirector de An\u00e1lisis<\/center><\/p>\n","protected":false},"excerpt":{"rendered":"<p>Las noticias positivas se acumulaban durante el d\u00eda de ayer, pero ya sabemos el dicho de comprar con el rumor y vender con la noticia.<\/p>\n","protected":false},"author":4,"featured_media":35357,"comment_status":"open","ping_status":"closed","sticky":false,"template":"","format":"standard","meta":{"_acf_changed":false,"footnotes":""},"categories":[9721],"tags":[],"class_list":["post-35355","post","type-post","status-publish","format-standard","has-post-thumbnail","hentry","category-morning-meeting"],"acf":[],"yoast_head":"<!-- This site is optimized with the Yoast SEO plugin v27.5 - https:\/\/yoast.com\/product\/yoast-seo-wordpress\/ -->\n<title>comprar con el rumor y vender con la noticia<\/title>\n<meta name=\"description\" content=\"Ayer, los mercados de renta fija como los de renta variable registraban un d\u00eda mixto tirando a negativo.\" \/>\n<meta name=\"robots\" content=\"index, follow, max-snippet:-1, max-image-preview:large, max-video-preview:-1\" \/>\n<link rel=\"canonical\" href=\"https:\/\/www.tressis.com\/ca\/blog\/comprar-con-el-rumor-y-vender-con-la-noticia\/\" \/>\n<meta property=\"og:locale\" content=\"ca_ES\" \/>\n<meta property=\"og:type\" content=\"article\" \/>\n<meta property=\"og:title\" content=\"comprar con el rumor y vender con la noticia\" \/>\n<meta property=\"og:description\" content=\"Ayer, los mercados de renta fija como los de renta variable registraban un d\u00eda mixto tirando a negativo.\" \/>\n<meta property=\"og:url\" content=\"https:\/\/www.tressis.com\/ca\/blog\/comprar-con-el-rumor-y-vender-con-la-noticia\/\" \/>\n<meta property=\"og:site_name\" content=\"Tressis\" \/>\n<meta property=\"article:publisher\" content=\"https:\/\/www.facebook.com\/Tressis\/\" \/>\n<meta property=\"article:published_time\" content=\"2020-12-11T09:54:45+00:00\" \/>\n<meta property=\"og:image\" content=\"https:\/\/www.tressis.com\/wp-content\/uploads\/2020\/12\/comprar-rumor.jpg\" \/>\n\t<meta property=\"og:image:width\" content=\"1100\" \/>\n\t<meta property=\"og:image:height\" content=\"487\" \/>\n\t<meta property=\"og:image:type\" content=\"image\/jpeg\" \/>\n<meta name=\"author\" content=\"Lola\" \/>\n<meta name=\"twitter:card\" content=\"summary_large_image\" \/>\n<meta name=\"twitter:creator\" content=\"@TressisSV\" \/>\n<meta name=\"twitter:site\" content=\"@TressisSV\" \/>\n<meta name=\"twitter:label1\" content=\"Escrit per\" \/>\n\t<meta name=\"twitter:data1\" content=\"Lola\" \/>\n\t<meta name=\"twitter:label2\" content=\"Temps estimat de lectura\" \/>\n\t<meta name=\"twitter:data2\" content=\"3 minuts\" \/>\n<script type=\"application\/ld+json\" class=\"yoast-schema-graph\">{\"@context\":\"https:\\\/\\\/schema.org\",\"@graph\":[{\"@type\":\"Article\",\"@id\":\"https:\\\/\\\/www.tressis.com\\\/ca\\\/blog\\\/comprar-con-el-rumor-y-vender-con-la-noticia\\\/#article\",\"isPartOf\":{\"@id\":\"https:\\\/\\\/www.tressis.com\\\/ca\\\/blog\\\/comprar-con-el-rumor-y-vender-con-la-noticia\\\/\"},\"author\":{\"name\":\"Lola\",\"@id\":\"https:\\\/\\\/www.tressis.com\\\/ca\\\/#\\\/schema\\\/person\\\/b833c1d724d8764920b6d6852c70584e\"},\"headline\":\"comprar con el rumor y vender con la noticia\",\"datePublished\":\"2020-12-11T09:54:45+00:00\",\"mainEntityOfPage\":{\"@id\":\"https:\\\/\\\/www.tressis.com\\\/ca\\\/blog\\\/comprar-con-el-rumor-y-vender-con-la-noticia\\\/\"},\"wordCount\":588,\"commentCount\":0,\"publisher\":{\"@id\":\"https:\\\/\\\/www.tressis.com\\\/ca\\\/#organization\"},\"image\":{\"@id\":\"https:\\\/\\\/www.tressis.com\\\/ca\\\/blog\\\/comprar-con-el-rumor-y-vender-con-la-noticia\\\/#primaryimage\"},\"thumbnailUrl\":\"https:\\\/\\\/www.tressis.com\\\/wp-content\\\/uploads\\\/2020\\\/12\\\/comprar-rumor.jpg\",\"articleSection\":[\"Morning meeting\"],\"inLanguage\":\"ca\",\"potentialAction\":[{\"@type\":\"CommentAction\",\"name\":\"Comment\",\"target\":[\"https:\\\/\\\/www.tressis.com\\\/ca\\\/blog\\\/comprar-con-el-rumor-y-vender-con-la-noticia\\\/#respond\"]}]},{\"@type\":\"WebPage\",\"@id\":\"https:\\\/\\\/www.tressis.com\\\/ca\\\/blog\\\/comprar-con-el-rumor-y-vender-con-la-noticia\\\/\",\"url\":\"https:\\\/\\\/www.tressis.com\\\/ca\\\/blog\\\/comprar-con-el-rumor-y-vender-con-la-noticia\\\/\",\"name\":\"comprar con el rumor y vender con la noticia\",\"isPartOf\":{\"@id\":\"https:\\\/\\\/www.tressis.com\\\/ca\\\/#website\"},\"primaryImageOfPage\":{\"@id\":\"https:\\\/\\\/www.tressis.com\\\/ca\\\/blog\\\/comprar-con-el-rumor-y-vender-con-la-noticia\\\/#primaryimage\"},\"image\":{\"@id\":\"https:\\\/\\\/www.tressis.com\\\/ca\\\/blog\\\/comprar-con-el-rumor-y-vender-con-la-noticia\\\/#primaryimage\"},\"thumbnailUrl\":\"https:\\\/\\\/www.tressis.com\\\/wp-content\\\/uploads\\\/2020\\\/12\\\/comprar-rumor.jpg\",\"datePublished\":\"2020-12-11T09:54:45+00:00\",\"description\":\"Ayer, los mercados de renta fija como los de renta variable registraban un d\u00eda mixto tirando a negativo.\",\"breadcrumb\":{\"@id\":\"https:\\\/\\\/www.tressis.com\\\/ca\\\/blog\\\/comprar-con-el-rumor-y-vender-con-la-noticia\\\/#breadcrumb\"},\"inLanguage\":\"ca\",\"potentialAction\":[{\"@type\":\"ReadAction\",\"target\":[\"https:\\\/\\\/www.tressis.com\\\/ca\\\/blog\\\/comprar-con-el-rumor-y-vender-con-la-noticia\\\/\"]}]},{\"@type\":\"ImageObject\",\"inLanguage\":\"ca\",\"@id\":\"https:\\\/\\\/www.tressis.com\\\/ca\\\/blog\\\/comprar-con-el-rumor-y-vender-con-la-noticia\\\/#primaryimage\",\"url\":\"https:\\\/\\\/www.tressis.com\\\/wp-content\\\/uploads\\\/2020\\\/12\\\/comprar-rumor.jpg\",\"contentUrl\":\"https:\\\/\\\/www.tressis.com\\\/wp-content\\\/uploads\\\/2020\\\/12\\\/comprar-rumor.jpg\",\"width\":1100,\"height\":487,\"caption\":\"comprar con el rumor y vender con la noticia\"},{\"@type\":\"BreadcrumbList\",\"@id\":\"https:\\\/\\\/www.tressis.com\\\/ca\\\/blog\\\/comprar-con-el-rumor-y-vender-con-la-noticia\\\/#breadcrumb\",\"itemListElement\":[{\"@type\":\"ListItem\",\"position\":1,\"name\":\"Inicio\",\"item\":\"https:\\\/\\\/www.tressis.com\\\/ca\\\/\"},{\"@type\":\"ListItem\",\"position\":2,\"name\":\"comprar con el rumor y vender con la noticia\"}]},{\"@type\":\"WebSite\",\"@id\":\"https:\\\/\\\/www.tressis.com\\\/ca\\\/#website\",\"url\":\"https:\\\/\\\/www.tressis.com\\\/ca\\\/\",\"name\":\"Tressis banca privada\",\"description\":\"Tressis | Planificaci\u00f3n financiera y gesti\u00f3n de patrimonios\",\"publisher\":{\"@id\":\"https:\\\/\\\/www.tressis.com\\\/ca\\\/#organization\"},\"potentialAction\":[{\"@type\":\"SearchAction\",\"target\":{\"@type\":\"EntryPoint\",\"urlTemplate\":\"https:\\\/\\\/www.tressis.com\\\/ca\\\/?s={search_term_string}\"},\"query-input\":{\"@type\":\"PropertyValueSpecification\",\"valueRequired\":true,\"valueName\":\"search_term_string\"}}],\"inLanguage\":\"ca\"},{\"@type\":\"Organization\",\"@id\":\"https:\\\/\\\/www.tressis.com\\\/ca\\\/#organization\",\"name\":\"Tressis\",\"url\":\"https:\\\/\\\/www.tressis.com\\\/ca\\\/\",\"logo\":{\"@type\":\"ImageObject\",\"inLanguage\":\"ca\",\"@id\":\"https:\\\/\\\/www.tressis.com\\\/ca\\\/#\\\/schema\\\/logo\\\/image\\\/\",\"url\":\"https:\\\/\\\/www.tressis.com\\\/wp-content\\\/uploads\\\/2025\\\/06\\\/logo-tressis-112.png\",\"contentUrl\":\"https:\\\/\\\/www.tressis.com\\\/wp-content\\\/uploads\\\/2025\\\/06\\\/logo-tressis-112.png\",\"width\":112,\"height\":112,\"caption\":\"Tressis\"},\"image\":{\"@id\":\"https:\\\/\\\/www.tressis.com\\\/ca\\\/#\\\/schema\\\/logo\\\/image\\\/\"},\"sameAs\":[\"https:\\\/\\\/www.facebook.com\\\/Tressis\\\/\",\"https:\\\/\\\/x.com\\\/TressisSV\",\"https:\\\/\\\/www.instagram.com\\\/tressissv\\\/?hl=es\",\"https:\\\/\\\/linkedin.com\\\/company\\\/tressis\\\/\",\"https:\\\/\\\/www.youtube.com\\\/user\\\/tressissv\",\"https:\\\/\\\/open.spotify.com\\\/show\\\/3jmTe1Nf0wqMILl7diWV6h?si=d7112519f13c4593&nd=1\"]},{\"@type\":\"Person\",\"@id\":\"https:\\\/\\\/www.tressis.com\\\/ca\\\/#\\\/schema\\\/person\\\/b833c1d724d8764920b6d6852c70584e\",\"name\":\"Lola\",\"image\":{\"@type\":\"ImageObject\",\"inLanguage\":\"ca\",\"@id\":\"https:\\\/\\\/secure.gravatar.com\\\/avatar\\\/05e646486b23ff45df9649110609c7e31b8c4a3e2821caa23d6317f405e0c51d?s=96&d=mm&r=g\",\"url\":\"https:\\\/\\\/secure.gravatar.com\\\/avatar\\\/05e646486b23ff45df9649110609c7e31b8c4a3e2821caa23d6317f405e0c51d?s=96&d=mm&r=g\",\"contentUrl\":\"https:\\\/\\\/secure.gravatar.com\\\/avatar\\\/05e646486b23ff45df9649110609c7e31b8c4a3e2821caa23d6317f405e0c51d?s=96&d=mm&r=g\",\"caption\":\"Lola\"}}]}<\/script>\n<!-- \/ Yoast SEO plugin. -->","yoast_head_json":{"title":"comprar con el rumor y vender con la noticia","description":"Ayer, los mercados de renta fija como los de renta variable registraban un d\u00eda mixto tirando a negativo.","robots":{"index":"index","follow":"follow","max-snippet":"max-snippet:-1","max-image-preview":"max-image-preview:large","max-video-preview":"max-video-preview:-1"},"canonical":"https:\/\/www.tressis.com\/ca\/blog\/comprar-con-el-rumor-y-vender-con-la-noticia\/","og_locale":"ca_ES","og_type":"article","og_title":"comprar con el rumor y vender con la noticia","og_description":"Ayer, los mercados de renta fija como los de renta variable registraban un d\u00eda mixto tirando a negativo.","og_url":"https:\/\/www.tressis.com\/ca\/blog\/comprar-con-el-rumor-y-vender-con-la-noticia\/","og_site_name":"Tressis","article_publisher":"https:\/\/www.facebook.com\/Tressis\/","article_published_time":"2020-12-11T09:54:45+00:00","og_image":[{"width":1100,"height":487,"url":"https:\/\/www.tressis.com\/wp-content\/uploads\/2020\/12\/comprar-rumor.jpg","type":"image\/jpeg"}],"author":"Lola","twitter_card":"summary_large_image","twitter_creator":"@TressisSV","twitter_site":"@TressisSV","twitter_misc":{"Escrit per":"Lola","Temps estimat de lectura":"3 minuts"},"schema":{"@context":"https:\/\/schema.org","@graph":[{"@type":"Article","@id":"https:\/\/www.tressis.com\/ca\/blog\/comprar-con-el-rumor-y-vender-con-la-noticia\/#article","isPartOf":{"@id":"https:\/\/www.tressis.com\/ca\/blog\/comprar-con-el-rumor-y-vender-con-la-noticia\/"},"author":{"name":"Lola","@id":"https:\/\/www.tressis.com\/ca\/#\/schema\/person\/b833c1d724d8764920b6d6852c70584e"},"headline":"comprar con el rumor y vender con la noticia","datePublished":"2020-12-11T09:54:45+00:00","mainEntityOfPage":{"@id":"https:\/\/www.tressis.com\/ca\/blog\/comprar-con-el-rumor-y-vender-con-la-noticia\/"},"wordCount":588,"commentCount":0,"publisher":{"@id":"https:\/\/www.tressis.com\/ca\/#organization"},"image":{"@id":"https:\/\/www.tressis.com\/ca\/blog\/comprar-con-el-rumor-y-vender-con-la-noticia\/#primaryimage"},"thumbnailUrl":"https:\/\/www.tressis.com\/wp-content\/uploads\/2020\/12\/comprar-rumor.jpg","articleSection":["Morning meeting"],"inLanguage":"ca","potentialAction":[{"@type":"CommentAction","name":"Comment","target":["https:\/\/www.tressis.com\/ca\/blog\/comprar-con-el-rumor-y-vender-con-la-noticia\/#respond"]}]},{"@type":"WebPage","@id":"https:\/\/www.tressis.com\/ca\/blog\/comprar-con-el-rumor-y-vender-con-la-noticia\/","url":"https:\/\/www.tressis.com\/ca\/blog\/comprar-con-el-rumor-y-vender-con-la-noticia\/","name":"comprar con el rumor y vender con la noticia","isPartOf":{"@id":"https:\/\/www.tressis.com\/ca\/#website"},"primaryImageOfPage":{"@id":"https:\/\/www.tressis.com\/ca\/blog\/comprar-con-el-rumor-y-vender-con-la-noticia\/#primaryimage"},"image":{"@id":"https:\/\/www.tressis.com\/ca\/blog\/comprar-con-el-rumor-y-vender-con-la-noticia\/#primaryimage"},"thumbnailUrl":"https:\/\/www.tressis.com\/wp-content\/uploads\/2020\/12\/comprar-rumor.jpg","datePublished":"2020-12-11T09:54:45+00:00","description":"Ayer, los mercados de renta fija como los de renta variable registraban un d\u00eda mixto tirando a negativo.","breadcrumb":{"@id":"https:\/\/www.tressis.com\/ca\/blog\/comprar-con-el-rumor-y-vender-con-la-noticia\/#breadcrumb"},"inLanguage":"ca","potentialAction":[{"@type":"ReadAction","target":["https:\/\/www.tressis.com\/ca\/blog\/comprar-con-el-rumor-y-vender-con-la-noticia\/"]}]},{"@type":"ImageObject","inLanguage":"ca","@id":"https:\/\/www.tressis.com\/ca\/blog\/comprar-con-el-rumor-y-vender-con-la-noticia\/#primaryimage","url":"https:\/\/www.tressis.com\/wp-content\/uploads\/2020\/12\/comprar-rumor.jpg","contentUrl":"https:\/\/www.tressis.com\/wp-content\/uploads\/2020\/12\/comprar-rumor.jpg","width":1100,"height":487,"caption":"comprar con el rumor y vender con la noticia"},{"@type":"BreadcrumbList","@id":"https:\/\/www.tressis.com\/ca\/blog\/comprar-con-el-rumor-y-vender-con-la-noticia\/#breadcrumb","itemListElement":[{"@type":"ListItem","position":1,"name":"Inicio","item":"https:\/\/www.tressis.com\/ca\/"},{"@type":"ListItem","position":2,"name":"comprar con el rumor y vender con la noticia"}]},{"@type":"WebSite","@id":"https:\/\/www.tressis.com\/ca\/#website","url":"https:\/\/www.tressis.com\/ca\/","name":"Tressis banca privada","description":"Tressis | Planificaci\u00f3n financiera y gesti\u00f3n de patrimonios","publisher":{"@id":"https:\/\/www.tressis.com\/ca\/#organization"},"potentialAction":[{"@type":"SearchAction","target":{"@type":"EntryPoint","urlTemplate":"https:\/\/www.tressis.com\/ca\/?s={search_term_string}"},"query-input":{"@type":"PropertyValueSpecification","valueRequired":true,"valueName":"search_term_string"}}],"inLanguage":"ca"},{"@type":"Organization","@id":"https:\/\/www.tressis.com\/ca\/#organization","name":"Tressis","url":"https:\/\/www.tressis.com\/ca\/","logo":{"@type":"ImageObject","inLanguage":"ca","@id":"https:\/\/www.tressis.com\/ca\/#\/schema\/logo\/image\/","url":"https:\/\/www.tressis.com\/wp-content\/uploads\/2025\/06\/logo-tressis-112.png","contentUrl":"https:\/\/www.tressis.com\/wp-content\/uploads\/2025\/06\/logo-tressis-112.png","width":112,"height":112,"caption":"Tressis"},"image":{"@id":"https:\/\/www.tressis.com\/ca\/#\/schema\/logo\/image\/"},"sameAs":["https:\/\/www.facebook.com\/Tressis\/","https:\/\/x.com\/TressisSV","https:\/\/www.instagram.com\/tressissv\/?hl=es","https:\/\/linkedin.com\/company\/tressis\/","https:\/\/www.youtube.com\/user\/tressissv","https:\/\/open.spotify.com\/show\/3jmTe1Nf0wqMILl7diWV6h?si=d7112519f13c4593&nd=1"]},{"@type":"Person","@id":"https:\/\/www.tressis.com\/ca\/#\/schema\/person\/b833c1d724d8764920b6d6852c70584e","name":"Lola","image":{"@type":"ImageObject","inLanguage":"ca","@id":"https:\/\/secure.gravatar.com\/avatar\/05e646486b23ff45df9649110609c7e31b8c4a3e2821caa23d6317f405e0c51d?s=96&d=mm&r=g","url":"https:\/\/secure.gravatar.com\/avatar\/05e646486b23ff45df9649110609c7e31b8c4a3e2821caa23d6317f405e0c51d?s=96&d=mm&r=g","contentUrl":"https:\/\/secure.gravatar.com\/avatar\/05e646486b23ff45df9649110609c7e31b8c4a3e2821caa23d6317f405e0c51d?s=96&d=mm&r=g","caption":"Lola"}}]}},"_links":{"self":[{"href":"https:\/\/www.tressis.com\/ca\/wp-json\/wp\/v2\/posts\/35355","targetHints":{"allow":["GET"]}}],"collection":[{"href":"https:\/\/www.tressis.com\/ca\/wp-json\/wp\/v2\/posts"}],"about":[{"href":"https:\/\/www.tressis.com\/ca\/wp-json\/wp\/v2\/types\/post"}],"author":[{"embeddable":true,"href":"https:\/\/www.tressis.com\/ca\/wp-json\/wp\/v2\/users\/4"}],"replies":[{"embeddable":true,"href":"https:\/\/www.tressis.com\/ca\/wp-json\/wp\/v2\/comments?post=35355"}],"version-history":[{"count":0,"href":"https:\/\/www.tressis.com\/ca\/wp-json\/wp\/v2\/posts\/35355\/revisions"}],"wp:featuredmedia":[{"embeddable":true,"href":"https:\/\/www.tressis.com\/ca\/wp-json\/wp\/v2\/media\/35357"}],"wp:attachment":[{"href":"https:\/\/www.tressis.com\/ca\/wp-json\/wp\/v2\/media?parent=35355"}],"wp:term":[{"taxonomy":"category","embeddable":true,"href":"https:\/\/www.tressis.com\/ca\/wp-json\/wp\/v2\/categories?post=35355"},{"taxonomy":"post_tag","embeddable":true,"href":"https:\/\/www.tressis.com\/ca\/wp-json\/wp\/v2\/tags?post=35355"}],"curies":[{"name":"wp","href":"https:\/\/api.w.org\/{rel}","templated":true}]}}