{"id":35328,"date":"2020-12-04T10:38:32","date_gmt":"2020-12-04T09:38:32","guid":{"rendered":"http:\/\/www.tressis.com\/blog\/?p=35328"},"modified":"2025-12-01T19:06:16","modified_gmt":"2025-12-01T18:06:16","slug":"pfizer-anuncia-recorte-produccion-vacunas","status":"publish","type":"post","link":"https:\/\/www.tressis.com\/ca\/blog\/pfizer-anuncia-recorte-produccion-vacunas\/","title":{"rendered":"Pfizer anuncia un recorte en su producci\u00f3n de vacunas"},"content":{"rendered":"<p>Ayer fue una sesi\u00f3n bastante tranquila en los mercados.<!--more--><\/p>\n<p>Incluso parec\u00eda que en Washington las negociaciones iban por buen camino. Pero cerca del final de la sesi\u00f3n las cosas se torcieron con el anuncio de Pfizer recortando sus posibilidades de producci\u00f3n en lo que queda de 2020 al 50%, de 100 a 50 millones de dosis. Evidentemente, la primera reacci\u00f3n de los inversores era de decepci\u00f3n y, en consecuencia, de \u00e1nimo bajista. No obstante, esta noticia no es nueva: ya la hab\u00eda dado la compa\u00f1\u00eda all\u00e1 por el verano. \u00a1Qu\u00e9 r\u00e1pido se nos olvidan las cosas! A cambio, la farmac\u00e9utica incrementar\u00e1 los niveles de producci\u00f3n durante 2021 desde 1.000 millones de inyectables hasta 1.300.<\/p>\n<p>Ahora que parece que tenemos a puntito de caramelo vacunas efectivas, entra en juego la opini\u00f3n de la poblaci\u00f3n sobre pon\u00e9rsela o no. Para animarnos, caras conocidas ya se est\u00e1n comprometiendo a administr\u00e1rsela en p\u00fablico. Entre ellos, expresidentes norteamericanos como Obama, Bush o Clinton. Esta campa\u00f1a es una suerte de \u201cp\u00f3ntelo, p\u00f3nselo\u201d aplicada al COVID-19.<\/p>\n<p>En Europa, Polonia empieza a hacer concesiones a su veto a los presupuestos, pero Hungr\u00eda sigue instalada en su no. Y a Boris Johnson le quedan 27 d\u00edas para celebrar el final de la carrera que emprendi\u00f3 el Reino Unido en el 2016, a d\u00eda de hoy, sin acuerdo.<\/p>\n<p>Para finalizar y en \u00e1mbito patrio, ayer se aprobaron los presupuestos por mayor\u00eda amplia con el apoyo, adem\u00e1s de los del PSOE y Unidas Podemos, de ERC, EH-Bildu, PNV, el PDeCAT, M\u00e1s Pa\u00eds-Equo, Comprom\u00eds, Teruel Existe, Nueva Canarias y el Partido Regionalista de Cantabria. Creo que todos coincidimos en que vivir a base de pr\u00f3rrogas de los presupuestos de 2018 no es la mejor idea, as\u00ed que, evitando el resbaladizo suelo de la pol\u00edtica me limitar\u00e9 a decir que ojal\u00e1 ayuden a mitigar los problemas actuales (y los que vienen) de este pa\u00eds.<\/p>\n<p>Buen fin de semana y feliz puente de la Constituci\u00f3n.<\/p>\n<p><center><strong>M\u00aa Salom\u00e9 Bouzas Romero<\/strong><br \/>\nAnalista <\/center><\/p>\n","protected":false},"excerpt":{"rendered":"<p>Ayer fue una sesi\u00f3n bastante tranquila en los mercados.<\/p>\n","protected":false},"author":4,"featured_media":35329,"comment_status":"open","ping_status":"closed","sticky":false,"template":"","format":"standard","meta":{"_acf_changed":false,"footnotes":""},"categories":[9721],"tags":[],"class_list":["post-35328","post","type-post","status-publish","format-standard","has-post-thumbnail","hentry","category-morning-meeting"],"acf":[],"yoast_head":"<!-- This site is optimized with the Yoast SEO plugin v27.5 - https:\/\/yoast.com\/product\/yoast-seo-wordpress\/ -->\n<title>Pfizer anuncia un recorte en su producci\u00f3n de vacunas<\/title>\n<meta name=\"description\" content=\"Cerca del final de la sesi\u00f3n de ayer las cosas se torcieron con el anuncio de Pfizer recortando sus posibilidades de producci\u00f3n en lo que queda de 2020 al 50%, de 100 a 50 millones de dosis. Evidentemente, la primera reacci\u00f3n de los inversores era de decepci\u00f3n y, en consecuencia, de \u00e1nimo bajista.\" \/>\n<meta name=\"robots\" content=\"noindex, nofollow\" \/>\n<meta property=\"og:locale\" content=\"ca_ES\" \/>\n<meta property=\"og:type\" content=\"article\" \/>\n<meta property=\"og:title\" content=\"Pfizer anuncia un recorte en su producci\u00f3n de vacunas\" \/>\n<meta property=\"og:description\" content=\"Cerca del final de la sesi\u00f3n de ayer las cosas se torcieron con el anuncio de Pfizer recortando sus posibilidades de producci\u00f3n en lo que queda de 2020 al 50%, de 100 a 50 millones de dosis. Evidentemente, la primera reacci\u00f3n de los inversores era de decepci\u00f3n y, en consecuencia, de \u00e1nimo bajista.\" \/>\n<meta property=\"og:url\" content=\"https:\/\/www.tressis.com\/ca\/blog\/pfizer-anuncia-recorte-produccion-vacunas\/\" \/>\n<meta property=\"og:site_name\" content=\"Tressis\" \/>\n<meta property=\"article:publisher\" content=\"https:\/\/www.facebook.com\/Tressis\/\" \/>\n<meta property=\"article:published_time\" content=\"2020-12-04T09:38:32+00:00\" \/>\n<meta property=\"article:modified_time\" content=\"2025-12-01T18:06:16+00:00\" \/>\n<meta property=\"og:image\" content=\"https:\/\/www.tressis.com\/wp-content\/uploads\/2020\/12\/pfizer-recorte-produccion.jpg\" \/>\n\t<meta property=\"og:image:width\" content=\"1100\" \/>\n\t<meta property=\"og:image:height\" content=\"487\" \/>\n\t<meta property=\"og:image:type\" content=\"image\/jpeg\" \/>\n<meta name=\"author\" content=\"Lola\" \/>\n<meta name=\"twitter:card\" content=\"summary_large_image\" \/>\n<meta name=\"twitter:creator\" content=\"@TressisSV\" \/>\n<meta name=\"twitter:site\" content=\"@TressisSV\" \/>\n<meta name=\"twitter:label1\" content=\"Escrit per\" \/>\n\t<meta name=\"twitter:data1\" content=\"Lola\" \/>\n\t<meta name=\"twitter:label2\" content=\"Temps estimat de lectura\" \/>\n\t<meta name=\"twitter:data2\" content=\"2 minuts\" \/>\n<script type=\"application\/ld+json\" class=\"yoast-schema-graph\">{\"@context\":\"https:\\\/\\\/schema.org\",\"@graph\":[{\"@type\":\"Article\",\"@id\":\"https:\\\/\\\/www.tressis.com\\\/ca\\\/blog\\\/pfizer-anuncia-recorte-produccion-vacunas\\\/#article\",\"isPartOf\":{\"@id\":\"https:\\\/\\\/www.tressis.com\\\/ca\\\/blog\\\/pfizer-anuncia-recorte-produccion-vacunas\\\/\"},\"author\":{\"name\":\"Lola\",\"@id\":\"https:\\\/\\\/www.tressis.com\\\/ca\\\/#\\\/schema\\\/person\\\/b833c1d724d8764920b6d6852c70584e\"},\"headline\":\"Pfizer anuncia un recorte en su producci\u00f3n de vacunas\",\"datePublished\":\"2020-12-04T09:38:32+00:00\",\"dateModified\":\"2025-12-01T18:06:16+00:00\",\"mainEntityOfPage\":{\"@id\":\"https:\\\/\\\/www.tressis.com\\\/ca\\\/blog\\\/pfizer-anuncia-recorte-produccion-vacunas\\\/\"},\"wordCount\":358,\"commentCount\":0,\"publisher\":{\"@id\":\"https:\\\/\\\/www.tressis.com\\\/ca\\\/#organization\"},\"image\":{\"@id\":\"https:\\\/\\\/www.tressis.com\\\/ca\\\/blog\\\/pfizer-anuncia-recorte-produccion-vacunas\\\/#primaryimage\"},\"thumbnailUrl\":\"https:\\\/\\\/www.tressis.com\\\/wp-content\\\/uploads\\\/2020\\\/12\\\/pfizer-recorte-produccion.jpg\",\"articleSection\":[\"Morning meeting\"],\"inLanguage\":\"ca\",\"potentialAction\":[{\"@type\":\"CommentAction\",\"name\":\"Comment\",\"target\":[\"https:\\\/\\\/www.tressis.com\\\/ca\\\/blog\\\/pfizer-anuncia-recorte-produccion-vacunas\\\/#respond\"]}]},{\"@type\":\"WebPage\",\"@id\":\"https:\\\/\\\/www.tressis.com\\\/ca\\\/blog\\\/pfizer-anuncia-recorte-produccion-vacunas\\\/\",\"url\":\"https:\\\/\\\/www.tressis.com\\\/ca\\\/blog\\\/pfizer-anuncia-recorte-produccion-vacunas\\\/\",\"name\":\"Pfizer anuncia un recorte en su producci\u00f3n de vacunas\",\"isPartOf\":{\"@id\":\"https:\\\/\\\/www.tressis.com\\\/ca\\\/#website\"},\"primaryImageOfPage\":{\"@id\":\"https:\\\/\\\/www.tressis.com\\\/ca\\\/blog\\\/pfizer-anuncia-recorte-produccion-vacunas\\\/#primaryimage\"},\"image\":{\"@id\":\"https:\\\/\\\/www.tressis.com\\\/ca\\\/blog\\\/pfizer-anuncia-recorte-produccion-vacunas\\\/#primaryimage\"},\"thumbnailUrl\":\"https:\\\/\\\/www.tressis.com\\\/wp-content\\\/uploads\\\/2020\\\/12\\\/pfizer-recorte-produccion.jpg\",\"datePublished\":\"2020-12-04T09:38:32+00:00\",\"dateModified\":\"2025-12-01T18:06:16+00:00\",\"description\":\"Cerca del final de la sesi\u00f3n de ayer las cosas se torcieron con el anuncio de Pfizer recortando sus posibilidades de producci\u00f3n en lo que queda de 2020 al 50%, de 100 a 50 millones de dosis. Evidentemente, la primera reacci\u00f3n de los inversores era de decepci\u00f3n y, en consecuencia, de \u00e1nimo bajista.\",\"breadcrumb\":{\"@id\":\"https:\\\/\\\/www.tressis.com\\\/ca\\\/blog\\\/pfizer-anuncia-recorte-produccion-vacunas\\\/#breadcrumb\"},\"inLanguage\":\"ca\",\"potentialAction\":[{\"@type\":\"ReadAction\",\"target\":[\"https:\\\/\\\/www.tressis.com\\\/ca\\\/blog\\\/pfizer-anuncia-recorte-produccion-vacunas\\\/\"]}]},{\"@type\":\"ImageObject\",\"inLanguage\":\"ca\",\"@id\":\"https:\\\/\\\/www.tressis.com\\\/ca\\\/blog\\\/pfizer-anuncia-recorte-produccion-vacunas\\\/#primaryimage\",\"url\":\"https:\\\/\\\/www.tressis.com\\\/wp-content\\\/uploads\\\/2020\\\/12\\\/pfizer-recorte-produccion.jpg\",\"contentUrl\":\"https:\\\/\\\/www.tressis.com\\\/wp-content\\\/uploads\\\/2020\\\/12\\\/pfizer-recorte-produccion.jpg\",\"width\":1100,\"height\":487},{\"@type\":\"BreadcrumbList\",\"@id\":\"https:\\\/\\\/www.tressis.com\\\/ca\\\/blog\\\/pfizer-anuncia-recorte-produccion-vacunas\\\/#breadcrumb\",\"itemListElement\":[{\"@type\":\"ListItem\",\"position\":1,\"name\":\"Inicio\",\"item\":\"https:\\\/\\\/www.tressis.com\\\/ca\\\/\"},{\"@type\":\"ListItem\",\"position\":2,\"name\":\"Morning meeting\",\"item\":\"https:\\\/\\\/www.tressis.com\\\/ca\\\/blog\\\/categorias\\\/morning-meeting-ca\\\/\"},{\"@type\":\"ListItem\",\"position\":3,\"name\":\"Pfizer anuncia un recorte en su producci\u00f3n de vacunas\"}]},{\"@type\":\"WebSite\",\"@id\":\"https:\\\/\\\/www.tressis.com\\\/ca\\\/#website\",\"url\":\"https:\\\/\\\/www.tressis.com\\\/ca\\\/\",\"name\":\"Tressis banca privada\",\"description\":\"Tressis | Planificaci\u00f3n financiera y gesti\u00f3n de patrimonios\",\"publisher\":{\"@id\":\"https:\\\/\\\/www.tressis.com\\\/ca\\\/#organization\"},\"potentialAction\":[{\"@type\":\"SearchAction\",\"target\":{\"@type\":\"EntryPoint\",\"urlTemplate\":\"https:\\\/\\\/www.tressis.com\\\/ca\\\/?s={search_term_string}\"},\"query-input\":{\"@type\":\"PropertyValueSpecification\",\"valueRequired\":true,\"valueName\":\"search_term_string\"}}],\"inLanguage\":\"ca\"},{\"@type\":\"Organization\",\"@id\":\"https:\\\/\\\/www.tressis.com\\\/ca\\\/#organization\",\"name\":\"Tressis\",\"url\":\"https:\\\/\\\/www.tressis.com\\\/ca\\\/\",\"logo\":{\"@type\":\"ImageObject\",\"inLanguage\":\"ca\",\"@id\":\"https:\\\/\\\/www.tressis.com\\\/ca\\\/#\\\/schema\\\/logo\\\/image\\\/\",\"url\":\"https:\\\/\\\/www.tressis.com\\\/wp-content\\\/uploads\\\/2025\\\/06\\\/logo-tressis-112.png\",\"contentUrl\":\"https:\\\/\\\/www.tressis.com\\\/wp-content\\\/uploads\\\/2025\\\/06\\\/logo-tressis-112.png\",\"width\":112,\"height\":112,\"caption\":\"Tressis\"},\"image\":{\"@id\":\"https:\\\/\\\/www.tressis.com\\\/ca\\\/#\\\/schema\\\/logo\\\/image\\\/\"},\"sameAs\":[\"https:\\\/\\\/www.facebook.com\\\/Tressis\\\/\",\"https:\\\/\\\/x.com\\\/TressisSV\",\"https:\\\/\\\/www.instagram.com\\\/tressissv\\\/?hl=es\",\"https:\\\/\\\/linkedin.com\\\/company\\\/tressis\\\/\",\"https:\\\/\\\/www.youtube.com\\\/user\\\/tressissv\",\"https:\\\/\\\/open.spotify.com\\\/show\\\/3jmTe1Nf0wqMILl7diWV6h?si=d7112519f13c4593&nd=1\"]},{\"@type\":\"Person\",\"@id\":\"https:\\\/\\\/www.tressis.com\\\/ca\\\/#\\\/schema\\\/person\\\/b833c1d724d8764920b6d6852c70584e\",\"name\":\"Lola\",\"image\":{\"@type\":\"ImageObject\",\"inLanguage\":\"ca\",\"@id\":\"https:\\\/\\\/secure.gravatar.com\\\/avatar\\\/05e646486b23ff45df9649110609c7e31b8c4a3e2821caa23d6317f405e0c51d?s=96&d=mm&r=g\",\"url\":\"https:\\\/\\\/secure.gravatar.com\\\/avatar\\\/05e646486b23ff45df9649110609c7e31b8c4a3e2821caa23d6317f405e0c51d?s=96&d=mm&r=g\",\"contentUrl\":\"https:\\\/\\\/secure.gravatar.com\\\/avatar\\\/05e646486b23ff45df9649110609c7e31b8c4a3e2821caa23d6317f405e0c51d?s=96&d=mm&r=g\",\"caption\":\"Lola\"}}]}<\/script>\n<!-- \/ Yoast SEO plugin. -->","yoast_head_json":{"title":"Pfizer anuncia un recorte en su producci\u00f3n de vacunas","description":"Cerca del final de la sesi\u00f3n de ayer las cosas se torcieron con el anuncio de Pfizer recortando sus posibilidades de producci\u00f3n en lo que queda de 2020 al 50%, de 100 a 50 millones de dosis. Evidentemente, la primera reacci\u00f3n de los inversores era de decepci\u00f3n y, en consecuencia, de \u00e1nimo bajista.","robots":{"index":"noindex","follow":"nofollow"},"og_locale":"ca_ES","og_type":"article","og_title":"Pfizer anuncia un recorte en su producci\u00f3n de vacunas","og_description":"Cerca del final de la sesi\u00f3n de ayer las cosas se torcieron con el anuncio de Pfizer recortando sus posibilidades de producci\u00f3n en lo que queda de 2020 al 50%, de 100 a 50 millones de dosis. Evidentemente, la primera reacci\u00f3n de los inversores era de decepci\u00f3n y, en consecuencia, de \u00e1nimo bajista.","og_url":"https:\/\/www.tressis.com\/ca\/blog\/pfizer-anuncia-recorte-produccion-vacunas\/","og_site_name":"Tressis","article_publisher":"https:\/\/www.facebook.com\/Tressis\/","article_published_time":"2020-12-04T09:38:32+00:00","article_modified_time":"2025-12-01T18:06:16+00:00","og_image":[{"width":1100,"height":487,"url":"https:\/\/www.tressis.com\/wp-content\/uploads\/2020\/12\/pfizer-recorte-produccion.jpg","type":"image\/jpeg"}],"author":"Lola","twitter_card":"summary_large_image","twitter_creator":"@TressisSV","twitter_site":"@TressisSV","twitter_misc":{"Escrit per":"Lola","Temps estimat de lectura":"2 minuts"},"schema":{"@context":"https:\/\/schema.org","@graph":[{"@type":"Article","@id":"https:\/\/www.tressis.com\/ca\/blog\/pfizer-anuncia-recorte-produccion-vacunas\/#article","isPartOf":{"@id":"https:\/\/www.tressis.com\/ca\/blog\/pfizer-anuncia-recorte-produccion-vacunas\/"},"author":{"name":"Lola","@id":"https:\/\/www.tressis.com\/ca\/#\/schema\/person\/b833c1d724d8764920b6d6852c70584e"},"headline":"Pfizer anuncia un recorte en su producci\u00f3n de vacunas","datePublished":"2020-12-04T09:38:32+00:00","dateModified":"2025-12-01T18:06:16+00:00","mainEntityOfPage":{"@id":"https:\/\/www.tressis.com\/ca\/blog\/pfizer-anuncia-recorte-produccion-vacunas\/"},"wordCount":358,"commentCount":0,"publisher":{"@id":"https:\/\/www.tressis.com\/ca\/#organization"},"image":{"@id":"https:\/\/www.tressis.com\/ca\/blog\/pfizer-anuncia-recorte-produccion-vacunas\/#primaryimage"},"thumbnailUrl":"https:\/\/www.tressis.com\/wp-content\/uploads\/2020\/12\/pfizer-recorte-produccion.jpg","articleSection":["Morning meeting"],"inLanguage":"ca","potentialAction":[{"@type":"CommentAction","name":"Comment","target":["https:\/\/www.tressis.com\/ca\/blog\/pfizer-anuncia-recorte-produccion-vacunas\/#respond"]}]},{"@type":"WebPage","@id":"https:\/\/www.tressis.com\/ca\/blog\/pfizer-anuncia-recorte-produccion-vacunas\/","url":"https:\/\/www.tressis.com\/ca\/blog\/pfizer-anuncia-recorte-produccion-vacunas\/","name":"Pfizer anuncia un recorte en su producci\u00f3n de vacunas","isPartOf":{"@id":"https:\/\/www.tressis.com\/ca\/#website"},"primaryImageOfPage":{"@id":"https:\/\/www.tressis.com\/ca\/blog\/pfizer-anuncia-recorte-produccion-vacunas\/#primaryimage"},"image":{"@id":"https:\/\/www.tressis.com\/ca\/blog\/pfizer-anuncia-recorte-produccion-vacunas\/#primaryimage"},"thumbnailUrl":"https:\/\/www.tressis.com\/wp-content\/uploads\/2020\/12\/pfizer-recorte-produccion.jpg","datePublished":"2020-12-04T09:38:32+00:00","dateModified":"2025-12-01T18:06:16+00:00","description":"Cerca del final de la sesi\u00f3n de ayer las cosas se torcieron con el anuncio de Pfizer recortando sus posibilidades de producci\u00f3n en lo que queda de 2020 al 50%, de 100 a 50 millones de dosis. Evidentemente, la primera reacci\u00f3n de los inversores era de decepci\u00f3n y, en consecuencia, de \u00e1nimo bajista.","breadcrumb":{"@id":"https:\/\/www.tressis.com\/ca\/blog\/pfizer-anuncia-recorte-produccion-vacunas\/#breadcrumb"},"inLanguage":"ca","potentialAction":[{"@type":"ReadAction","target":["https:\/\/www.tressis.com\/ca\/blog\/pfizer-anuncia-recorte-produccion-vacunas\/"]}]},{"@type":"ImageObject","inLanguage":"ca","@id":"https:\/\/www.tressis.com\/ca\/blog\/pfizer-anuncia-recorte-produccion-vacunas\/#primaryimage","url":"https:\/\/www.tressis.com\/wp-content\/uploads\/2020\/12\/pfizer-recorte-produccion.jpg","contentUrl":"https:\/\/www.tressis.com\/wp-content\/uploads\/2020\/12\/pfizer-recorte-produccion.jpg","width":1100,"height":487},{"@type":"BreadcrumbList","@id":"https:\/\/www.tressis.com\/ca\/blog\/pfizer-anuncia-recorte-produccion-vacunas\/#breadcrumb","itemListElement":[{"@type":"ListItem","position":1,"name":"Inicio","item":"https:\/\/www.tressis.com\/ca\/"},{"@type":"ListItem","position":2,"name":"Morning meeting","item":"https:\/\/www.tressis.com\/ca\/blog\/categorias\/morning-meeting-ca\/"},{"@type":"ListItem","position":3,"name":"Pfizer anuncia un recorte en su producci\u00f3n de vacunas"}]},{"@type":"WebSite","@id":"https:\/\/www.tressis.com\/ca\/#website","url":"https:\/\/www.tressis.com\/ca\/","name":"Tressis banca privada","description":"Tressis | Planificaci\u00f3n financiera y gesti\u00f3n de patrimonios","publisher":{"@id":"https:\/\/www.tressis.com\/ca\/#organization"},"potentialAction":[{"@type":"SearchAction","target":{"@type":"EntryPoint","urlTemplate":"https:\/\/www.tressis.com\/ca\/?s={search_term_string}"},"query-input":{"@type":"PropertyValueSpecification","valueRequired":true,"valueName":"search_term_string"}}],"inLanguage":"ca"},{"@type":"Organization","@id":"https:\/\/www.tressis.com\/ca\/#organization","name":"Tressis","url":"https:\/\/www.tressis.com\/ca\/","logo":{"@type":"ImageObject","inLanguage":"ca","@id":"https:\/\/www.tressis.com\/ca\/#\/schema\/logo\/image\/","url":"https:\/\/www.tressis.com\/wp-content\/uploads\/2025\/06\/logo-tressis-112.png","contentUrl":"https:\/\/www.tressis.com\/wp-content\/uploads\/2025\/06\/logo-tressis-112.png","width":112,"height":112,"caption":"Tressis"},"image":{"@id":"https:\/\/www.tressis.com\/ca\/#\/schema\/logo\/image\/"},"sameAs":["https:\/\/www.facebook.com\/Tressis\/","https:\/\/x.com\/TressisSV","https:\/\/www.instagram.com\/tressissv\/?hl=es","https:\/\/linkedin.com\/company\/tressis\/","https:\/\/www.youtube.com\/user\/tressissv","https:\/\/open.spotify.com\/show\/3jmTe1Nf0wqMILl7diWV6h?si=d7112519f13c4593&nd=1"]},{"@type":"Person","@id":"https:\/\/www.tressis.com\/ca\/#\/schema\/person\/b833c1d724d8764920b6d6852c70584e","name":"Lola","image":{"@type":"ImageObject","inLanguage":"ca","@id":"https:\/\/secure.gravatar.com\/avatar\/05e646486b23ff45df9649110609c7e31b8c4a3e2821caa23d6317f405e0c51d?s=96&d=mm&r=g","url":"https:\/\/secure.gravatar.com\/avatar\/05e646486b23ff45df9649110609c7e31b8c4a3e2821caa23d6317f405e0c51d?s=96&d=mm&r=g","contentUrl":"https:\/\/secure.gravatar.com\/avatar\/05e646486b23ff45df9649110609c7e31b8c4a3e2821caa23d6317f405e0c51d?s=96&d=mm&r=g","caption":"Lola"}}]}},"_links":{"self":[{"href":"https:\/\/www.tressis.com\/ca\/wp-json\/wp\/v2\/posts\/35328","targetHints":{"allow":["GET"]}}],"collection":[{"href":"https:\/\/www.tressis.com\/ca\/wp-json\/wp\/v2\/posts"}],"about":[{"href":"https:\/\/www.tressis.com\/ca\/wp-json\/wp\/v2\/types\/post"}],"author":[{"embeddable":true,"href":"https:\/\/www.tressis.com\/ca\/wp-json\/wp\/v2\/users\/4"}],"replies":[{"embeddable":true,"href":"https:\/\/www.tressis.com\/ca\/wp-json\/wp\/v2\/comments?post=35328"}],"version-history":[{"count":1,"href":"https:\/\/www.tressis.com\/ca\/wp-json\/wp\/v2\/posts\/35328\/revisions"}],"predecessor-version":[{"id":114118,"href":"https:\/\/www.tressis.com\/ca\/wp-json\/wp\/v2\/posts\/35328\/revisions\/114118"}],"wp:featuredmedia":[{"embeddable":true,"href":"https:\/\/www.tressis.com\/ca\/wp-json\/wp\/v2\/media\/35329"}],"wp:attachment":[{"href":"https:\/\/www.tressis.com\/ca\/wp-json\/wp\/v2\/media?parent=35328"}],"wp:term":[{"taxonomy":"category","embeddable":true,"href":"https:\/\/www.tressis.com\/ca\/wp-json\/wp\/v2\/categories?post=35328"},{"taxonomy":"post_tag","embeddable":true,"href":"https:\/\/www.tressis.com\/ca\/wp-json\/wp\/v2\/tags?post=35328"}],"curies":[{"name":"wp","href":"https:\/\/api.w.org\/{rel}","templated":true}]}}