{"id":35298,"date":"2020-12-02T10:52:47","date_gmt":"2020-12-02T09:52:47","guid":{"rendered":"http:\/\/www.tressis.com\/blog\/?p=35298"},"modified":"2020-12-02T10:52:47","modified_gmt":"2020-12-02T09:52:47","slug":"jornada-positiva-renta-variable","status":"publish","type":"post","link":"https:\/\/www.tressis.com\/ca\/blog\/jornada-positiva-renta-variable\/","title":{"rendered":"Jornada positiva en renta variable"},"content":{"rendered":"<p>Parece que la carrera hacia la aprobaci\u00f3n de la vacuna contra el coronavirus coge cada vez m\u00e1s velocidad.<!--more--><\/p>\n<p>En Estados Unidos se espera que la aprobaci\u00f3n de la FDA (la Administraci\u00f3n de Medicamentos y Alimentos de los EE.UU.) tenga lugar el d\u00eda 10 de este mismo mes, y que d\u00edas despu\u00e9s puedan comenzar a suministrarse las dosis desarrolladas por Pfizer y BioNTech. En Europa por el momento la revisi\u00f3n final del regulador EMA (la Agencia Europea de Medicamentos) no tendr\u00e1 lugar hasta final de mes, por lo que tendremos que esperar algo m\u00e1s. No es el caso del Reino Unido que, a diferencia del resto, no tiene previsto demorarse tanto tiempo para comenzar a vacunar a su poblaci\u00f3n.<\/p>\n<p>En cuanto a las medidas econ\u00f3micas de los gobiernos, ayer se reactivaban las conversaciones de cara a un nuevo pacto fiscal en Estados Unidos por parte de los senadores. Es la primera vez que se hace desde las elecciones, lo cual es positivo, y en este caso se habla de unos 900.000 millones de d\u00f3lares que podr\u00edan ser repartidos en ayudas al desempleo, pymes, aerol\u00edneas y, c\u00f3mo no, administraciones p\u00fablicas, que son las que peor lo est\u00e1n pasando, obvio, \u00bfno?.<\/p>\n<p>El panorama macroecon\u00f3mico nos dejaba datos sobre el sector manufacturero. El ISM norteamericano se quedaba por debajo de las expectativas, aunque todav\u00eda en terreno de expansi\u00f3n. En la zona euro, el \u00edndice de gestores de compra del sector de manufacturas baj\u00f3 hasta los 53,8 puntos. Los \u00edndices de actividad de Alemania, seguida de Pa\u00edses Bajos e Irlanda fueron los que m\u00e1s se expandieron; sin embargo, en Espa\u00f1a la lectura se situ\u00f3 en territorio de contracci\u00f3n por el impacto de la ca\u00edda de la demanda. Adem\u00e1s, la OCDE (la Organizaci\u00f3n para la Cooperaci\u00f3n y el Desarrollo Econ\u00f3micos) publicaba sus perspectivas en las que prev\u00e9 una ca\u00edda de nuestro PIB para el \u00faltimo trimestre, con la peor recesi\u00f3n a nivel mundial despu\u00e9s de Argentina. <\/p>\n<p>En lo que respecta a los mercados, ayer vivimos de nuevo una jornada positiva en la renta variable. Con el sector de comunicaci\u00f3n a la cabeza, los \u00edndices norteamericanos S&#038;P 500 y Nasdaq Composite alcanzaban nuevos m\u00e1ximos hist\u00f3ricos. Aunque a nosotros, inversores en euros, el movimiento del par EUR\/USD nos aguaba un poco la fiesta al subir m\u00e1s de un 1,2%.  <\/p>\n<p>Lo s\u00e9, es mucha casualidad, pero este es el tercer blog diario que publico y en todos he tenido la oportunidad de comentar que el S&#038;P 500 hab\u00eda revalidado nuevos m\u00e1ximos. Espero tener la misma suerte la pr\u00f3xima semana. Qui\u00e9n sabe&#8230;<\/p>\n<p>Buen d\u00eda.<\/p>\n<p><center><strong>Fernando Sanz Rubio<\/strong><br \/>\nAnalista <\/center><\/p>\n","protected":false},"excerpt":{"rendered":"<p>Parece que la carrera hacia la aprobaci\u00f3n de la vacuna contra el coronavirus coge cada vez m\u00e1s velocidad.<\/p>\n","protected":false},"author":4,"featured_media":35299,"comment_status":"open","ping_status":"closed","sticky":false,"template":"","format":"standard","meta":{"_acf_changed":false,"footnotes":""},"categories":[9721],"tags":[],"class_list":["post-35298","post","type-post","status-publish","format-standard","has-post-thumbnail","hentry","category-morning-meeting"],"acf":[],"yoast_head":"<!-- This site is optimized with the Yoast SEO plugin v27.5 - https:\/\/yoast.com\/product\/yoast-seo-wordpress\/ -->\n<title>Jornada positiva en renta variable<\/title>\n<meta name=\"description\" content=\"En lo que respecta a los mercados, ayer vivimos de nuevo una jornada positiva en la renta variable. Con el sector de comunicaci\u00f3n a la cabeza, los \u00edndices norteamericanos S&amp;P 500 y Nasdaq Composite alcanzaban nuevos m\u00e1ximos hist\u00f3ricos. Aunque a nosotros, inversores en euros, el movimiento del par EUR\/USD nos aguaba un poco la fiesta al subir m\u00e1s de un 1,2%.\" \/>\n<meta name=\"robots\" content=\"index, follow, max-snippet:-1, max-image-preview:large, max-video-preview:-1\" \/>\n<link rel=\"canonical\" href=\"https:\/\/www.tressis.com\/ca\/blog\/jornada-positiva-renta-variable\/\" \/>\n<meta property=\"og:locale\" content=\"ca_ES\" \/>\n<meta property=\"og:type\" content=\"article\" \/>\n<meta property=\"og:title\" content=\"Jornada positiva en renta variable\" \/>\n<meta property=\"og:description\" content=\"En lo que respecta a los mercados, ayer vivimos de nuevo una jornada positiva en la renta variable. Con el sector de comunicaci\u00f3n a la cabeza, los \u00edndices norteamericanos S&amp;P 500 y Nasdaq Composite alcanzaban nuevos m\u00e1ximos hist\u00f3ricos. Aunque a nosotros, inversores en euros, el movimiento del par EUR\/USD nos aguaba un poco la fiesta al subir m\u00e1s de un 1,2%.\" \/>\n<meta property=\"og:url\" content=\"https:\/\/www.tressis.com\/ca\/blog\/jornada-positiva-renta-variable\/\" \/>\n<meta property=\"og:site_name\" content=\"Tressis\" \/>\n<meta property=\"article:publisher\" content=\"https:\/\/www.facebook.com\/Tressis\/\" \/>\n<meta property=\"article:published_time\" content=\"2020-12-02T09:52:47+00:00\" \/>\n<meta property=\"og:image\" content=\"https:\/\/www.tressis.com\/wp-content\/uploads\/2020\/12\/renta-variable-subidas.jpg\" \/>\n\t<meta property=\"og:image:width\" content=\"1100\" \/>\n\t<meta property=\"og:image:height\" content=\"487\" \/>\n\t<meta property=\"og:image:type\" content=\"image\/jpeg\" \/>\n<meta name=\"author\" content=\"Lola\" \/>\n<meta name=\"twitter:card\" content=\"summary_large_image\" \/>\n<meta name=\"twitter:creator\" content=\"@TressisSV\" \/>\n<meta name=\"twitter:site\" content=\"@TressisSV\" \/>\n<meta name=\"twitter:label1\" content=\"Escrit per\" \/>\n\t<meta name=\"twitter:data1\" content=\"Lola\" \/>\n\t<meta name=\"twitter:label2\" content=\"Temps estimat de lectura\" \/>\n\t<meta name=\"twitter:data2\" content=\"2 minuts\" \/>\n<script type=\"application\/ld+json\" class=\"yoast-schema-graph\">{\"@context\":\"https:\\\/\\\/schema.org\",\"@graph\":[{\"@type\":\"Article\",\"@id\":\"https:\\\/\\\/www.tressis.com\\\/ca\\\/blog\\\/jornada-positiva-renta-variable\\\/#article\",\"isPartOf\":{\"@id\":\"https:\\\/\\\/www.tressis.com\\\/ca\\\/blog\\\/jornada-positiva-renta-variable\\\/\"},\"author\":{\"name\":\"Lola\",\"@id\":\"https:\\\/\\\/www.tressis.com\\\/ca\\\/#\\\/schema\\\/person\\\/b833c1d724d8764920b6d6852c70584e\"},\"headline\":\"Jornada positiva en renta variable\",\"datePublished\":\"2020-12-02T09:52:47+00:00\",\"mainEntityOfPage\":{\"@id\":\"https:\\\/\\\/www.tressis.com\\\/ca\\\/blog\\\/jornada-positiva-renta-variable\\\/\"},\"wordCount\":472,\"commentCount\":0,\"publisher\":{\"@id\":\"https:\\\/\\\/www.tressis.com\\\/ca\\\/#organization\"},\"image\":{\"@id\":\"https:\\\/\\\/www.tressis.com\\\/ca\\\/blog\\\/jornada-positiva-renta-variable\\\/#primaryimage\"},\"thumbnailUrl\":\"https:\\\/\\\/www.tressis.com\\\/wp-content\\\/uploads\\\/2020\\\/12\\\/renta-variable-subidas.jpg\",\"articleSection\":[\"Morning meeting\"],\"inLanguage\":\"ca\",\"potentialAction\":[{\"@type\":\"CommentAction\",\"name\":\"Comment\",\"target\":[\"https:\\\/\\\/www.tressis.com\\\/ca\\\/blog\\\/jornada-positiva-renta-variable\\\/#respond\"]}]},{\"@type\":\"WebPage\",\"@id\":\"https:\\\/\\\/www.tressis.com\\\/ca\\\/blog\\\/jornada-positiva-renta-variable\\\/\",\"url\":\"https:\\\/\\\/www.tressis.com\\\/ca\\\/blog\\\/jornada-positiva-renta-variable\\\/\",\"name\":\"Jornada positiva en renta variable\",\"isPartOf\":{\"@id\":\"https:\\\/\\\/www.tressis.com\\\/ca\\\/#website\"},\"primaryImageOfPage\":{\"@id\":\"https:\\\/\\\/www.tressis.com\\\/ca\\\/blog\\\/jornada-positiva-renta-variable\\\/#primaryimage\"},\"image\":{\"@id\":\"https:\\\/\\\/www.tressis.com\\\/ca\\\/blog\\\/jornada-positiva-renta-variable\\\/#primaryimage\"},\"thumbnailUrl\":\"https:\\\/\\\/www.tressis.com\\\/wp-content\\\/uploads\\\/2020\\\/12\\\/renta-variable-subidas.jpg\",\"datePublished\":\"2020-12-02T09:52:47+00:00\",\"description\":\"En lo que respecta a los mercados, ayer vivimos de nuevo una jornada positiva en la renta variable. Con el sector de comunicaci\u00f3n a la cabeza, los \u00edndices norteamericanos S&P 500 y Nasdaq Composite alcanzaban nuevos m\u00e1ximos hist\u00f3ricos. Aunque a nosotros, inversores en euros, el movimiento del par EUR\\\/USD nos aguaba un poco la fiesta al subir m\u00e1s de un 1,2%.\",\"breadcrumb\":{\"@id\":\"https:\\\/\\\/www.tressis.com\\\/ca\\\/blog\\\/jornada-positiva-renta-variable\\\/#breadcrumb\"},\"inLanguage\":\"ca\",\"potentialAction\":[{\"@type\":\"ReadAction\",\"target\":[\"https:\\\/\\\/www.tressis.com\\\/ca\\\/blog\\\/jornada-positiva-renta-variable\\\/\"]}]},{\"@type\":\"ImageObject\",\"inLanguage\":\"ca\",\"@id\":\"https:\\\/\\\/www.tressis.com\\\/ca\\\/blog\\\/jornada-positiva-renta-variable\\\/#primaryimage\",\"url\":\"https:\\\/\\\/www.tressis.com\\\/wp-content\\\/uploads\\\/2020\\\/12\\\/renta-variable-subidas.jpg\",\"contentUrl\":\"https:\\\/\\\/www.tressis.com\\\/wp-content\\\/uploads\\\/2020\\\/12\\\/renta-variable-subidas.jpg\",\"width\":1100,\"height\":487},{\"@type\":\"BreadcrumbList\",\"@id\":\"https:\\\/\\\/www.tressis.com\\\/ca\\\/blog\\\/jornada-positiva-renta-variable\\\/#breadcrumb\",\"itemListElement\":[{\"@type\":\"ListItem\",\"position\":1,\"name\":\"Inicio\",\"item\":\"https:\\\/\\\/www.tressis.com\\\/ca\\\/\"},{\"@type\":\"ListItem\",\"position\":2,\"name\":\"Jornada positiva en renta variable\"}]},{\"@type\":\"WebSite\",\"@id\":\"https:\\\/\\\/www.tressis.com\\\/ca\\\/#website\",\"url\":\"https:\\\/\\\/www.tressis.com\\\/ca\\\/\",\"name\":\"Tressis banca privada\",\"description\":\"Tressis | Planificaci\u00f3n financiera y gesti\u00f3n de patrimonios\",\"publisher\":{\"@id\":\"https:\\\/\\\/www.tressis.com\\\/ca\\\/#organization\"},\"potentialAction\":[{\"@type\":\"SearchAction\",\"target\":{\"@type\":\"EntryPoint\",\"urlTemplate\":\"https:\\\/\\\/www.tressis.com\\\/ca\\\/?s={search_term_string}\"},\"query-input\":{\"@type\":\"PropertyValueSpecification\",\"valueRequired\":true,\"valueName\":\"search_term_string\"}}],\"inLanguage\":\"ca\"},{\"@type\":\"Organization\",\"@id\":\"https:\\\/\\\/www.tressis.com\\\/ca\\\/#organization\",\"name\":\"Tressis\",\"url\":\"https:\\\/\\\/www.tressis.com\\\/ca\\\/\",\"logo\":{\"@type\":\"ImageObject\",\"inLanguage\":\"ca\",\"@id\":\"https:\\\/\\\/www.tressis.com\\\/ca\\\/#\\\/schema\\\/logo\\\/image\\\/\",\"url\":\"https:\\\/\\\/www.tressis.com\\\/wp-content\\\/uploads\\\/2025\\\/06\\\/logo-tressis-112.png\",\"contentUrl\":\"https:\\\/\\\/www.tressis.com\\\/wp-content\\\/uploads\\\/2025\\\/06\\\/logo-tressis-112.png\",\"width\":112,\"height\":112,\"caption\":\"Tressis\"},\"image\":{\"@id\":\"https:\\\/\\\/www.tressis.com\\\/ca\\\/#\\\/schema\\\/logo\\\/image\\\/\"},\"sameAs\":[\"https:\\\/\\\/www.facebook.com\\\/Tressis\\\/\",\"https:\\\/\\\/x.com\\\/TressisSV\",\"https:\\\/\\\/www.instagram.com\\\/tressissv\\\/?hl=es\",\"https:\\\/\\\/linkedin.com\\\/company\\\/tressis\\\/\",\"https:\\\/\\\/www.youtube.com\\\/user\\\/tressissv\",\"https:\\\/\\\/open.spotify.com\\\/show\\\/3jmTe1Nf0wqMILl7diWV6h?si=d7112519f13c4593&nd=1\"]},{\"@type\":\"Person\",\"@id\":\"https:\\\/\\\/www.tressis.com\\\/ca\\\/#\\\/schema\\\/person\\\/b833c1d724d8764920b6d6852c70584e\",\"name\":\"Lola\",\"image\":{\"@type\":\"ImageObject\",\"inLanguage\":\"ca\",\"@id\":\"https:\\\/\\\/secure.gravatar.com\\\/avatar\\\/05e646486b23ff45df9649110609c7e31b8c4a3e2821caa23d6317f405e0c51d?s=96&d=mm&r=g\",\"url\":\"https:\\\/\\\/secure.gravatar.com\\\/avatar\\\/05e646486b23ff45df9649110609c7e31b8c4a3e2821caa23d6317f405e0c51d?s=96&d=mm&r=g\",\"contentUrl\":\"https:\\\/\\\/secure.gravatar.com\\\/avatar\\\/05e646486b23ff45df9649110609c7e31b8c4a3e2821caa23d6317f405e0c51d?s=96&d=mm&r=g\",\"caption\":\"Lola\"}}]}<\/script>\n<!-- \/ Yoast SEO plugin. -->","yoast_head_json":{"title":"Jornada positiva en renta variable","description":"En lo que respecta a los mercados, ayer vivimos de nuevo una jornada positiva en la renta variable. Con el sector de comunicaci\u00f3n a la cabeza, los \u00edndices norteamericanos S&P 500 y Nasdaq Composite alcanzaban nuevos m\u00e1ximos hist\u00f3ricos. Aunque a nosotros, inversores en euros, el movimiento del par EUR\/USD nos aguaba un poco la fiesta al subir m\u00e1s de un 1,2%.","robots":{"index":"index","follow":"follow","max-snippet":"max-snippet:-1","max-image-preview":"max-image-preview:large","max-video-preview":"max-video-preview:-1"},"canonical":"https:\/\/www.tressis.com\/ca\/blog\/jornada-positiva-renta-variable\/","og_locale":"ca_ES","og_type":"article","og_title":"Jornada positiva en renta variable","og_description":"En lo que respecta a los mercados, ayer vivimos de nuevo una jornada positiva en la renta variable. Con el sector de comunicaci\u00f3n a la cabeza, los \u00edndices norteamericanos S&P 500 y Nasdaq Composite alcanzaban nuevos m\u00e1ximos hist\u00f3ricos. Aunque a nosotros, inversores en euros, el movimiento del par EUR\/USD nos aguaba un poco la fiesta al subir m\u00e1s de un 1,2%.","og_url":"https:\/\/www.tressis.com\/ca\/blog\/jornada-positiva-renta-variable\/","og_site_name":"Tressis","article_publisher":"https:\/\/www.facebook.com\/Tressis\/","article_published_time":"2020-12-02T09:52:47+00:00","og_image":[{"width":1100,"height":487,"url":"https:\/\/www.tressis.com\/wp-content\/uploads\/2020\/12\/renta-variable-subidas.jpg","type":"image\/jpeg"}],"author":"Lola","twitter_card":"summary_large_image","twitter_creator":"@TressisSV","twitter_site":"@TressisSV","twitter_misc":{"Escrit per":"Lola","Temps estimat de lectura":"2 minuts"},"schema":{"@context":"https:\/\/schema.org","@graph":[{"@type":"Article","@id":"https:\/\/www.tressis.com\/ca\/blog\/jornada-positiva-renta-variable\/#article","isPartOf":{"@id":"https:\/\/www.tressis.com\/ca\/blog\/jornada-positiva-renta-variable\/"},"author":{"name":"Lola","@id":"https:\/\/www.tressis.com\/ca\/#\/schema\/person\/b833c1d724d8764920b6d6852c70584e"},"headline":"Jornada positiva en renta variable","datePublished":"2020-12-02T09:52:47+00:00","mainEntityOfPage":{"@id":"https:\/\/www.tressis.com\/ca\/blog\/jornada-positiva-renta-variable\/"},"wordCount":472,"commentCount":0,"publisher":{"@id":"https:\/\/www.tressis.com\/ca\/#organization"},"image":{"@id":"https:\/\/www.tressis.com\/ca\/blog\/jornada-positiva-renta-variable\/#primaryimage"},"thumbnailUrl":"https:\/\/www.tressis.com\/wp-content\/uploads\/2020\/12\/renta-variable-subidas.jpg","articleSection":["Morning meeting"],"inLanguage":"ca","potentialAction":[{"@type":"CommentAction","name":"Comment","target":["https:\/\/www.tressis.com\/ca\/blog\/jornada-positiva-renta-variable\/#respond"]}]},{"@type":"WebPage","@id":"https:\/\/www.tressis.com\/ca\/blog\/jornada-positiva-renta-variable\/","url":"https:\/\/www.tressis.com\/ca\/blog\/jornada-positiva-renta-variable\/","name":"Jornada positiva en renta variable","isPartOf":{"@id":"https:\/\/www.tressis.com\/ca\/#website"},"primaryImageOfPage":{"@id":"https:\/\/www.tressis.com\/ca\/blog\/jornada-positiva-renta-variable\/#primaryimage"},"image":{"@id":"https:\/\/www.tressis.com\/ca\/blog\/jornada-positiva-renta-variable\/#primaryimage"},"thumbnailUrl":"https:\/\/www.tressis.com\/wp-content\/uploads\/2020\/12\/renta-variable-subidas.jpg","datePublished":"2020-12-02T09:52:47+00:00","description":"En lo que respecta a los mercados, ayer vivimos de nuevo una jornada positiva en la renta variable. Con el sector de comunicaci\u00f3n a la cabeza, los \u00edndices norteamericanos S&P 500 y Nasdaq Composite alcanzaban nuevos m\u00e1ximos hist\u00f3ricos. Aunque a nosotros, inversores en euros, el movimiento del par EUR\/USD nos aguaba un poco la fiesta al subir m\u00e1s de un 1,2%.","breadcrumb":{"@id":"https:\/\/www.tressis.com\/ca\/blog\/jornada-positiva-renta-variable\/#breadcrumb"},"inLanguage":"ca","potentialAction":[{"@type":"ReadAction","target":["https:\/\/www.tressis.com\/ca\/blog\/jornada-positiva-renta-variable\/"]}]},{"@type":"ImageObject","inLanguage":"ca","@id":"https:\/\/www.tressis.com\/ca\/blog\/jornada-positiva-renta-variable\/#primaryimage","url":"https:\/\/www.tressis.com\/wp-content\/uploads\/2020\/12\/renta-variable-subidas.jpg","contentUrl":"https:\/\/www.tressis.com\/wp-content\/uploads\/2020\/12\/renta-variable-subidas.jpg","width":1100,"height":487},{"@type":"BreadcrumbList","@id":"https:\/\/www.tressis.com\/ca\/blog\/jornada-positiva-renta-variable\/#breadcrumb","itemListElement":[{"@type":"ListItem","position":1,"name":"Inicio","item":"https:\/\/www.tressis.com\/ca\/"},{"@type":"ListItem","position":2,"name":"Jornada positiva en renta variable"}]},{"@type":"WebSite","@id":"https:\/\/www.tressis.com\/ca\/#website","url":"https:\/\/www.tressis.com\/ca\/","name":"Tressis banca privada","description":"Tressis | Planificaci\u00f3n financiera y gesti\u00f3n de patrimonios","publisher":{"@id":"https:\/\/www.tressis.com\/ca\/#organization"},"potentialAction":[{"@type":"SearchAction","target":{"@type":"EntryPoint","urlTemplate":"https:\/\/www.tressis.com\/ca\/?s={search_term_string}"},"query-input":{"@type":"PropertyValueSpecification","valueRequired":true,"valueName":"search_term_string"}}],"inLanguage":"ca"},{"@type":"Organization","@id":"https:\/\/www.tressis.com\/ca\/#organization","name":"Tressis","url":"https:\/\/www.tressis.com\/ca\/","logo":{"@type":"ImageObject","inLanguage":"ca","@id":"https:\/\/www.tressis.com\/ca\/#\/schema\/logo\/image\/","url":"https:\/\/www.tressis.com\/wp-content\/uploads\/2025\/06\/logo-tressis-112.png","contentUrl":"https:\/\/www.tressis.com\/wp-content\/uploads\/2025\/06\/logo-tressis-112.png","width":112,"height":112,"caption":"Tressis"},"image":{"@id":"https:\/\/www.tressis.com\/ca\/#\/schema\/logo\/image\/"},"sameAs":["https:\/\/www.facebook.com\/Tressis\/","https:\/\/x.com\/TressisSV","https:\/\/www.instagram.com\/tressissv\/?hl=es","https:\/\/linkedin.com\/company\/tressis\/","https:\/\/www.youtube.com\/user\/tressissv","https:\/\/open.spotify.com\/show\/3jmTe1Nf0wqMILl7diWV6h?si=d7112519f13c4593&nd=1"]},{"@type":"Person","@id":"https:\/\/www.tressis.com\/ca\/#\/schema\/person\/b833c1d724d8764920b6d6852c70584e","name":"Lola","image":{"@type":"ImageObject","inLanguage":"ca","@id":"https:\/\/secure.gravatar.com\/avatar\/05e646486b23ff45df9649110609c7e31b8c4a3e2821caa23d6317f405e0c51d?s=96&d=mm&r=g","url":"https:\/\/secure.gravatar.com\/avatar\/05e646486b23ff45df9649110609c7e31b8c4a3e2821caa23d6317f405e0c51d?s=96&d=mm&r=g","contentUrl":"https:\/\/secure.gravatar.com\/avatar\/05e646486b23ff45df9649110609c7e31b8c4a3e2821caa23d6317f405e0c51d?s=96&d=mm&r=g","caption":"Lola"}}]}},"_links":{"self":[{"href":"https:\/\/www.tressis.com\/ca\/wp-json\/wp\/v2\/posts\/35298","targetHints":{"allow":["GET"]}}],"collection":[{"href":"https:\/\/www.tressis.com\/ca\/wp-json\/wp\/v2\/posts"}],"about":[{"href":"https:\/\/www.tressis.com\/ca\/wp-json\/wp\/v2\/types\/post"}],"author":[{"embeddable":true,"href":"https:\/\/www.tressis.com\/ca\/wp-json\/wp\/v2\/users\/4"}],"replies":[{"embeddable":true,"href":"https:\/\/www.tressis.com\/ca\/wp-json\/wp\/v2\/comments?post=35298"}],"version-history":[{"count":0,"href":"https:\/\/www.tressis.com\/ca\/wp-json\/wp\/v2\/posts\/35298\/revisions"}],"wp:featuredmedia":[{"embeddable":true,"href":"https:\/\/www.tressis.com\/ca\/wp-json\/wp\/v2\/media\/35299"}],"wp:attachment":[{"href":"https:\/\/www.tressis.com\/ca\/wp-json\/wp\/v2\/media?parent=35298"}],"wp:term":[{"taxonomy":"category","embeddable":true,"href":"https:\/\/www.tressis.com\/ca\/wp-json\/wp\/v2\/categories?post=35298"},{"taxonomy":"post_tag","embeddable":true,"href":"https:\/\/www.tressis.com\/ca\/wp-json\/wp\/v2\/tags?post=35298"}],"curies":[{"name":"wp","href":"https:\/\/api.w.org\/{rel}","templated":true}]}}