{"id":35212,"date":"2020-11-18T10:12:16","date_gmt":"2020-11-18T09:12:16","guid":{"rendered":"http:\/\/www.tressis.com\/blog\/?p=35212"},"modified":"2020-11-18T10:12:16","modified_gmt":"2020-11-18T09:12:16","slug":"la-politica-europea-vuelve-a-escena","status":"publish","type":"post","link":"https:\/\/www.tressis.com\/ca\/blog\/la-politica-europea-vuelve-a-escena\/","title":{"rendered":"La pol\u00edtica europea vuelve a escena"},"content":{"rendered":"<p>Los mercados de renta variable vivieron una jornada de consolidaci\u00f3n tras las \u00faltimas subidas.<!--more--><\/p>\n<p>Pero no todos los \u00edndices vivieron un d\u00eda anodino. De hecho, las peque\u00f1as compa\u00f1\u00edas norteamericanas volv\u00edan a cotizar en m\u00e1ximos hist\u00f3ricos. Sin embargo, los datos de infectados cada d\u00eda preocupan m\u00e1s, tanto en Europa como en Estados Unidos.<\/p>\n<p>En el Viejo Continente, la jornada estuvo marcada por la decisi\u00f3n de Hungr\u00eda y Polonia de vetar el presupuesto europeo para el periodo 2021-2027, lo que incluye el fondo de recuperaci\u00f3n de la COVID-19, porque no acepta que se condicione el acceso a los fondos al respeto estricto del estado de derecho en los pa\u00edses miembros. Las dos decisiones est\u00e1n vinculadas, ya que los intereses del fondo de recuperaci\u00f3n deber\u00edan ser pagados con cargo a los ingresos propios del presupuesto comunitario.<\/p>\n<p>Donde s\u00ed que parece que avanzamos es con el tema <i>brexit<\/i>. El pacto entre el Reino Unido y la Uni\u00f3n Europea ya estar\u00eda definido por ambas partes y el acuerdo podr\u00eda anunciarse el lunes que viene. Toda la atenci\u00f3n est\u00e1 ahora mismo centrada en el acuerdo comercial y la posibilidad de que se establezca una pol\u00edtica de cero aranceles.<\/p>\n<p>La noticia econ\u00f3mica de la jornada era las ventas minoristas estadounidenses, las cuales aumentaron un 0,3% en octubre, menos de lo esperado y desaceler\u00e1ndose con respecto a septiembre. La nota positiva viene si miramos las tasas interanuales, las cuales reflejan un fuerte crecimiento gracias a la recuperaci\u00f3n de la actividad de servicios y el fuerte est\u00edmulo fiscal que vivimos en primavera. Mientras tanto, la producci\u00f3n industrial creci\u00f3 un 1,1% en octubre, ligeramente por encima de las expectativas lideradas por aumentos en la fabricaci\u00f3n, equipos de negocios y producci\u00f3n de servicios p\u00fablicos.<\/p>\n<p>Por otro lado, me gustar\u00eda explicar por qu\u00e9 no me he vuelto euf\u00f3rico con las noticias sobre los avances en las investigaciones de las vacunas. Creo que las noticias sobre una vacuna exitosa suponen un cambio de juego para la econom\u00eda y es algo muy positivo. Sin embargo, el mercado y la econom\u00eda no son lo mismo y no se mueven de manera paralela. Por ejemplo, si la econom\u00eda realmente repunta, tambi\u00e9n podr\u00edan hacerlo los tipos de inter\u00e9s. Esto en s\u00ed mismo no tendr\u00eda por qu\u00e9 ser fatal, pero con el gran aumento de deuda que hemos vivido en los \u00faltimos meses, el incremento de los intereses que tendr\u00edan que pagar gobiernos y compa\u00f1\u00edas puede ser un problema grave a largo plazo. Por dicho motivo seguimos favoreciendo aquellas empresas y sectores de calidad y crecimiento que tengan poca deuda.<\/p>\n<p>En los \u00faltimos d\u00edas estamos empezando a o\u00edr todo tipo de rumores sobre qu\u00e9 podr\u00eda suceder en las reuniones de diciembre de los bancos centrales. Si inicialmente se consideraba que la reuni\u00f3n de la Fed iba a ser de transici\u00f3n hasta la toma de posesi\u00f3n del nuevo Gobierno en enero, cada d\u00eda son m\u00e1s las voces que se atreven a aventurar la posibilidad de que la entidad monetaria cambie su pol\u00edtica de compras de activos en la pr\u00f3xima reuni\u00f3n, sobre todo tras el aumento de la pendiente de la curva en las \u00faltimas semanas. Por su parte, el BCE sigue con la idea de que no se ha confundido con sus pol\u00edticas de compras de activos en los \u00faltimos siete a\u00f1os, sino que \u00fanicamente la econom\u00eda necesita m\u00e1s tiempo y, por supuesto, dinero. Que le pregunten a los japoneses\u2026<\/p>\n<p>Buen d\u00eda.<\/p>\n<p><center><strong>Jorge Gonz\u00e1lez G\u00f3mez<\/strong><br \/>\nDirector de An\u00e1lisis<\/center><\/p>\n","protected":false},"excerpt":{"rendered":"<p>Los mercados de renta variable vivieron una jornada de consolidaci\u00f3n tras las \u00faltimas subidas.<\/p>\n","protected":false},"author":4,"featured_media":35213,"comment_status":"open","ping_status":"closed","sticky":false,"template":"","format":"standard","meta":{"_acf_changed":false,"footnotes":""},"categories":[9721],"tags":[],"class_list":["post-35212","post","type-post","status-publish","format-standard","has-post-thumbnail","hentry","category-morning-meeting"],"acf":[],"yoast_head":"<!-- This site is optimized with the Yoast SEO plugin v27.5 - https:\/\/yoast.com\/product\/yoast-seo-wordpress\/ -->\n<title>La pol\u00edtica europea vuelve a escena<\/title>\n<meta name=\"description\" content=\"El pacto entre el Reino Unido y la Uni\u00f3n Europea ya estar\u00eda definido por ambas partes y el acuerdo podr\u00eda anunciarse el lunes que viene.\" \/>\n<meta name=\"robots\" content=\"index, follow, max-snippet:-1, max-image-preview:large, max-video-preview:-1\" \/>\n<link rel=\"canonical\" href=\"https:\/\/www.tressis.com\/ca\/blog\/la-politica-europea-vuelve-a-escena\/\" \/>\n<meta property=\"og:locale\" content=\"ca_ES\" \/>\n<meta property=\"og:type\" content=\"article\" \/>\n<meta property=\"og:title\" content=\"La pol\u00edtica europea vuelve a escena\" \/>\n<meta property=\"og:description\" content=\"El pacto entre el Reino Unido y la Uni\u00f3n Europea ya estar\u00eda definido por ambas partes y el acuerdo podr\u00eda anunciarse el lunes que viene.\" \/>\n<meta property=\"og:url\" content=\"https:\/\/www.tressis.com\/ca\/blog\/la-politica-europea-vuelve-a-escena\/\" \/>\n<meta property=\"og:site_name\" content=\"Tressis\" \/>\n<meta property=\"article:publisher\" content=\"https:\/\/www.facebook.com\/Tressis\/\" \/>\n<meta property=\"article:published_time\" content=\"2020-11-18T09:12:16+00:00\" \/>\n<meta property=\"og:image\" content=\"https:\/\/www.tressis.com\/wp-content\/uploads\/2020\/11\/aranceles-union-europea-inglaterra.jpg\" \/>\n\t<meta property=\"og:image:width\" content=\"1100\" \/>\n\t<meta property=\"og:image:height\" content=\"487\" \/>\n\t<meta property=\"og:image:type\" content=\"image\/jpeg\" \/>\n<meta name=\"author\" content=\"Lola\" \/>\n<meta name=\"twitter:card\" content=\"summary_large_image\" \/>\n<meta name=\"twitter:creator\" content=\"@TressisSV\" \/>\n<meta name=\"twitter:site\" content=\"@TressisSV\" \/>\n<meta name=\"twitter:label1\" content=\"Escrit per\" \/>\n\t<meta name=\"twitter:data1\" content=\"Lola\" \/>\n\t<meta name=\"twitter:label2\" content=\"Temps estimat de lectura\" \/>\n\t<meta name=\"twitter:data2\" content=\"3 minuts\" \/>\n<script type=\"application\/ld+json\" class=\"yoast-schema-graph\">{\"@context\":\"https:\\\/\\\/schema.org\",\"@graph\":[{\"@type\":\"Article\",\"@id\":\"https:\\\/\\\/www.tressis.com\\\/ca\\\/blog\\\/la-politica-europea-vuelve-a-escena\\\/#article\",\"isPartOf\":{\"@id\":\"https:\\\/\\\/www.tressis.com\\\/ca\\\/blog\\\/la-politica-europea-vuelve-a-escena\\\/\"},\"author\":{\"name\":\"Lola\",\"@id\":\"https:\\\/\\\/www.tressis.com\\\/ca\\\/#\\\/schema\\\/person\\\/b833c1d724d8764920b6d6852c70584e\"},\"headline\":\"La pol\u00edtica europea vuelve a escena\",\"datePublished\":\"2020-11-18T09:12:16+00:00\",\"mainEntityOfPage\":{\"@id\":\"https:\\\/\\\/www.tressis.com\\\/ca\\\/blog\\\/la-politica-europea-vuelve-a-escena\\\/\"},\"wordCount\":633,\"commentCount\":0,\"publisher\":{\"@id\":\"https:\\\/\\\/www.tressis.com\\\/ca\\\/#organization\"},\"image\":{\"@id\":\"https:\\\/\\\/www.tressis.com\\\/ca\\\/blog\\\/la-politica-europea-vuelve-a-escena\\\/#primaryimage\"},\"thumbnailUrl\":\"https:\\\/\\\/www.tressis.com\\\/wp-content\\\/uploads\\\/2020\\\/11\\\/aranceles-union-europea-inglaterra.jpg\",\"articleSection\":[\"Morning meeting\"],\"inLanguage\":\"ca\",\"potentialAction\":[{\"@type\":\"CommentAction\",\"name\":\"Comment\",\"target\":[\"https:\\\/\\\/www.tressis.com\\\/ca\\\/blog\\\/la-politica-europea-vuelve-a-escena\\\/#respond\"]}]},{\"@type\":\"WebPage\",\"@id\":\"https:\\\/\\\/www.tressis.com\\\/ca\\\/blog\\\/la-politica-europea-vuelve-a-escena\\\/\",\"url\":\"https:\\\/\\\/www.tressis.com\\\/ca\\\/blog\\\/la-politica-europea-vuelve-a-escena\\\/\",\"name\":\"La pol\u00edtica europea vuelve a escena\",\"isPartOf\":{\"@id\":\"https:\\\/\\\/www.tressis.com\\\/ca\\\/#website\"},\"primaryImageOfPage\":{\"@id\":\"https:\\\/\\\/www.tressis.com\\\/ca\\\/blog\\\/la-politica-europea-vuelve-a-escena\\\/#primaryimage\"},\"image\":{\"@id\":\"https:\\\/\\\/www.tressis.com\\\/ca\\\/blog\\\/la-politica-europea-vuelve-a-escena\\\/#primaryimage\"},\"thumbnailUrl\":\"https:\\\/\\\/www.tressis.com\\\/wp-content\\\/uploads\\\/2020\\\/11\\\/aranceles-union-europea-inglaterra.jpg\",\"datePublished\":\"2020-11-18T09:12:16+00:00\",\"description\":\"El pacto entre el Reino Unido y la Uni\u00f3n Europea ya estar\u00eda definido por ambas partes y el acuerdo podr\u00eda anunciarse el lunes que viene.\",\"breadcrumb\":{\"@id\":\"https:\\\/\\\/www.tressis.com\\\/ca\\\/blog\\\/la-politica-europea-vuelve-a-escena\\\/#breadcrumb\"},\"inLanguage\":\"ca\",\"potentialAction\":[{\"@type\":\"ReadAction\",\"target\":[\"https:\\\/\\\/www.tressis.com\\\/ca\\\/blog\\\/la-politica-europea-vuelve-a-escena\\\/\"]}]},{\"@type\":\"ImageObject\",\"inLanguage\":\"ca\",\"@id\":\"https:\\\/\\\/www.tressis.com\\\/ca\\\/blog\\\/la-politica-europea-vuelve-a-escena\\\/#primaryimage\",\"url\":\"https:\\\/\\\/www.tressis.com\\\/wp-content\\\/uploads\\\/2020\\\/11\\\/aranceles-union-europea-inglaterra.jpg\",\"contentUrl\":\"https:\\\/\\\/www.tressis.com\\\/wp-content\\\/uploads\\\/2020\\\/11\\\/aranceles-union-europea-inglaterra.jpg\",\"width\":1100,\"height\":487},{\"@type\":\"BreadcrumbList\",\"@id\":\"https:\\\/\\\/www.tressis.com\\\/ca\\\/blog\\\/la-politica-europea-vuelve-a-escena\\\/#breadcrumb\",\"itemListElement\":[{\"@type\":\"ListItem\",\"position\":1,\"name\":\"Inicio\",\"item\":\"https:\\\/\\\/www.tressis.com\\\/ca\\\/\"},{\"@type\":\"ListItem\",\"position\":2,\"name\":\"La pol\u00edtica europea vuelve a escena\"}]},{\"@type\":\"WebSite\",\"@id\":\"https:\\\/\\\/www.tressis.com\\\/ca\\\/#website\",\"url\":\"https:\\\/\\\/www.tressis.com\\\/ca\\\/\",\"name\":\"Tressis banca privada\",\"description\":\"Tressis | Planificaci\u00f3n financiera y gesti\u00f3n de patrimonios\",\"publisher\":{\"@id\":\"https:\\\/\\\/www.tressis.com\\\/ca\\\/#organization\"},\"potentialAction\":[{\"@type\":\"SearchAction\",\"target\":{\"@type\":\"EntryPoint\",\"urlTemplate\":\"https:\\\/\\\/www.tressis.com\\\/ca\\\/?s={search_term_string}\"},\"query-input\":{\"@type\":\"PropertyValueSpecification\",\"valueRequired\":true,\"valueName\":\"search_term_string\"}}],\"inLanguage\":\"ca\"},{\"@type\":\"Organization\",\"@id\":\"https:\\\/\\\/www.tressis.com\\\/ca\\\/#organization\",\"name\":\"Tressis\",\"url\":\"https:\\\/\\\/www.tressis.com\\\/ca\\\/\",\"logo\":{\"@type\":\"ImageObject\",\"inLanguage\":\"ca\",\"@id\":\"https:\\\/\\\/www.tressis.com\\\/ca\\\/#\\\/schema\\\/logo\\\/image\\\/\",\"url\":\"https:\\\/\\\/www.tressis.com\\\/wp-content\\\/uploads\\\/2025\\\/06\\\/logo-tressis-112.png\",\"contentUrl\":\"https:\\\/\\\/www.tressis.com\\\/wp-content\\\/uploads\\\/2025\\\/06\\\/logo-tressis-112.png\",\"width\":112,\"height\":112,\"caption\":\"Tressis\"},\"image\":{\"@id\":\"https:\\\/\\\/www.tressis.com\\\/ca\\\/#\\\/schema\\\/logo\\\/image\\\/\"},\"sameAs\":[\"https:\\\/\\\/www.facebook.com\\\/Tressis\\\/\",\"https:\\\/\\\/x.com\\\/TressisSV\",\"https:\\\/\\\/www.instagram.com\\\/tressissv\\\/?hl=es\",\"https:\\\/\\\/linkedin.com\\\/company\\\/tressis\\\/\",\"https:\\\/\\\/www.youtube.com\\\/user\\\/tressissv\",\"https:\\\/\\\/open.spotify.com\\\/show\\\/3jmTe1Nf0wqMILl7diWV6h?si=d7112519f13c4593&nd=1\"]},{\"@type\":\"Person\",\"@id\":\"https:\\\/\\\/www.tressis.com\\\/ca\\\/#\\\/schema\\\/person\\\/b833c1d724d8764920b6d6852c70584e\",\"name\":\"Lola\",\"image\":{\"@type\":\"ImageObject\",\"inLanguage\":\"ca\",\"@id\":\"https:\\\/\\\/secure.gravatar.com\\\/avatar\\\/05e646486b23ff45df9649110609c7e31b8c4a3e2821caa23d6317f405e0c51d?s=96&d=mm&r=g\",\"url\":\"https:\\\/\\\/secure.gravatar.com\\\/avatar\\\/05e646486b23ff45df9649110609c7e31b8c4a3e2821caa23d6317f405e0c51d?s=96&d=mm&r=g\",\"contentUrl\":\"https:\\\/\\\/secure.gravatar.com\\\/avatar\\\/05e646486b23ff45df9649110609c7e31b8c4a3e2821caa23d6317f405e0c51d?s=96&d=mm&r=g\",\"caption\":\"Lola\"}}]}<\/script>\n<!-- \/ Yoast SEO plugin. -->","yoast_head_json":{"title":"La pol\u00edtica europea vuelve a escena","description":"El pacto entre el Reino Unido y la Uni\u00f3n Europea ya estar\u00eda definido por ambas partes y el acuerdo podr\u00eda anunciarse el lunes que viene.","robots":{"index":"index","follow":"follow","max-snippet":"max-snippet:-1","max-image-preview":"max-image-preview:large","max-video-preview":"max-video-preview:-1"},"canonical":"https:\/\/www.tressis.com\/ca\/blog\/la-politica-europea-vuelve-a-escena\/","og_locale":"ca_ES","og_type":"article","og_title":"La pol\u00edtica europea vuelve a escena","og_description":"El pacto entre el Reino Unido y la Uni\u00f3n Europea ya estar\u00eda definido por ambas partes y el acuerdo podr\u00eda anunciarse el lunes que viene.","og_url":"https:\/\/www.tressis.com\/ca\/blog\/la-politica-europea-vuelve-a-escena\/","og_site_name":"Tressis","article_publisher":"https:\/\/www.facebook.com\/Tressis\/","article_published_time":"2020-11-18T09:12:16+00:00","og_image":[{"width":1100,"height":487,"url":"https:\/\/www.tressis.com\/wp-content\/uploads\/2020\/11\/aranceles-union-europea-inglaterra.jpg","type":"image\/jpeg"}],"author":"Lola","twitter_card":"summary_large_image","twitter_creator":"@TressisSV","twitter_site":"@TressisSV","twitter_misc":{"Escrit per":"Lola","Temps estimat de lectura":"3 minuts"},"schema":{"@context":"https:\/\/schema.org","@graph":[{"@type":"Article","@id":"https:\/\/www.tressis.com\/ca\/blog\/la-politica-europea-vuelve-a-escena\/#article","isPartOf":{"@id":"https:\/\/www.tressis.com\/ca\/blog\/la-politica-europea-vuelve-a-escena\/"},"author":{"name":"Lola","@id":"https:\/\/www.tressis.com\/ca\/#\/schema\/person\/b833c1d724d8764920b6d6852c70584e"},"headline":"La pol\u00edtica europea vuelve a escena","datePublished":"2020-11-18T09:12:16+00:00","mainEntityOfPage":{"@id":"https:\/\/www.tressis.com\/ca\/blog\/la-politica-europea-vuelve-a-escena\/"},"wordCount":633,"commentCount":0,"publisher":{"@id":"https:\/\/www.tressis.com\/ca\/#organization"},"image":{"@id":"https:\/\/www.tressis.com\/ca\/blog\/la-politica-europea-vuelve-a-escena\/#primaryimage"},"thumbnailUrl":"https:\/\/www.tressis.com\/wp-content\/uploads\/2020\/11\/aranceles-union-europea-inglaterra.jpg","articleSection":["Morning meeting"],"inLanguage":"ca","potentialAction":[{"@type":"CommentAction","name":"Comment","target":["https:\/\/www.tressis.com\/ca\/blog\/la-politica-europea-vuelve-a-escena\/#respond"]}]},{"@type":"WebPage","@id":"https:\/\/www.tressis.com\/ca\/blog\/la-politica-europea-vuelve-a-escena\/","url":"https:\/\/www.tressis.com\/ca\/blog\/la-politica-europea-vuelve-a-escena\/","name":"La pol\u00edtica europea vuelve a escena","isPartOf":{"@id":"https:\/\/www.tressis.com\/ca\/#website"},"primaryImageOfPage":{"@id":"https:\/\/www.tressis.com\/ca\/blog\/la-politica-europea-vuelve-a-escena\/#primaryimage"},"image":{"@id":"https:\/\/www.tressis.com\/ca\/blog\/la-politica-europea-vuelve-a-escena\/#primaryimage"},"thumbnailUrl":"https:\/\/www.tressis.com\/wp-content\/uploads\/2020\/11\/aranceles-union-europea-inglaterra.jpg","datePublished":"2020-11-18T09:12:16+00:00","description":"El pacto entre el Reino Unido y la Uni\u00f3n Europea ya estar\u00eda definido por ambas partes y el acuerdo podr\u00eda anunciarse el lunes que viene.","breadcrumb":{"@id":"https:\/\/www.tressis.com\/ca\/blog\/la-politica-europea-vuelve-a-escena\/#breadcrumb"},"inLanguage":"ca","potentialAction":[{"@type":"ReadAction","target":["https:\/\/www.tressis.com\/ca\/blog\/la-politica-europea-vuelve-a-escena\/"]}]},{"@type":"ImageObject","inLanguage":"ca","@id":"https:\/\/www.tressis.com\/ca\/blog\/la-politica-europea-vuelve-a-escena\/#primaryimage","url":"https:\/\/www.tressis.com\/wp-content\/uploads\/2020\/11\/aranceles-union-europea-inglaterra.jpg","contentUrl":"https:\/\/www.tressis.com\/wp-content\/uploads\/2020\/11\/aranceles-union-europea-inglaterra.jpg","width":1100,"height":487},{"@type":"BreadcrumbList","@id":"https:\/\/www.tressis.com\/ca\/blog\/la-politica-europea-vuelve-a-escena\/#breadcrumb","itemListElement":[{"@type":"ListItem","position":1,"name":"Inicio","item":"https:\/\/www.tressis.com\/ca\/"},{"@type":"ListItem","position":2,"name":"La pol\u00edtica europea vuelve a escena"}]},{"@type":"WebSite","@id":"https:\/\/www.tressis.com\/ca\/#website","url":"https:\/\/www.tressis.com\/ca\/","name":"Tressis banca privada","description":"Tressis | Planificaci\u00f3n financiera y gesti\u00f3n de patrimonios","publisher":{"@id":"https:\/\/www.tressis.com\/ca\/#organization"},"potentialAction":[{"@type":"SearchAction","target":{"@type":"EntryPoint","urlTemplate":"https:\/\/www.tressis.com\/ca\/?s={search_term_string}"},"query-input":{"@type":"PropertyValueSpecification","valueRequired":true,"valueName":"search_term_string"}}],"inLanguage":"ca"},{"@type":"Organization","@id":"https:\/\/www.tressis.com\/ca\/#organization","name":"Tressis","url":"https:\/\/www.tressis.com\/ca\/","logo":{"@type":"ImageObject","inLanguage":"ca","@id":"https:\/\/www.tressis.com\/ca\/#\/schema\/logo\/image\/","url":"https:\/\/www.tressis.com\/wp-content\/uploads\/2025\/06\/logo-tressis-112.png","contentUrl":"https:\/\/www.tressis.com\/wp-content\/uploads\/2025\/06\/logo-tressis-112.png","width":112,"height":112,"caption":"Tressis"},"image":{"@id":"https:\/\/www.tressis.com\/ca\/#\/schema\/logo\/image\/"},"sameAs":["https:\/\/www.facebook.com\/Tressis\/","https:\/\/x.com\/TressisSV","https:\/\/www.instagram.com\/tressissv\/?hl=es","https:\/\/linkedin.com\/company\/tressis\/","https:\/\/www.youtube.com\/user\/tressissv","https:\/\/open.spotify.com\/show\/3jmTe1Nf0wqMILl7diWV6h?si=d7112519f13c4593&nd=1"]},{"@type":"Person","@id":"https:\/\/www.tressis.com\/ca\/#\/schema\/person\/b833c1d724d8764920b6d6852c70584e","name":"Lola","image":{"@type":"ImageObject","inLanguage":"ca","@id":"https:\/\/secure.gravatar.com\/avatar\/05e646486b23ff45df9649110609c7e31b8c4a3e2821caa23d6317f405e0c51d?s=96&d=mm&r=g","url":"https:\/\/secure.gravatar.com\/avatar\/05e646486b23ff45df9649110609c7e31b8c4a3e2821caa23d6317f405e0c51d?s=96&d=mm&r=g","contentUrl":"https:\/\/secure.gravatar.com\/avatar\/05e646486b23ff45df9649110609c7e31b8c4a3e2821caa23d6317f405e0c51d?s=96&d=mm&r=g","caption":"Lola"}}]}},"_links":{"self":[{"href":"https:\/\/www.tressis.com\/ca\/wp-json\/wp\/v2\/posts\/35212","targetHints":{"allow":["GET"]}}],"collection":[{"href":"https:\/\/www.tressis.com\/ca\/wp-json\/wp\/v2\/posts"}],"about":[{"href":"https:\/\/www.tressis.com\/ca\/wp-json\/wp\/v2\/types\/post"}],"author":[{"embeddable":true,"href":"https:\/\/www.tressis.com\/ca\/wp-json\/wp\/v2\/users\/4"}],"replies":[{"embeddable":true,"href":"https:\/\/www.tressis.com\/ca\/wp-json\/wp\/v2\/comments?post=35212"}],"version-history":[{"count":0,"href":"https:\/\/www.tressis.com\/ca\/wp-json\/wp\/v2\/posts\/35212\/revisions"}],"wp:featuredmedia":[{"embeddable":true,"href":"https:\/\/www.tressis.com\/ca\/wp-json\/wp\/v2\/media\/35213"}],"wp:attachment":[{"href":"https:\/\/www.tressis.com\/ca\/wp-json\/wp\/v2\/media?parent=35212"}],"wp:term":[{"taxonomy":"category","embeddable":true,"href":"https:\/\/www.tressis.com\/ca\/wp-json\/wp\/v2\/categories?post=35212"},{"taxonomy":"post_tag","embeddable":true,"href":"https:\/\/www.tressis.com\/ca\/wp-json\/wp\/v2\/tags?post=35212"}],"curies":[{"name":"wp","href":"https:\/\/api.w.org\/{rel}","templated":true}]}}