{"id":35194,"date":"2020-11-13T11:00:06","date_gmt":"2020-11-13T10:00:06","guid":{"rendered":"http:\/\/www.tressis.com\/blog\/?p=35194"},"modified":"2020-11-13T11:00:06","modified_gmt":"2020-11-13T10:00:06","slug":"la-economia-tanto-europea-como-americana-esta-perdiendo-traccion","status":"publish","type":"post","link":"https:\/\/www.tressis.com\/ca\/blog\/la-economia-tanto-europea-como-americana-esta-perdiendo-traccion\/","title":{"rendered":"La econom\u00eda, tanto europea como americana, est\u00e1 perdiendo tracci\u00f3n"},"content":{"rendered":"<p>Cerramos una magn\u00edfica semana para las bolsas con mayor sensibilidad al ciclo econ\u00f3mico, pero no tan buenas para los valores de \u201ccrecimiento\u201d.<!--more--><\/p>\n<p>Pero no todo ha sido positivo en esta semana. De hecho, ayer, la renta variable ca\u00eda ante el aumento de las preocupaciones de los inversores por el continuo incremento de las infecciones por coronavirus, en medio de nuevas conversaciones sobre bloqueos y restricciones estrictas para frenar la propagaci\u00f3n del virus, que podr\u00edan ralentizar la recuperaci\u00f3n econ\u00f3mica. Adem\u00e1s, las posibilidades de que se anuncie un est\u00edmulo fiscal en Estados Unidos disminuyen cada d\u00eda que pasa. Seg\u00fan los \u00faltimos informes, la Administraci\u00f3n Trump est\u00e1 retrocediendo en las negociaciones y dejando las conversaciones en manos de los l\u00edderes del Congreso. La nota positiva: las p\u00e9rdidas se produjeron a pesar de algunos resultados trimestrales optimistas.<\/p>\n<p>Por su parte, la deuda p\u00fablica recog\u00eda parte del dinero que sal\u00eda de las bolsas y el Tesoro norteamericano conclu\u00eda su semana de subastas r\u00e9cord con una emisi\u00f3n de un bono a 30 a\u00f1os.<\/p>\n<p>Estados Unidos registr\u00f3 el mi\u00e9rcoles su mayor n\u00famero de nuevos casos y hospitalizaciones de COVID-19 desde el inicio de la pandemia. El presidente de la Fed, Powell, advirti\u00f3 que una mayor propagaci\u00f3n de la pandemia podr\u00eda obstaculizar la recuperaci\u00f3n econ\u00f3mica y agreg\u00f3 que la Fed y el Congreso probablemente tendr\u00e1n que hacer m\u00e1s para apoyar la econom\u00eda a pesar de los progresos hacia una vacuna. Por su parte, el BCE admite que la incertidumbre sigue siendo tan elevada que no puede concluir qu\u00e9 efectos ser\u00e1n temporales, cu\u00e1les persistentes y cu\u00e1les permanentes. Pero de lo que no dejan dudas sus estimaciones es que Espa\u00f1a es la econom\u00eda m\u00e1s vulnerable en empleo e inversi\u00f3n empresarial. Esperemos que el aumento de las medidas de pol\u00edtica monetaria en la reuni\u00f3n de diciembre revierta un poco la situaci\u00f3n.<\/p>\n<p>Hoy tendremos una amplia bater\u00eda de publicaciones macroecon\u00f3micas, entre las que destaca la Confianza de la Universidad de Michigan, porque es el dato preliminar de noviembre y previsiblemente alcanzar\u00e1 el nivel m\u00e1s alto desde el inicio de la pandemia. Los que ya hemos conocido (IPC) se han saldado con un tono menos negativo de lo esperado. Sin embargo, nos traen malas noticias: la econom\u00eda tanto europea como americana est\u00e1 perdiendo tracci\u00f3n y se espera que esta tendencia se mantenga a lo largo del trimestre tras la nueva oleada de virus acompa\u00f1ada de nuevas restricciones en numerosos pa\u00edses.<\/p>\n<p>Un saludo y buen fin de semana.<\/p>\n<p><center><strong>Jorge Gonz\u00e1lez G\u00f3mez<\/strong><br \/>\nDirector de An\u00e1lisis<\/center><\/p>\n","protected":false},"excerpt":{"rendered":"<p>Cerramos una magn\u00edfica semana para las bolsas con mayor sensibilidad al ciclo econ\u00f3mico, pero no tan buenas para los valores de \u201ccrecimiento\u201d.<\/p>\n","protected":false},"author":4,"featured_media":35195,"comment_status":"open","ping_status":"closed","sticky":false,"template":"","format":"standard","meta":{"_acf_changed":false,"footnotes":""},"categories":[9721],"tags":[],"class_list":["post-35194","post","type-post","status-publish","format-standard","has-post-thumbnail","hentry","category-morning-meeting"],"acf":[],"yoast_head":"<!-- This site is optimized with the Yoast SEO plugin v27.5 - https:\/\/yoast.com\/product\/yoast-seo-wordpress\/ -->\n<title>La econom\u00eda, tanto europea como americana, est\u00e1 perdiendo tracci\u00f3n<\/title>\n<meta name=\"description\" content=\"Hoy tendremos una amplia bater\u00eda de publicaciones macroecon\u00f3micas, entre las que destaca la Confianza de la Universidad de Michigan, porque es el dato preliminar de noviembre y previsiblemente alcanzar\u00e1 el nivel m\u00e1s alto desde el inicio de la pandemia.\" \/>\n<meta name=\"robots\" content=\"index, follow, max-snippet:-1, max-image-preview:large, max-video-preview:-1\" \/>\n<link rel=\"canonical\" href=\"https:\/\/www.tressis.com\/ca\/blog\/la-economia-tanto-europea-como-americana-esta-perdiendo-traccion\/\" \/>\n<meta property=\"og:locale\" content=\"ca_ES\" \/>\n<meta property=\"og:type\" content=\"article\" \/>\n<meta property=\"og:title\" content=\"La econom\u00eda, tanto europea como americana, est\u00e1 perdiendo tracci\u00f3n\" \/>\n<meta property=\"og:description\" content=\"Hoy tendremos una amplia bater\u00eda de publicaciones macroecon\u00f3micas, entre las que destaca la Confianza de la Universidad de Michigan, porque es el dato preliminar de noviembre y previsiblemente alcanzar\u00e1 el nivel m\u00e1s alto desde el inicio de la pandemia.\" \/>\n<meta property=\"og:url\" content=\"https:\/\/www.tressis.com\/ca\/blog\/la-economia-tanto-europea-como-americana-esta-perdiendo-traccion\/\" \/>\n<meta property=\"og:site_name\" content=\"Tressis\" \/>\n<meta property=\"article:publisher\" content=\"https:\/\/www.facebook.com\/Tressis\/\" \/>\n<meta property=\"article:published_time\" content=\"2020-11-13T10:00:06+00:00\" \/>\n<meta property=\"og:image\" content=\"https:\/\/www.tressis.com\/wp-content\/uploads\/2020\/11\/economia-europea-americana.jpg\" \/>\n\t<meta property=\"og:image:width\" content=\"1100\" \/>\n\t<meta property=\"og:image:height\" content=\"487\" \/>\n\t<meta property=\"og:image:type\" content=\"image\/jpeg\" \/>\n<meta name=\"author\" content=\"Lola\" \/>\n<meta name=\"twitter:card\" content=\"summary_large_image\" \/>\n<meta name=\"twitter:creator\" content=\"@TressisSV\" \/>\n<meta name=\"twitter:site\" content=\"@TressisSV\" \/>\n<meta name=\"twitter:label1\" content=\"Escrit per\" \/>\n\t<meta name=\"twitter:data1\" content=\"Lola\" \/>\n\t<meta name=\"twitter:label2\" content=\"Temps estimat de lectura\" \/>\n\t<meta name=\"twitter:data2\" content=\"2 minuts\" \/>\n<script type=\"application\/ld+json\" class=\"yoast-schema-graph\">{\"@context\":\"https:\\\/\\\/schema.org\",\"@graph\":[{\"@type\":\"Article\",\"@id\":\"https:\\\/\\\/www.tressis.com\\\/ca\\\/blog\\\/la-economia-tanto-europea-como-americana-esta-perdiendo-traccion\\\/#article\",\"isPartOf\":{\"@id\":\"https:\\\/\\\/www.tressis.com\\\/ca\\\/blog\\\/la-economia-tanto-europea-como-americana-esta-perdiendo-traccion\\\/\"},\"author\":{\"name\":\"Lola\",\"@id\":\"https:\\\/\\\/www.tressis.com\\\/ca\\\/#\\\/schema\\\/person\\\/b833c1d724d8764920b6d6852c70584e\"},\"headline\":\"La econom\u00eda, tanto europea como americana, est\u00e1 perdiendo tracci\u00f3n\",\"datePublished\":\"2020-11-13T10:00:06+00:00\",\"mainEntityOfPage\":{\"@id\":\"https:\\\/\\\/www.tressis.com\\\/ca\\\/blog\\\/la-economia-tanto-europea-como-americana-esta-perdiendo-traccion\\\/\"},\"wordCount\":470,\"commentCount\":0,\"publisher\":{\"@id\":\"https:\\\/\\\/www.tressis.com\\\/ca\\\/#organization\"},\"image\":{\"@id\":\"https:\\\/\\\/www.tressis.com\\\/ca\\\/blog\\\/la-economia-tanto-europea-como-americana-esta-perdiendo-traccion\\\/#primaryimage\"},\"thumbnailUrl\":\"https:\\\/\\\/www.tressis.com\\\/wp-content\\\/uploads\\\/2020\\\/11\\\/economia-europea-americana.jpg\",\"articleSection\":[\"Morning meeting\"],\"inLanguage\":\"ca\",\"potentialAction\":[{\"@type\":\"CommentAction\",\"name\":\"Comment\",\"target\":[\"https:\\\/\\\/www.tressis.com\\\/ca\\\/blog\\\/la-economia-tanto-europea-como-americana-esta-perdiendo-traccion\\\/#respond\"]}]},{\"@type\":\"WebPage\",\"@id\":\"https:\\\/\\\/www.tressis.com\\\/ca\\\/blog\\\/la-economia-tanto-europea-como-americana-esta-perdiendo-traccion\\\/\",\"url\":\"https:\\\/\\\/www.tressis.com\\\/ca\\\/blog\\\/la-economia-tanto-europea-como-americana-esta-perdiendo-traccion\\\/\",\"name\":\"La econom\u00eda, tanto europea como americana, est\u00e1 perdiendo tracci\u00f3n\",\"isPartOf\":{\"@id\":\"https:\\\/\\\/www.tressis.com\\\/ca\\\/#website\"},\"primaryImageOfPage\":{\"@id\":\"https:\\\/\\\/www.tressis.com\\\/ca\\\/blog\\\/la-economia-tanto-europea-como-americana-esta-perdiendo-traccion\\\/#primaryimage\"},\"image\":{\"@id\":\"https:\\\/\\\/www.tressis.com\\\/ca\\\/blog\\\/la-economia-tanto-europea-como-americana-esta-perdiendo-traccion\\\/#primaryimage\"},\"thumbnailUrl\":\"https:\\\/\\\/www.tressis.com\\\/wp-content\\\/uploads\\\/2020\\\/11\\\/economia-europea-americana.jpg\",\"datePublished\":\"2020-11-13T10:00:06+00:00\",\"description\":\"Hoy tendremos una amplia bater\u00eda de publicaciones macroecon\u00f3micas, entre las que destaca la Confianza de la Universidad de Michigan, porque es el dato preliminar de noviembre y previsiblemente alcanzar\u00e1 el nivel m\u00e1s alto desde el inicio de la pandemia.\",\"breadcrumb\":{\"@id\":\"https:\\\/\\\/www.tressis.com\\\/ca\\\/blog\\\/la-economia-tanto-europea-como-americana-esta-perdiendo-traccion\\\/#breadcrumb\"},\"inLanguage\":\"ca\",\"potentialAction\":[{\"@type\":\"ReadAction\",\"target\":[\"https:\\\/\\\/www.tressis.com\\\/ca\\\/blog\\\/la-economia-tanto-europea-como-americana-esta-perdiendo-traccion\\\/\"]}]},{\"@type\":\"ImageObject\",\"inLanguage\":\"ca\",\"@id\":\"https:\\\/\\\/www.tressis.com\\\/ca\\\/blog\\\/la-economia-tanto-europea-como-americana-esta-perdiendo-traccion\\\/#primaryimage\",\"url\":\"https:\\\/\\\/www.tressis.com\\\/wp-content\\\/uploads\\\/2020\\\/11\\\/economia-europea-americana.jpg\",\"contentUrl\":\"https:\\\/\\\/www.tressis.com\\\/wp-content\\\/uploads\\\/2020\\\/11\\\/economia-europea-americana.jpg\",\"width\":1100,\"height\":487,\"caption\":\"La econom\u00eda, tanto europea como americana, est\u00e1 perdiendo tracci\u00f3n\"},{\"@type\":\"BreadcrumbList\",\"@id\":\"https:\\\/\\\/www.tressis.com\\\/ca\\\/blog\\\/la-economia-tanto-europea-como-americana-esta-perdiendo-traccion\\\/#breadcrumb\",\"itemListElement\":[{\"@type\":\"ListItem\",\"position\":1,\"name\":\"Inicio\",\"item\":\"https:\\\/\\\/www.tressis.com\\\/ca\\\/\"},{\"@type\":\"ListItem\",\"position\":2,\"name\":\"La econom\u00eda, tanto europea como americana, est\u00e1 perdiendo tracci\u00f3n\"}]},{\"@type\":\"WebSite\",\"@id\":\"https:\\\/\\\/www.tressis.com\\\/ca\\\/#website\",\"url\":\"https:\\\/\\\/www.tressis.com\\\/ca\\\/\",\"name\":\"Tressis banca privada\",\"description\":\"Tressis | Planificaci\u00f3n financiera y gesti\u00f3n de patrimonios\",\"publisher\":{\"@id\":\"https:\\\/\\\/www.tressis.com\\\/ca\\\/#organization\"},\"potentialAction\":[{\"@type\":\"SearchAction\",\"target\":{\"@type\":\"EntryPoint\",\"urlTemplate\":\"https:\\\/\\\/www.tressis.com\\\/ca\\\/?s={search_term_string}\"},\"query-input\":{\"@type\":\"PropertyValueSpecification\",\"valueRequired\":true,\"valueName\":\"search_term_string\"}}],\"inLanguage\":\"ca\"},{\"@type\":\"Organization\",\"@id\":\"https:\\\/\\\/www.tressis.com\\\/ca\\\/#organization\",\"name\":\"Tressis\",\"url\":\"https:\\\/\\\/www.tressis.com\\\/ca\\\/\",\"logo\":{\"@type\":\"ImageObject\",\"inLanguage\":\"ca\",\"@id\":\"https:\\\/\\\/www.tressis.com\\\/ca\\\/#\\\/schema\\\/logo\\\/image\\\/\",\"url\":\"https:\\\/\\\/www.tressis.com\\\/wp-content\\\/uploads\\\/2025\\\/06\\\/logo-tressis-112.png\",\"contentUrl\":\"https:\\\/\\\/www.tressis.com\\\/wp-content\\\/uploads\\\/2025\\\/06\\\/logo-tressis-112.png\",\"width\":112,\"height\":112,\"caption\":\"Tressis\"},\"image\":{\"@id\":\"https:\\\/\\\/www.tressis.com\\\/ca\\\/#\\\/schema\\\/logo\\\/image\\\/\"},\"sameAs\":[\"https:\\\/\\\/www.facebook.com\\\/Tressis\\\/\",\"https:\\\/\\\/x.com\\\/TressisSV\",\"https:\\\/\\\/www.instagram.com\\\/tressissv\\\/?hl=es\",\"https:\\\/\\\/linkedin.com\\\/company\\\/tressis\\\/\",\"https:\\\/\\\/www.youtube.com\\\/user\\\/tressissv\",\"https:\\\/\\\/open.spotify.com\\\/show\\\/3jmTe1Nf0wqMILl7diWV6h?si=d7112519f13c4593&nd=1\"]},{\"@type\":\"Person\",\"@id\":\"https:\\\/\\\/www.tressis.com\\\/ca\\\/#\\\/schema\\\/person\\\/b833c1d724d8764920b6d6852c70584e\",\"name\":\"Lola\",\"image\":{\"@type\":\"ImageObject\",\"inLanguage\":\"ca\",\"@id\":\"https:\\\/\\\/secure.gravatar.com\\\/avatar\\\/05e646486b23ff45df9649110609c7e31b8c4a3e2821caa23d6317f405e0c51d?s=96&d=mm&r=g\",\"url\":\"https:\\\/\\\/secure.gravatar.com\\\/avatar\\\/05e646486b23ff45df9649110609c7e31b8c4a3e2821caa23d6317f405e0c51d?s=96&d=mm&r=g\",\"contentUrl\":\"https:\\\/\\\/secure.gravatar.com\\\/avatar\\\/05e646486b23ff45df9649110609c7e31b8c4a3e2821caa23d6317f405e0c51d?s=96&d=mm&r=g\",\"caption\":\"Lola\"}}]}<\/script>\n<!-- \/ Yoast SEO plugin. -->","yoast_head_json":{"title":"La econom\u00eda, tanto europea como americana, est\u00e1 perdiendo tracci\u00f3n","description":"Hoy tendremos una amplia bater\u00eda de publicaciones macroecon\u00f3micas, entre las que destaca la Confianza de la Universidad de Michigan, porque es el dato preliminar de noviembre y previsiblemente alcanzar\u00e1 el nivel m\u00e1s alto desde el inicio de la pandemia.","robots":{"index":"index","follow":"follow","max-snippet":"max-snippet:-1","max-image-preview":"max-image-preview:large","max-video-preview":"max-video-preview:-1"},"canonical":"https:\/\/www.tressis.com\/ca\/blog\/la-economia-tanto-europea-como-americana-esta-perdiendo-traccion\/","og_locale":"ca_ES","og_type":"article","og_title":"La econom\u00eda, tanto europea como americana, est\u00e1 perdiendo tracci\u00f3n","og_description":"Hoy tendremos una amplia bater\u00eda de publicaciones macroecon\u00f3micas, entre las que destaca la Confianza de la Universidad de Michigan, porque es el dato preliminar de noviembre y previsiblemente alcanzar\u00e1 el nivel m\u00e1s alto desde el inicio de la pandemia.","og_url":"https:\/\/www.tressis.com\/ca\/blog\/la-economia-tanto-europea-como-americana-esta-perdiendo-traccion\/","og_site_name":"Tressis","article_publisher":"https:\/\/www.facebook.com\/Tressis\/","article_published_time":"2020-11-13T10:00:06+00:00","og_image":[{"width":1100,"height":487,"url":"https:\/\/www.tressis.com\/wp-content\/uploads\/2020\/11\/economia-europea-americana.jpg","type":"image\/jpeg"}],"author":"Lola","twitter_card":"summary_large_image","twitter_creator":"@TressisSV","twitter_site":"@TressisSV","twitter_misc":{"Escrit per":"Lola","Temps estimat de lectura":"2 minuts"},"schema":{"@context":"https:\/\/schema.org","@graph":[{"@type":"Article","@id":"https:\/\/www.tressis.com\/ca\/blog\/la-economia-tanto-europea-como-americana-esta-perdiendo-traccion\/#article","isPartOf":{"@id":"https:\/\/www.tressis.com\/ca\/blog\/la-economia-tanto-europea-como-americana-esta-perdiendo-traccion\/"},"author":{"name":"Lola","@id":"https:\/\/www.tressis.com\/ca\/#\/schema\/person\/b833c1d724d8764920b6d6852c70584e"},"headline":"La econom\u00eda, tanto europea como americana, est\u00e1 perdiendo tracci\u00f3n","datePublished":"2020-11-13T10:00:06+00:00","mainEntityOfPage":{"@id":"https:\/\/www.tressis.com\/ca\/blog\/la-economia-tanto-europea-como-americana-esta-perdiendo-traccion\/"},"wordCount":470,"commentCount":0,"publisher":{"@id":"https:\/\/www.tressis.com\/ca\/#organization"},"image":{"@id":"https:\/\/www.tressis.com\/ca\/blog\/la-economia-tanto-europea-como-americana-esta-perdiendo-traccion\/#primaryimage"},"thumbnailUrl":"https:\/\/www.tressis.com\/wp-content\/uploads\/2020\/11\/economia-europea-americana.jpg","articleSection":["Morning meeting"],"inLanguage":"ca","potentialAction":[{"@type":"CommentAction","name":"Comment","target":["https:\/\/www.tressis.com\/ca\/blog\/la-economia-tanto-europea-como-americana-esta-perdiendo-traccion\/#respond"]}]},{"@type":"WebPage","@id":"https:\/\/www.tressis.com\/ca\/blog\/la-economia-tanto-europea-como-americana-esta-perdiendo-traccion\/","url":"https:\/\/www.tressis.com\/ca\/blog\/la-economia-tanto-europea-como-americana-esta-perdiendo-traccion\/","name":"La econom\u00eda, tanto europea como americana, est\u00e1 perdiendo tracci\u00f3n","isPartOf":{"@id":"https:\/\/www.tressis.com\/ca\/#website"},"primaryImageOfPage":{"@id":"https:\/\/www.tressis.com\/ca\/blog\/la-economia-tanto-europea-como-americana-esta-perdiendo-traccion\/#primaryimage"},"image":{"@id":"https:\/\/www.tressis.com\/ca\/blog\/la-economia-tanto-europea-como-americana-esta-perdiendo-traccion\/#primaryimage"},"thumbnailUrl":"https:\/\/www.tressis.com\/wp-content\/uploads\/2020\/11\/economia-europea-americana.jpg","datePublished":"2020-11-13T10:00:06+00:00","description":"Hoy tendremos una amplia bater\u00eda de publicaciones macroecon\u00f3micas, entre las que destaca la Confianza de la Universidad de Michigan, porque es el dato preliminar de noviembre y previsiblemente alcanzar\u00e1 el nivel m\u00e1s alto desde el inicio de la pandemia.","breadcrumb":{"@id":"https:\/\/www.tressis.com\/ca\/blog\/la-economia-tanto-europea-como-americana-esta-perdiendo-traccion\/#breadcrumb"},"inLanguage":"ca","potentialAction":[{"@type":"ReadAction","target":["https:\/\/www.tressis.com\/ca\/blog\/la-economia-tanto-europea-como-americana-esta-perdiendo-traccion\/"]}]},{"@type":"ImageObject","inLanguage":"ca","@id":"https:\/\/www.tressis.com\/ca\/blog\/la-economia-tanto-europea-como-americana-esta-perdiendo-traccion\/#primaryimage","url":"https:\/\/www.tressis.com\/wp-content\/uploads\/2020\/11\/economia-europea-americana.jpg","contentUrl":"https:\/\/www.tressis.com\/wp-content\/uploads\/2020\/11\/economia-europea-americana.jpg","width":1100,"height":487,"caption":"La econom\u00eda, tanto europea como americana, est\u00e1 perdiendo tracci\u00f3n"},{"@type":"BreadcrumbList","@id":"https:\/\/www.tressis.com\/ca\/blog\/la-economia-tanto-europea-como-americana-esta-perdiendo-traccion\/#breadcrumb","itemListElement":[{"@type":"ListItem","position":1,"name":"Inicio","item":"https:\/\/www.tressis.com\/ca\/"},{"@type":"ListItem","position":2,"name":"La econom\u00eda, tanto europea como americana, est\u00e1 perdiendo tracci\u00f3n"}]},{"@type":"WebSite","@id":"https:\/\/www.tressis.com\/ca\/#website","url":"https:\/\/www.tressis.com\/ca\/","name":"Tressis banca privada","description":"Tressis | Planificaci\u00f3n financiera y gesti\u00f3n de patrimonios","publisher":{"@id":"https:\/\/www.tressis.com\/ca\/#organization"},"potentialAction":[{"@type":"SearchAction","target":{"@type":"EntryPoint","urlTemplate":"https:\/\/www.tressis.com\/ca\/?s={search_term_string}"},"query-input":{"@type":"PropertyValueSpecification","valueRequired":true,"valueName":"search_term_string"}}],"inLanguage":"ca"},{"@type":"Organization","@id":"https:\/\/www.tressis.com\/ca\/#organization","name":"Tressis","url":"https:\/\/www.tressis.com\/ca\/","logo":{"@type":"ImageObject","inLanguage":"ca","@id":"https:\/\/www.tressis.com\/ca\/#\/schema\/logo\/image\/","url":"https:\/\/www.tressis.com\/wp-content\/uploads\/2025\/06\/logo-tressis-112.png","contentUrl":"https:\/\/www.tressis.com\/wp-content\/uploads\/2025\/06\/logo-tressis-112.png","width":112,"height":112,"caption":"Tressis"},"image":{"@id":"https:\/\/www.tressis.com\/ca\/#\/schema\/logo\/image\/"},"sameAs":["https:\/\/www.facebook.com\/Tressis\/","https:\/\/x.com\/TressisSV","https:\/\/www.instagram.com\/tressissv\/?hl=es","https:\/\/linkedin.com\/company\/tressis\/","https:\/\/www.youtube.com\/user\/tressissv","https:\/\/open.spotify.com\/show\/3jmTe1Nf0wqMILl7diWV6h?si=d7112519f13c4593&nd=1"]},{"@type":"Person","@id":"https:\/\/www.tressis.com\/ca\/#\/schema\/person\/b833c1d724d8764920b6d6852c70584e","name":"Lola","image":{"@type":"ImageObject","inLanguage":"ca","@id":"https:\/\/secure.gravatar.com\/avatar\/05e646486b23ff45df9649110609c7e31b8c4a3e2821caa23d6317f405e0c51d?s=96&d=mm&r=g","url":"https:\/\/secure.gravatar.com\/avatar\/05e646486b23ff45df9649110609c7e31b8c4a3e2821caa23d6317f405e0c51d?s=96&d=mm&r=g","contentUrl":"https:\/\/secure.gravatar.com\/avatar\/05e646486b23ff45df9649110609c7e31b8c4a3e2821caa23d6317f405e0c51d?s=96&d=mm&r=g","caption":"Lola"}}]}},"_links":{"self":[{"href":"https:\/\/www.tressis.com\/ca\/wp-json\/wp\/v2\/posts\/35194","targetHints":{"allow":["GET"]}}],"collection":[{"href":"https:\/\/www.tressis.com\/ca\/wp-json\/wp\/v2\/posts"}],"about":[{"href":"https:\/\/www.tressis.com\/ca\/wp-json\/wp\/v2\/types\/post"}],"author":[{"embeddable":true,"href":"https:\/\/www.tressis.com\/ca\/wp-json\/wp\/v2\/users\/4"}],"replies":[{"embeddable":true,"href":"https:\/\/www.tressis.com\/ca\/wp-json\/wp\/v2\/comments?post=35194"}],"version-history":[{"count":0,"href":"https:\/\/www.tressis.com\/ca\/wp-json\/wp\/v2\/posts\/35194\/revisions"}],"wp:featuredmedia":[{"embeddable":true,"href":"https:\/\/www.tressis.com\/ca\/wp-json\/wp\/v2\/media\/35195"}],"wp:attachment":[{"href":"https:\/\/www.tressis.com\/ca\/wp-json\/wp\/v2\/media?parent=35194"}],"wp:term":[{"taxonomy":"category","embeddable":true,"href":"https:\/\/www.tressis.com\/ca\/wp-json\/wp\/v2\/categories?post=35194"},{"taxonomy":"post_tag","embeddable":true,"href":"https:\/\/www.tressis.com\/ca\/wp-json\/wp\/v2\/tags?post=35194"}],"curies":[{"name":"wp","href":"https:\/\/api.w.org\/{rel}","templated":true}]}}