{"id":35143,"date":"2020-11-03T10:18:32","date_gmt":"2020-11-03T09:18:32","guid":{"rendered":"http:\/\/www.tressis.com\/blog\/?p=35143"},"modified":"2020-11-03T10:18:32","modified_gmt":"2020-11-03T09:18:32","slug":"quien-sera-el-hombre-mas-poderoso-del-mundo","status":"publish","type":"post","link":"https:\/\/www.tressis.com\/ca\/blog\/quien-sera-el-hombre-mas-poderoso-del-mundo\/","title":{"rendered":"\u00bfQui\u00e9n ser\u00e1 el hombre m\u00e1s poderoso del mundo?"},"content":{"rendered":"<p>Aproximadamente, a las 4 de la ma\u00f1ana en Washington D.C., ya tendremos los primeros resultados: el tradicional recuento de Dixville Notch, un peque\u00f1o pueblo cercano a la frontera con Canad\u00e1 en el estado de New Hampshire.<!--more--><\/p>\n<p>All\u00ed est\u00e1n registrados cinco electores (s\u00ed, cinco) y desde el a\u00f1o 1960 es una tradici\u00f3n retransmitir en directo el extenuante recuento de votos justo a media noche como pistoletazo de salida al d\u00eda electoral. All\u00ed, Joe Biden se ha llevado todos los votos cuando hace cuatro a\u00f1os Donald Trump hab\u00eda conseguido ara\u00f1ar dos. Ojo con esto, porque la \u00faltima vez que Dixville Notch vot\u00f3 por un candidato que posteriormente perdi\u00f3 las elecciones presidenciales fue all\u00e1 por 1996 cuando le dieron su confianza a Bob Dole en lugar de a Bill Clinton. Fiarse de esto es como fiarse del D\u00eda de la Marmota para saber cu\u00e1ndo llegar\u00e1 la primavera, pero tantos a\u00f1os de acierto tampoco pueden ser casualidad, \u00bfno?<\/p>\n<p>Ayer los principales \u00edndices burs\u00e1tiles cerraban la sesi\u00f3n con avances, entiendo que adelantando el tradicional <i>relief rally<\/i> (que podemos traducir como el <i>rally<\/i> del alivio). Este optimismo podr\u00eda convertirse r\u00e1pidamente en incertidumbre si el resultado de los comicios no es claro, lo que ser\u00eda ahondar en la poca visibilidad que tenemos a d\u00eda de hoy del corto e incluso medio plazo. Porque en Europa ya se est\u00e1n dando nuevos confinamientos poblacionales en regiones con mucha importancia, evento que los analistas no han querido descontar en las valoraciones de los activos, pero que ahora se ha convertido en una realidad.<\/p>\n<p>Los que todav\u00eda no se han visto afectados por estos nuevos encierros de la poblaci\u00f3n son los datos de actividad manufacturera del mes de octubre, donde tanto en Europa como en Estados Unidos hemos visto niveles por encima de los cincuenta puntos que marcan la l\u00ednea entre la contracci\u00f3n y la expansi\u00f3n de la actividad. En cualquier caso, la recogida de las encuestas se realiz\u00f3 cuando el exponencial incremento de la segunda ola todav\u00eda no era evidente as\u00ed que, dado que se trata de preguntas sobre los planes futuros de las compa\u00f1\u00edas, puede que tan pronto como en la pr\u00f3xima lectura esto cambie.<\/p>\n<p>Hoy puede, o tambi\u00e9n puede que no, nos quitemos una de las principales incertidumbres que hemos tenido que gestionar en los \u00faltimos meses, pero no por ello debemos olvidar que el coronavirus sigue descontrolado en muchos pa\u00edses o que el <i>brexit<\/i> no parece llevar la mejor direcci\u00f3n. Pero tranquilo todo el mundo, que nadie se preocupe, porque Abel Caballero ya est\u00e1 poniendo las luces de Navidad en Vigo.<\/p>\n<p>Buen martes.<\/p>\n<p><center><strong>M\u00aa Salom\u00e9 Bouzas Romero<\/strong><br \/>\nAnalista <\/center><\/p>\n","protected":false},"excerpt":{"rendered":"<p>Aproximadamente, a las 4 de la ma\u00f1ana en Washington D.C., ya tendremos los primeros resultados: el tradicional recuento de Dixville Notch, un peque\u00f1o pueblo cercano a la frontera con Canad\u00e1 en el estado de New Hampshire.<\/p>\n","protected":false},"author":4,"featured_media":35144,"comment_status":"open","ping_status":"closed","sticky":false,"template":"","format":"standard","meta":{"_acf_changed":false,"footnotes":""},"categories":[9721],"tags":[],"class_list":["post-35143","post","type-post","status-publish","format-standard","has-post-thumbnail","hentry","category-morning-meeting"],"acf":[],"yoast_head":"<!-- This site is optimized with the Yoast SEO plugin v27.5 - https:\/\/yoast.com\/product\/yoast-seo-wordpress\/ -->\n<title>\u00bfQui\u00e9n ser\u00e1 el hombre m\u00e1s poderoso del mundo?<\/title>\n<meta name=\"description\" content=\"Dir\u00eda que hoy conoceremos qui\u00e9n es para los pr\u00f3ximos cuatro a\u00f1os uno de los hombres m\u00e1s poderosos del mundo, pero quiz\u00e1 tardemos algo m\u00e1s en saberlo. En cualquier caso y en un momento en el que son, aproximadamente, las 4 de la ma\u00f1ana en Washington D.C., ya tendremos los primeros resultados: el tradicional recuento de Dixville Notch, un peque\u00f1o pueblo cercano a la frontera con Canad\u00e1 en el estado de New Hampshire.\" \/>\n<meta name=\"robots\" content=\"index, follow, max-snippet:-1, max-image-preview:large, max-video-preview:-1\" \/>\n<link rel=\"canonical\" href=\"https:\/\/www.tressis.com\/ca\/blog\/quien-sera-el-hombre-mas-poderoso-del-mundo\/\" \/>\n<meta property=\"og:locale\" content=\"ca_ES\" \/>\n<meta property=\"og:type\" content=\"article\" \/>\n<meta property=\"og:title\" content=\"\u00bfQui\u00e9n ser\u00e1 el hombre m\u00e1s poderoso del mundo?\" \/>\n<meta property=\"og:description\" content=\"Dir\u00eda que hoy conoceremos qui\u00e9n es para los pr\u00f3ximos cuatro a\u00f1os uno de los hombres m\u00e1s poderosos del mundo, pero quiz\u00e1 tardemos algo m\u00e1s en saberlo. En cualquier caso y en un momento en el que son, aproximadamente, las 4 de la ma\u00f1ana en Washington D.C., ya tendremos los primeros resultados: el tradicional recuento de Dixville Notch, un peque\u00f1o pueblo cercano a la frontera con Canad\u00e1 en el estado de New Hampshire.\" \/>\n<meta property=\"og:url\" content=\"https:\/\/www.tressis.com\/ca\/blog\/quien-sera-el-hombre-mas-poderoso-del-mundo\/\" \/>\n<meta property=\"og:site_name\" content=\"Tressis\" \/>\n<meta property=\"article:publisher\" content=\"https:\/\/www.facebook.com\/Tressis\/\" \/>\n<meta property=\"article:published_time\" content=\"2020-11-03T09:18:32+00:00\" \/>\n<meta property=\"og:image\" content=\"https:\/\/www.tressis.com\/wp-content\/uploads\/2020\/11\/20201103-biden-trump.jpg\" \/>\n\t<meta property=\"og:image:width\" content=\"1100\" \/>\n\t<meta property=\"og:image:height\" content=\"487\" \/>\n\t<meta property=\"og:image:type\" content=\"image\/jpeg\" \/>\n<meta name=\"author\" content=\"Lola\" \/>\n<meta name=\"twitter:card\" content=\"summary_large_image\" \/>\n<meta name=\"twitter:creator\" content=\"@TressisSV\" \/>\n<meta name=\"twitter:site\" content=\"@TressisSV\" \/>\n<meta name=\"twitter:label1\" content=\"Escrit per\" \/>\n\t<meta name=\"twitter:data1\" content=\"Lola\" \/>\n\t<meta name=\"twitter:label2\" content=\"Temps estimat de lectura\" \/>\n\t<meta name=\"twitter:data2\" content=\"2 minuts\" \/>\n<script type=\"application\/ld+json\" class=\"yoast-schema-graph\">{\"@context\":\"https:\\\/\\\/schema.org\",\"@graph\":[{\"@type\":\"Article\",\"@id\":\"https:\\\/\\\/www.tressis.com\\\/ca\\\/blog\\\/quien-sera-el-hombre-mas-poderoso-del-mundo\\\/#article\",\"isPartOf\":{\"@id\":\"https:\\\/\\\/www.tressis.com\\\/ca\\\/blog\\\/quien-sera-el-hombre-mas-poderoso-del-mundo\\\/\"},\"author\":{\"name\":\"Lola\",\"@id\":\"https:\\\/\\\/www.tressis.com\\\/ca\\\/#\\\/schema\\\/person\\\/b833c1d724d8764920b6d6852c70584e\"},\"headline\":\"\u00bfQui\u00e9n ser\u00e1 el hombre m\u00e1s poderoso del mundo?\",\"datePublished\":\"2020-11-03T09:18:32+00:00\",\"mainEntityOfPage\":{\"@id\":\"https:\\\/\\\/www.tressis.com\\\/ca\\\/blog\\\/quien-sera-el-hombre-mas-poderoso-del-mundo\\\/\"},\"wordCount\":469,\"commentCount\":0,\"publisher\":{\"@id\":\"https:\\\/\\\/www.tressis.com\\\/ca\\\/#organization\"},\"image\":{\"@id\":\"https:\\\/\\\/www.tressis.com\\\/ca\\\/blog\\\/quien-sera-el-hombre-mas-poderoso-del-mundo\\\/#primaryimage\"},\"thumbnailUrl\":\"https:\\\/\\\/www.tressis.com\\\/wp-content\\\/uploads\\\/2020\\\/11\\\/20201103-biden-trump.jpg\",\"articleSection\":[\"Morning meeting\"],\"inLanguage\":\"ca\",\"potentialAction\":[{\"@type\":\"CommentAction\",\"name\":\"Comment\",\"target\":[\"https:\\\/\\\/www.tressis.com\\\/ca\\\/blog\\\/quien-sera-el-hombre-mas-poderoso-del-mundo\\\/#respond\"]}]},{\"@type\":\"WebPage\",\"@id\":\"https:\\\/\\\/www.tressis.com\\\/ca\\\/blog\\\/quien-sera-el-hombre-mas-poderoso-del-mundo\\\/\",\"url\":\"https:\\\/\\\/www.tressis.com\\\/ca\\\/blog\\\/quien-sera-el-hombre-mas-poderoso-del-mundo\\\/\",\"name\":\"\u00bfQui\u00e9n ser\u00e1 el hombre m\u00e1s poderoso del mundo?\",\"isPartOf\":{\"@id\":\"https:\\\/\\\/www.tressis.com\\\/ca\\\/#website\"},\"primaryImageOfPage\":{\"@id\":\"https:\\\/\\\/www.tressis.com\\\/ca\\\/blog\\\/quien-sera-el-hombre-mas-poderoso-del-mundo\\\/#primaryimage\"},\"image\":{\"@id\":\"https:\\\/\\\/www.tressis.com\\\/ca\\\/blog\\\/quien-sera-el-hombre-mas-poderoso-del-mundo\\\/#primaryimage\"},\"thumbnailUrl\":\"https:\\\/\\\/www.tressis.com\\\/wp-content\\\/uploads\\\/2020\\\/11\\\/20201103-biden-trump.jpg\",\"datePublished\":\"2020-11-03T09:18:32+00:00\",\"description\":\"Dir\u00eda que hoy conoceremos qui\u00e9n es para los pr\u00f3ximos cuatro a\u00f1os uno de los hombres m\u00e1s poderosos del mundo, pero quiz\u00e1 tardemos algo m\u00e1s en saberlo. En cualquier caso y en un momento en el que son, aproximadamente, las 4 de la ma\u00f1ana en Washington D.C., ya tendremos los primeros resultados: el tradicional recuento de Dixville Notch, un peque\u00f1o pueblo cercano a la frontera con Canad\u00e1 en el estado de New Hampshire.\",\"breadcrumb\":{\"@id\":\"https:\\\/\\\/www.tressis.com\\\/ca\\\/blog\\\/quien-sera-el-hombre-mas-poderoso-del-mundo\\\/#breadcrumb\"},\"inLanguage\":\"ca\",\"potentialAction\":[{\"@type\":\"ReadAction\",\"target\":[\"https:\\\/\\\/www.tressis.com\\\/ca\\\/blog\\\/quien-sera-el-hombre-mas-poderoso-del-mundo\\\/\"]}]},{\"@type\":\"ImageObject\",\"inLanguage\":\"ca\",\"@id\":\"https:\\\/\\\/www.tressis.com\\\/ca\\\/blog\\\/quien-sera-el-hombre-mas-poderoso-del-mundo\\\/#primaryimage\",\"url\":\"https:\\\/\\\/www.tressis.com\\\/wp-content\\\/uploads\\\/2020\\\/11\\\/20201103-biden-trump.jpg\",\"contentUrl\":\"https:\\\/\\\/www.tressis.com\\\/wp-content\\\/uploads\\\/2020\\\/11\\\/20201103-biden-trump.jpg\",\"width\":1100,\"height\":487},{\"@type\":\"BreadcrumbList\",\"@id\":\"https:\\\/\\\/www.tressis.com\\\/ca\\\/blog\\\/quien-sera-el-hombre-mas-poderoso-del-mundo\\\/#breadcrumb\",\"itemListElement\":[{\"@type\":\"ListItem\",\"position\":1,\"name\":\"Inicio\",\"item\":\"https:\\\/\\\/www.tressis.com\\\/ca\\\/\"},{\"@type\":\"ListItem\",\"position\":2,\"name\":\"\u00bfQui\u00e9n ser\u00e1 el hombre m\u00e1s poderoso del mundo?\"}]},{\"@type\":\"WebSite\",\"@id\":\"https:\\\/\\\/www.tressis.com\\\/ca\\\/#website\",\"url\":\"https:\\\/\\\/www.tressis.com\\\/ca\\\/\",\"name\":\"Tressis banca privada\",\"description\":\"Tressis | Planificaci\u00f3n financiera y gesti\u00f3n de patrimonios\",\"publisher\":{\"@id\":\"https:\\\/\\\/www.tressis.com\\\/ca\\\/#organization\"},\"potentialAction\":[{\"@type\":\"SearchAction\",\"target\":{\"@type\":\"EntryPoint\",\"urlTemplate\":\"https:\\\/\\\/www.tressis.com\\\/ca\\\/?s={search_term_string}\"},\"query-input\":{\"@type\":\"PropertyValueSpecification\",\"valueRequired\":true,\"valueName\":\"search_term_string\"}}],\"inLanguage\":\"ca\"},{\"@type\":\"Organization\",\"@id\":\"https:\\\/\\\/www.tressis.com\\\/ca\\\/#organization\",\"name\":\"Tressis\",\"url\":\"https:\\\/\\\/www.tressis.com\\\/ca\\\/\",\"logo\":{\"@type\":\"ImageObject\",\"inLanguage\":\"ca\",\"@id\":\"https:\\\/\\\/www.tressis.com\\\/ca\\\/#\\\/schema\\\/logo\\\/image\\\/\",\"url\":\"https:\\\/\\\/www.tressis.com\\\/wp-content\\\/uploads\\\/2025\\\/06\\\/logo-tressis-112.png\",\"contentUrl\":\"https:\\\/\\\/www.tressis.com\\\/wp-content\\\/uploads\\\/2025\\\/06\\\/logo-tressis-112.png\",\"width\":112,\"height\":112,\"caption\":\"Tressis\"},\"image\":{\"@id\":\"https:\\\/\\\/www.tressis.com\\\/ca\\\/#\\\/schema\\\/logo\\\/image\\\/\"},\"sameAs\":[\"https:\\\/\\\/www.facebook.com\\\/Tressis\\\/\",\"https:\\\/\\\/x.com\\\/TressisSV\",\"https:\\\/\\\/www.instagram.com\\\/tressissv\\\/?hl=es\",\"https:\\\/\\\/linkedin.com\\\/company\\\/tressis\\\/\",\"https:\\\/\\\/www.youtube.com\\\/user\\\/tressissv\",\"https:\\\/\\\/open.spotify.com\\\/show\\\/3jmTe1Nf0wqMILl7diWV6h?si=d7112519f13c4593&nd=1\"]},{\"@type\":\"Person\",\"@id\":\"https:\\\/\\\/www.tressis.com\\\/ca\\\/#\\\/schema\\\/person\\\/b833c1d724d8764920b6d6852c70584e\",\"name\":\"Lola\",\"image\":{\"@type\":\"ImageObject\",\"inLanguage\":\"ca\",\"@id\":\"https:\\\/\\\/secure.gravatar.com\\\/avatar\\\/05e646486b23ff45df9649110609c7e31b8c4a3e2821caa23d6317f405e0c51d?s=96&d=mm&r=g\",\"url\":\"https:\\\/\\\/secure.gravatar.com\\\/avatar\\\/05e646486b23ff45df9649110609c7e31b8c4a3e2821caa23d6317f405e0c51d?s=96&d=mm&r=g\",\"contentUrl\":\"https:\\\/\\\/secure.gravatar.com\\\/avatar\\\/05e646486b23ff45df9649110609c7e31b8c4a3e2821caa23d6317f405e0c51d?s=96&d=mm&r=g\",\"caption\":\"Lola\"}}]}<\/script>\n<!-- \/ Yoast SEO plugin. -->","yoast_head_json":{"title":"\u00bfQui\u00e9n ser\u00e1 el hombre m\u00e1s poderoso del mundo?","description":"Dir\u00eda que hoy conoceremos qui\u00e9n es para los pr\u00f3ximos cuatro a\u00f1os uno de los hombres m\u00e1s poderosos del mundo, pero quiz\u00e1 tardemos algo m\u00e1s en saberlo. En cualquier caso y en un momento en el que son, aproximadamente, las 4 de la ma\u00f1ana en Washington D.C., ya tendremos los primeros resultados: el tradicional recuento de Dixville Notch, un peque\u00f1o pueblo cercano a la frontera con Canad\u00e1 en el estado de New Hampshire.","robots":{"index":"index","follow":"follow","max-snippet":"max-snippet:-1","max-image-preview":"max-image-preview:large","max-video-preview":"max-video-preview:-1"},"canonical":"https:\/\/www.tressis.com\/ca\/blog\/quien-sera-el-hombre-mas-poderoso-del-mundo\/","og_locale":"ca_ES","og_type":"article","og_title":"\u00bfQui\u00e9n ser\u00e1 el hombre m\u00e1s poderoso del mundo?","og_description":"Dir\u00eda que hoy conoceremos qui\u00e9n es para los pr\u00f3ximos cuatro a\u00f1os uno de los hombres m\u00e1s poderosos del mundo, pero quiz\u00e1 tardemos algo m\u00e1s en saberlo. En cualquier caso y en un momento en el que son, aproximadamente, las 4 de la ma\u00f1ana en Washington D.C., ya tendremos los primeros resultados: el tradicional recuento de Dixville Notch, un peque\u00f1o pueblo cercano a la frontera con Canad\u00e1 en el estado de New Hampshire.","og_url":"https:\/\/www.tressis.com\/ca\/blog\/quien-sera-el-hombre-mas-poderoso-del-mundo\/","og_site_name":"Tressis","article_publisher":"https:\/\/www.facebook.com\/Tressis\/","article_published_time":"2020-11-03T09:18:32+00:00","og_image":[{"width":1100,"height":487,"url":"https:\/\/www.tressis.com\/wp-content\/uploads\/2020\/11\/20201103-biden-trump.jpg","type":"image\/jpeg"}],"author":"Lola","twitter_card":"summary_large_image","twitter_creator":"@TressisSV","twitter_site":"@TressisSV","twitter_misc":{"Escrit per":"Lola","Temps estimat de lectura":"2 minuts"},"schema":{"@context":"https:\/\/schema.org","@graph":[{"@type":"Article","@id":"https:\/\/www.tressis.com\/ca\/blog\/quien-sera-el-hombre-mas-poderoso-del-mundo\/#article","isPartOf":{"@id":"https:\/\/www.tressis.com\/ca\/blog\/quien-sera-el-hombre-mas-poderoso-del-mundo\/"},"author":{"name":"Lola","@id":"https:\/\/www.tressis.com\/ca\/#\/schema\/person\/b833c1d724d8764920b6d6852c70584e"},"headline":"\u00bfQui\u00e9n ser\u00e1 el hombre m\u00e1s poderoso del mundo?","datePublished":"2020-11-03T09:18:32+00:00","mainEntityOfPage":{"@id":"https:\/\/www.tressis.com\/ca\/blog\/quien-sera-el-hombre-mas-poderoso-del-mundo\/"},"wordCount":469,"commentCount":0,"publisher":{"@id":"https:\/\/www.tressis.com\/ca\/#organization"},"image":{"@id":"https:\/\/www.tressis.com\/ca\/blog\/quien-sera-el-hombre-mas-poderoso-del-mundo\/#primaryimage"},"thumbnailUrl":"https:\/\/www.tressis.com\/wp-content\/uploads\/2020\/11\/20201103-biden-trump.jpg","articleSection":["Morning meeting"],"inLanguage":"ca","potentialAction":[{"@type":"CommentAction","name":"Comment","target":["https:\/\/www.tressis.com\/ca\/blog\/quien-sera-el-hombre-mas-poderoso-del-mundo\/#respond"]}]},{"@type":"WebPage","@id":"https:\/\/www.tressis.com\/ca\/blog\/quien-sera-el-hombre-mas-poderoso-del-mundo\/","url":"https:\/\/www.tressis.com\/ca\/blog\/quien-sera-el-hombre-mas-poderoso-del-mundo\/","name":"\u00bfQui\u00e9n ser\u00e1 el hombre m\u00e1s poderoso del mundo?","isPartOf":{"@id":"https:\/\/www.tressis.com\/ca\/#website"},"primaryImageOfPage":{"@id":"https:\/\/www.tressis.com\/ca\/blog\/quien-sera-el-hombre-mas-poderoso-del-mundo\/#primaryimage"},"image":{"@id":"https:\/\/www.tressis.com\/ca\/blog\/quien-sera-el-hombre-mas-poderoso-del-mundo\/#primaryimage"},"thumbnailUrl":"https:\/\/www.tressis.com\/wp-content\/uploads\/2020\/11\/20201103-biden-trump.jpg","datePublished":"2020-11-03T09:18:32+00:00","description":"Dir\u00eda que hoy conoceremos qui\u00e9n es para los pr\u00f3ximos cuatro a\u00f1os uno de los hombres m\u00e1s poderosos del mundo, pero quiz\u00e1 tardemos algo m\u00e1s en saberlo. En cualquier caso y en un momento en el que son, aproximadamente, las 4 de la ma\u00f1ana en Washington D.C., ya tendremos los primeros resultados: el tradicional recuento de Dixville Notch, un peque\u00f1o pueblo cercano a la frontera con Canad\u00e1 en el estado de New Hampshire.","breadcrumb":{"@id":"https:\/\/www.tressis.com\/ca\/blog\/quien-sera-el-hombre-mas-poderoso-del-mundo\/#breadcrumb"},"inLanguage":"ca","potentialAction":[{"@type":"ReadAction","target":["https:\/\/www.tressis.com\/ca\/blog\/quien-sera-el-hombre-mas-poderoso-del-mundo\/"]}]},{"@type":"ImageObject","inLanguage":"ca","@id":"https:\/\/www.tressis.com\/ca\/blog\/quien-sera-el-hombre-mas-poderoso-del-mundo\/#primaryimage","url":"https:\/\/www.tressis.com\/wp-content\/uploads\/2020\/11\/20201103-biden-trump.jpg","contentUrl":"https:\/\/www.tressis.com\/wp-content\/uploads\/2020\/11\/20201103-biden-trump.jpg","width":1100,"height":487},{"@type":"BreadcrumbList","@id":"https:\/\/www.tressis.com\/ca\/blog\/quien-sera-el-hombre-mas-poderoso-del-mundo\/#breadcrumb","itemListElement":[{"@type":"ListItem","position":1,"name":"Inicio","item":"https:\/\/www.tressis.com\/ca\/"},{"@type":"ListItem","position":2,"name":"\u00bfQui\u00e9n ser\u00e1 el hombre m\u00e1s poderoso del mundo?"}]},{"@type":"WebSite","@id":"https:\/\/www.tressis.com\/ca\/#website","url":"https:\/\/www.tressis.com\/ca\/","name":"Tressis banca privada","description":"Tressis | Planificaci\u00f3n financiera y gesti\u00f3n de patrimonios","publisher":{"@id":"https:\/\/www.tressis.com\/ca\/#organization"},"potentialAction":[{"@type":"SearchAction","target":{"@type":"EntryPoint","urlTemplate":"https:\/\/www.tressis.com\/ca\/?s={search_term_string}"},"query-input":{"@type":"PropertyValueSpecification","valueRequired":true,"valueName":"search_term_string"}}],"inLanguage":"ca"},{"@type":"Organization","@id":"https:\/\/www.tressis.com\/ca\/#organization","name":"Tressis","url":"https:\/\/www.tressis.com\/ca\/","logo":{"@type":"ImageObject","inLanguage":"ca","@id":"https:\/\/www.tressis.com\/ca\/#\/schema\/logo\/image\/","url":"https:\/\/www.tressis.com\/wp-content\/uploads\/2025\/06\/logo-tressis-112.png","contentUrl":"https:\/\/www.tressis.com\/wp-content\/uploads\/2025\/06\/logo-tressis-112.png","width":112,"height":112,"caption":"Tressis"},"image":{"@id":"https:\/\/www.tressis.com\/ca\/#\/schema\/logo\/image\/"},"sameAs":["https:\/\/www.facebook.com\/Tressis\/","https:\/\/x.com\/TressisSV","https:\/\/www.instagram.com\/tressissv\/?hl=es","https:\/\/linkedin.com\/company\/tressis\/","https:\/\/www.youtube.com\/user\/tressissv","https:\/\/open.spotify.com\/show\/3jmTe1Nf0wqMILl7diWV6h?si=d7112519f13c4593&nd=1"]},{"@type":"Person","@id":"https:\/\/www.tressis.com\/ca\/#\/schema\/person\/b833c1d724d8764920b6d6852c70584e","name":"Lola","image":{"@type":"ImageObject","inLanguage":"ca","@id":"https:\/\/secure.gravatar.com\/avatar\/05e646486b23ff45df9649110609c7e31b8c4a3e2821caa23d6317f405e0c51d?s=96&d=mm&r=g","url":"https:\/\/secure.gravatar.com\/avatar\/05e646486b23ff45df9649110609c7e31b8c4a3e2821caa23d6317f405e0c51d?s=96&d=mm&r=g","contentUrl":"https:\/\/secure.gravatar.com\/avatar\/05e646486b23ff45df9649110609c7e31b8c4a3e2821caa23d6317f405e0c51d?s=96&d=mm&r=g","caption":"Lola"}}]}},"_links":{"self":[{"href":"https:\/\/www.tressis.com\/ca\/wp-json\/wp\/v2\/posts\/35143","targetHints":{"allow":["GET"]}}],"collection":[{"href":"https:\/\/www.tressis.com\/ca\/wp-json\/wp\/v2\/posts"}],"about":[{"href":"https:\/\/www.tressis.com\/ca\/wp-json\/wp\/v2\/types\/post"}],"author":[{"embeddable":true,"href":"https:\/\/www.tressis.com\/ca\/wp-json\/wp\/v2\/users\/4"}],"replies":[{"embeddable":true,"href":"https:\/\/www.tressis.com\/ca\/wp-json\/wp\/v2\/comments?post=35143"}],"version-history":[{"count":0,"href":"https:\/\/www.tressis.com\/ca\/wp-json\/wp\/v2\/posts\/35143\/revisions"}],"wp:featuredmedia":[{"embeddable":true,"href":"https:\/\/www.tressis.com\/ca\/wp-json\/wp\/v2\/media\/35144"}],"wp:attachment":[{"href":"https:\/\/www.tressis.com\/ca\/wp-json\/wp\/v2\/media?parent=35143"}],"wp:term":[{"taxonomy":"category","embeddable":true,"href":"https:\/\/www.tressis.com\/ca\/wp-json\/wp\/v2\/categories?post=35143"},{"taxonomy":"post_tag","embeddable":true,"href":"https:\/\/www.tressis.com\/ca\/wp-json\/wp\/v2\/tags?post=35143"}],"curies":[{"name":"wp","href":"https:\/\/api.w.org\/{rel}","templated":true}]}}