{"id":35059,"date":"2020-10-14T10:11:53","date_gmt":"2020-10-14T08:11:53","guid":{"rendered":"http:\/\/www.tressis.com\/blog\/?p=35059"},"modified":"2020-10-14T10:11:53","modified_gmt":"2020-10-14T08:11:53","slug":"preocupacion-tasa-paro-mundial","status":"publish","type":"post","link":"https:\/\/www.tressis.com\/ca\/blog\/preocupacion-tasa-paro-mundial\/","title":{"rendered":"Preocupaci\u00f3n por la tasa de paro mundial"},"content":{"rendered":"<p>Mal d\u00eda para todos los activos de riesgo tras ver que otro ensayo de vacuna para la COVID-19 se pausaba y las advertencias del FMI de que la pandemia causar\u00eda un da\u00f1o duradero a la econom\u00eda mundial.<!--more--><\/p>\n<p>La renta variable estadounidense retroced\u00eda, presionada por una serie de informes corporativos mixtos de empresas que van desde aerol\u00edneas hasta bancos, y a medida que los inversores sopesaban la noticia de que los principales laboratorios se est\u00e1n viendo obligados a detener sus ensayos de una posible vacuna y tratamientos con anticuerpos, alejando con ello la esperanza de que encontremos una soluci\u00f3n para la pandemia. Adem\u00e1s, la incertidumbre sobre las perspectivas de m\u00e1s est\u00edmulos para la econom\u00eda estadounidense, en medio de una segunda oleada de infecciones por coronavirus, y la medida en que los gobiernos pueden tener que renovar las restricciones tambi\u00e9n pesaron en el mercado. La presidenta de la C\u00e1mara de Representantes de EE.UU., Nancy Pelosi, rechaz\u00f3 una propuesta del l\u00edder republicano del Senado, Mitch McConnell, de un programa de menor calado y exigi\u00f3 que la Casa Blanca hiciera una nueva oferta.<\/p>\n<p>Por su parte, los precios del crudo avanzaron el martes, despu\u00e9s de que conoci\u00e9ramos unos datos que mostraban un aumento de las importaciones de crudo de China, dando se\u00f1ales del fortalecimiento de la demanda en determinadas econom\u00edas. En cambio, la Agencia Internacional de la Energ\u00eda dibujaba un panorama sombr\u00edo en el que el mercado del petr\u00f3leo sufrir\u00e1 un da\u00f1o duradero por el coronavirus, con una demanda de petr\u00f3leo que tardar\u00e1 a\u00f1os en recuperarse. La agencia espera que el consumo mundial de petr\u00f3leo solo vuelva a los niveles previos a la crisis en 2023, despu\u00e9s de una ca\u00edda sin precedentes del 8% este a\u00f1o.<\/p>\n<p>La noticia \u201cpositiva\u201d del d\u00eda ven\u00eda de la mano del FMI, organismo que aprecia una aceleraci\u00f3n mayor a la estimada previamente de la econom\u00eda despu\u00e9s de los confinamientos globales. Sin embargo, la incertidumbre sigue siendo elevada. Preocupa especialmente el aumento estimado para la tasa de paro mundial. El incremento del desempleo reducir\u00e1 los ingresos fiscales y el pago de la deuda p\u00fablica supondr\u00e1 un mayor esfuerzo. En el caso de los pa\u00edses emergentes la mayor preocupaci\u00f3n es su capacidad de financiaci\u00f3n si el sentimiento financiero se deteriora en pr\u00f3ximos meses.<\/p>\n<p>El otro dato importante del d\u00eda era la evoluci\u00f3n de los precios. La debilidad de la demanda y el retroceso en los costes de la energ\u00eda ocasiona pobres registros de inflaci\u00f3n en todas las econom\u00edas. En el caso particular de Espa\u00f1a, las cifras son a\u00fan m\u00e1s negativas (llevamos seis meses con tasa interanual de IPC negativa) debido a una floja temporada de turismo que ha llevado a importantes descuentos en los precios de los hoteles, vuelos y restaurantes para incentivar la demanda. En cambio, la reapertura de la econom\u00eda y los est\u00edmulos monetarios y fiscales han contribuido a reactivar el consumo en EE.UU. Con ello, los precios han ganado cierto vigor despu\u00e9s de registrar tasas muy reducidas entre los meses de abril y junio. En cualquier caso, el indicador sigue alejado del umbral de +2,0% perseguido por la Fed y no supone ning\u00fan obst\u00e1culo para mantener una pol\u00edtica monetaria laxa durante un periodo prolongado de tiempo.<\/p>\n<p>Hoy conoceremos los datos trimestrales de los principales bancos norteamericanos. Adem\u00e1s, tendremos discurso de Lagarde, presidenta del BCE.<\/p>\n<p>Buen d\u00eda.<\/p>\n<p><center><strong>Jorge Gonz\u00e1lez<\/strong><br \/>\nDirector de An\u00e1lisis<\/center><\/p>\n","protected":false},"excerpt":{"rendered":"<p>Mal d\u00eda para todos los activos de riesgo tras ver que otro ensayo de vacuna para la COVID-19 se pausaba y las advertencias del FMI de que la pandemia causar\u00eda un da\u00f1o duradero a la econom\u00eda mundial.<\/p>\n","protected":false},"author":4,"featured_media":35060,"comment_status":"open","ping_status":"closed","sticky":false,"template":"","format":"standard","meta":{"_acf_changed":false,"footnotes":""},"categories":[9721],"tags":[],"class_list":["post-35059","post","type-post","status-publish","format-standard","has-post-thumbnail","hentry","category-morning-meeting"],"acf":[],"yoast_head":"<!-- This site is optimized with the Yoast SEO plugin v27.5 - https:\/\/yoast.com\/product\/yoast-seo-wordpress\/ -->\n<title>Preocupaci\u00f3n por la tasa de paro mundial<\/title>\n<meta name=\"description\" content=\"La incertidumbre sigue siendo elevada y preocupa especialmente el aumento estimado para la tasa de paro mundial.\" \/>\n<meta name=\"robots\" content=\"index, follow, max-snippet:-1, max-image-preview:large, max-video-preview:-1\" \/>\n<link rel=\"canonical\" href=\"https:\/\/www.tressis.com\/ca\/blog\/preocupacion-tasa-paro-mundial\/\" \/>\n<meta property=\"og:locale\" content=\"ca_ES\" \/>\n<meta property=\"og:type\" content=\"article\" \/>\n<meta property=\"og:title\" content=\"Preocupaci\u00f3n por la tasa de paro mundial\" \/>\n<meta property=\"og:description\" content=\"La incertidumbre sigue siendo elevada y preocupa especialmente el aumento estimado para la tasa de paro mundial.\" \/>\n<meta property=\"og:url\" content=\"https:\/\/www.tressis.com\/ca\/blog\/preocupacion-tasa-paro-mundial\/\" \/>\n<meta property=\"og:site_name\" content=\"Tressis\" \/>\n<meta property=\"article:publisher\" content=\"https:\/\/www.facebook.com\/Tressis\/\" \/>\n<meta property=\"article:published_time\" content=\"2020-10-14T08:11:53+00:00\" \/>\n<meta property=\"og:image\" content=\"https:\/\/www.tressis.com\/wp-content\/uploads\/2020\/10\/20201014-paro.jpg\" \/>\n\t<meta property=\"og:image:width\" content=\"1100\" \/>\n\t<meta property=\"og:image:height\" content=\"487\" \/>\n\t<meta property=\"og:image:type\" content=\"image\/jpeg\" \/>\n<meta name=\"author\" content=\"Lola\" \/>\n<meta name=\"twitter:card\" content=\"summary_large_image\" \/>\n<meta name=\"twitter:creator\" content=\"@TressisSV\" \/>\n<meta name=\"twitter:site\" content=\"@TressisSV\" \/>\n<meta name=\"twitter:label1\" content=\"Escrit per\" \/>\n\t<meta name=\"twitter:data1\" content=\"Lola\" \/>\n\t<meta name=\"twitter:label2\" content=\"Temps estimat de lectura\" \/>\n\t<meta name=\"twitter:data2\" content=\"3 minuts\" \/>\n<script type=\"application\/ld+json\" class=\"yoast-schema-graph\">{\"@context\":\"https:\\\/\\\/schema.org\",\"@graph\":[{\"@type\":\"Article\",\"@id\":\"https:\\\/\\\/www.tressis.com\\\/ca\\\/blog\\\/preocupacion-tasa-paro-mundial\\\/#article\",\"isPartOf\":{\"@id\":\"https:\\\/\\\/www.tressis.com\\\/ca\\\/blog\\\/preocupacion-tasa-paro-mundial\\\/\"},\"author\":{\"name\":\"Lola\",\"@id\":\"https:\\\/\\\/www.tressis.com\\\/ca\\\/#\\\/schema\\\/person\\\/b833c1d724d8764920b6d6852c70584e\"},\"headline\":\"Preocupaci\u00f3n por la tasa de paro mundial\",\"datePublished\":\"2020-10-14T08:11:53+00:00\",\"mainEntityOfPage\":{\"@id\":\"https:\\\/\\\/www.tressis.com\\\/ca\\\/blog\\\/preocupacion-tasa-paro-mundial\\\/\"},\"wordCount\":617,\"commentCount\":0,\"publisher\":{\"@id\":\"https:\\\/\\\/www.tressis.com\\\/ca\\\/#organization\"},\"image\":{\"@id\":\"https:\\\/\\\/www.tressis.com\\\/ca\\\/blog\\\/preocupacion-tasa-paro-mundial\\\/#primaryimage\"},\"thumbnailUrl\":\"https:\\\/\\\/www.tressis.com\\\/wp-content\\\/uploads\\\/2020\\\/10\\\/20201014-paro.jpg\",\"articleSection\":[\"Morning meeting\"],\"inLanguage\":\"ca\",\"potentialAction\":[{\"@type\":\"CommentAction\",\"name\":\"Comment\",\"target\":[\"https:\\\/\\\/www.tressis.com\\\/ca\\\/blog\\\/preocupacion-tasa-paro-mundial\\\/#respond\"]}]},{\"@type\":\"WebPage\",\"@id\":\"https:\\\/\\\/www.tressis.com\\\/ca\\\/blog\\\/preocupacion-tasa-paro-mundial\\\/\",\"url\":\"https:\\\/\\\/www.tressis.com\\\/ca\\\/blog\\\/preocupacion-tasa-paro-mundial\\\/\",\"name\":\"Preocupaci\u00f3n por la tasa de paro mundial\",\"isPartOf\":{\"@id\":\"https:\\\/\\\/www.tressis.com\\\/ca\\\/#website\"},\"primaryImageOfPage\":{\"@id\":\"https:\\\/\\\/www.tressis.com\\\/ca\\\/blog\\\/preocupacion-tasa-paro-mundial\\\/#primaryimage\"},\"image\":{\"@id\":\"https:\\\/\\\/www.tressis.com\\\/ca\\\/blog\\\/preocupacion-tasa-paro-mundial\\\/#primaryimage\"},\"thumbnailUrl\":\"https:\\\/\\\/www.tressis.com\\\/wp-content\\\/uploads\\\/2020\\\/10\\\/20201014-paro.jpg\",\"datePublished\":\"2020-10-14T08:11:53+00:00\",\"description\":\"La incertidumbre sigue siendo elevada y preocupa especialmente el aumento estimado para la tasa de paro mundial.\",\"breadcrumb\":{\"@id\":\"https:\\\/\\\/www.tressis.com\\\/ca\\\/blog\\\/preocupacion-tasa-paro-mundial\\\/#breadcrumb\"},\"inLanguage\":\"ca\",\"potentialAction\":[{\"@type\":\"ReadAction\",\"target\":[\"https:\\\/\\\/www.tressis.com\\\/ca\\\/blog\\\/preocupacion-tasa-paro-mundial\\\/\"]}]},{\"@type\":\"ImageObject\",\"inLanguage\":\"ca\",\"@id\":\"https:\\\/\\\/www.tressis.com\\\/ca\\\/blog\\\/preocupacion-tasa-paro-mundial\\\/#primaryimage\",\"url\":\"https:\\\/\\\/www.tressis.com\\\/wp-content\\\/uploads\\\/2020\\\/10\\\/20201014-paro.jpg\",\"contentUrl\":\"https:\\\/\\\/www.tressis.com\\\/wp-content\\\/uploads\\\/2020\\\/10\\\/20201014-paro.jpg\",\"width\":1100,\"height\":487,\"caption\":\"Preocupa el paro\"},{\"@type\":\"BreadcrumbList\",\"@id\":\"https:\\\/\\\/www.tressis.com\\\/ca\\\/blog\\\/preocupacion-tasa-paro-mundial\\\/#breadcrumb\",\"itemListElement\":[{\"@type\":\"ListItem\",\"position\":1,\"name\":\"Inicio\",\"item\":\"https:\\\/\\\/www.tressis.com\\\/ca\\\/\"},{\"@type\":\"ListItem\",\"position\":2,\"name\":\"Preocupaci\u00f3n por la tasa de paro mundial\"}]},{\"@type\":\"WebSite\",\"@id\":\"https:\\\/\\\/www.tressis.com\\\/ca\\\/#website\",\"url\":\"https:\\\/\\\/www.tressis.com\\\/ca\\\/\",\"name\":\"Tressis banca privada\",\"description\":\"Tressis | Planificaci\u00f3n financiera y gesti\u00f3n de patrimonios\",\"publisher\":{\"@id\":\"https:\\\/\\\/www.tressis.com\\\/ca\\\/#organization\"},\"potentialAction\":[{\"@type\":\"SearchAction\",\"target\":{\"@type\":\"EntryPoint\",\"urlTemplate\":\"https:\\\/\\\/www.tressis.com\\\/ca\\\/?s={search_term_string}\"},\"query-input\":{\"@type\":\"PropertyValueSpecification\",\"valueRequired\":true,\"valueName\":\"search_term_string\"}}],\"inLanguage\":\"ca\"},{\"@type\":\"Organization\",\"@id\":\"https:\\\/\\\/www.tressis.com\\\/ca\\\/#organization\",\"name\":\"Tressis\",\"url\":\"https:\\\/\\\/www.tressis.com\\\/ca\\\/\",\"logo\":{\"@type\":\"ImageObject\",\"inLanguage\":\"ca\",\"@id\":\"https:\\\/\\\/www.tressis.com\\\/ca\\\/#\\\/schema\\\/logo\\\/image\\\/\",\"url\":\"https:\\\/\\\/www.tressis.com\\\/wp-content\\\/uploads\\\/2025\\\/06\\\/logo-tressis-112.png\",\"contentUrl\":\"https:\\\/\\\/www.tressis.com\\\/wp-content\\\/uploads\\\/2025\\\/06\\\/logo-tressis-112.png\",\"width\":112,\"height\":112,\"caption\":\"Tressis\"},\"image\":{\"@id\":\"https:\\\/\\\/www.tressis.com\\\/ca\\\/#\\\/schema\\\/logo\\\/image\\\/\"},\"sameAs\":[\"https:\\\/\\\/www.facebook.com\\\/Tressis\\\/\",\"https:\\\/\\\/x.com\\\/TressisSV\",\"https:\\\/\\\/www.instagram.com\\\/tressissv\\\/?hl=es\",\"https:\\\/\\\/linkedin.com\\\/company\\\/tressis\\\/\",\"https:\\\/\\\/www.youtube.com\\\/user\\\/tressissv\",\"https:\\\/\\\/open.spotify.com\\\/show\\\/3jmTe1Nf0wqMILl7diWV6h?si=d7112519f13c4593&nd=1\"]},{\"@type\":\"Person\",\"@id\":\"https:\\\/\\\/www.tressis.com\\\/ca\\\/#\\\/schema\\\/person\\\/b833c1d724d8764920b6d6852c70584e\",\"name\":\"Lola\",\"image\":{\"@type\":\"ImageObject\",\"inLanguage\":\"ca\",\"@id\":\"https:\\\/\\\/secure.gravatar.com\\\/avatar\\\/05e646486b23ff45df9649110609c7e31b8c4a3e2821caa23d6317f405e0c51d?s=96&d=mm&r=g\",\"url\":\"https:\\\/\\\/secure.gravatar.com\\\/avatar\\\/05e646486b23ff45df9649110609c7e31b8c4a3e2821caa23d6317f405e0c51d?s=96&d=mm&r=g\",\"contentUrl\":\"https:\\\/\\\/secure.gravatar.com\\\/avatar\\\/05e646486b23ff45df9649110609c7e31b8c4a3e2821caa23d6317f405e0c51d?s=96&d=mm&r=g\",\"caption\":\"Lola\"}}]}<\/script>\n<!-- \/ Yoast SEO plugin. -->","yoast_head_json":{"title":"Preocupaci\u00f3n por la tasa de paro mundial","description":"La incertidumbre sigue siendo elevada y preocupa especialmente el aumento estimado para la tasa de paro mundial.","robots":{"index":"index","follow":"follow","max-snippet":"max-snippet:-1","max-image-preview":"max-image-preview:large","max-video-preview":"max-video-preview:-1"},"canonical":"https:\/\/www.tressis.com\/ca\/blog\/preocupacion-tasa-paro-mundial\/","og_locale":"ca_ES","og_type":"article","og_title":"Preocupaci\u00f3n por la tasa de paro mundial","og_description":"La incertidumbre sigue siendo elevada y preocupa especialmente el aumento estimado para la tasa de paro mundial.","og_url":"https:\/\/www.tressis.com\/ca\/blog\/preocupacion-tasa-paro-mundial\/","og_site_name":"Tressis","article_publisher":"https:\/\/www.facebook.com\/Tressis\/","article_published_time":"2020-10-14T08:11:53+00:00","og_image":[{"width":1100,"height":487,"url":"https:\/\/www.tressis.com\/wp-content\/uploads\/2020\/10\/20201014-paro.jpg","type":"image\/jpeg"}],"author":"Lola","twitter_card":"summary_large_image","twitter_creator":"@TressisSV","twitter_site":"@TressisSV","twitter_misc":{"Escrit per":"Lola","Temps estimat de lectura":"3 minuts"},"schema":{"@context":"https:\/\/schema.org","@graph":[{"@type":"Article","@id":"https:\/\/www.tressis.com\/ca\/blog\/preocupacion-tasa-paro-mundial\/#article","isPartOf":{"@id":"https:\/\/www.tressis.com\/ca\/blog\/preocupacion-tasa-paro-mundial\/"},"author":{"name":"Lola","@id":"https:\/\/www.tressis.com\/ca\/#\/schema\/person\/b833c1d724d8764920b6d6852c70584e"},"headline":"Preocupaci\u00f3n por la tasa de paro mundial","datePublished":"2020-10-14T08:11:53+00:00","mainEntityOfPage":{"@id":"https:\/\/www.tressis.com\/ca\/blog\/preocupacion-tasa-paro-mundial\/"},"wordCount":617,"commentCount":0,"publisher":{"@id":"https:\/\/www.tressis.com\/ca\/#organization"},"image":{"@id":"https:\/\/www.tressis.com\/ca\/blog\/preocupacion-tasa-paro-mundial\/#primaryimage"},"thumbnailUrl":"https:\/\/www.tressis.com\/wp-content\/uploads\/2020\/10\/20201014-paro.jpg","articleSection":["Morning meeting"],"inLanguage":"ca","potentialAction":[{"@type":"CommentAction","name":"Comment","target":["https:\/\/www.tressis.com\/ca\/blog\/preocupacion-tasa-paro-mundial\/#respond"]}]},{"@type":"WebPage","@id":"https:\/\/www.tressis.com\/ca\/blog\/preocupacion-tasa-paro-mundial\/","url":"https:\/\/www.tressis.com\/ca\/blog\/preocupacion-tasa-paro-mundial\/","name":"Preocupaci\u00f3n por la tasa de paro mundial","isPartOf":{"@id":"https:\/\/www.tressis.com\/ca\/#website"},"primaryImageOfPage":{"@id":"https:\/\/www.tressis.com\/ca\/blog\/preocupacion-tasa-paro-mundial\/#primaryimage"},"image":{"@id":"https:\/\/www.tressis.com\/ca\/blog\/preocupacion-tasa-paro-mundial\/#primaryimage"},"thumbnailUrl":"https:\/\/www.tressis.com\/wp-content\/uploads\/2020\/10\/20201014-paro.jpg","datePublished":"2020-10-14T08:11:53+00:00","description":"La incertidumbre sigue siendo elevada y preocupa especialmente el aumento estimado para la tasa de paro mundial.","breadcrumb":{"@id":"https:\/\/www.tressis.com\/ca\/blog\/preocupacion-tasa-paro-mundial\/#breadcrumb"},"inLanguage":"ca","potentialAction":[{"@type":"ReadAction","target":["https:\/\/www.tressis.com\/ca\/blog\/preocupacion-tasa-paro-mundial\/"]}]},{"@type":"ImageObject","inLanguage":"ca","@id":"https:\/\/www.tressis.com\/ca\/blog\/preocupacion-tasa-paro-mundial\/#primaryimage","url":"https:\/\/www.tressis.com\/wp-content\/uploads\/2020\/10\/20201014-paro.jpg","contentUrl":"https:\/\/www.tressis.com\/wp-content\/uploads\/2020\/10\/20201014-paro.jpg","width":1100,"height":487,"caption":"Preocupa el paro"},{"@type":"BreadcrumbList","@id":"https:\/\/www.tressis.com\/ca\/blog\/preocupacion-tasa-paro-mundial\/#breadcrumb","itemListElement":[{"@type":"ListItem","position":1,"name":"Inicio","item":"https:\/\/www.tressis.com\/ca\/"},{"@type":"ListItem","position":2,"name":"Preocupaci\u00f3n por la tasa de paro mundial"}]},{"@type":"WebSite","@id":"https:\/\/www.tressis.com\/ca\/#website","url":"https:\/\/www.tressis.com\/ca\/","name":"Tressis banca privada","description":"Tressis | Planificaci\u00f3n financiera y gesti\u00f3n de patrimonios","publisher":{"@id":"https:\/\/www.tressis.com\/ca\/#organization"},"potentialAction":[{"@type":"SearchAction","target":{"@type":"EntryPoint","urlTemplate":"https:\/\/www.tressis.com\/ca\/?s={search_term_string}"},"query-input":{"@type":"PropertyValueSpecification","valueRequired":true,"valueName":"search_term_string"}}],"inLanguage":"ca"},{"@type":"Organization","@id":"https:\/\/www.tressis.com\/ca\/#organization","name":"Tressis","url":"https:\/\/www.tressis.com\/ca\/","logo":{"@type":"ImageObject","inLanguage":"ca","@id":"https:\/\/www.tressis.com\/ca\/#\/schema\/logo\/image\/","url":"https:\/\/www.tressis.com\/wp-content\/uploads\/2025\/06\/logo-tressis-112.png","contentUrl":"https:\/\/www.tressis.com\/wp-content\/uploads\/2025\/06\/logo-tressis-112.png","width":112,"height":112,"caption":"Tressis"},"image":{"@id":"https:\/\/www.tressis.com\/ca\/#\/schema\/logo\/image\/"},"sameAs":["https:\/\/www.facebook.com\/Tressis\/","https:\/\/x.com\/TressisSV","https:\/\/www.instagram.com\/tressissv\/?hl=es","https:\/\/linkedin.com\/company\/tressis\/","https:\/\/www.youtube.com\/user\/tressissv","https:\/\/open.spotify.com\/show\/3jmTe1Nf0wqMILl7diWV6h?si=d7112519f13c4593&nd=1"]},{"@type":"Person","@id":"https:\/\/www.tressis.com\/ca\/#\/schema\/person\/b833c1d724d8764920b6d6852c70584e","name":"Lola","image":{"@type":"ImageObject","inLanguage":"ca","@id":"https:\/\/secure.gravatar.com\/avatar\/05e646486b23ff45df9649110609c7e31b8c4a3e2821caa23d6317f405e0c51d?s=96&d=mm&r=g","url":"https:\/\/secure.gravatar.com\/avatar\/05e646486b23ff45df9649110609c7e31b8c4a3e2821caa23d6317f405e0c51d?s=96&d=mm&r=g","contentUrl":"https:\/\/secure.gravatar.com\/avatar\/05e646486b23ff45df9649110609c7e31b8c4a3e2821caa23d6317f405e0c51d?s=96&d=mm&r=g","caption":"Lola"}}]}},"_links":{"self":[{"href":"https:\/\/www.tressis.com\/ca\/wp-json\/wp\/v2\/posts\/35059","targetHints":{"allow":["GET"]}}],"collection":[{"href":"https:\/\/www.tressis.com\/ca\/wp-json\/wp\/v2\/posts"}],"about":[{"href":"https:\/\/www.tressis.com\/ca\/wp-json\/wp\/v2\/types\/post"}],"author":[{"embeddable":true,"href":"https:\/\/www.tressis.com\/ca\/wp-json\/wp\/v2\/users\/4"}],"replies":[{"embeddable":true,"href":"https:\/\/www.tressis.com\/ca\/wp-json\/wp\/v2\/comments?post=35059"}],"version-history":[{"count":0,"href":"https:\/\/www.tressis.com\/ca\/wp-json\/wp\/v2\/posts\/35059\/revisions"}],"wp:featuredmedia":[{"embeddable":true,"href":"https:\/\/www.tressis.com\/ca\/wp-json\/wp\/v2\/media\/35060"}],"wp:attachment":[{"href":"https:\/\/www.tressis.com\/ca\/wp-json\/wp\/v2\/media?parent=35059"}],"wp:term":[{"taxonomy":"category","embeddable":true,"href":"https:\/\/www.tressis.com\/ca\/wp-json\/wp\/v2\/categories?post=35059"},{"taxonomy":"post_tag","embeddable":true,"href":"https:\/\/www.tressis.com\/ca\/wp-json\/wp\/v2\/tags?post=35059"}],"curies":[{"name":"wp","href":"https:\/\/api.w.org\/{rel}","templated":true}]}}