{"id":35047,"date":"2020-10-08T11:23:25","date_gmt":"2020-10-08T09:23:25","guid":{"rendered":"http:\/\/www.tressis.com\/blog\/?p=35047"},"modified":"2020-10-08T11:23:25","modified_gmt":"2020-10-08T09:23:25","slug":"el-plan-de-recuperacion-foco-inversion-verde","status":"publish","type":"post","link":"https:\/\/www.tressis.com\/ca\/blog\/el-plan-de-recuperacion-foco-inversion-verde\/","title":{"rendered":"El plan de recuperaci\u00f3n pone el foco en la inversi\u00f3n verde"},"content":{"rendered":"<p>Parece que la noticia del d\u00eda fue que ayer una mosca se pos\u00f3 en el blanco cabello de Mike Pence en el debate entre los candidatos a vicepresidente de Estados Unidos.<!--more--><\/p>\n<p>Pero voy a intentar abstraerme de esta espectacular novedad, clave en los mercados, para contarles algunas cosas m\u00e1s.<\/p>\n<p>Porque s\u00ed, en el encuentro de ayer sucedieron m\u00e1s cosas. De hecho, por el tono, educaci\u00f3n y seriedad con la que se abordaron los distintos temas (los mismos que tocaron Trump y Biden d\u00edas antes) bien podr\u00eda haber sido entre candidatos a la presidencia. M\u00e1s propuestas, m\u00e1s pol\u00edticas y m\u00e1s discusi\u00f3n de la que aporta, que al parecer, propici\u00f3 que Pence mejorase la imagen que Trump hab\u00eda dejado del partido republicano. Entre esto y la ruptura de negociaciones sobre el nuevo paquete de est\u00edmulos que decret\u00f3 ayer el presidente, las encuestas parecen cada vez m\u00e1s claras en favor de los dem\u00f3cratas.<\/p>\n<p>Aun con todo, la Administraci\u00f3n Trump es consciente de que alg\u00fan tipo de ayudas tiene que poner en funcionamiento, por lo que ahora abogan por peque\u00f1as partidas con usos determinados, empezando por 25.000 millones de ayudas a las aerol\u00edneas.<\/p>\n<p>En un punto similar, en cuanto al programa de recuperaci\u00f3n, estamos en Europa, donde se detallaban un poco m\u00e1s los usos y or\u00edgenes de los fondos. Lo que m\u00e1s digno de menci\u00f3n me parece son las importantes cantidades de bonos sociales y bonos verdes que se espera emitir para financiar parte de las ayudas, en l\u00ednea con la intenci\u00f3n que ya se hab\u00eda manifestado de aprovechar esta recuperaci\u00f3n para \u201chacerla m\u00e1s verde\u201d. Habr\u00e1 que prestar atenci\u00f3n a dichos nichos de mercados para ver c\u00f3mo reciben una inundaci\u00f3n de nuevas emisiones.<\/p>\n<p>Buen jueves.<\/p>\n<p><center><strong>M\u00aa Salom\u00e9 Bouzas Romero<\/strong><br \/>\nAnalista<\/center><\/p>\n","protected":false},"excerpt":{"rendered":"<p>Parece que la noticia del d\u00eda fue que ayer una mosca se pos\u00f3 en el blanco cabello de Mike Pence en el debate entre los candidatos a vicepresidente de Estados Unidos.<\/p>\n","protected":false},"author":4,"featured_media":35049,"comment_status":"open","ping_status":"closed","sticky":false,"template":"","format":"standard","meta":{"_acf_changed":false,"footnotes":""},"categories":[9721],"tags":[],"class_list":["post-35047","post","type-post","status-publish","format-standard","has-post-thumbnail","hentry","category-morning-meeting"],"acf":[],"yoast_head":"<!-- This site is optimized with the Yoast SEO plugin v27.5 - https:\/\/yoast.com\/product\/yoast-seo-wordpress\/ -->\n<title>El plan de recuperaci\u00f3n pone el foco en la inversi\u00f3n verde<\/title>\n<meta name=\"description\" content=\"En Europa el programa de recuperaci\u00f3n son las importantes cantidades de bonos sociales y bonos verdes que se esperan emitir para financiar parte de las ayudas, en l\u00ednea con la intenci\u00f3n que ya se hab\u00eda manifestado de aprovechar esta recuperaci\u00f3n para \u201chacerla m\u00e1s verde\u201d.\" \/>\n<meta name=\"robots\" content=\"index, follow, max-snippet:-1, max-image-preview:large, max-video-preview:-1\" \/>\n<link rel=\"canonical\" href=\"https:\/\/www.tressis.com\/ca\/blog\/el-plan-de-recuperacion-foco-inversion-verde\/\" \/>\n<meta property=\"og:locale\" content=\"ca_ES\" \/>\n<meta property=\"og:type\" content=\"article\" \/>\n<meta property=\"og:title\" content=\"El plan de recuperaci\u00f3n pone el foco en la inversi\u00f3n verde\" \/>\n<meta property=\"og:description\" content=\"En Europa el programa de recuperaci\u00f3n son las importantes cantidades de bonos sociales y bonos verdes que se esperan emitir para financiar parte de las ayudas, en l\u00ednea con la intenci\u00f3n que ya se hab\u00eda manifestado de aprovechar esta recuperaci\u00f3n para \u201chacerla m\u00e1s verde\u201d.\" \/>\n<meta property=\"og:url\" content=\"https:\/\/www.tressis.com\/ca\/blog\/el-plan-de-recuperacion-foco-inversion-verde\/\" \/>\n<meta property=\"og:site_name\" content=\"Tressis\" \/>\n<meta property=\"article:publisher\" content=\"https:\/\/www.facebook.com\/Tressis\/\" \/>\n<meta property=\"article:published_time\" content=\"2020-10-08T09:23:25+00:00\" \/>\n<meta property=\"og:image\" content=\"https:\/\/www.tressis.com\/wp-content\/uploads\/2020\/10\/20201008-mmv.jpg\" \/>\n\t<meta property=\"og:image:width\" content=\"1100\" \/>\n\t<meta property=\"og:image:height\" content=\"487\" \/>\n\t<meta property=\"og:image:type\" content=\"image\/jpeg\" \/>\n<meta name=\"author\" content=\"Lola\" \/>\n<meta name=\"twitter:card\" content=\"summary_large_image\" \/>\n<meta name=\"twitter:creator\" content=\"@TressisSV\" \/>\n<meta name=\"twitter:site\" content=\"@TressisSV\" \/>\n<meta name=\"twitter:label1\" content=\"Escrit per\" \/>\n\t<meta name=\"twitter:data1\" content=\"Lola\" \/>\n\t<meta name=\"twitter:label2\" content=\"Temps estimat de lectura\" \/>\n\t<meta name=\"twitter:data2\" content=\"2 minuts\" \/>\n<script type=\"application\/ld+json\" class=\"yoast-schema-graph\">{\"@context\":\"https:\\\/\\\/schema.org\",\"@graph\":[{\"@type\":\"Article\",\"@id\":\"https:\\\/\\\/www.tressis.com\\\/ca\\\/blog\\\/el-plan-de-recuperacion-foco-inversion-verde\\\/#article\",\"isPartOf\":{\"@id\":\"https:\\\/\\\/www.tressis.com\\\/ca\\\/blog\\\/el-plan-de-recuperacion-foco-inversion-verde\\\/\"},\"author\":{\"name\":\"Lola\",\"@id\":\"https:\\\/\\\/www.tressis.com\\\/ca\\\/#\\\/schema\\\/person\\\/b833c1d724d8764920b6d6852c70584e\"},\"headline\":\"El plan de recuperaci\u00f3n pone el foco en la inversi\u00f3n verde\",\"datePublished\":\"2020-10-08T09:23:25+00:00\",\"mainEntityOfPage\":{\"@id\":\"https:\\\/\\\/www.tressis.com\\\/ca\\\/blog\\\/el-plan-de-recuperacion-foco-inversion-verde\\\/\"},\"wordCount\":330,\"commentCount\":0,\"publisher\":{\"@id\":\"https:\\\/\\\/www.tressis.com\\\/ca\\\/#organization\"},\"image\":{\"@id\":\"https:\\\/\\\/www.tressis.com\\\/ca\\\/blog\\\/el-plan-de-recuperacion-foco-inversion-verde\\\/#primaryimage\"},\"thumbnailUrl\":\"https:\\\/\\\/www.tressis.com\\\/wp-content\\\/uploads\\\/2020\\\/10\\\/20201008-mmv.jpg\",\"articleSection\":[\"Morning meeting\"],\"inLanguage\":\"ca\",\"potentialAction\":[{\"@type\":\"CommentAction\",\"name\":\"Comment\",\"target\":[\"https:\\\/\\\/www.tressis.com\\\/ca\\\/blog\\\/el-plan-de-recuperacion-foco-inversion-verde\\\/#respond\"]}]},{\"@type\":\"WebPage\",\"@id\":\"https:\\\/\\\/www.tressis.com\\\/ca\\\/blog\\\/el-plan-de-recuperacion-foco-inversion-verde\\\/\",\"url\":\"https:\\\/\\\/www.tressis.com\\\/ca\\\/blog\\\/el-plan-de-recuperacion-foco-inversion-verde\\\/\",\"name\":\"El plan de recuperaci\u00f3n pone el foco en la inversi\u00f3n verde\",\"isPartOf\":{\"@id\":\"https:\\\/\\\/www.tressis.com\\\/ca\\\/#website\"},\"primaryImageOfPage\":{\"@id\":\"https:\\\/\\\/www.tressis.com\\\/ca\\\/blog\\\/el-plan-de-recuperacion-foco-inversion-verde\\\/#primaryimage\"},\"image\":{\"@id\":\"https:\\\/\\\/www.tressis.com\\\/ca\\\/blog\\\/el-plan-de-recuperacion-foco-inversion-verde\\\/#primaryimage\"},\"thumbnailUrl\":\"https:\\\/\\\/www.tressis.com\\\/wp-content\\\/uploads\\\/2020\\\/10\\\/20201008-mmv.jpg\",\"datePublished\":\"2020-10-08T09:23:25+00:00\",\"description\":\"En Europa el programa de recuperaci\u00f3n son las importantes cantidades de bonos sociales y bonos verdes que se esperan emitir para financiar parte de las ayudas, en l\u00ednea con la intenci\u00f3n que ya se hab\u00eda manifestado de aprovechar esta recuperaci\u00f3n para \u201chacerla m\u00e1s verde\u201d.\",\"breadcrumb\":{\"@id\":\"https:\\\/\\\/www.tressis.com\\\/ca\\\/blog\\\/el-plan-de-recuperacion-foco-inversion-verde\\\/#breadcrumb\"},\"inLanguage\":\"ca\",\"potentialAction\":[{\"@type\":\"ReadAction\",\"target\":[\"https:\\\/\\\/www.tressis.com\\\/ca\\\/blog\\\/el-plan-de-recuperacion-foco-inversion-verde\\\/\"]}]},{\"@type\":\"ImageObject\",\"inLanguage\":\"ca\",\"@id\":\"https:\\\/\\\/www.tressis.com\\\/ca\\\/blog\\\/el-plan-de-recuperacion-foco-inversion-verde\\\/#primaryimage\",\"url\":\"https:\\\/\\\/www.tressis.com\\\/wp-content\\\/uploads\\\/2020\\\/10\\\/20201008-mmv.jpg\",\"contentUrl\":\"https:\\\/\\\/www.tressis.com\\\/wp-content\\\/uploads\\\/2020\\\/10\\\/20201008-mmv.jpg\",\"width\":1100,\"height\":487},{\"@type\":\"BreadcrumbList\",\"@id\":\"https:\\\/\\\/www.tressis.com\\\/ca\\\/blog\\\/el-plan-de-recuperacion-foco-inversion-verde\\\/#breadcrumb\",\"itemListElement\":[{\"@type\":\"ListItem\",\"position\":1,\"name\":\"Inicio\",\"item\":\"https:\\\/\\\/www.tressis.com\\\/ca\\\/\"},{\"@type\":\"ListItem\",\"position\":2,\"name\":\"El plan de recuperaci\u00f3n pone el foco en la inversi\u00f3n verde\"}]},{\"@type\":\"WebSite\",\"@id\":\"https:\\\/\\\/www.tressis.com\\\/ca\\\/#website\",\"url\":\"https:\\\/\\\/www.tressis.com\\\/ca\\\/\",\"name\":\"Tressis banca privada\",\"description\":\"Tressis | Planificaci\u00f3n financiera y gesti\u00f3n de patrimonios\",\"publisher\":{\"@id\":\"https:\\\/\\\/www.tressis.com\\\/ca\\\/#organization\"},\"potentialAction\":[{\"@type\":\"SearchAction\",\"target\":{\"@type\":\"EntryPoint\",\"urlTemplate\":\"https:\\\/\\\/www.tressis.com\\\/ca\\\/?s={search_term_string}\"},\"query-input\":{\"@type\":\"PropertyValueSpecification\",\"valueRequired\":true,\"valueName\":\"search_term_string\"}}],\"inLanguage\":\"ca\"},{\"@type\":\"Organization\",\"@id\":\"https:\\\/\\\/www.tressis.com\\\/ca\\\/#organization\",\"name\":\"Tressis\",\"url\":\"https:\\\/\\\/www.tressis.com\\\/ca\\\/\",\"logo\":{\"@type\":\"ImageObject\",\"inLanguage\":\"ca\",\"@id\":\"https:\\\/\\\/www.tressis.com\\\/ca\\\/#\\\/schema\\\/logo\\\/image\\\/\",\"url\":\"https:\\\/\\\/www.tressis.com\\\/wp-content\\\/uploads\\\/2025\\\/06\\\/logo-tressis-112.png\",\"contentUrl\":\"https:\\\/\\\/www.tressis.com\\\/wp-content\\\/uploads\\\/2025\\\/06\\\/logo-tressis-112.png\",\"width\":112,\"height\":112,\"caption\":\"Tressis\"},\"image\":{\"@id\":\"https:\\\/\\\/www.tressis.com\\\/ca\\\/#\\\/schema\\\/logo\\\/image\\\/\"},\"sameAs\":[\"https:\\\/\\\/www.facebook.com\\\/Tressis\\\/\",\"https:\\\/\\\/x.com\\\/TressisSV\",\"https:\\\/\\\/www.instagram.com\\\/tressissv\\\/?hl=es\",\"https:\\\/\\\/linkedin.com\\\/company\\\/tressis\\\/\",\"https:\\\/\\\/www.youtube.com\\\/user\\\/tressissv\",\"https:\\\/\\\/open.spotify.com\\\/show\\\/3jmTe1Nf0wqMILl7diWV6h?si=d7112519f13c4593&nd=1\"]},{\"@type\":\"Person\",\"@id\":\"https:\\\/\\\/www.tressis.com\\\/ca\\\/#\\\/schema\\\/person\\\/b833c1d724d8764920b6d6852c70584e\",\"name\":\"Lola\",\"image\":{\"@type\":\"ImageObject\",\"inLanguage\":\"ca\",\"@id\":\"https:\\\/\\\/secure.gravatar.com\\\/avatar\\\/05e646486b23ff45df9649110609c7e31b8c4a3e2821caa23d6317f405e0c51d?s=96&d=mm&r=g\",\"url\":\"https:\\\/\\\/secure.gravatar.com\\\/avatar\\\/05e646486b23ff45df9649110609c7e31b8c4a3e2821caa23d6317f405e0c51d?s=96&d=mm&r=g\",\"contentUrl\":\"https:\\\/\\\/secure.gravatar.com\\\/avatar\\\/05e646486b23ff45df9649110609c7e31b8c4a3e2821caa23d6317f405e0c51d?s=96&d=mm&r=g\",\"caption\":\"Lola\"}}]}<\/script>\n<!-- \/ Yoast SEO plugin. -->","yoast_head_json":{"title":"El plan de recuperaci\u00f3n pone el foco en la inversi\u00f3n verde","description":"En Europa el programa de recuperaci\u00f3n son las importantes cantidades de bonos sociales y bonos verdes que se esperan emitir para financiar parte de las ayudas, en l\u00ednea con la intenci\u00f3n que ya se hab\u00eda manifestado de aprovechar esta recuperaci\u00f3n para \u201chacerla m\u00e1s verde\u201d.","robots":{"index":"index","follow":"follow","max-snippet":"max-snippet:-1","max-image-preview":"max-image-preview:large","max-video-preview":"max-video-preview:-1"},"canonical":"https:\/\/www.tressis.com\/ca\/blog\/el-plan-de-recuperacion-foco-inversion-verde\/","og_locale":"ca_ES","og_type":"article","og_title":"El plan de recuperaci\u00f3n pone el foco en la inversi\u00f3n verde","og_description":"En Europa el programa de recuperaci\u00f3n son las importantes cantidades de bonos sociales y bonos verdes que se esperan emitir para financiar parte de las ayudas, en l\u00ednea con la intenci\u00f3n que ya se hab\u00eda manifestado de aprovechar esta recuperaci\u00f3n para \u201chacerla m\u00e1s verde\u201d.","og_url":"https:\/\/www.tressis.com\/ca\/blog\/el-plan-de-recuperacion-foco-inversion-verde\/","og_site_name":"Tressis","article_publisher":"https:\/\/www.facebook.com\/Tressis\/","article_published_time":"2020-10-08T09:23:25+00:00","og_image":[{"width":1100,"height":487,"url":"https:\/\/www.tressis.com\/wp-content\/uploads\/2020\/10\/20201008-mmv.jpg","type":"image\/jpeg"}],"author":"Lola","twitter_card":"summary_large_image","twitter_creator":"@TressisSV","twitter_site":"@TressisSV","twitter_misc":{"Escrit per":"Lola","Temps estimat de lectura":"2 minuts"},"schema":{"@context":"https:\/\/schema.org","@graph":[{"@type":"Article","@id":"https:\/\/www.tressis.com\/ca\/blog\/el-plan-de-recuperacion-foco-inversion-verde\/#article","isPartOf":{"@id":"https:\/\/www.tressis.com\/ca\/blog\/el-plan-de-recuperacion-foco-inversion-verde\/"},"author":{"name":"Lola","@id":"https:\/\/www.tressis.com\/ca\/#\/schema\/person\/b833c1d724d8764920b6d6852c70584e"},"headline":"El plan de recuperaci\u00f3n pone el foco en la inversi\u00f3n verde","datePublished":"2020-10-08T09:23:25+00:00","mainEntityOfPage":{"@id":"https:\/\/www.tressis.com\/ca\/blog\/el-plan-de-recuperacion-foco-inversion-verde\/"},"wordCount":330,"commentCount":0,"publisher":{"@id":"https:\/\/www.tressis.com\/ca\/#organization"},"image":{"@id":"https:\/\/www.tressis.com\/ca\/blog\/el-plan-de-recuperacion-foco-inversion-verde\/#primaryimage"},"thumbnailUrl":"https:\/\/www.tressis.com\/wp-content\/uploads\/2020\/10\/20201008-mmv.jpg","articleSection":["Morning meeting"],"inLanguage":"ca","potentialAction":[{"@type":"CommentAction","name":"Comment","target":["https:\/\/www.tressis.com\/ca\/blog\/el-plan-de-recuperacion-foco-inversion-verde\/#respond"]}]},{"@type":"WebPage","@id":"https:\/\/www.tressis.com\/ca\/blog\/el-plan-de-recuperacion-foco-inversion-verde\/","url":"https:\/\/www.tressis.com\/ca\/blog\/el-plan-de-recuperacion-foco-inversion-verde\/","name":"El plan de recuperaci\u00f3n pone el foco en la inversi\u00f3n verde","isPartOf":{"@id":"https:\/\/www.tressis.com\/ca\/#website"},"primaryImageOfPage":{"@id":"https:\/\/www.tressis.com\/ca\/blog\/el-plan-de-recuperacion-foco-inversion-verde\/#primaryimage"},"image":{"@id":"https:\/\/www.tressis.com\/ca\/blog\/el-plan-de-recuperacion-foco-inversion-verde\/#primaryimage"},"thumbnailUrl":"https:\/\/www.tressis.com\/wp-content\/uploads\/2020\/10\/20201008-mmv.jpg","datePublished":"2020-10-08T09:23:25+00:00","description":"En Europa el programa de recuperaci\u00f3n son las importantes cantidades de bonos sociales y bonos verdes que se esperan emitir para financiar parte de las ayudas, en l\u00ednea con la intenci\u00f3n que ya se hab\u00eda manifestado de aprovechar esta recuperaci\u00f3n para \u201chacerla m\u00e1s verde\u201d.","breadcrumb":{"@id":"https:\/\/www.tressis.com\/ca\/blog\/el-plan-de-recuperacion-foco-inversion-verde\/#breadcrumb"},"inLanguage":"ca","potentialAction":[{"@type":"ReadAction","target":["https:\/\/www.tressis.com\/ca\/blog\/el-plan-de-recuperacion-foco-inversion-verde\/"]}]},{"@type":"ImageObject","inLanguage":"ca","@id":"https:\/\/www.tressis.com\/ca\/blog\/el-plan-de-recuperacion-foco-inversion-verde\/#primaryimage","url":"https:\/\/www.tressis.com\/wp-content\/uploads\/2020\/10\/20201008-mmv.jpg","contentUrl":"https:\/\/www.tressis.com\/wp-content\/uploads\/2020\/10\/20201008-mmv.jpg","width":1100,"height":487},{"@type":"BreadcrumbList","@id":"https:\/\/www.tressis.com\/ca\/blog\/el-plan-de-recuperacion-foco-inversion-verde\/#breadcrumb","itemListElement":[{"@type":"ListItem","position":1,"name":"Inicio","item":"https:\/\/www.tressis.com\/ca\/"},{"@type":"ListItem","position":2,"name":"El plan de recuperaci\u00f3n pone el foco en la inversi\u00f3n verde"}]},{"@type":"WebSite","@id":"https:\/\/www.tressis.com\/ca\/#website","url":"https:\/\/www.tressis.com\/ca\/","name":"Tressis banca privada","description":"Tressis | Planificaci\u00f3n financiera y gesti\u00f3n de patrimonios","publisher":{"@id":"https:\/\/www.tressis.com\/ca\/#organization"},"potentialAction":[{"@type":"SearchAction","target":{"@type":"EntryPoint","urlTemplate":"https:\/\/www.tressis.com\/ca\/?s={search_term_string}"},"query-input":{"@type":"PropertyValueSpecification","valueRequired":true,"valueName":"search_term_string"}}],"inLanguage":"ca"},{"@type":"Organization","@id":"https:\/\/www.tressis.com\/ca\/#organization","name":"Tressis","url":"https:\/\/www.tressis.com\/ca\/","logo":{"@type":"ImageObject","inLanguage":"ca","@id":"https:\/\/www.tressis.com\/ca\/#\/schema\/logo\/image\/","url":"https:\/\/www.tressis.com\/wp-content\/uploads\/2025\/06\/logo-tressis-112.png","contentUrl":"https:\/\/www.tressis.com\/wp-content\/uploads\/2025\/06\/logo-tressis-112.png","width":112,"height":112,"caption":"Tressis"},"image":{"@id":"https:\/\/www.tressis.com\/ca\/#\/schema\/logo\/image\/"},"sameAs":["https:\/\/www.facebook.com\/Tressis\/","https:\/\/x.com\/TressisSV","https:\/\/www.instagram.com\/tressissv\/?hl=es","https:\/\/linkedin.com\/company\/tressis\/","https:\/\/www.youtube.com\/user\/tressissv","https:\/\/open.spotify.com\/show\/3jmTe1Nf0wqMILl7diWV6h?si=d7112519f13c4593&nd=1"]},{"@type":"Person","@id":"https:\/\/www.tressis.com\/ca\/#\/schema\/person\/b833c1d724d8764920b6d6852c70584e","name":"Lola","image":{"@type":"ImageObject","inLanguage":"ca","@id":"https:\/\/secure.gravatar.com\/avatar\/05e646486b23ff45df9649110609c7e31b8c4a3e2821caa23d6317f405e0c51d?s=96&d=mm&r=g","url":"https:\/\/secure.gravatar.com\/avatar\/05e646486b23ff45df9649110609c7e31b8c4a3e2821caa23d6317f405e0c51d?s=96&d=mm&r=g","contentUrl":"https:\/\/secure.gravatar.com\/avatar\/05e646486b23ff45df9649110609c7e31b8c4a3e2821caa23d6317f405e0c51d?s=96&d=mm&r=g","caption":"Lola"}}]}},"_links":{"self":[{"href":"https:\/\/www.tressis.com\/ca\/wp-json\/wp\/v2\/posts\/35047","targetHints":{"allow":["GET"]}}],"collection":[{"href":"https:\/\/www.tressis.com\/ca\/wp-json\/wp\/v2\/posts"}],"about":[{"href":"https:\/\/www.tressis.com\/ca\/wp-json\/wp\/v2\/types\/post"}],"author":[{"embeddable":true,"href":"https:\/\/www.tressis.com\/ca\/wp-json\/wp\/v2\/users\/4"}],"replies":[{"embeddable":true,"href":"https:\/\/www.tressis.com\/ca\/wp-json\/wp\/v2\/comments?post=35047"}],"version-history":[{"count":0,"href":"https:\/\/www.tressis.com\/ca\/wp-json\/wp\/v2\/posts\/35047\/revisions"}],"wp:featuredmedia":[{"embeddable":true,"href":"https:\/\/www.tressis.com\/ca\/wp-json\/wp\/v2\/media\/35049"}],"wp:attachment":[{"href":"https:\/\/www.tressis.com\/ca\/wp-json\/wp\/v2\/media?parent=35047"}],"wp:term":[{"taxonomy":"category","embeddable":true,"href":"https:\/\/www.tressis.com\/ca\/wp-json\/wp\/v2\/categories?post=35047"},{"taxonomy":"post_tag","embeddable":true,"href":"https:\/\/www.tressis.com\/ca\/wp-json\/wp\/v2\/tags?post=35047"}],"curies":[{"name":"wp","href":"https:\/\/api.w.org\/{rel}","templated":true}]}}