{"id":35041,"date":"2020-10-07T10:23:15","date_gmt":"2020-10-07T08:23:15","guid":{"rendered":"http:\/\/www.tressis.com\/blog\/?p=35041"},"modified":"2020-10-07T10:23:15","modified_gmt":"2020-10-07T08:23:15","slug":"y-trump-dijo-no","status":"publish","type":"post","link":"https:\/\/www.tressis.com\/ca\/blog\/y-trump-dijo-no\/","title":{"rendered":"Y Trump dijo no"},"content":{"rendered":"<p>Las bolsas europeas vivieron un d\u00eda vol\u00e1til para finalmente cerrar en verde a medida que los inversores evaluaron unos datos de pedidos a las f\u00e1bricas alemanas superiores a lo esperado.<!--more--> En cambio, la renta variable estadounidense, que abri\u00f3 m\u00e1s alto el martes, revirti\u00f3 las ganancias despu\u00e9s de que el presidente Donald Trump dijera a sus representantes que dejaran de negociar el paquete de est\u00edmulo fiscal hasta despu\u00e9s de las elecciones. Los dem\u00f3cratas hab\u00edan estado presionando recientemente para que se aprobara un paquete de 2,2 billones de d\u00f3lares, mientras que la Casa Blanca era partidaria de que la cifra se situara en el entorno de los 1,6 billones de d\u00f3lares. Con todo, el S&amp;P 500 cerr\u00f3 a un 1,4%, por el 0,4% que subi\u00f3 el Euro Stoxx 50. A nivel nacional, el DAX de Alemania aument\u00f3 un 0,6%, mientras que las fuertes ganancias en las acciones bancarias ayudaron al IBEX a destacar positivamente (+1,4%).<\/p>\n<p>Volv\u00edamos a ver compras en los mercados de renta fija y la mayor\u00eda de los bonos del gobierno europeo reduc\u00edan sus rentabilidades exigidas en medio de la incertidumbre pol\u00edtica en los Estados Unidos y una mejor perspectiva econ\u00f3mica en ciertos pa\u00edses. Los grandes beneficiados eran Italia y Espa\u00f1a despu\u00e9s de que el Gobierno de Espa\u00f1a redujese su previsi\u00f3n de crecimiento para 2020.<\/p>\n<p>Como dec\u00edamos al inicio, los pedidos de f\u00e1bricas alemanas eran especialmente buenos. Aumentaron un 4,5% en agosto, un ritmo de expansi\u00f3n superior al avance del 3,3% de julio y que adem\u00e1s ha sido revisado al alza y superado las expectativas que pronosticaban un aumento del 2,8%. Los pedidos aumentaron en todas las principales categor\u00edas manufactureras, mientras que un fuerte aumento de la demanda de otros pa\u00edses de la eurozona compensaba las ganancias relativamente modestas en los pedidos nacionales y extranjeros no pertenecientes al \u00e1rea comunitaria. Sin embargo, el resurgimiento de la COVID-19 en la eurozona y el endurecimiento de las regulaciones de distanciamiento social en varios pa\u00edses son un posible viento en contra de una mayor recuperaci\u00f3n de la demanda manufacturera alemana. Hoy conoceremos los datos de producci\u00f3n industrial, la principal econom\u00eda europea.<\/p>\n<p>Mientras tanto, en Estados Unidos, la Reserva Federal dar\u00e1 a conocer el acta de su reuni\u00f3n de pol\u00edtica monetaria celebrada del 15 al 16 de septiembre. El documento nos proporcionar\u00e1 informaci\u00f3n sobre el debate de los responsables acerca de sus nuevos objetivos de inflaci\u00f3n y las perspectivas sobre la recuperaci\u00f3n econ\u00f3mica. Recordamos que en dicha reuni\u00f3n el banco central adopt\u00f3 formalmente un r\u00e9gimen de objetivos de inflaci\u00f3n promedio flexible y tambi\u00e9n se comprometi\u00f3 a mantener sin cambios el rango objetivo de los tipos federales hasta que la inflaci\u00f3n est\u00e9 en camino de superar moderadamente el 2% interanual &#8220;durante alg\u00fan tiempo&#8221; y las condiciones del mercado de trabajo sean consistentes con los niveles m\u00e1ximos de empleo percibidos.<\/p>\n<p>Buen d\u00eda.<\/p>\n<p><center><strong>Jorge Gonz\u00e1lez G\u00f3mez<\/strong><br \/>\nDirector de An\u00e1lisis<\/center><\/p>\n","protected":false},"excerpt":{"rendered":"<p>Las bolsas europeas vivieron un d\u00eda vol\u00e1til para finalmente cerrar en verde a medida que los inversores evaluaron unos datos de pedidos a las f\u00e1bricas alemanas superiores a lo esperado.<\/p>\n","protected":false},"author":4,"featured_media":35042,"comment_status":"open","ping_status":"closed","sticky":false,"template":"","format":"standard","meta":{"_acf_changed":false,"footnotes":""},"categories":[9721],"tags":[],"class_list":["post-35041","post","type-post","status-publish","format-standard","has-post-thumbnail","hentry","category-morning-meeting"],"acf":[],"yoast_head":"<!-- This site is optimized with the Yoast SEO plugin v27.5 - https:\/\/yoast.com\/product\/yoast-seo-wordpress\/ -->\n<title>Y Trump dijo no<\/title>\n<meta name=\"description\" content=\"La renta variable estadounidense, que abri\u00f3 m\u00e1s alto el martes, revirti\u00f3 las ganancias despu\u00e9s de que el presidente Donald Trump dijera a sus representantes que dejaran de negociar el paquete de est\u00edmulo fiscal hasta despu\u00e9s de las elecciones.\" \/>\n<meta name=\"robots\" content=\"index, follow, max-snippet:-1, max-image-preview:large, max-video-preview:-1\" \/>\n<link rel=\"canonical\" href=\"https:\/\/www.tressis.com\/ca\/blog\/y-trump-dijo-no\/\" \/>\n<meta property=\"og:locale\" content=\"ca_ES\" \/>\n<meta property=\"og:type\" content=\"article\" \/>\n<meta property=\"og:title\" content=\"Y Trump dijo no\" \/>\n<meta property=\"og:description\" content=\"La renta variable estadounidense, que abri\u00f3 m\u00e1s alto el martes, revirti\u00f3 las ganancias despu\u00e9s de que el presidente Donald Trump dijera a sus representantes que dejaran de negociar el paquete de est\u00edmulo fiscal hasta despu\u00e9s de las elecciones.\" \/>\n<meta property=\"og:url\" content=\"https:\/\/www.tressis.com\/ca\/blog\/y-trump-dijo-no\/\" \/>\n<meta property=\"og:site_name\" content=\"Tressis\" \/>\n<meta property=\"article:publisher\" content=\"https:\/\/www.facebook.com\/Tressis\/\" \/>\n<meta property=\"article:published_time\" content=\"2020-10-07T08:23:15+00:00\" \/>\n<meta property=\"og:image\" content=\"https:\/\/www.tressis.com\/wp-content\/uploads\/2020\/10\/20201007-trump.jpg\" \/>\n\t<meta property=\"og:image:width\" content=\"1100\" \/>\n\t<meta property=\"og:image:height\" content=\"487\" \/>\n\t<meta property=\"og:image:type\" content=\"image\/jpeg\" \/>\n<meta name=\"author\" content=\"Lola\" \/>\n<meta name=\"twitter:card\" content=\"summary_large_image\" \/>\n<meta name=\"twitter:creator\" content=\"@TressisSV\" \/>\n<meta name=\"twitter:site\" content=\"@TressisSV\" \/>\n<meta name=\"twitter:label1\" content=\"Escrit per\" \/>\n\t<meta name=\"twitter:data1\" content=\"Lola\" \/>\n\t<meta name=\"twitter:label2\" content=\"Temps estimat de lectura\" \/>\n\t<meta name=\"twitter:data2\" content=\"3 minuts\" \/>\n<script type=\"application\/ld+json\" class=\"yoast-schema-graph\">{\"@context\":\"https:\\\/\\\/schema.org\",\"@graph\":[{\"@type\":\"Article\",\"@id\":\"https:\\\/\\\/www.tressis.com\\\/ca\\\/blog\\\/y-trump-dijo-no\\\/#article\",\"isPartOf\":{\"@id\":\"https:\\\/\\\/www.tressis.com\\\/ca\\\/blog\\\/y-trump-dijo-no\\\/\"},\"author\":{\"name\":\"Lola\",\"@id\":\"https:\\\/\\\/www.tressis.com\\\/ca\\\/#\\\/schema\\\/person\\\/b833c1d724d8764920b6d6852c70584e\"},\"headline\":\"Y Trump dijo no\",\"datePublished\":\"2020-10-07T08:23:15+00:00\",\"mainEntityOfPage\":{\"@id\":\"https:\\\/\\\/www.tressis.com\\\/ca\\\/blog\\\/y-trump-dijo-no\\\/\"},\"wordCount\":511,\"commentCount\":0,\"publisher\":{\"@id\":\"https:\\\/\\\/www.tressis.com\\\/ca\\\/#organization\"},\"image\":{\"@id\":\"https:\\\/\\\/www.tressis.com\\\/ca\\\/blog\\\/y-trump-dijo-no\\\/#primaryimage\"},\"thumbnailUrl\":\"https:\\\/\\\/www.tressis.com\\\/wp-content\\\/uploads\\\/2020\\\/10\\\/20201007-trump.jpg\",\"articleSection\":[\"Morning meeting\"],\"inLanguage\":\"ca\",\"potentialAction\":[{\"@type\":\"CommentAction\",\"name\":\"Comment\",\"target\":[\"https:\\\/\\\/www.tressis.com\\\/ca\\\/blog\\\/y-trump-dijo-no\\\/#respond\"]}]},{\"@type\":\"WebPage\",\"@id\":\"https:\\\/\\\/www.tressis.com\\\/ca\\\/blog\\\/y-trump-dijo-no\\\/\",\"url\":\"https:\\\/\\\/www.tressis.com\\\/ca\\\/blog\\\/y-trump-dijo-no\\\/\",\"name\":\"Y Trump dijo no\",\"isPartOf\":{\"@id\":\"https:\\\/\\\/www.tressis.com\\\/ca\\\/#website\"},\"primaryImageOfPage\":{\"@id\":\"https:\\\/\\\/www.tressis.com\\\/ca\\\/blog\\\/y-trump-dijo-no\\\/#primaryimage\"},\"image\":{\"@id\":\"https:\\\/\\\/www.tressis.com\\\/ca\\\/blog\\\/y-trump-dijo-no\\\/#primaryimage\"},\"thumbnailUrl\":\"https:\\\/\\\/www.tressis.com\\\/wp-content\\\/uploads\\\/2020\\\/10\\\/20201007-trump.jpg\",\"datePublished\":\"2020-10-07T08:23:15+00:00\",\"description\":\"La renta variable estadounidense, que abri\u00f3 m\u00e1s alto el martes, revirti\u00f3 las ganancias despu\u00e9s de que el presidente Donald Trump dijera a sus representantes que dejaran de negociar el paquete de est\u00edmulo fiscal hasta despu\u00e9s de las elecciones.\",\"breadcrumb\":{\"@id\":\"https:\\\/\\\/www.tressis.com\\\/ca\\\/blog\\\/y-trump-dijo-no\\\/#breadcrumb\"},\"inLanguage\":\"ca\",\"potentialAction\":[{\"@type\":\"ReadAction\",\"target\":[\"https:\\\/\\\/www.tressis.com\\\/ca\\\/blog\\\/y-trump-dijo-no\\\/\"]}]},{\"@type\":\"ImageObject\",\"inLanguage\":\"ca\",\"@id\":\"https:\\\/\\\/www.tressis.com\\\/ca\\\/blog\\\/y-trump-dijo-no\\\/#primaryimage\",\"url\":\"https:\\\/\\\/www.tressis.com\\\/wp-content\\\/uploads\\\/2020\\\/10\\\/20201007-trump.jpg\",\"contentUrl\":\"https:\\\/\\\/www.tressis.com\\\/wp-content\\\/uploads\\\/2020\\\/10\\\/20201007-trump.jpg\",\"width\":1100,\"height\":487},{\"@type\":\"BreadcrumbList\",\"@id\":\"https:\\\/\\\/www.tressis.com\\\/ca\\\/blog\\\/y-trump-dijo-no\\\/#breadcrumb\",\"itemListElement\":[{\"@type\":\"ListItem\",\"position\":1,\"name\":\"Inicio\",\"item\":\"https:\\\/\\\/www.tressis.com\\\/ca\\\/\"},{\"@type\":\"ListItem\",\"position\":2,\"name\":\"Y Trump dijo no\"}]},{\"@type\":\"WebSite\",\"@id\":\"https:\\\/\\\/www.tressis.com\\\/ca\\\/#website\",\"url\":\"https:\\\/\\\/www.tressis.com\\\/ca\\\/\",\"name\":\"Tressis banca privada\",\"description\":\"Tressis | Planificaci\u00f3n financiera y gesti\u00f3n de patrimonios\",\"publisher\":{\"@id\":\"https:\\\/\\\/www.tressis.com\\\/ca\\\/#organization\"},\"potentialAction\":[{\"@type\":\"SearchAction\",\"target\":{\"@type\":\"EntryPoint\",\"urlTemplate\":\"https:\\\/\\\/www.tressis.com\\\/ca\\\/?s={search_term_string}\"},\"query-input\":{\"@type\":\"PropertyValueSpecification\",\"valueRequired\":true,\"valueName\":\"search_term_string\"}}],\"inLanguage\":\"ca\"},{\"@type\":\"Organization\",\"@id\":\"https:\\\/\\\/www.tressis.com\\\/ca\\\/#organization\",\"name\":\"Tressis\",\"url\":\"https:\\\/\\\/www.tressis.com\\\/ca\\\/\",\"logo\":{\"@type\":\"ImageObject\",\"inLanguage\":\"ca\",\"@id\":\"https:\\\/\\\/www.tressis.com\\\/ca\\\/#\\\/schema\\\/logo\\\/image\\\/\",\"url\":\"https:\\\/\\\/www.tressis.com\\\/wp-content\\\/uploads\\\/2025\\\/06\\\/logo-tressis-112.png\",\"contentUrl\":\"https:\\\/\\\/www.tressis.com\\\/wp-content\\\/uploads\\\/2025\\\/06\\\/logo-tressis-112.png\",\"width\":112,\"height\":112,\"caption\":\"Tressis\"},\"image\":{\"@id\":\"https:\\\/\\\/www.tressis.com\\\/ca\\\/#\\\/schema\\\/logo\\\/image\\\/\"},\"sameAs\":[\"https:\\\/\\\/www.facebook.com\\\/Tressis\\\/\",\"https:\\\/\\\/x.com\\\/TressisSV\",\"https:\\\/\\\/www.instagram.com\\\/tressissv\\\/?hl=es\",\"https:\\\/\\\/linkedin.com\\\/company\\\/tressis\\\/\",\"https:\\\/\\\/www.youtube.com\\\/user\\\/tressissv\",\"https:\\\/\\\/open.spotify.com\\\/show\\\/3jmTe1Nf0wqMILl7diWV6h?si=d7112519f13c4593&nd=1\"]},{\"@type\":\"Person\",\"@id\":\"https:\\\/\\\/www.tressis.com\\\/ca\\\/#\\\/schema\\\/person\\\/b833c1d724d8764920b6d6852c70584e\",\"name\":\"Lola\",\"image\":{\"@type\":\"ImageObject\",\"inLanguage\":\"ca\",\"@id\":\"https:\\\/\\\/secure.gravatar.com\\\/avatar\\\/05e646486b23ff45df9649110609c7e31b8c4a3e2821caa23d6317f405e0c51d?s=96&d=mm&r=g\",\"url\":\"https:\\\/\\\/secure.gravatar.com\\\/avatar\\\/05e646486b23ff45df9649110609c7e31b8c4a3e2821caa23d6317f405e0c51d?s=96&d=mm&r=g\",\"contentUrl\":\"https:\\\/\\\/secure.gravatar.com\\\/avatar\\\/05e646486b23ff45df9649110609c7e31b8c4a3e2821caa23d6317f405e0c51d?s=96&d=mm&r=g\",\"caption\":\"Lola\"}}]}<\/script>\n<!-- \/ Yoast SEO plugin. -->","yoast_head_json":{"title":"Y Trump dijo no","description":"La renta variable estadounidense, que abri\u00f3 m\u00e1s alto el martes, revirti\u00f3 las ganancias despu\u00e9s de que el presidente Donald Trump dijera a sus representantes que dejaran de negociar el paquete de est\u00edmulo fiscal hasta despu\u00e9s de las elecciones.","robots":{"index":"index","follow":"follow","max-snippet":"max-snippet:-1","max-image-preview":"max-image-preview:large","max-video-preview":"max-video-preview:-1"},"canonical":"https:\/\/www.tressis.com\/ca\/blog\/y-trump-dijo-no\/","og_locale":"ca_ES","og_type":"article","og_title":"Y Trump dijo no","og_description":"La renta variable estadounidense, que abri\u00f3 m\u00e1s alto el martes, revirti\u00f3 las ganancias despu\u00e9s de que el presidente Donald Trump dijera a sus representantes que dejaran de negociar el paquete de est\u00edmulo fiscal hasta despu\u00e9s de las elecciones.","og_url":"https:\/\/www.tressis.com\/ca\/blog\/y-trump-dijo-no\/","og_site_name":"Tressis","article_publisher":"https:\/\/www.facebook.com\/Tressis\/","article_published_time":"2020-10-07T08:23:15+00:00","og_image":[{"width":1100,"height":487,"url":"https:\/\/www.tressis.com\/wp-content\/uploads\/2020\/10\/20201007-trump.jpg","type":"image\/jpeg"}],"author":"Lola","twitter_card":"summary_large_image","twitter_creator":"@TressisSV","twitter_site":"@TressisSV","twitter_misc":{"Escrit per":"Lola","Temps estimat de lectura":"3 minuts"},"schema":{"@context":"https:\/\/schema.org","@graph":[{"@type":"Article","@id":"https:\/\/www.tressis.com\/ca\/blog\/y-trump-dijo-no\/#article","isPartOf":{"@id":"https:\/\/www.tressis.com\/ca\/blog\/y-trump-dijo-no\/"},"author":{"name":"Lola","@id":"https:\/\/www.tressis.com\/ca\/#\/schema\/person\/b833c1d724d8764920b6d6852c70584e"},"headline":"Y Trump dijo no","datePublished":"2020-10-07T08:23:15+00:00","mainEntityOfPage":{"@id":"https:\/\/www.tressis.com\/ca\/blog\/y-trump-dijo-no\/"},"wordCount":511,"commentCount":0,"publisher":{"@id":"https:\/\/www.tressis.com\/ca\/#organization"},"image":{"@id":"https:\/\/www.tressis.com\/ca\/blog\/y-trump-dijo-no\/#primaryimage"},"thumbnailUrl":"https:\/\/www.tressis.com\/wp-content\/uploads\/2020\/10\/20201007-trump.jpg","articleSection":["Morning meeting"],"inLanguage":"ca","potentialAction":[{"@type":"CommentAction","name":"Comment","target":["https:\/\/www.tressis.com\/ca\/blog\/y-trump-dijo-no\/#respond"]}]},{"@type":"WebPage","@id":"https:\/\/www.tressis.com\/ca\/blog\/y-trump-dijo-no\/","url":"https:\/\/www.tressis.com\/ca\/blog\/y-trump-dijo-no\/","name":"Y Trump dijo no","isPartOf":{"@id":"https:\/\/www.tressis.com\/ca\/#website"},"primaryImageOfPage":{"@id":"https:\/\/www.tressis.com\/ca\/blog\/y-trump-dijo-no\/#primaryimage"},"image":{"@id":"https:\/\/www.tressis.com\/ca\/blog\/y-trump-dijo-no\/#primaryimage"},"thumbnailUrl":"https:\/\/www.tressis.com\/wp-content\/uploads\/2020\/10\/20201007-trump.jpg","datePublished":"2020-10-07T08:23:15+00:00","description":"La renta variable estadounidense, que abri\u00f3 m\u00e1s alto el martes, revirti\u00f3 las ganancias despu\u00e9s de que el presidente Donald Trump dijera a sus representantes que dejaran de negociar el paquete de est\u00edmulo fiscal hasta despu\u00e9s de las elecciones.","breadcrumb":{"@id":"https:\/\/www.tressis.com\/ca\/blog\/y-trump-dijo-no\/#breadcrumb"},"inLanguage":"ca","potentialAction":[{"@type":"ReadAction","target":["https:\/\/www.tressis.com\/ca\/blog\/y-trump-dijo-no\/"]}]},{"@type":"ImageObject","inLanguage":"ca","@id":"https:\/\/www.tressis.com\/ca\/blog\/y-trump-dijo-no\/#primaryimage","url":"https:\/\/www.tressis.com\/wp-content\/uploads\/2020\/10\/20201007-trump.jpg","contentUrl":"https:\/\/www.tressis.com\/wp-content\/uploads\/2020\/10\/20201007-trump.jpg","width":1100,"height":487},{"@type":"BreadcrumbList","@id":"https:\/\/www.tressis.com\/ca\/blog\/y-trump-dijo-no\/#breadcrumb","itemListElement":[{"@type":"ListItem","position":1,"name":"Inicio","item":"https:\/\/www.tressis.com\/ca\/"},{"@type":"ListItem","position":2,"name":"Y Trump dijo no"}]},{"@type":"WebSite","@id":"https:\/\/www.tressis.com\/ca\/#website","url":"https:\/\/www.tressis.com\/ca\/","name":"Tressis banca privada","description":"Tressis | Planificaci\u00f3n financiera y gesti\u00f3n de patrimonios","publisher":{"@id":"https:\/\/www.tressis.com\/ca\/#organization"},"potentialAction":[{"@type":"SearchAction","target":{"@type":"EntryPoint","urlTemplate":"https:\/\/www.tressis.com\/ca\/?s={search_term_string}"},"query-input":{"@type":"PropertyValueSpecification","valueRequired":true,"valueName":"search_term_string"}}],"inLanguage":"ca"},{"@type":"Organization","@id":"https:\/\/www.tressis.com\/ca\/#organization","name":"Tressis","url":"https:\/\/www.tressis.com\/ca\/","logo":{"@type":"ImageObject","inLanguage":"ca","@id":"https:\/\/www.tressis.com\/ca\/#\/schema\/logo\/image\/","url":"https:\/\/www.tressis.com\/wp-content\/uploads\/2025\/06\/logo-tressis-112.png","contentUrl":"https:\/\/www.tressis.com\/wp-content\/uploads\/2025\/06\/logo-tressis-112.png","width":112,"height":112,"caption":"Tressis"},"image":{"@id":"https:\/\/www.tressis.com\/ca\/#\/schema\/logo\/image\/"},"sameAs":["https:\/\/www.facebook.com\/Tressis\/","https:\/\/x.com\/TressisSV","https:\/\/www.instagram.com\/tressissv\/?hl=es","https:\/\/linkedin.com\/company\/tressis\/","https:\/\/www.youtube.com\/user\/tressissv","https:\/\/open.spotify.com\/show\/3jmTe1Nf0wqMILl7diWV6h?si=d7112519f13c4593&nd=1"]},{"@type":"Person","@id":"https:\/\/www.tressis.com\/ca\/#\/schema\/person\/b833c1d724d8764920b6d6852c70584e","name":"Lola","image":{"@type":"ImageObject","inLanguage":"ca","@id":"https:\/\/secure.gravatar.com\/avatar\/05e646486b23ff45df9649110609c7e31b8c4a3e2821caa23d6317f405e0c51d?s=96&d=mm&r=g","url":"https:\/\/secure.gravatar.com\/avatar\/05e646486b23ff45df9649110609c7e31b8c4a3e2821caa23d6317f405e0c51d?s=96&d=mm&r=g","contentUrl":"https:\/\/secure.gravatar.com\/avatar\/05e646486b23ff45df9649110609c7e31b8c4a3e2821caa23d6317f405e0c51d?s=96&d=mm&r=g","caption":"Lola"}}]}},"_links":{"self":[{"href":"https:\/\/www.tressis.com\/ca\/wp-json\/wp\/v2\/posts\/35041","targetHints":{"allow":["GET"]}}],"collection":[{"href":"https:\/\/www.tressis.com\/ca\/wp-json\/wp\/v2\/posts"}],"about":[{"href":"https:\/\/www.tressis.com\/ca\/wp-json\/wp\/v2\/types\/post"}],"author":[{"embeddable":true,"href":"https:\/\/www.tressis.com\/ca\/wp-json\/wp\/v2\/users\/4"}],"replies":[{"embeddable":true,"href":"https:\/\/www.tressis.com\/ca\/wp-json\/wp\/v2\/comments?post=35041"}],"version-history":[{"count":0,"href":"https:\/\/www.tressis.com\/ca\/wp-json\/wp\/v2\/posts\/35041\/revisions"}],"wp:featuredmedia":[{"embeddable":true,"href":"https:\/\/www.tressis.com\/ca\/wp-json\/wp\/v2\/media\/35042"}],"wp:attachment":[{"href":"https:\/\/www.tressis.com\/ca\/wp-json\/wp\/v2\/media?parent=35041"}],"wp:term":[{"taxonomy":"category","embeddable":true,"href":"https:\/\/www.tressis.com\/ca\/wp-json\/wp\/v2\/categories?post=35041"},{"taxonomy":"post_tag","embeddable":true,"href":"https:\/\/www.tressis.com\/ca\/wp-json\/wp\/v2\/tags?post=35041"}],"curies":[{"name":"wp","href":"https:\/\/api.w.org\/{rel}","templated":true}]}}