{"id":35036,"date":"2020-10-06T10:57:57","date_gmt":"2020-10-06T08:57:57","guid":{"rendered":"http:\/\/www.tressis.com\/blog\/?p=35036"},"modified":"2020-10-06T10:57:57","modified_gmt":"2020-10-06T08:57:57","slug":"espana-italia-francia-lado-debil-balanza","status":"publish","type":"post","link":"https:\/\/www.tressis.com\/ca\/blog\/espana-italia-francia-lado-debil-balanza\/","title":{"rendered":"Espa\u00f1a, Italia y Francia en el lado d\u00e9bil de la balanza"},"content":{"rendered":"<p>Donald Trump ya ha salido del hospital en el que se encontraba ingresado tras su positivo por COVID-19.<!--more--><\/p>\n<p>No deja de ser curioso que aun habiendo sido tratado con remdesivir, del que los entendidos en el tema dicen que se utiliza para casos \u201cno leves\u201d, el presidente aliente a la poblaci\u00f3n a no tener miedo al virus. Puede que lo haga porque sabe que el hecho de haberse contagiado le ha perjudicado en la carrera presidencial, seg\u00fan las encuestas. En cualquier caso, los mercados recibieron esta noticia con positividad. No tanto el pr\u00f3ximo moderador del segundo debate con Biden, Steve Scully, que pensaba que se iba a librar, pero parece que tendr\u00e1 que armarse de paciencia como hizo Chris Wallace hace unos d\u00edas.<\/p>\n<p>Mientras, el partido dem\u00f3crata y el republicano no han dejado de negociar el nuevo paquete de est\u00edmulos en el Senado, en donde la diferencia entre ambos ya es de \u201csolamente\u201d 600.000 millones de d\u00f3lares.<\/p>\n<p>En Europa, los datos de actividad conocidos ayer no hacen sino refrendar las dos velocidades a las que los pa\u00edses se est\u00e1n recuperando de este episodio, con Espa\u00f1a, Italia y Francia en el lado d\u00e9bil de la balanza, y Alemania y Reino Unido en mucha mejor posici\u00f3n. Se espera que los dos pa\u00edses mediterr\u00e1neos sean los que mayor importe reciban del fondo de reestructuraci\u00f3n pero, para una parte importante de ello, deben presentar proyectos para que sean aprobados en Bruselas, lo que, al menos en Espa\u00f1a, est\u00e1 pasando inadvertido para la opini\u00f3n p\u00fablica y solo quedan nueve d\u00edas de plazo. Despu\u00e9s del comit\u00e9 de expertos fantasma me espero cualquier cosa, pero dejar de recibir ayudas para la recuperaci\u00f3n econ\u00f3mica de sectores tan importantes para nosotros como el tur\u00edstico por no presentar proyectos me parece como si nos muri\u00e9semos de hambre por no querer ir al supermercado.<\/p>\n<p>Buen martes.<\/p>\n<p><center><strong>M\u00aa Salom\u00e9 Bouzas Romero<\/strong><br \/>\nAnalista<\/center><\/p>\n","protected":false},"excerpt":{"rendered":"<p>Donald Trump ya ha salido del hospital en el que se encontraba ingresado tras su positivo por COVID-19.<\/p>\n","protected":false},"author":4,"featured_media":35038,"comment_status":"open","ping_status":"closed","sticky":false,"template":"","format":"standard","meta":{"_acf_changed":false,"footnotes":""},"categories":[9721],"tags":[],"class_list":["post-35036","post","type-post","status-publish","format-standard","has-post-thumbnail","hentry","category-morning-meeting"],"acf":[],"yoast_head":"<!-- This site is optimized with the Yoast SEO plugin v27.5 - https:\/\/yoast.com\/product\/yoast-seo-wordpress\/ -->\n<title>Espa\u00f1a, Italia y Francia en el lado d\u00e9bil de la balanza<\/title>\n<meta name=\"description\" content=\"En Europa, los datos de actividad conocidos ayer no hacen sino refrendar las dos velocidades a las que los pa\u00edses se est\u00e1n recuperando de este episodio, con Espa\u00f1a, Italia y Francia en el lado d\u00e9bil de la balanza, y Alemania y Reino Unido en mucha mejor posici\u00f3n.\" \/>\n<meta name=\"robots\" content=\"index, follow, max-snippet:-1, max-image-preview:large, max-video-preview:-1\" \/>\n<link rel=\"canonical\" href=\"https:\/\/www.tressis.com\/ca\/blog\/espana-italia-francia-lado-debil-balanza\/\" \/>\n<meta property=\"og:locale\" content=\"ca_ES\" \/>\n<meta property=\"og:type\" content=\"article\" \/>\n<meta property=\"og:title\" content=\"Espa\u00f1a, Italia y Francia en el lado d\u00e9bil de la balanza\" \/>\n<meta property=\"og:description\" content=\"En Europa, los datos de actividad conocidos ayer no hacen sino refrendar las dos velocidades a las que los pa\u00edses se est\u00e1n recuperando de este episodio, con Espa\u00f1a, Italia y Francia en el lado d\u00e9bil de la balanza, y Alemania y Reino Unido en mucha mejor posici\u00f3n.\" \/>\n<meta property=\"og:url\" content=\"https:\/\/www.tressis.com\/ca\/blog\/espana-italia-francia-lado-debil-balanza\/\" \/>\n<meta property=\"og:site_name\" content=\"Tressis\" \/>\n<meta property=\"article:publisher\" content=\"https:\/\/www.facebook.com\/Tressis\/\" \/>\n<meta property=\"article:published_time\" content=\"2020-10-06T08:57:57+00:00\" \/>\n<meta property=\"og:image\" content=\"https:\/\/www.tressis.com\/wp-content\/uploads\/2020\/10\/20201006-mmv.jpg\" \/>\n\t<meta property=\"og:image:width\" content=\"1100\" \/>\n\t<meta property=\"og:image:height\" content=\"487\" \/>\n\t<meta property=\"og:image:type\" content=\"image\/jpeg\" \/>\n<meta name=\"author\" content=\"Lola\" \/>\n<meta name=\"twitter:card\" content=\"summary_large_image\" \/>\n<meta name=\"twitter:creator\" content=\"@TressisSV\" \/>\n<meta name=\"twitter:site\" content=\"@TressisSV\" \/>\n<meta name=\"twitter:label1\" content=\"Escrit per\" \/>\n\t<meta name=\"twitter:data1\" content=\"Lola\" \/>\n\t<meta name=\"twitter:label2\" content=\"Temps estimat de lectura\" \/>\n\t<meta name=\"twitter:data2\" content=\"2 minuts\" \/>\n<script type=\"application\/ld+json\" class=\"yoast-schema-graph\">{\"@context\":\"https:\\\/\\\/schema.org\",\"@graph\":[{\"@type\":\"Article\",\"@id\":\"https:\\\/\\\/www.tressis.com\\\/ca\\\/blog\\\/espana-italia-francia-lado-debil-balanza\\\/#article\",\"isPartOf\":{\"@id\":\"https:\\\/\\\/www.tressis.com\\\/ca\\\/blog\\\/espana-italia-francia-lado-debil-balanza\\\/\"},\"author\":{\"name\":\"Lola\",\"@id\":\"https:\\\/\\\/www.tressis.com\\\/ca\\\/#\\\/schema\\\/person\\\/b833c1d724d8764920b6d6852c70584e\"},\"headline\":\"Espa\u00f1a, Italia y Francia en el lado d\u00e9bil de la balanza\",\"datePublished\":\"2020-10-06T08:57:57+00:00\",\"mainEntityOfPage\":{\"@id\":\"https:\\\/\\\/www.tressis.com\\\/ca\\\/blog\\\/espana-italia-francia-lado-debil-balanza\\\/\"},\"wordCount\":346,\"commentCount\":0,\"publisher\":{\"@id\":\"https:\\\/\\\/www.tressis.com\\\/ca\\\/#organization\"},\"image\":{\"@id\":\"https:\\\/\\\/www.tressis.com\\\/ca\\\/blog\\\/espana-italia-francia-lado-debil-balanza\\\/#primaryimage\"},\"thumbnailUrl\":\"https:\\\/\\\/www.tressis.com\\\/wp-content\\\/uploads\\\/2020\\\/10\\\/20201006-mmv.jpg\",\"articleSection\":[\"Morning meeting\"],\"inLanguage\":\"ca\",\"potentialAction\":[{\"@type\":\"CommentAction\",\"name\":\"Comment\",\"target\":[\"https:\\\/\\\/www.tressis.com\\\/ca\\\/blog\\\/espana-italia-francia-lado-debil-balanza\\\/#respond\"]}]},{\"@type\":\"WebPage\",\"@id\":\"https:\\\/\\\/www.tressis.com\\\/ca\\\/blog\\\/espana-italia-francia-lado-debil-balanza\\\/\",\"url\":\"https:\\\/\\\/www.tressis.com\\\/ca\\\/blog\\\/espana-italia-francia-lado-debil-balanza\\\/\",\"name\":\"Espa\u00f1a, Italia y Francia en el lado d\u00e9bil de la balanza\",\"isPartOf\":{\"@id\":\"https:\\\/\\\/www.tressis.com\\\/ca\\\/#website\"},\"primaryImageOfPage\":{\"@id\":\"https:\\\/\\\/www.tressis.com\\\/ca\\\/blog\\\/espana-italia-francia-lado-debil-balanza\\\/#primaryimage\"},\"image\":{\"@id\":\"https:\\\/\\\/www.tressis.com\\\/ca\\\/blog\\\/espana-italia-francia-lado-debil-balanza\\\/#primaryimage\"},\"thumbnailUrl\":\"https:\\\/\\\/www.tressis.com\\\/wp-content\\\/uploads\\\/2020\\\/10\\\/20201006-mmv.jpg\",\"datePublished\":\"2020-10-06T08:57:57+00:00\",\"description\":\"En Europa, los datos de actividad conocidos ayer no hacen sino refrendar las dos velocidades a las que los pa\u00edses se est\u00e1n recuperando de este episodio, con Espa\u00f1a, Italia y Francia en el lado d\u00e9bil de la balanza, y Alemania y Reino Unido en mucha mejor posici\u00f3n.\",\"breadcrumb\":{\"@id\":\"https:\\\/\\\/www.tressis.com\\\/ca\\\/blog\\\/espana-italia-francia-lado-debil-balanza\\\/#breadcrumb\"},\"inLanguage\":\"ca\",\"potentialAction\":[{\"@type\":\"ReadAction\",\"target\":[\"https:\\\/\\\/www.tressis.com\\\/ca\\\/blog\\\/espana-italia-francia-lado-debil-balanza\\\/\"]}]},{\"@type\":\"ImageObject\",\"inLanguage\":\"ca\",\"@id\":\"https:\\\/\\\/www.tressis.com\\\/ca\\\/blog\\\/espana-italia-francia-lado-debil-balanza\\\/#primaryimage\",\"url\":\"https:\\\/\\\/www.tressis.com\\\/wp-content\\\/uploads\\\/2020\\\/10\\\/20201006-mmv.jpg\",\"contentUrl\":\"https:\\\/\\\/www.tressis.com\\\/wp-content\\\/uploads\\\/2020\\\/10\\\/20201006-mmv.jpg\",\"width\":1100,\"height\":487},{\"@type\":\"BreadcrumbList\",\"@id\":\"https:\\\/\\\/www.tressis.com\\\/ca\\\/blog\\\/espana-italia-francia-lado-debil-balanza\\\/#breadcrumb\",\"itemListElement\":[{\"@type\":\"ListItem\",\"position\":1,\"name\":\"Inicio\",\"item\":\"https:\\\/\\\/www.tressis.com\\\/ca\\\/\"},{\"@type\":\"ListItem\",\"position\":2,\"name\":\"Espa\u00f1a, Italia y Francia en el lado d\u00e9bil de la balanza\"}]},{\"@type\":\"WebSite\",\"@id\":\"https:\\\/\\\/www.tressis.com\\\/ca\\\/#website\",\"url\":\"https:\\\/\\\/www.tressis.com\\\/ca\\\/\",\"name\":\"Tressis banca privada\",\"description\":\"Tressis | Planificaci\u00f3n financiera y gesti\u00f3n de patrimonios\",\"publisher\":{\"@id\":\"https:\\\/\\\/www.tressis.com\\\/ca\\\/#organization\"},\"potentialAction\":[{\"@type\":\"SearchAction\",\"target\":{\"@type\":\"EntryPoint\",\"urlTemplate\":\"https:\\\/\\\/www.tressis.com\\\/ca\\\/?s={search_term_string}\"},\"query-input\":{\"@type\":\"PropertyValueSpecification\",\"valueRequired\":true,\"valueName\":\"search_term_string\"}}],\"inLanguage\":\"ca\"},{\"@type\":\"Organization\",\"@id\":\"https:\\\/\\\/www.tressis.com\\\/ca\\\/#organization\",\"name\":\"Tressis\",\"url\":\"https:\\\/\\\/www.tressis.com\\\/ca\\\/\",\"logo\":{\"@type\":\"ImageObject\",\"inLanguage\":\"ca\",\"@id\":\"https:\\\/\\\/www.tressis.com\\\/ca\\\/#\\\/schema\\\/logo\\\/image\\\/\",\"url\":\"https:\\\/\\\/www.tressis.com\\\/wp-content\\\/uploads\\\/2025\\\/06\\\/logo-tressis-112.png\",\"contentUrl\":\"https:\\\/\\\/www.tressis.com\\\/wp-content\\\/uploads\\\/2025\\\/06\\\/logo-tressis-112.png\",\"width\":112,\"height\":112,\"caption\":\"Tressis\"},\"image\":{\"@id\":\"https:\\\/\\\/www.tressis.com\\\/ca\\\/#\\\/schema\\\/logo\\\/image\\\/\"},\"sameAs\":[\"https:\\\/\\\/www.facebook.com\\\/Tressis\\\/\",\"https:\\\/\\\/x.com\\\/TressisSV\",\"https:\\\/\\\/www.instagram.com\\\/tressissv\\\/?hl=es\",\"https:\\\/\\\/linkedin.com\\\/company\\\/tressis\\\/\",\"https:\\\/\\\/www.youtube.com\\\/user\\\/tressissv\",\"https:\\\/\\\/open.spotify.com\\\/show\\\/3jmTe1Nf0wqMILl7diWV6h?si=d7112519f13c4593&nd=1\"]},{\"@type\":\"Person\",\"@id\":\"https:\\\/\\\/www.tressis.com\\\/ca\\\/#\\\/schema\\\/person\\\/b833c1d724d8764920b6d6852c70584e\",\"name\":\"Lola\",\"image\":{\"@type\":\"ImageObject\",\"inLanguage\":\"ca\",\"@id\":\"https:\\\/\\\/secure.gravatar.com\\\/avatar\\\/05e646486b23ff45df9649110609c7e31b8c4a3e2821caa23d6317f405e0c51d?s=96&d=mm&r=g\",\"url\":\"https:\\\/\\\/secure.gravatar.com\\\/avatar\\\/05e646486b23ff45df9649110609c7e31b8c4a3e2821caa23d6317f405e0c51d?s=96&d=mm&r=g\",\"contentUrl\":\"https:\\\/\\\/secure.gravatar.com\\\/avatar\\\/05e646486b23ff45df9649110609c7e31b8c4a3e2821caa23d6317f405e0c51d?s=96&d=mm&r=g\",\"caption\":\"Lola\"}}]}<\/script>\n<!-- \/ Yoast SEO plugin. -->","yoast_head_json":{"title":"Espa\u00f1a, Italia y Francia en el lado d\u00e9bil de la balanza","description":"En Europa, los datos de actividad conocidos ayer no hacen sino refrendar las dos velocidades a las que los pa\u00edses se est\u00e1n recuperando de este episodio, con Espa\u00f1a, Italia y Francia en el lado d\u00e9bil de la balanza, y Alemania y Reino Unido en mucha mejor posici\u00f3n.","robots":{"index":"index","follow":"follow","max-snippet":"max-snippet:-1","max-image-preview":"max-image-preview:large","max-video-preview":"max-video-preview:-1"},"canonical":"https:\/\/www.tressis.com\/ca\/blog\/espana-italia-francia-lado-debil-balanza\/","og_locale":"ca_ES","og_type":"article","og_title":"Espa\u00f1a, Italia y Francia en el lado d\u00e9bil de la balanza","og_description":"En Europa, los datos de actividad conocidos ayer no hacen sino refrendar las dos velocidades a las que los pa\u00edses se est\u00e1n recuperando de este episodio, con Espa\u00f1a, Italia y Francia en el lado d\u00e9bil de la balanza, y Alemania y Reino Unido en mucha mejor posici\u00f3n.","og_url":"https:\/\/www.tressis.com\/ca\/blog\/espana-italia-francia-lado-debil-balanza\/","og_site_name":"Tressis","article_publisher":"https:\/\/www.facebook.com\/Tressis\/","article_published_time":"2020-10-06T08:57:57+00:00","og_image":[{"width":1100,"height":487,"url":"https:\/\/www.tressis.com\/wp-content\/uploads\/2020\/10\/20201006-mmv.jpg","type":"image\/jpeg"}],"author":"Lola","twitter_card":"summary_large_image","twitter_creator":"@TressisSV","twitter_site":"@TressisSV","twitter_misc":{"Escrit per":"Lola","Temps estimat de lectura":"2 minuts"},"schema":{"@context":"https:\/\/schema.org","@graph":[{"@type":"Article","@id":"https:\/\/www.tressis.com\/ca\/blog\/espana-italia-francia-lado-debil-balanza\/#article","isPartOf":{"@id":"https:\/\/www.tressis.com\/ca\/blog\/espana-italia-francia-lado-debil-balanza\/"},"author":{"name":"Lola","@id":"https:\/\/www.tressis.com\/ca\/#\/schema\/person\/b833c1d724d8764920b6d6852c70584e"},"headline":"Espa\u00f1a, Italia y Francia en el lado d\u00e9bil de la balanza","datePublished":"2020-10-06T08:57:57+00:00","mainEntityOfPage":{"@id":"https:\/\/www.tressis.com\/ca\/blog\/espana-italia-francia-lado-debil-balanza\/"},"wordCount":346,"commentCount":0,"publisher":{"@id":"https:\/\/www.tressis.com\/ca\/#organization"},"image":{"@id":"https:\/\/www.tressis.com\/ca\/blog\/espana-italia-francia-lado-debil-balanza\/#primaryimage"},"thumbnailUrl":"https:\/\/www.tressis.com\/wp-content\/uploads\/2020\/10\/20201006-mmv.jpg","articleSection":["Morning meeting"],"inLanguage":"ca","potentialAction":[{"@type":"CommentAction","name":"Comment","target":["https:\/\/www.tressis.com\/ca\/blog\/espana-italia-francia-lado-debil-balanza\/#respond"]}]},{"@type":"WebPage","@id":"https:\/\/www.tressis.com\/ca\/blog\/espana-italia-francia-lado-debil-balanza\/","url":"https:\/\/www.tressis.com\/ca\/blog\/espana-italia-francia-lado-debil-balanza\/","name":"Espa\u00f1a, Italia y Francia en el lado d\u00e9bil de la balanza","isPartOf":{"@id":"https:\/\/www.tressis.com\/ca\/#website"},"primaryImageOfPage":{"@id":"https:\/\/www.tressis.com\/ca\/blog\/espana-italia-francia-lado-debil-balanza\/#primaryimage"},"image":{"@id":"https:\/\/www.tressis.com\/ca\/blog\/espana-italia-francia-lado-debil-balanza\/#primaryimage"},"thumbnailUrl":"https:\/\/www.tressis.com\/wp-content\/uploads\/2020\/10\/20201006-mmv.jpg","datePublished":"2020-10-06T08:57:57+00:00","description":"En Europa, los datos de actividad conocidos ayer no hacen sino refrendar las dos velocidades a las que los pa\u00edses se est\u00e1n recuperando de este episodio, con Espa\u00f1a, Italia y Francia en el lado d\u00e9bil de la balanza, y Alemania y Reino Unido en mucha mejor posici\u00f3n.","breadcrumb":{"@id":"https:\/\/www.tressis.com\/ca\/blog\/espana-italia-francia-lado-debil-balanza\/#breadcrumb"},"inLanguage":"ca","potentialAction":[{"@type":"ReadAction","target":["https:\/\/www.tressis.com\/ca\/blog\/espana-italia-francia-lado-debil-balanza\/"]}]},{"@type":"ImageObject","inLanguage":"ca","@id":"https:\/\/www.tressis.com\/ca\/blog\/espana-italia-francia-lado-debil-balanza\/#primaryimage","url":"https:\/\/www.tressis.com\/wp-content\/uploads\/2020\/10\/20201006-mmv.jpg","contentUrl":"https:\/\/www.tressis.com\/wp-content\/uploads\/2020\/10\/20201006-mmv.jpg","width":1100,"height":487},{"@type":"BreadcrumbList","@id":"https:\/\/www.tressis.com\/ca\/blog\/espana-italia-francia-lado-debil-balanza\/#breadcrumb","itemListElement":[{"@type":"ListItem","position":1,"name":"Inicio","item":"https:\/\/www.tressis.com\/ca\/"},{"@type":"ListItem","position":2,"name":"Espa\u00f1a, Italia y Francia en el lado d\u00e9bil de la balanza"}]},{"@type":"WebSite","@id":"https:\/\/www.tressis.com\/ca\/#website","url":"https:\/\/www.tressis.com\/ca\/","name":"Tressis banca privada","description":"Tressis | Planificaci\u00f3n financiera y gesti\u00f3n de patrimonios","publisher":{"@id":"https:\/\/www.tressis.com\/ca\/#organization"},"potentialAction":[{"@type":"SearchAction","target":{"@type":"EntryPoint","urlTemplate":"https:\/\/www.tressis.com\/ca\/?s={search_term_string}"},"query-input":{"@type":"PropertyValueSpecification","valueRequired":true,"valueName":"search_term_string"}}],"inLanguage":"ca"},{"@type":"Organization","@id":"https:\/\/www.tressis.com\/ca\/#organization","name":"Tressis","url":"https:\/\/www.tressis.com\/ca\/","logo":{"@type":"ImageObject","inLanguage":"ca","@id":"https:\/\/www.tressis.com\/ca\/#\/schema\/logo\/image\/","url":"https:\/\/www.tressis.com\/wp-content\/uploads\/2025\/06\/logo-tressis-112.png","contentUrl":"https:\/\/www.tressis.com\/wp-content\/uploads\/2025\/06\/logo-tressis-112.png","width":112,"height":112,"caption":"Tressis"},"image":{"@id":"https:\/\/www.tressis.com\/ca\/#\/schema\/logo\/image\/"},"sameAs":["https:\/\/www.facebook.com\/Tressis\/","https:\/\/x.com\/TressisSV","https:\/\/www.instagram.com\/tressissv\/?hl=es","https:\/\/linkedin.com\/company\/tressis\/","https:\/\/www.youtube.com\/user\/tressissv","https:\/\/open.spotify.com\/show\/3jmTe1Nf0wqMILl7diWV6h?si=d7112519f13c4593&nd=1"]},{"@type":"Person","@id":"https:\/\/www.tressis.com\/ca\/#\/schema\/person\/b833c1d724d8764920b6d6852c70584e","name":"Lola","image":{"@type":"ImageObject","inLanguage":"ca","@id":"https:\/\/secure.gravatar.com\/avatar\/05e646486b23ff45df9649110609c7e31b8c4a3e2821caa23d6317f405e0c51d?s=96&d=mm&r=g","url":"https:\/\/secure.gravatar.com\/avatar\/05e646486b23ff45df9649110609c7e31b8c4a3e2821caa23d6317f405e0c51d?s=96&d=mm&r=g","contentUrl":"https:\/\/secure.gravatar.com\/avatar\/05e646486b23ff45df9649110609c7e31b8c4a3e2821caa23d6317f405e0c51d?s=96&d=mm&r=g","caption":"Lola"}}]}},"_links":{"self":[{"href":"https:\/\/www.tressis.com\/ca\/wp-json\/wp\/v2\/posts\/35036","targetHints":{"allow":["GET"]}}],"collection":[{"href":"https:\/\/www.tressis.com\/ca\/wp-json\/wp\/v2\/posts"}],"about":[{"href":"https:\/\/www.tressis.com\/ca\/wp-json\/wp\/v2\/types\/post"}],"author":[{"embeddable":true,"href":"https:\/\/www.tressis.com\/ca\/wp-json\/wp\/v2\/users\/4"}],"replies":[{"embeddable":true,"href":"https:\/\/www.tressis.com\/ca\/wp-json\/wp\/v2\/comments?post=35036"}],"version-history":[{"count":0,"href":"https:\/\/www.tressis.com\/ca\/wp-json\/wp\/v2\/posts\/35036\/revisions"}],"wp:featuredmedia":[{"embeddable":true,"href":"https:\/\/www.tressis.com\/ca\/wp-json\/wp\/v2\/media\/35038"}],"wp:attachment":[{"href":"https:\/\/www.tressis.com\/ca\/wp-json\/wp\/v2\/media?parent=35036"}],"wp:term":[{"taxonomy":"category","embeddable":true,"href":"https:\/\/www.tressis.com\/ca\/wp-json\/wp\/v2\/categories?post=35036"},{"taxonomy":"post_tag","embeddable":true,"href":"https:\/\/www.tressis.com\/ca\/wp-json\/wp\/v2\/tags?post=35036"}],"curies":[{"name":"wp","href":"https:\/\/api.w.org\/{rel}","templated":true}]}}