{"id":34939,"date":"2020-09-17T10:21:19","date_gmt":"2020-09-17T08:21:19","guid":{"rendered":"http:\/\/www.tressis.com\/blog\/?p=34939"},"modified":"2020-09-17T10:21:19","modified_gmt":"2020-09-17T08:21:19","slug":"fed-mantiene-tipos-interes-cero-2023","status":"publish","type":"post","link":"https:\/\/www.tressis.com\/ca\/blog\/fed-mantiene-tipos-interes-cero-2023\/","title":{"rendered":"La Fed mantiene los tipos de inter\u00e9s a cero hasta 2023"},"content":{"rendered":"<p>La renta variable registraba una jornada mixta, en la que destac\u00f3 el fuerte movimiento final registrado por los \u00edndices norteamericanos despu\u00e9s de la \u00faltima actualizaci\u00f3n de pol\u00edtica de la Reserva Federal.<!--more--><\/p>\n<p>La Fed se\u00f1al\u00f3 que mantendr\u00eda los tipos de inter\u00e9s cerca de cero hasta 2023 y emiti\u00f3 una perspectiva ligeramente menos negativa para el crecimiento econ\u00f3mico y el mercado laboral este a\u00f1o.<\/p>\n<p>Igualmente, las acciones europeas oscilaron entre las ganancias y las p\u00e9rdidas, toda vez que la presidenta de la Comisi\u00f3n Europea rebajaba la posibilidad de que el Reino Unido se retirara del acuerdo de salida, afirmando que &#8220;no se puede cambiar, ignorar o desaplicar unilateralmente&#8221; en su discurso sobre el Estado de la Uni\u00f3n.<\/p>\n<p>Pero centr\u00e1ndonos en la noticia de la jornada de ayer, en la primera reuni\u00f3n despu\u00e9s de la adopci\u00f3n de un r\u00e9gimen de objetivos de inflaci\u00f3n flexibles, el Comit\u00e9 de Mercado Abierto de la Reserva Federal de los Estados Unidos mantuvo su intervalo objetivo de tipos de inter\u00e9s en 0,00-0,25%. Adem\u00e1s, los responsables monetarios se comprometen a mantener la tasa sin cambios hasta que las condiciones del mercado de trabajo sean coherentes con el empleo m\u00e1ximo y la inflaci\u00f3n est\u00e9 en camino de superar moderadamente el 2% interanual &#8220;durante alg\u00fan tiempo&#8221;.<\/p>\n<p>Mientras tanto, en su conferencia de prensa, el presidente de la Fed, Jerome Powell, dijo que es probable que &#8220;se necesite m\u00e1s apoyo fiscal&#8221; y continu\u00f3 destacando los riesgos para las perspectivas econ\u00f3micas de todos los temas relacionados con el virus. Por \u00faltimo, el resumen de las proyecciones econ\u00f3micas del organismo confirma que la mayor\u00eda de los miembros del comit\u00e9 no anticipan subidas de tipos hasta 2023 y mostraron revisiones positivas para el crecimiento del PIB de 2020 (-3,7% frente al -6,5% anterior) y las estimaciones de desempleo (7,6% para el cuarto trimestre de 2020 vs. 9,3% del informe preliminar).<\/p>\n<p>El discurso es un nuevo motivo para que los inversores sigan comprando renta fija, ya que todos sus comentarios podr\u00edan ser considerados como pros para los bonos: Incertidumbre econ\u00f3mica, pol\u00edtica monetaria acomodaticia a\u00fan durante m\u00e1s tiempo, no preocupa la inflaci\u00f3n\u2026 \u00bfQu\u00e9 m\u00e1s se le pod\u00eda pedir?<\/p>\n<p>Hoy tendremos la confirmaci\u00f3n del IPC de agosto de la eurozona, que previsiblemente se sit\u00fae en terreno negativo, y datos sobre construcci\u00f3n de viviendas en Estados Unidos.<\/p>\n<p>Buen d\u00eda.<\/p>\n<p><center><strong>Jorge Gonz\u00e1lez G\u00f3mez<\/strong><br \/>\nDirector de An\u00e1lisis<\/center><\/p>\n","protected":false},"excerpt":{"rendered":"<p>La renta variable registraba una jornada mixta, en la que destac\u00f3 el fuerte movimiento final registrado por los \u00edndices norteamericanos despu\u00e9s de la \u00faltima actualizaci\u00f3n de pol\u00edtica de la Reserva Federal.<\/p>\n","protected":false},"author":4,"featured_media":34940,"comment_status":"open","ping_status":"closed","sticky":false,"template":"","format":"standard","meta":{"_acf_changed":false,"footnotes":""},"categories":[9721],"tags":[],"class_list":["post-34939","post","type-post","status-publish","format-standard","has-post-thumbnail","hentry","category-morning-meeting"],"acf":[],"yoast_head":"<!-- This site is optimized with the Yoast SEO plugin v27.5 - https:\/\/yoast.com\/product\/yoast-seo-wordpress\/ -->\n<title>La Fed mantiene los tipos de inter\u00e9s a cero hasta 2023<\/title>\n<meta name=\"description\" content=\"La Fed se\u00f1al\u00f3 que mantendr\u00eda los tipos de inter\u00e9s cerca de cero hasta 2023 y emiti\u00f3 una perspectiva ligeramente menos negativa para el crecimiento econ\u00f3mico y el mercado laboral este a\u00f1o.\" \/>\n<meta name=\"robots\" content=\"index, follow, max-snippet:-1, max-image-preview:large, max-video-preview:-1\" \/>\n<link rel=\"canonical\" href=\"https:\/\/www.tressis.com\/ca\/blog\/fed-mantiene-tipos-interes-cero-2023\/\" \/>\n<meta property=\"og:locale\" content=\"ca_ES\" \/>\n<meta property=\"og:type\" content=\"article\" \/>\n<meta property=\"og:title\" content=\"La Fed mantiene los tipos de inter\u00e9s a cero hasta 2023\" \/>\n<meta property=\"og:description\" content=\"La Fed se\u00f1al\u00f3 que mantendr\u00eda los tipos de inter\u00e9s cerca de cero hasta 2023 y emiti\u00f3 una perspectiva ligeramente menos negativa para el crecimiento econ\u00f3mico y el mercado laboral este a\u00f1o.\" \/>\n<meta property=\"og:url\" content=\"https:\/\/www.tressis.com\/ca\/blog\/fed-mantiene-tipos-interes-cero-2023\/\" \/>\n<meta property=\"og:site_name\" content=\"Tressis\" \/>\n<meta property=\"article:publisher\" content=\"https:\/\/www.facebook.com\/Tressis\/\" \/>\n<meta property=\"article:published_time\" content=\"2020-09-17T08:21:19+00:00\" \/>\n<meta property=\"og:image\" content=\"https:\/\/www.tressis.com\/wp-content\/uploads\/2020\/09\/20200917-fed.jpg\" \/>\n\t<meta property=\"og:image:width\" content=\"1100\" \/>\n\t<meta property=\"og:image:height\" content=\"487\" \/>\n\t<meta property=\"og:image:type\" content=\"image\/jpeg\" \/>\n<meta name=\"author\" content=\"Lola\" \/>\n<meta name=\"twitter:card\" content=\"summary_large_image\" \/>\n<meta name=\"twitter:creator\" content=\"@TressisSV\" \/>\n<meta name=\"twitter:site\" content=\"@TressisSV\" \/>\n<meta name=\"twitter:label1\" content=\"Escrit per\" \/>\n\t<meta name=\"twitter:data1\" content=\"Lola\" \/>\n\t<meta name=\"twitter:label2\" content=\"Temps estimat de lectura\" \/>\n\t<meta name=\"twitter:data2\" content=\"2 minuts\" \/>\n<script type=\"application\/ld+json\" class=\"yoast-schema-graph\">{\"@context\":\"https:\\\/\\\/schema.org\",\"@graph\":[{\"@type\":\"Article\",\"@id\":\"https:\\\/\\\/www.tressis.com\\\/ca\\\/blog\\\/fed-mantiene-tipos-interes-cero-2023\\\/#article\",\"isPartOf\":{\"@id\":\"https:\\\/\\\/www.tressis.com\\\/ca\\\/blog\\\/fed-mantiene-tipos-interes-cero-2023\\\/\"},\"author\":{\"name\":\"Lola\",\"@id\":\"https:\\\/\\\/www.tressis.com\\\/ca\\\/#\\\/schema\\\/person\\\/b833c1d724d8764920b6d6852c70584e\"},\"headline\":\"La Fed mantiene los tipos de inter\u00e9s a cero hasta 2023\",\"datePublished\":\"2020-09-17T08:21:19+00:00\",\"mainEntityOfPage\":{\"@id\":\"https:\\\/\\\/www.tressis.com\\\/ca\\\/blog\\\/fed-mantiene-tipos-interes-cero-2023\\\/\"},\"wordCount\":431,\"commentCount\":0,\"publisher\":{\"@id\":\"https:\\\/\\\/www.tressis.com\\\/ca\\\/#organization\"},\"image\":{\"@id\":\"https:\\\/\\\/www.tressis.com\\\/ca\\\/blog\\\/fed-mantiene-tipos-interes-cero-2023\\\/#primaryimage\"},\"thumbnailUrl\":\"https:\\\/\\\/www.tressis.com\\\/wp-content\\\/uploads\\\/2020\\\/09\\\/20200917-fed.jpg\",\"articleSection\":[\"Morning meeting\"],\"inLanguage\":\"ca\",\"potentialAction\":[{\"@type\":\"CommentAction\",\"name\":\"Comment\",\"target\":[\"https:\\\/\\\/www.tressis.com\\\/ca\\\/blog\\\/fed-mantiene-tipos-interes-cero-2023\\\/#respond\"]}]},{\"@type\":\"WebPage\",\"@id\":\"https:\\\/\\\/www.tressis.com\\\/ca\\\/blog\\\/fed-mantiene-tipos-interes-cero-2023\\\/\",\"url\":\"https:\\\/\\\/www.tressis.com\\\/ca\\\/blog\\\/fed-mantiene-tipos-interes-cero-2023\\\/\",\"name\":\"La Fed mantiene los tipos de inter\u00e9s a cero hasta 2023\",\"isPartOf\":{\"@id\":\"https:\\\/\\\/www.tressis.com\\\/ca\\\/#website\"},\"primaryImageOfPage\":{\"@id\":\"https:\\\/\\\/www.tressis.com\\\/ca\\\/blog\\\/fed-mantiene-tipos-interes-cero-2023\\\/#primaryimage\"},\"image\":{\"@id\":\"https:\\\/\\\/www.tressis.com\\\/ca\\\/blog\\\/fed-mantiene-tipos-interes-cero-2023\\\/#primaryimage\"},\"thumbnailUrl\":\"https:\\\/\\\/www.tressis.com\\\/wp-content\\\/uploads\\\/2020\\\/09\\\/20200917-fed.jpg\",\"datePublished\":\"2020-09-17T08:21:19+00:00\",\"description\":\"La Fed se\u00f1al\u00f3 que mantendr\u00eda los tipos de inter\u00e9s cerca de cero hasta 2023 y emiti\u00f3 una perspectiva ligeramente menos negativa para el crecimiento econ\u00f3mico y el mercado laboral este a\u00f1o.\",\"breadcrumb\":{\"@id\":\"https:\\\/\\\/www.tressis.com\\\/ca\\\/blog\\\/fed-mantiene-tipos-interes-cero-2023\\\/#breadcrumb\"},\"inLanguage\":\"ca\",\"potentialAction\":[{\"@type\":\"ReadAction\",\"target\":[\"https:\\\/\\\/www.tressis.com\\\/ca\\\/blog\\\/fed-mantiene-tipos-interes-cero-2023\\\/\"]}]},{\"@type\":\"ImageObject\",\"inLanguage\":\"ca\",\"@id\":\"https:\\\/\\\/www.tressis.com\\\/ca\\\/blog\\\/fed-mantiene-tipos-interes-cero-2023\\\/#primaryimage\",\"url\":\"https:\\\/\\\/www.tressis.com\\\/wp-content\\\/uploads\\\/2020\\\/09\\\/20200917-fed.jpg\",\"contentUrl\":\"https:\\\/\\\/www.tressis.com\\\/wp-content\\\/uploads\\\/2020\\\/09\\\/20200917-fed.jpg\",\"width\":1100,\"height\":487,\"caption\":\"Una Reserva Federal m\u00e1s optimista\"},{\"@type\":\"BreadcrumbList\",\"@id\":\"https:\\\/\\\/www.tressis.com\\\/ca\\\/blog\\\/fed-mantiene-tipos-interes-cero-2023\\\/#breadcrumb\",\"itemListElement\":[{\"@type\":\"ListItem\",\"position\":1,\"name\":\"Inicio\",\"item\":\"https:\\\/\\\/www.tressis.com\\\/ca\\\/\"},{\"@type\":\"ListItem\",\"position\":2,\"name\":\"La Fed mantiene los tipos de inter\u00e9s a cero hasta 2023\"}]},{\"@type\":\"WebSite\",\"@id\":\"https:\\\/\\\/www.tressis.com\\\/ca\\\/#website\",\"url\":\"https:\\\/\\\/www.tressis.com\\\/ca\\\/\",\"name\":\"Tressis banca privada\",\"description\":\"Tressis | Planificaci\u00f3n financiera y gesti\u00f3n de patrimonios\",\"publisher\":{\"@id\":\"https:\\\/\\\/www.tressis.com\\\/ca\\\/#organization\"},\"potentialAction\":[{\"@type\":\"SearchAction\",\"target\":{\"@type\":\"EntryPoint\",\"urlTemplate\":\"https:\\\/\\\/www.tressis.com\\\/ca\\\/?s={search_term_string}\"},\"query-input\":{\"@type\":\"PropertyValueSpecification\",\"valueRequired\":true,\"valueName\":\"search_term_string\"}}],\"inLanguage\":\"ca\"},{\"@type\":\"Organization\",\"@id\":\"https:\\\/\\\/www.tressis.com\\\/ca\\\/#organization\",\"name\":\"Tressis\",\"url\":\"https:\\\/\\\/www.tressis.com\\\/ca\\\/\",\"logo\":{\"@type\":\"ImageObject\",\"inLanguage\":\"ca\",\"@id\":\"https:\\\/\\\/www.tressis.com\\\/ca\\\/#\\\/schema\\\/logo\\\/image\\\/\",\"url\":\"https:\\\/\\\/www.tressis.com\\\/wp-content\\\/uploads\\\/2025\\\/06\\\/logo-tressis-112.png\",\"contentUrl\":\"https:\\\/\\\/www.tressis.com\\\/wp-content\\\/uploads\\\/2025\\\/06\\\/logo-tressis-112.png\",\"width\":112,\"height\":112,\"caption\":\"Tressis\"},\"image\":{\"@id\":\"https:\\\/\\\/www.tressis.com\\\/ca\\\/#\\\/schema\\\/logo\\\/image\\\/\"},\"sameAs\":[\"https:\\\/\\\/www.facebook.com\\\/Tressis\\\/\",\"https:\\\/\\\/x.com\\\/TressisSV\",\"https:\\\/\\\/www.instagram.com\\\/tressissv\\\/?hl=es\",\"https:\\\/\\\/linkedin.com\\\/company\\\/tressis\\\/\",\"https:\\\/\\\/www.youtube.com\\\/user\\\/tressissv\",\"https:\\\/\\\/open.spotify.com\\\/show\\\/3jmTe1Nf0wqMILl7diWV6h?si=d7112519f13c4593&nd=1\"]},{\"@type\":\"Person\",\"@id\":\"https:\\\/\\\/www.tressis.com\\\/ca\\\/#\\\/schema\\\/person\\\/b833c1d724d8764920b6d6852c70584e\",\"name\":\"Lola\",\"image\":{\"@type\":\"ImageObject\",\"inLanguage\":\"ca\",\"@id\":\"https:\\\/\\\/secure.gravatar.com\\\/avatar\\\/05e646486b23ff45df9649110609c7e31b8c4a3e2821caa23d6317f405e0c51d?s=96&d=mm&r=g\",\"url\":\"https:\\\/\\\/secure.gravatar.com\\\/avatar\\\/05e646486b23ff45df9649110609c7e31b8c4a3e2821caa23d6317f405e0c51d?s=96&d=mm&r=g\",\"contentUrl\":\"https:\\\/\\\/secure.gravatar.com\\\/avatar\\\/05e646486b23ff45df9649110609c7e31b8c4a3e2821caa23d6317f405e0c51d?s=96&d=mm&r=g\",\"caption\":\"Lola\"}}]}<\/script>\n<!-- \/ Yoast SEO plugin. -->","yoast_head_json":{"title":"La Fed mantiene los tipos de inter\u00e9s a cero hasta 2023","description":"La Fed se\u00f1al\u00f3 que mantendr\u00eda los tipos de inter\u00e9s cerca de cero hasta 2023 y emiti\u00f3 una perspectiva ligeramente menos negativa para el crecimiento econ\u00f3mico y el mercado laboral este a\u00f1o.","robots":{"index":"index","follow":"follow","max-snippet":"max-snippet:-1","max-image-preview":"max-image-preview:large","max-video-preview":"max-video-preview:-1"},"canonical":"https:\/\/www.tressis.com\/ca\/blog\/fed-mantiene-tipos-interes-cero-2023\/","og_locale":"ca_ES","og_type":"article","og_title":"La Fed mantiene los tipos de inter\u00e9s a cero hasta 2023","og_description":"La Fed se\u00f1al\u00f3 que mantendr\u00eda los tipos de inter\u00e9s cerca de cero hasta 2023 y emiti\u00f3 una perspectiva ligeramente menos negativa para el crecimiento econ\u00f3mico y el mercado laboral este a\u00f1o.","og_url":"https:\/\/www.tressis.com\/ca\/blog\/fed-mantiene-tipos-interes-cero-2023\/","og_site_name":"Tressis","article_publisher":"https:\/\/www.facebook.com\/Tressis\/","article_published_time":"2020-09-17T08:21:19+00:00","og_image":[{"width":1100,"height":487,"url":"https:\/\/www.tressis.com\/wp-content\/uploads\/2020\/09\/20200917-fed.jpg","type":"image\/jpeg"}],"author":"Lola","twitter_card":"summary_large_image","twitter_creator":"@TressisSV","twitter_site":"@TressisSV","twitter_misc":{"Escrit per":"Lola","Temps estimat de lectura":"2 minuts"},"schema":{"@context":"https:\/\/schema.org","@graph":[{"@type":"Article","@id":"https:\/\/www.tressis.com\/ca\/blog\/fed-mantiene-tipos-interes-cero-2023\/#article","isPartOf":{"@id":"https:\/\/www.tressis.com\/ca\/blog\/fed-mantiene-tipos-interes-cero-2023\/"},"author":{"name":"Lola","@id":"https:\/\/www.tressis.com\/ca\/#\/schema\/person\/b833c1d724d8764920b6d6852c70584e"},"headline":"La Fed mantiene los tipos de inter\u00e9s a cero hasta 2023","datePublished":"2020-09-17T08:21:19+00:00","mainEntityOfPage":{"@id":"https:\/\/www.tressis.com\/ca\/blog\/fed-mantiene-tipos-interes-cero-2023\/"},"wordCount":431,"commentCount":0,"publisher":{"@id":"https:\/\/www.tressis.com\/ca\/#organization"},"image":{"@id":"https:\/\/www.tressis.com\/ca\/blog\/fed-mantiene-tipos-interes-cero-2023\/#primaryimage"},"thumbnailUrl":"https:\/\/www.tressis.com\/wp-content\/uploads\/2020\/09\/20200917-fed.jpg","articleSection":["Morning meeting"],"inLanguage":"ca","potentialAction":[{"@type":"CommentAction","name":"Comment","target":["https:\/\/www.tressis.com\/ca\/blog\/fed-mantiene-tipos-interes-cero-2023\/#respond"]}]},{"@type":"WebPage","@id":"https:\/\/www.tressis.com\/ca\/blog\/fed-mantiene-tipos-interes-cero-2023\/","url":"https:\/\/www.tressis.com\/ca\/blog\/fed-mantiene-tipos-interes-cero-2023\/","name":"La Fed mantiene los tipos de inter\u00e9s a cero hasta 2023","isPartOf":{"@id":"https:\/\/www.tressis.com\/ca\/#website"},"primaryImageOfPage":{"@id":"https:\/\/www.tressis.com\/ca\/blog\/fed-mantiene-tipos-interes-cero-2023\/#primaryimage"},"image":{"@id":"https:\/\/www.tressis.com\/ca\/blog\/fed-mantiene-tipos-interes-cero-2023\/#primaryimage"},"thumbnailUrl":"https:\/\/www.tressis.com\/wp-content\/uploads\/2020\/09\/20200917-fed.jpg","datePublished":"2020-09-17T08:21:19+00:00","description":"La Fed se\u00f1al\u00f3 que mantendr\u00eda los tipos de inter\u00e9s cerca de cero hasta 2023 y emiti\u00f3 una perspectiva ligeramente menos negativa para el crecimiento econ\u00f3mico y el mercado laboral este a\u00f1o.","breadcrumb":{"@id":"https:\/\/www.tressis.com\/ca\/blog\/fed-mantiene-tipos-interes-cero-2023\/#breadcrumb"},"inLanguage":"ca","potentialAction":[{"@type":"ReadAction","target":["https:\/\/www.tressis.com\/ca\/blog\/fed-mantiene-tipos-interes-cero-2023\/"]}]},{"@type":"ImageObject","inLanguage":"ca","@id":"https:\/\/www.tressis.com\/ca\/blog\/fed-mantiene-tipos-interes-cero-2023\/#primaryimage","url":"https:\/\/www.tressis.com\/wp-content\/uploads\/2020\/09\/20200917-fed.jpg","contentUrl":"https:\/\/www.tressis.com\/wp-content\/uploads\/2020\/09\/20200917-fed.jpg","width":1100,"height":487,"caption":"Una Reserva Federal m\u00e1s optimista"},{"@type":"BreadcrumbList","@id":"https:\/\/www.tressis.com\/ca\/blog\/fed-mantiene-tipos-interes-cero-2023\/#breadcrumb","itemListElement":[{"@type":"ListItem","position":1,"name":"Inicio","item":"https:\/\/www.tressis.com\/ca\/"},{"@type":"ListItem","position":2,"name":"La Fed mantiene los tipos de inter\u00e9s a cero hasta 2023"}]},{"@type":"WebSite","@id":"https:\/\/www.tressis.com\/ca\/#website","url":"https:\/\/www.tressis.com\/ca\/","name":"Tressis banca privada","description":"Tressis | Planificaci\u00f3n financiera y gesti\u00f3n de patrimonios","publisher":{"@id":"https:\/\/www.tressis.com\/ca\/#organization"},"potentialAction":[{"@type":"SearchAction","target":{"@type":"EntryPoint","urlTemplate":"https:\/\/www.tressis.com\/ca\/?s={search_term_string}"},"query-input":{"@type":"PropertyValueSpecification","valueRequired":true,"valueName":"search_term_string"}}],"inLanguage":"ca"},{"@type":"Organization","@id":"https:\/\/www.tressis.com\/ca\/#organization","name":"Tressis","url":"https:\/\/www.tressis.com\/ca\/","logo":{"@type":"ImageObject","inLanguage":"ca","@id":"https:\/\/www.tressis.com\/ca\/#\/schema\/logo\/image\/","url":"https:\/\/www.tressis.com\/wp-content\/uploads\/2025\/06\/logo-tressis-112.png","contentUrl":"https:\/\/www.tressis.com\/wp-content\/uploads\/2025\/06\/logo-tressis-112.png","width":112,"height":112,"caption":"Tressis"},"image":{"@id":"https:\/\/www.tressis.com\/ca\/#\/schema\/logo\/image\/"},"sameAs":["https:\/\/www.facebook.com\/Tressis\/","https:\/\/x.com\/TressisSV","https:\/\/www.instagram.com\/tressissv\/?hl=es","https:\/\/linkedin.com\/company\/tressis\/","https:\/\/www.youtube.com\/user\/tressissv","https:\/\/open.spotify.com\/show\/3jmTe1Nf0wqMILl7diWV6h?si=d7112519f13c4593&nd=1"]},{"@type":"Person","@id":"https:\/\/www.tressis.com\/ca\/#\/schema\/person\/b833c1d724d8764920b6d6852c70584e","name":"Lola","image":{"@type":"ImageObject","inLanguage":"ca","@id":"https:\/\/secure.gravatar.com\/avatar\/05e646486b23ff45df9649110609c7e31b8c4a3e2821caa23d6317f405e0c51d?s=96&d=mm&r=g","url":"https:\/\/secure.gravatar.com\/avatar\/05e646486b23ff45df9649110609c7e31b8c4a3e2821caa23d6317f405e0c51d?s=96&d=mm&r=g","contentUrl":"https:\/\/secure.gravatar.com\/avatar\/05e646486b23ff45df9649110609c7e31b8c4a3e2821caa23d6317f405e0c51d?s=96&d=mm&r=g","caption":"Lola"}}]}},"_links":{"self":[{"href":"https:\/\/www.tressis.com\/ca\/wp-json\/wp\/v2\/posts\/34939","targetHints":{"allow":["GET"]}}],"collection":[{"href":"https:\/\/www.tressis.com\/ca\/wp-json\/wp\/v2\/posts"}],"about":[{"href":"https:\/\/www.tressis.com\/ca\/wp-json\/wp\/v2\/types\/post"}],"author":[{"embeddable":true,"href":"https:\/\/www.tressis.com\/ca\/wp-json\/wp\/v2\/users\/4"}],"replies":[{"embeddable":true,"href":"https:\/\/www.tressis.com\/ca\/wp-json\/wp\/v2\/comments?post=34939"}],"version-history":[{"count":0,"href":"https:\/\/www.tressis.com\/ca\/wp-json\/wp\/v2\/posts\/34939\/revisions"}],"wp:featuredmedia":[{"embeddable":true,"href":"https:\/\/www.tressis.com\/ca\/wp-json\/wp\/v2\/media\/34940"}],"wp:attachment":[{"href":"https:\/\/www.tressis.com\/ca\/wp-json\/wp\/v2\/media?parent=34939"}],"wp:term":[{"taxonomy":"category","embeddable":true,"href":"https:\/\/www.tressis.com\/ca\/wp-json\/wp\/v2\/categories?post=34939"},{"taxonomy":"post_tag","embeddable":true,"href":"https:\/\/www.tressis.com\/ca\/wp-json\/wp\/v2\/tags?post=34939"}],"curies":[{"name":"wp","href":"https:\/\/api.w.org\/{rel}","templated":true}]}}