{"id":34880,"date":"2020-09-08T10:54:48","date_gmt":"2020-09-08T08:54:48","guid":{"rendered":"http:\/\/www.tressis.com\/blog\/?p=34880"},"modified":"2020-09-08T10:54:48","modified_gmt":"2020-09-08T08:54:48","slug":"boris-johnson-dispuesto-a-hacerle-sombra-a-la-campana-presidencial-americana","status":"publish","type":"post","link":"https:\/\/www.tressis.com\/ca\/blog\/boris-johnson-dispuesto-a-hacerle-sombra-a-la-campana-presidencial-americana\/","title":{"rendered":"Boris Johnson, dispuesto a hacerle sombra a la campa\u00f1a presidencial americana"},"content":{"rendered":"<p>Que en Estados Unidos sea festivo siempre resta emoci\u00f3n a las jornadas burs\u00e1tiles.<!--more--><\/p>\n<p>Los inversores se quedan, en la mayor\u00eda de los casos, hu\u00e9rfanos de referencias de calado, aunque como vimos ayer, eso no significa que se mantengan todo el d\u00eda ociosos. Tras varias jornadas de descenso, las bolsas europeas sacaron fuerza para avanzar al calor de los buenos resultados de producci\u00f3n industrial alemana, pues es de las pocas noticias que tenemos aqu\u00ed, en el Viejo Continente.<\/p>\n<p>La creciente intensidad en los contagios de la COVID-19 sigue preocupando y, en mayor medida, dado que nos encaminamos a las estaciones fr\u00edas del a\u00f1o que, en teor\u00eda, favorecen la propagaci\u00f3n del virus. Pero por si esto fuese poco, Boris Johnson est\u00e1 dispuesto a hacerle sombra a la campa\u00f1a presidencial americana. Veremos c\u00f3mo acaba este tema, pero promete curvas, pues la posibilidad de un <i>brexit<\/i> duro debe ser considerada cada vez m\u00e1s, sobre todo si en octubre no hay un texto de acuerdo muy encaminado.<\/p>\n<p>No crean que Donald Trump y Joe Biden se van a dejar \u201ccomer la tostada\u201d por el <i>premier<\/i> brit\u00e1nico. Y es que en pol\u00edtica las cosas dan muchas vueltas y mientras ayer Biden abogaba por una relaci\u00f3n m\u00e1s \u201cestricta\u201d con China, Trump era contrario a esta postura. \u00bfQui\u00e9n nos lo iba a decir?<\/p>\n<p>La inc\u00f3gnita del d\u00eda de hoy ser\u00e1 ver si los \u00edndices norteamericanos, sobre todo el Nasdaq, cuyos futuros cotizan en territorio negativo, contin\u00faan con la peque\u00f1a correcci\u00f3n (aunque tambi\u00e9n podr\u00edamos llamarla consolidaci\u00f3n) que iniciaron a finales de la semana pasada.<\/p>\n<p>Buen martes.<\/p>\n<p><center><strong>M\u00aa Salom\u00e9 Bouzas Romero<\/strong><br \/>\nAnalista<\/center><\/p>\n","protected":false},"excerpt":{"rendered":"<p>Que en Estados Unidos sea festivo siempre resta emoci\u00f3n a las jornadas burs\u00e1tiles.<\/p>\n","protected":false},"author":4,"featured_media":34884,"comment_status":"open","ping_status":"closed","sticky":false,"template":"","format":"standard","meta":{"_acf_changed":false,"footnotes":""},"categories":[9721],"tags":[],"class_list":["post-34880","post","type-post","status-publish","format-standard","has-post-thumbnail","hentry","category-morning-meeting"],"acf":[],"yoast_head":"<!-- This site is optimized with the Yoast SEO plugin v27.5 - https:\/\/yoast.com\/product\/yoast-seo-wordpress\/ -->\n<title>Boris Johnson, dispuesto a hacerle sombra a la campa\u00f1a presidencial americana<\/title>\n<meta name=\"description\" content=\"Boris Johnson est\u00e1 dispuesto a hacerle sombra a la campa\u00f1a presidencial americana. Veremos c\u00f3mo acaba este tema, pero promete curvas, pues la posibilidad de un brexit duro debe ser considerada cada vez m\u00e1s, sobre todo si en octubre no hay un texto de acuerdo muy encaminado.\" \/>\n<meta name=\"robots\" content=\"index, follow, max-snippet:-1, max-image-preview:large, max-video-preview:-1\" \/>\n<link rel=\"canonical\" href=\"https:\/\/www.tressis.com\/ca\/blog\/boris-johnson-dispuesto-a-hacerle-sombra-a-la-campana-presidencial-americana\/\" \/>\n<meta property=\"og:locale\" content=\"ca_ES\" \/>\n<meta property=\"og:type\" content=\"article\" \/>\n<meta property=\"og:title\" content=\"Boris Johnson, dispuesto a hacerle sombra a la campa\u00f1a presidencial americana\" \/>\n<meta property=\"og:description\" content=\"Boris Johnson est\u00e1 dispuesto a hacerle sombra a la campa\u00f1a presidencial americana. Veremos c\u00f3mo acaba este tema, pero promete curvas, pues la posibilidad de un brexit duro debe ser considerada cada vez m\u00e1s, sobre todo si en octubre no hay un texto de acuerdo muy encaminado.\" \/>\n<meta property=\"og:url\" content=\"https:\/\/www.tressis.com\/ca\/blog\/boris-johnson-dispuesto-a-hacerle-sombra-a-la-campana-presidencial-americana\/\" \/>\n<meta property=\"og:site_name\" content=\"Tressis\" \/>\n<meta property=\"article:publisher\" content=\"https:\/\/www.facebook.com\/Tressis\/\" \/>\n<meta property=\"article:published_time\" content=\"2020-09-08T08:54:48+00:00\" \/>\n<meta property=\"og:image\" content=\"https:\/\/www.tressis.com\/wp-content\/uploads\/2020\/09\/20200908-mmv.jpg\" \/>\n\t<meta property=\"og:image:width\" content=\"1100\" \/>\n\t<meta property=\"og:image:height\" content=\"487\" \/>\n\t<meta property=\"og:image:type\" content=\"image\/jpeg\" \/>\n<meta name=\"author\" content=\"Lola\" \/>\n<meta name=\"twitter:card\" content=\"summary_large_image\" \/>\n<meta name=\"twitter:creator\" content=\"@TressisSV\" \/>\n<meta name=\"twitter:site\" content=\"@TressisSV\" \/>\n<meta name=\"twitter:label1\" content=\"Escrit per\" \/>\n\t<meta name=\"twitter:data1\" content=\"Lola\" \/>\n\t<meta name=\"twitter:label2\" content=\"Temps estimat de lectura\" \/>\n\t<meta name=\"twitter:data2\" content=\"1 minut\" \/>\n<script type=\"application\/ld+json\" class=\"yoast-schema-graph\">{\"@context\":\"https:\\\/\\\/schema.org\",\"@graph\":[{\"@type\":\"Article\",\"@id\":\"https:\\\/\\\/www.tressis.com\\\/ca\\\/blog\\\/boris-johnson-dispuesto-a-hacerle-sombra-a-la-campana-presidencial-americana\\\/#article\",\"isPartOf\":{\"@id\":\"https:\\\/\\\/www.tressis.com\\\/ca\\\/blog\\\/boris-johnson-dispuesto-a-hacerle-sombra-a-la-campana-presidencial-americana\\\/\"},\"author\":{\"name\":\"Lola\",\"@id\":\"https:\\\/\\\/www.tressis.com\\\/ca\\\/#\\\/schema\\\/person\\\/b833c1d724d8764920b6d6852c70584e\"},\"headline\":\"Boris Johnson, dispuesto a hacerle sombra a la campa\u00f1a presidencial americana\",\"datePublished\":\"2020-09-08T08:54:48+00:00\",\"mainEntityOfPage\":{\"@id\":\"https:\\\/\\\/www.tressis.com\\\/ca\\\/blog\\\/boris-johnson-dispuesto-a-hacerle-sombra-a-la-campana-presidencial-americana\\\/\"},\"wordCount\":300,\"commentCount\":0,\"publisher\":{\"@id\":\"https:\\\/\\\/www.tressis.com\\\/ca\\\/#organization\"},\"image\":{\"@id\":\"https:\\\/\\\/www.tressis.com\\\/ca\\\/blog\\\/boris-johnson-dispuesto-a-hacerle-sombra-a-la-campana-presidencial-americana\\\/#primaryimage\"},\"thumbnailUrl\":\"https:\\\/\\\/www.tressis.com\\\/wp-content\\\/uploads\\\/2020\\\/09\\\/20200908-mmv.jpg\",\"articleSection\":[\"Morning meeting\"],\"inLanguage\":\"ca\",\"potentialAction\":[{\"@type\":\"CommentAction\",\"name\":\"Comment\",\"target\":[\"https:\\\/\\\/www.tressis.com\\\/ca\\\/blog\\\/boris-johnson-dispuesto-a-hacerle-sombra-a-la-campana-presidencial-americana\\\/#respond\"]}]},{\"@type\":\"WebPage\",\"@id\":\"https:\\\/\\\/www.tressis.com\\\/ca\\\/blog\\\/boris-johnson-dispuesto-a-hacerle-sombra-a-la-campana-presidencial-americana\\\/\",\"url\":\"https:\\\/\\\/www.tressis.com\\\/ca\\\/blog\\\/boris-johnson-dispuesto-a-hacerle-sombra-a-la-campana-presidencial-americana\\\/\",\"name\":\"Boris Johnson, dispuesto a hacerle sombra a la campa\u00f1a presidencial americana\",\"isPartOf\":{\"@id\":\"https:\\\/\\\/www.tressis.com\\\/ca\\\/#website\"},\"primaryImageOfPage\":{\"@id\":\"https:\\\/\\\/www.tressis.com\\\/ca\\\/blog\\\/boris-johnson-dispuesto-a-hacerle-sombra-a-la-campana-presidencial-americana\\\/#primaryimage\"},\"image\":{\"@id\":\"https:\\\/\\\/www.tressis.com\\\/ca\\\/blog\\\/boris-johnson-dispuesto-a-hacerle-sombra-a-la-campana-presidencial-americana\\\/#primaryimage\"},\"thumbnailUrl\":\"https:\\\/\\\/www.tressis.com\\\/wp-content\\\/uploads\\\/2020\\\/09\\\/20200908-mmv.jpg\",\"datePublished\":\"2020-09-08T08:54:48+00:00\",\"description\":\"Boris Johnson est\u00e1 dispuesto a hacerle sombra a la campa\u00f1a presidencial americana. Veremos c\u00f3mo acaba este tema, pero promete curvas, pues la posibilidad de un brexit duro debe ser considerada cada vez m\u00e1s, sobre todo si en octubre no hay un texto de acuerdo muy encaminado.\",\"breadcrumb\":{\"@id\":\"https:\\\/\\\/www.tressis.com\\\/ca\\\/blog\\\/boris-johnson-dispuesto-a-hacerle-sombra-a-la-campana-presidencial-americana\\\/#breadcrumb\"},\"inLanguage\":\"ca\",\"potentialAction\":[{\"@type\":\"ReadAction\",\"target\":[\"https:\\\/\\\/www.tressis.com\\\/ca\\\/blog\\\/boris-johnson-dispuesto-a-hacerle-sombra-a-la-campana-presidencial-americana\\\/\"]}]},{\"@type\":\"ImageObject\",\"inLanguage\":\"ca\",\"@id\":\"https:\\\/\\\/www.tressis.com\\\/ca\\\/blog\\\/boris-johnson-dispuesto-a-hacerle-sombra-a-la-campana-presidencial-americana\\\/#primaryimage\",\"url\":\"https:\\\/\\\/www.tressis.com\\\/wp-content\\\/uploads\\\/2020\\\/09\\\/20200908-mmv.jpg\",\"contentUrl\":\"https:\\\/\\\/www.tressis.com\\\/wp-content\\\/uploads\\\/2020\\\/09\\\/20200908-mmv.jpg\",\"width\":1100,\"height\":487},{\"@type\":\"BreadcrumbList\",\"@id\":\"https:\\\/\\\/www.tressis.com\\\/ca\\\/blog\\\/boris-johnson-dispuesto-a-hacerle-sombra-a-la-campana-presidencial-americana\\\/#breadcrumb\",\"itemListElement\":[{\"@type\":\"ListItem\",\"position\":1,\"name\":\"Inicio\",\"item\":\"https:\\\/\\\/www.tressis.com\\\/ca\\\/\"},{\"@type\":\"ListItem\",\"position\":2,\"name\":\"Boris Johnson, dispuesto a hacerle sombra a la campa\u00f1a presidencial americana\"}]},{\"@type\":\"WebSite\",\"@id\":\"https:\\\/\\\/www.tressis.com\\\/ca\\\/#website\",\"url\":\"https:\\\/\\\/www.tressis.com\\\/ca\\\/\",\"name\":\"Tressis banca privada\",\"description\":\"Tressis | Planificaci\u00f3n financiera y gesti\u00f3n de patrimonios\",\"publisher\":{\"@id\":\"https:\\\/\\\/www.tressis.com\\\/ca\\\/#organization\"},\"potentialAction\":[{\"@type\":\"SearchAction\",\"target\":{\"@type\":\"EntryPoint\",\"urlTemplate\":\"https:\\\/\\\/www.tressis.com\\\/ca\\\/?s={search_term_string}\"},\"query-input\":{\"@type\":\"PropertyValueSpecification\",\"valueRequired\":true,\"valueName\":\"search_term_string\"}}],\"inLanguage\":\"ca\"},{\"@type\":\"Organization\",\"@id\":\"https:\\\/\\\/www.tressis.com\\\/ca\\\/#organization\",\"name\":\"Tressis\",\"url\":\"https:\\\/\\\/www.tressis.com\\\/ca\\\/\",\"logo\":{\"@type\":\"ImageObject\",\"inLanguage\":\"ca\",\"@id\":\"https:\\\/\\\/www.tressis.com\\\/ca\\\/#\\\/schema\\\/logo\\\/image\\\/\",\"url\":\"https:\\\/\\\/www.tressis.com\\\/wp-content\\\/uploads\\\/2025\\\/06\\\/logo-tressis-112.png\",\"contentUrl\":\"https:\\\/\\\/www.tressis.com\\\/wp-content\\\/uploads\\\/2025\\\/06\\\/logo-tressis-112.png\",\"width\":112,\"height\":112,\"caption\":\"Tressis\"},\"image\":{\"@id\":\"https:\\\/\\\/www.tressis.com\\\/ca\\\/#\\\/schema\\\/logo\\\/image\\\/\"},\"sameAs\":[\"https:\\\/\\\/www.facebook.com\\\/Tressis\\\/\",\"https:\\\/\\\/x.com\\\/TressisSV\",\"https:\\\/\\\/www.instagram.com\\\/tressissv\\\/?hl=es\",\"https:\\\/\\\/linkedin.com\\\/company\\\/tressis\\\/\",\"https:\\\/\\\/www.youtube.com\\\/user\\\/tressissv\",\"https:\\\/\\\/open.spotify.com\\\/show\\\/3jmTe1Nf0wqMILl7diWV6h?si=d7112519f13c4593&nd=1\"]},{\"@type\":\"Person\",\"@id\":\"https:\\\/\\\/www.tressis.com\\\/ca\\\/#\\\/schema\\\/person\\\/b833c1d724d8764920b6d6852c70584e\",\"name\":\"Lola\",\"image\":{\"@type\":\"ImageObject\",\"inLanguage\":\"ca\",\"@id\":\"https:\\\/\\\/secure.gravatar.com\\\/avatar\\\/05e646486b23ff45df9649110609c7e31b8c4a3e2821caa23d6317f405e0c51d?s=96&d=mm&r=g\",\"url\":\"https:\\\/\\\/secure.gravatar.com\\\/avatar\\\/05e646486b23ff45df9649110609c7e31b8c4a3e2821caa23d6317f405e0c51d?s=96&d=mm&r=g\",\"contentUrl\":\"https:\\\/\\\/secure.gravatar.com\\\/avatar\\\/05e646486b23ff45df9649110609c7e31b8c4a3e2821caa23d6317f405e0c51d?s=96&d=mm&r=g\",\"caption\":\"Lola\"}}]}<\/script>\n<!-- \/ Yoast SEO plugin. -->","yoast_head_json":{"title":"Boris Johnson, dispuesto a hacerle sombra a la campa\u00f1a presidencial americana","description":"Boris Johnson est\u00e1 dispuesto a hacerle sombra a la campa\u00f1a presidencial americana. Veremos c\u00f3mo acaba este tema, pero promete curvas, pues la posibilidad de un brexit duro debe ser considerada cada vez m\u00e1s, sobre todo si en octubre no hay un texto de acuerdo muy encaminado.","robots":{"index":"index","follow":"follow","max-snippet":"max-snippet:-1","max-image-preview":"max-image-preview:large","max-video-preview":"max-video-preview:-1"},"canonical":"https:\/\/www.tressis.com\/ca\/blog\/boris-johnson-dispuesto-a-hacerle-sombra-a-la-campana-presidencial-americana\/","og_locale":"ca_ES","og_type":"article","og_title":"Boris Johnson, dispuesto a hacerle sombra a la campa\u00f1a presidencial americana","og_description":"Boris Johnson est\u00e1 dispuesto a hacerle sombra a la campa\u00f1a presidencial americana. Veremos c\u00f3mo acaba este tema, pero promete curvas, pues la posibilidad de un brexit duro debe ser considerada cada vez m\u00e1s, sobre todo si en octubre no hay un texto de acuerdo muy encaminado.","og_url":"https:\/\/www.tressis.com\/ca\/blog\/boris-johnson-dispuesto-a-hacerle-sombra-a-la-campana-presidencial-americana\/","og_site_name":"Tressis","article_publisher":"https:\/\/www.facebook.com\/Tressis\/","article_published_time":"2020-09-08T08:54:48+00:00","og_image":[{"width":1100,"height":487,"url":"https:\/\/www.tressis.com\/wp-content\/uploads\/2020\/09\/20200908-mmv.jpg","type":"image\/jpeg"}],"author":"Lola","twitter_card":"summary_large_image","twitter_creator":"@TressisSV","twitter_site":"@TressisSV","twitter_misc":{"Escrit per":"Lola","Temps estimat de lectura":"1 minut"},"schema":{"@context":"https:\/\/schema.org","@graph":[{"@type":"Article","@id":"https:\/\/www.tressis.com\/ca\/blog\/boris-johnson-dispuesto-a-hacerle-sombra-a-la-campana-presidencial-americana\/#article","isPartOf":{"@id":"https:\/\/www.tressis.com\/ca\/blog\/boris-johnson-dispuesto-a-hacerle-sombra-a-la-campana-presidencial-americana\/"},"author":{"name":"Lola","@id":"https:\/\/www.tressis.com\/ca\/#\/schema\/person\/b833c1d724d8764920b6d6852c70584e"},"headline":"Boris Johnson, dispuesto a hacerle sombra a la campa\u00f1a presidencial americana","datePublished":"2020-09-08T08:54:48+00:00","mainEntityOfPage":{"@id":"https:\/\/www.tressis.com\/ca\/blog\/boris-johnson-dispuesto-a-hacerle-sombra-a-la-campana-presidencial-americana\/"},"wordCount":300,"commentCount":0,"publisher":{"@id":"https:\/\/www.tressis.com\/ca\/#organization"},"image":{"@id":"https:\/\/www.tressis.com\/ca\/blog\/boris-johnson-dispuesto-a-hacerle-sombra-a-la-campana-presidencial-americana\/#primaryimage"},"thumbnailUrl":"https:\/\/www.tressis.com\/wp-content\/uploads\/2020\/09\/20200908-mmv.jpg","articleSection":["Morning meeting"],"inLanguage":"ca","potentialAction":[{"@type":"CommentAction","name":"Comment","target":["https:\/\/www.tressis.com\/ca\/blog\/boris-johnson-dispuesto-a-hacerle-sombra-a-la-campana-presidencial-americana\/#respond"]}]},{"@type":"WebPage","@id":"https:\/\/www.tressis.com\/ca\/blog\/boris-johnson-dispuesto-a-hacerle-sombra-a-la-campana-presidencial-americana\/","url":"https:\/\/www.tressis.com\/ca\/blog\/boris-johnson-dispuesto-a-hacerle-sombra-a-la-campana-presidencial-americana\/","name":"Boris Johnson, dispuesto a hacerle sombra a la campa\u00f1a presidencial americana","isPartOf":{"@id":"https:\/\/www.tressis.com\/ca\/#website"},"primaryImageOfPage":{"@id":"https:\/\/www.tressis.com\/ca\/blog\/boris-johnson-dispuesto-a-hacerle-sombra-a-la-campana-presidencial-americana\/#primaryimage"},"image":{"@id":"https:\/\/www.tressis.com\/ca\/blog\/boris-johnson-dispuesto-a-hacerle-sombra-a-la-campana-presidencial-americana\/#primaryimage"},"thumbnailUrl":"https:\/\/www.tressis.com\/wp-content\/uploads\/2020\/09\/20200908-mmv.jpg","datePublished":"2020-09-08T08:54:48+00:00","description":"Boris Johnson est\u00e1 dispuesto a hacerle sombra a la campa\u00f1a presidencial americana. Veremos c\u00f3mo acaba este tema, pero promete curvas, pues la posibilidad de un brexit duro debe ser considerada cada vez m\u00e1s, sobre todo si en octubre no hay un texto de acuerdo muy encaminado.","breadcrumb":{"@id":"https:\/\/www.tressis.com\/ca\/blog\/boris-johnson-dispuesto-a-hacerle-sombra-a-la-campana-presidencial-americana\/#breadcrumb"},"inLanguage":"ca","potentialAction":[{"@type":"ReadAction","target":["https:\/\/www.tressis.com\/ca\/blog\/boris-johnson-dispuesto-a-hacerle-sombra-a-la-campana-presidencial-americana\/"]}]},{"@type":"ImageObject","inLanguage":"ca","@id":"https:\/\/www.tressis.com\/ca\/blog\/boris-johnson-dispuesto-a-hacerle-sombra-a-la-campana-presidencial-americana\/#primaryimage","url":"https:\/\/www.tressis.com\/wp-content\/uploads\/2020\/09\/20200908-mmv.jpg","contentUrl":"https:\/\/www.tressis.com\/wp-content\/uploads\/2020\/09\/20200908-mmv.jpg","width":1100,"height":487},{"@type":"BreadcrumbList","@id":"https:\/\/www.tressis.com\/ca\/blog\/boris-johnson-dispuesto-a-hacerle-sombra-a-la-campana-presidencial-americana\/#breadcrumb","itemListElement":[{"@type":"ListItem","position":1,"name":"Inicio","item":"https:\/\/www.tressis.com\/ca\/"},{"@type":"ListItem","position":2,"name":"Boris Johnson, dispuesto a hacerle sombra a la campa\u00f1a presidencial americana"}]},{"@type":"WebSite","@id":"https:\/\/www.tressis.com\/ca\/#website","url":"https:\/\/www.tressis.com\/ca\/","name":"Tressis banca privada","description":"Tressis | Planificaci\u00f3n financiera y gesti\u00f3n de patrimonios","publisher":{"@id":"https:\/\/www.tressis.com\/ca\/#organization"},"potentialAction":[{"@type":"SearchAction","target":{"@type":"EntryPoint","urlTemplate":"https:\/\/www.tressis.com\/ca\/?s={search_term_string}"},"query-input":{"@type":"PropertyValueSpecification","valueRequired":true,"valueName":"search_term_string"}}],"inLanguage":"ca"},{"@type":"Organization","@id":"https:\/\/www.tressis.com\/ca\/#organization","name":"Tressis","url":"https:\/\/www.tressis.com\/ca\/","logo":{"@type":"ImageObject","inLanguage":"ca","@id":"https:\/\/www.tressis.com\/ca\/#\/schema\/logo\/image\/","url":"https:\/\/www.tressis.com\/wp-content\/uploads\/2025\/06\/logo-tressis-112.png","contentUrl":"https:\/\/www.tressis.com\/wp-content\/uploads\/2025\/06\/logo-tressis-112.png","width":112,"height":112,"caption":"Tressis"},"image":{"@id":"https:\/\/www.tressis.com\/ca\/#\/schema\/logo\/image\/"},"sameAs":["https:\/\/www.facebook.com\/Tressis\/","https:\/\/x.com\/TressisSV","https:\/\/www.instagram.com\/tressissv\/?hl=es","https:\/\/linkedin.com\/company\/tressis\/","https:\/\/www.youtube.com\/user\/tressissv","https:\/\/open.spotify.com\/show\/3jmTe1Nf0wqMILl7diWV6h?si=d7112519f13c4593&nd=1"]},{"@type":"Person","@id":"https:\/\/www.tressis.com\/ca\/#\/schema\/person\/b833c1d724d8764920b6d6852c70584e","name":"Lola","image":{"@type":"ImageObject","inLanguage":"ca","@id":"https:\/\/secure.gravatar.com\/avatar\/05e646486b23ff45df9649110609c7e31b8c4a3e2821caa23d6317f405e0c51d?s=96&d=mm&r=g","url":"https:\/\/secure.gravatar.com\/avatar\/05e646486b23ff45df9649110609c7e31b8c4a3e2821caa23d6317f405e0c51d?s=96&d=mm&r=g","contentUrl":"https:\/\/secure.gravatar.com\/avatar\/05e646486b23ff45df9649110609c7e31b8c4a3e2821caa23d6317f405e0c51d?s=96&d=mm&r=g","caption":"Lola"}}]}},"_links":{"self":[{"href":"https:\/\/www.tressis.com\/ca\/wp-json\/wp\/v2\/posts\/34880","targetHints":{"allow":["GET"]}}],"collection":[{"href":"https:\/\/www.tressis.com\/ca\/wp-json\/wp\/v2\/posts"}],"about":[{"href":"https:\/\/www.tressis.com\/ca\/wp-json\/wp\/v2\/types\/post"}],"author":[{"embeddable":true,"href":"https:\/\/www.tressis.com\/ca\/wp-json\/wp\/v2\/users\/4"}],"replies":[{"embeddable":true,"href":"https:\/\/www.tressis.com\/ca\/wp-json\/wp\/v2\/comments?post=34880"}],"version-history":[{"count":0,"href":"https:\/\/www.tressis.com\/ca\/wp-json\/wp\/v2\/posts\/34880\/revisions"}],"wp:featuredmedia":[{"embeddable":true,"href":"https:\/\/www.tressis.com\/ca\/wp-json\/wp\/v2\/media\/34884"}],"wp:attachment":[{"href":"https:\/\/www.tressis.com\/ca\/wp-json\/wp\/v2\/media?parent=34880"}],"wp:term":[{"taxonomy":"category","embeddable":true,"href":"https:\/\/www.tressis.com\/ca\/wp-json\/wp\/v2\/categories?post=34880"},{"taxonomy":"post_tag","embeddable":true,"href":"https:\/\/www.tressis.com\/ca\/wp-json\/wp\/v2\/tags?post=34880"}],"curies":[{"name":"wp","href":"https:\/\/api.w.org\/{rel}","templated":true}]}}