{"id":34873,"date":"2020-09-04T10:46:09","date_gmt":"2020-09-04T08:46:09","guid":{"rendered":"http:\/\/www.tressis.com\/blog\/?p=34873"},"modified":"2020-09-04T10:46:09","modified_gmt":"2020-09-04T08:46:09","slug":"posible-fusion-bankia-y-caixabank","status":"publish","type":"post","link":"https:\/\/www.tressis.com\/ca\/blog\/posible-fusion-bankia-y-caixabank\/","title":{"rendered":"Posible fusi\u00f3n Bankia y Caixabank"},"content":{"rendered":"<p>Las fuertes ca\u00eddas del sector tecnol\u00f3gico lastraban el comportamiento de los principales \u00edndices y serv\u00edan para que los bonos volvieran a actuar como refugio.<!--more--><\/p>\n<p>La renta variable estadounidense cay\u00f3 bruscamente impulsada por las ventas en las grandes empresas tecnol\u00f3gicas que han llevado el mercado a un nivel m\u00e1s alto en los \u00faltimos meses. Los comunicados de datos econ\u00f3micos fueron mixtos, mientras que los inversores se mantienen a la espera del informe de empleo del d\u00eda de hoy y despu\u00e9s de que las reclamaciones semanales de desempleo cayeran m\u00e1s de lo esperado, principalmente debido a un cambio de metodolog\u00eda en el ajuste estacional. Por su parte, el \u00edndice de servicios de ISM no cumpli\u00f3 las expectativas. El S&amp;P 500 disminuy\u00f3 un 3,5%, mientras que el Nasdaq cay\u00f3 cerca del 5%. En este contexto de correcciones, los bonos gubernamentales volv\u00edan a recibir dinero y fue el \u00fanico activo que actuaba como refugio.<\/p>\n<p>En Europa, ayer conoc\u00edamos unos datos de PMI peores que los anteriores pero que dejan abierta la puerta a que la recuperaci\u00f3n contin\u00fae durante el oto\u00f1o. Sin embargo, la p\u00e9rdida de impulso de la reactivaci\u00f3n y la incertidumbre sobre el futuro llev\u00f3 a las empresas a acometer una nueva ronda de recortes en sus plantillas, extendiendo el per\u00edodo actual de contracci\u00f3n del empleo a seis meses. Todos los pa\u00edses cubiertos por el estudio registraron una ca\u00edda de la contrataci\u00f3n, con Espa\u00f1a a la cabeza, seguida de Francia y Alemania. Adem\u00e1s, en nuestro caso, el dato de crecimiento de agosto no era tan positivo, ya que seg\u00fan el economista jefe de IHS Markit, consultora encargada de elaborar este indicador adelantado, &#8220;los datos del sector servicios de agosto destrozar\u00e1n las esperanzas de quienes desean ver una recuperaci\u00f3n en forma de V en la econom\u00eda del sector servicios de Espa\u00f1a&#8221;. Al menos, los \u00edndices se salvaban de las fuertes ca\u00eddas de los mercados norteamericanos y han amanecido hoy con la posibilidad de que por fin alg\u00fan banco cumpla con los deseos del BCE de una mayor integraci\u00f3n.<\/p>\n<p>Y es precisamente esa noticia (posible fusi\u00f3n Bankia y Caixabank) la que abre los titulares de toda la prensa digital nacional. La envergadura de la operaci\u00f3n, no solo por el tama\u00f1o (dar\u00eda lugar al mayor banco de Espa\u00f1a por volumen de activos), sino tambi\u00e9n por los accionistas de los diferentes bancos, nos hace pensar que estamos al inicio de una dura lucha que ya veremos c\u00f3mo queda. Recordemos que el PNV quer\u00eda aprovechar la posible fusi\u00f3n del banco rescatado con BBVA para que los empresarios vascos recuperaran el poder dentro del banco azul y que Podemos prefer\u00eda que las antiguas cajas de ahorro recuperaran su antiguo estatus de instituciones de cr\u00e9dito sin \u00e1nimo de lucro y con finalidad social. Pero m\u00e1s all\u00e1 del politiqueo de turno, la noticia podr\u00eda considerarse positiva para un sector que se encuentra en una situaci\u00f3n delicad\u00edsima por las perspectivas de tipos bajos a largu\u00edsimo plazo y la posibilidad de que la mora empiece a subir con el transcurso de la crisis econ\u00f3mica en la que nos vamos adentrando poco a poco. Este tipo de operaciones podr\u00eda generar unas importantes sinergias e incrementar la rentabilidad de las compa\u00f1\u00edas financieras.<\/p>\n<p>Durante el d\u00eda de hoy, los inversores estaremos especialmente atentos a los datos de empleo americanos de agosto, los cuales han cobrado especial importancia tras el cambio en la pol\u00edtica de la Reserva Federal.<\/p>\n<p>Buen d\u00eda.<\/p>\n<p><center><strong>Jorge Gonz\u00e1lez G\u00f3mez<\/strong><br \/>\nDirector de An\u00e1lisis<\/center><\/p>\n","protected":false},"excerpt":{"rendered":"<p>Las fuertes ca\u00eddas del sector tecnol\u00f3gico lastraban el comportamiento de los principales \u00edndices y serv\u00edan para que los bonos volvieran a actuar como refugio.<\/p>\n","protected":false},"author":4,"featured_media":34874,"comment_status":"open","ping_status":"closed","sticky":false,"template":"","format":"standard","meta":{"_acf_changed":false,"footnotes":""},"categories":[9721],"tags":[],"class_list":["post-34873","post","type-post","status-publish","format-standard","has-post-thumbnail","hentry","category-morning-meeting"],"acf":[],"yoast_head":"<!-- This site is optimized with the Yoast SEO plugin v27.5 - https:\/\/yoast.com\/product\/yoast-seo-wordpress\/ -->\n<title>Posible fusi\u00f3n Bankia y Caixabank<\/title>\n<meta name=\"description\" content=\"Y es precisamente esa noticia (posible fusi\u00f3n Bankia y Caixabank) la que abre los titulares de toda la prensa digital nacional. La envergadura de la operaci\u00f3n, no solo por el tama\u00f1o (dar\u00eda lugar al mayor banco de Espa\u00f1a por volumen de activos), sino tambi\u00e9n por los accionistas de los diferentes bancos, nos hace pensar que estamos al inicio de una dura lucha que ya veremos como queda.\" \/>\n<meta name=\"robots\" content=\"index, follow, max-snippet:-1, max-image-preview:large, max-video-preview:-1\" \/>\n<link rel=\"canonical\" href=\"https:\/\/www.tressis.com\/ca\/blog\/posible-fusion-bankia-y-caixabank\/\" \/>\n<meta property=\"og:locale\" content=\"ca_ES\" \/>\n<meta property=\"og:type\" content=\"article\" \/>\n<meta property=\"og:title\" content=\"Posible fusi\u00f3n Bankia y Caixabank\" \/>\n<meta property=\"og:description\" content=\"Y es precisamente esa noticia (posible fusi\u00f3n Bankia y Caixabank) la que abre los titulares de toda la prensa digital nacional. La envergadura de la operaci\u00f3n, no solo por el tama\u00f1o (dar\u00eda lugar al mayor banco de Espa\u00f1a por volumen de activos), sino tambi\u00e9n por los accionistas de los diferentes bancos, nos hace pensar que estamos al inicio de una dura lucha que ya veremos como queda.\" \/>\n<meta property=\"og:url\" content=\"https:\/\/www.tressis.com\/ca\/blog\/posible-fusion-bankia-y-caixabank\/\" \/>\n<meta property=\"og:site_name\" content=\"Tressis\" \/>\n<meta property=\"article:publisher\" content=\"https:\/\/www.facebook.com\/Tressis\/\" \/>\n<meta property=\"article:published_time\" content=\"2020-09-04T08:46:09+00:00\" \/>\n<meta property=\"og:image\" content=\"https:\/\/www.tressis.com\/wp-content\/uploads\/2020\/09\/20200904-bankia-caixabank.jpg\" \/>\n\t<meta property=\"og:image:width\" content=\"1100\" \/>\n\t<meta property=\"og:image:height\" content=\"487\" \/>\n\t<meta property=\"og:image:type\" content=\"image\/jpeg\" \/>\n<meta name=\"author\" content=\"Lola\" \/>\n<meta name=\"twitter:card\" content=\"summary_large_image\" \/>\n<meta name=\"twitter:creator\" content=\"@TressisSV\" \/>\n<meta name=\"twitter:site\" content=\"@TressisSV\" \/>\n<meta name=\"twitter:label1\" content=\"Escrit per\" \/>\n\t<meta name=\"twitter:data1\" content=\"Lola\" \/>\n\t<meta name=\"twitter:label2\" content=\"Temps estimat de lectura\" \/>\n\t<meta name=\"twitter:data2\" content=\"3 minuts\" \/>\n<script type=\"application\/ld+json\" class=\"yoast-schema-graph\">{\"@context\":\"https:\\\/\\\/schema.org\",\"@graph\":[{\"@type\":\"Article\",\"@id\":\"https:\\\/\\\/www.tressis.com\\\/ca\\\/blog\\\/posible-fusion-bankia-y-caixabank\\\/#article\",\"isPartOf\":{\"@id\":\"https:\\\/\\\/www.tressis.com\\\/ca\\\/blog\\\/posible-fusion-bankia-y-caixabank\\\/\"},\"author\":{\"name\":\"Lola\",\"@id\":\"https:\\\/\\\/www.tressis.com\\\/ca\\\/#\\\/schema\\\/person\\\/b833c1d724d8764920b6d6852c70584e\"},\"headline\":\"Posible fusi\u00f3n Bankia y Caixabank\",\"datePublished\":\"2020-09-04T08:46:09+00:00\",\"mainEntityOfPage\":{\"@id\":\"https:\\\/\\\/www.tressis.com\\\/ca\\\/blog\\\/posible-fusion-bankia-y-caixabank\\\/\"},\"wordCount\":631,\"commentCount\":0,\"publisher\":{\"@id\":\"https:\\\/\\\/www.tressis.com\\\/ca\\\/#organization\"},\"image\":{\"@id\":\"https:\\\/\\\/www.tressis.com\\\/ca\\\/blog\\\/posible-fusion-bankia-y-caixabank\\\/#primaryimage\"},\"thumbnailUrl\":\"https:\\\/\\\/www.tressis.com\\\/wp-content\\\/uploads\\\/2020\\\/09\\\/20200904-bankia-caixabank.jpg\",\"articleSection\":[\"Morning meeting\"],\"inLanguage\":\"ca\",\"potentialAction\":[{\"@type\":\"CommentAction\",\"name\":\"Comment\",\"target\":[\"https:\\\/\\\/www.tressis.com\\\/ca\\\/blog\\\/posible-fusion-bankia-y-caixabank\\\/#respond\"]}]},{\"@type\":\"WebPage\",\"@id\":\"https:\\\/\\\/www.tressis.com\\\/ca\\\/blog\\\/posible-fusion-bankia-y-caixabank\\\/\",\"url\":\"https:\\\/\\\/www.tressis.com\\\/ca\\\/blog\\\/posible-fusion-bankia-y-caixabank\\\/\",\"name\":\"Posible fusi\u00f3n Bankia y Caixabank\",\"isPartOf\":{\"@id\":\"https:\\\/\\\/www.tressis.com\\\/ca\\\/#website\"},\"primaryImageOfPage\":{\"@id\":\"https:\\\/\\\/www.tressis.com\\\/ca\\\/blog\\\/posible-fusion-bankia-y-caixabank\\\/#primaryimage\"},\"image\":{\"@id\":\"https:\\\/\\\/www.tressis.com\\\/ca\\\/blog\\\/posible-fusion-bankia-y-caixabank\\\/#primaryimage\"},\"thumbnailUrl\":\"https:\\\/\\\/www.tressis.com\\\/wp-content\\\/uploads\\\/2020\\\/09\\\/20200904-bankia-caixabank.jpg\",\"datePublished\":\"2020-09-04T08:46:09+00:00\",\"description\":\"Y es precisamente esa noticia (posible fusi\u00f3n Bankia y Caixabank) la que abre los titulares de toda la prensa digital nacional. La envergadura de la operaci\u00f3n, no solo por el tama\u00f1o (dar\u00eda lugar al mayor banco de Espa\u00f1a por volumen de activos), sino tambi\u00e9n por los accionistas de los diferentes bancos, nos hace pensar que estamos al inicio de una dura lucha que ya veremos como queda.\",\"breadcrumb\":{\"@id\":\"https:\\\/\\\/www.tressis.com\\\/ca\\\/blog\\\/posible-fusion-bankia-y-caixabank\\\/#breadcrumb\"},\"inLanguage\":\"ca\",\"potentialAction\":[{\"@type\":\"ReadAction\",\"target\":[\"https:\\\/\\\/www.tressis.com\\\/ca\\\/blog\\\/posible-fusion-bankia-y-caixabank\\\/\"]}]},{\"@type\":\"ImageObject\",\"inLanguage\":\"ca\",\"@id\":\"https:\\\/\\\/www.tressis.com\\\/ca\\\/blog\\\/posible-fusion-bankia-y-caixabank\\\/#primaryimage\",\"url\":\"https:\\\/\\\/www.tressis.com\\\/wp-content\\\/uploads\\\/2020\\\/09\\\/20200904-bankia-caixabank.jpg\",\"contentUrl\":\"https:\\\/\\\/www.tressis.com\\\/wp-content\\\/uploads\\\/2020\\\/09\\\/20200904-bankia-caixabank.jpg\",\"width\":1100,\"height\":487},{\"@type\":\"BreadcrumbList\",\"@id\":\"https:\\\/\\\/www.tressis.com\\\/ca\\\/blog\\\/posible-fusion-bankia-y-caixabank\\\/#breadcrumb\",\"itemListElement\":[{\"@type\":\"ListItem\",\"position\":1,\"name\":\"Inicio\",\"item\":\"https:\\\/\\\/www.tressis.com\\\/ca\\\/\"},{\"@type\":\"ListItem\",\"position\":2,\"name\":\"Posible fusi\u00f3n Bankia y Caixabank\"}]},{\"@type\":\"WebSite\",\"@id\":\"https:\\\/\\\/www.tressis.com\\\/ca\\\/#website\",\"url\":\"https:\\\/\\\/www.tressis.com\\\/ca\\\/\",\"name\":\"Tressis banca privada\",\"description\":\"Tressis | Planificaci\u00f3n financiera y gesti\u00f3n de patrimonios\",\"publisher\":{\"@id\":\"https:\\\/\\\/www.tressis.com\\\/ca\\\/#organization\"},\"potentialAction\":[{\"@type\":\"SearchAction\",\"target\":{\"@type\":\"EntryPoint\",\"urlTemplate\":\"https:\\\/\\\/www.tressis.com\\\/ca\\\/?s={search_term_string}\"},\"query-input\":{\"@type\":\"PropertyValueSpecification\",\"valueRequired\":true,\"valueName\":\"search_term_string\"}}],\"inLanguage\":\"ca\"},{\"@type\":\"Organization\",\"@id\":\"https:\\\/\\\/www.tressis.com\\\/ca\\\/#organization\",\"name\":\"Tressis\",\"url\":\"https:\\\/\\\/www.tressis.com\\\/ca\\\/\",\"logo\":{\"@type\":\"ImageObject\",\"inLanguage\":\"ca\",\"@id\":\"https:\\\/\\\/www.tressis.com\\\/ca\\\/#\\\/schema\\\/logo\\\/image\\\/\",\"url\":\"https:\\\/\\\/www.tressis.com\\\/wp-content\\\/uploads\\\/2025\\\/06\\\/logo-tressis-112.png\",\"contentUrl\":\"https:\\\/\\\/www.tressis.com\\\/wp-content\\\/uploads\\\/2025\\\/06\\\/logo-tressis-112.png\",\"width\":112,\"height\":112,\"caption\":\"Tressis\"},\"image\":{\"@id\":\"https:\\\/\\\/www.tressis.com\\\/ca\\\/#\\\/schema\\\/logo\\\/image\\\/\"},\"sameAs\":[\"https:\\\/\\\/www.facebook.com\\\/Tressis\\\/\",\"https:\\\/\\\/x.com\\\/TressisSV\",\"https:\\\/\\\/www.instagram.com\\\/tressissv\\\/?hl=es\",\"https:\\\/\\\/linkedin.com\\\/company\\\/tressis\\\/\",\"https:\\\/\\\/www.youtube.com\\\/user\\\/tressissv\",\"https:\\\/\\\/open.spotify.com\\\/show\\\/3jmTe1Nf0wqMILl7diWV6h?si=d7112519f13c4593&nd=1\"]},{\"@type\":\"Person\",\"@id\":\"https:\\\/\\\/www.tressis.com\\\/ca\\\/#\\\/schema\\\/person\\\/b833c1d724d8764920b6d6852c70584e\",\"name\":\"Lola\",\"image\":{\"@type\":\"ImageObject\",\"inLanguage\":\"ca\",\"@id\":\"https:\\\/\\\/secure.gravatar.com\\\/avatar\\\/05e646486b23ff45df9649110609c7e31b8c4a3e2821caa23d6317f405e0c51d?s=96&d=mm&r=g\",\"url\":\"https:\\\/\\\/secure.gravatar.com\\\/avatar\\\/05e646486b23ff45df9649110609c7e31b8c4a3e2821caa23d6317f405e0c51d?s=96&d=mm&r=g\",\"contentUrl\":\"https:\\\/\\\/secure.gravatar.com\\\/avatar\\\/05e646486b23ff45df9649110609c7e31b8c4a3e2821caa23d6317f405e0c51d?s=96&d=mm&r=g\",\"caption\":\"Lola\"}}]}<\/script>\n<!-- \/ Yoast SEO plugin. -->","yoast_head_json":{"title":"Posible fusi\u00f3n Bankia y Caixabank","description":"Y es precisamente esa noticia (posible fusi\u00f3n Bankia y Caixabank) la que abre los titulares de toda la prensa digital nacional. La envergadura de la operaci\u00f3n, no solo por el tama\u00f1o (dar\u00eda lugar al mayor banco de Espa\u00f1a por volumen de activos), sino tambi\u00e9n por los accionistas de los diferentes bancos, nos hace pensar que estamos al inicio de una dura lucha que ya veremos como queda.","robots":{"index":"index","follow":"follow","max-snippet":"max-snippet:-1","max-image-preview":"max-image-preview:large","max-video-preview":"max-video-preview:-1"},"canonical":"https:\/\/www.tressis.com\/ca\/blog\/posible-fusion-bankia-y-caixabank\/","og_locale":"ca_ES","og_type":"article","og_title":"Posible fusi\u00f3n Bankia y Caixabank","og_description":"Y es precisamente esa noticia (posible fusi\u00f3n Bankia y Caixabank) la que abre los titulares de toda la prensa digital nacional. La envergadura de la operaci\u00f3n, no solo por el tama\u00f1o (dar\u00eda lugar al mayor banco de Espa\u00f1a por volumen de activos), sino tambi\u00e9n por los accionistas de los diferentes bancos, nos hace pensar que estamos al inicio de una dura lucha que ya veremos como queda.","og_url":"https:\/\/www.tressis.com\/ca\/blog\/posible-fusion-bankia-y-caixabank\/","og_site_name":"Tressis","article_publisher":"https:\/\/www.facebook.com\/Tressis\/","article_published_time":"2020-09-04T08:46:09+00:00","og_image":[{"width":1100,"height":487,"url":"https:\/\/www.tressis.com\/wp-content\/uploads\/2020\/09\/20200904-bankia-caixabank.jpg","type":"image\/jpeg"}],"author":"Lola","twitter_card":"summary_large_image","twitter_creator":"@TressisSV","twitter_site":"@TressisSV","twitter_misc":{"Escrit per":"Lola","Temps estimat de lectura":"3 minuts"},"schema":{"@context":"https:\/\/schema.org","@graph":[{"@type":"Article","@id":"https:\/\/www.tressis.com\/ca\/blog\/posible-fusion-bankia-y-caixabank\/#article","isPartOf":{"@id":"https:\/\/www.tressis.com\/ca\/blog\/posible-fusion-bankia-y-caixabank\/"},"author":{"name":"Lola","@id":"https:\/\/www.tressis.com\/ca\/#\/schema\/person\/b833c1d724d8764920b6d6852c70584e"},"headline":"Posible fusi\u00f3n Bankia y Caixabank","datePublished":"2020-09-04T08:46:09+00:00","mainEntityOfPage":{"@id":"https:\/\/www.tressis.com\/ca\/blog\/posible-fusion-bankia-y-caixabank\/"},"wordCount":631,"commentCount":0,"publisher":{"@id":"https:\/\/www.tressis.com\/ca\/#organization"},"image":{"@id":"https:\/\/www.tressis.com\/ca\/blog\/posible-fusion-bankia-y-caixabank\/#primaryimage"},"thumbnailUrl":"https:\/\/www.tressis.com\/wp-content\/uploads\/2020\/09\/20200904-bankia-caixabank.jpg","articleSection":["Morning meeting"],"inLanguage":"ca","potentialAction":[{"@type":"CommentAction","name":"Comment","target":["https:\/\/www.tressis.com\/ca\/blog\/posible-fusion-bankia-y-caixabank\/#respond"]}]},{"@type":"WebPage","@id":"https:\/\/www.tressis.com\/ca\/blog\/posible-fusion-bankia-y-caixabank\/","url":"https:\/\/www.tressis.com\/ca\/blog\/posible-fusion-bankia-y-caixabank\/","name":"Posible fusi\u00f3n Bankia y Caixabank","isPartOf":{"@id":"https:\/\/www.tressis.com\/ca\/#website"},"primaryImageOfPage":{"@id":"https:\/\/www.tressis.com\/ca\/blog\/posible-fusion-bankia-y-caixabank\/#primaryimage"},"image":{"@id":"https:\/\/www.tressis.com\/ca\/blog\/posible-fusion-bankia-y-caixabank\/#primaryimage"},"thumbnailUrl":"https:\/\/www.tressis.com\/wp-content\/uploads\/2020\/09\/20200904-bankia-caixabank.jpg","datePublished":"2020-09-04T08:46:09+00:00","description":"Y es precisamente esa noticia (posible fusi\u00f3n Bankia y Caixabank) la que abre los titulares de toda la prensa digital nacional. La envergadura de la operaci\u00f3n, no solo por el tama\u00f1o (dar\u00eda lugar al mayor banco de Espa\u00f1a por volumen de activos), sino tambi\u00e9n por los accionistas de los diferentes bancos, nos hace pensar que estamos al inicio de una dura lucha que ya veremos como queda.","breadcrumb":{"@id":"https:\/\/www.tressis.com\/ca\/blog\/posible-fusion-bankia-y-caixabank\/#breadcrumb"},"inLanguage":"ca","potentialAction":[{"@type":"ReadAction","target":["https:\/\/www.tressis.com\/ca\/blog\/posible-fusion-bankia-y-caixabank\/"]}]},{"@type":"ImageObject","inLanguage":"ca","@id":"https:\/\/www.tressis.com\/ca\/blog\/posible-fusion-bankia-y-caixabank\/#primaryimage","url":"https:\/\/www.tressis.com\/wp-content\/uploads\/2020\/09\/20200904-bankia-caixabank.jpg","contentUrl":"https:\/\/www.tressis.com\/wp-content\/uploads\/2020\/09\/20200904-bankia-caixabank.jpg","width":1100,"height":487},{"@type":"BreadcrumbList","@id":"https:\/\/www.tressis.com\/ca\/blog\/posible-fusion-bankia-y-caixabank\/#breadcrumb","itemListElement":[{"@type":"ListItem","position":1,"name":"Inicio","item":"https:\/\/www.tressis.com\/ca\/"},{"@type":"ListItem","position":2,"name":"Posible fusi\u00f3n Bankia y Caixabank"}]},{"@type":"WebSite","@id":"https:\/\/www.tressis.com\/ca\/#website","url":"https:\/\/www.tressis.com\/ca\/","name":"Tressis banca privada","description":"Tressis | Planificaci\u00f3n financiera y gesti\u00f3n de patrimonios","publisher":{"@id":"https:\/\/www.tressis.com\/ca\/#organization"},"potentialAction":[{"@type":"SearchAction","target":{"@type":"EntryPoint","urlTemplate":"https:\/\/www.tressis.com\/ca\/?s={search_term_string}"},"query-input":{"@type":"PropertyValueSpecification","valueRequired":true,"valueName":"search_term_string"}}],"inLanguage":"ca"},{"@type":"Organization","@id":"https:\/\/www.tressis.com\/ca\/#organization","name":"Tressis","url":"https:\/\/www.tressis.com\/ca\/","logo":{"@type":"ImageObject","inLanguage":"ca","@id":"https:\/\/www.tressis.com\/ca\/#\/schema\/logo\/image\/","url":"https:\/\/www.tressis.com\/wp-content\/uploads\/2025\/06\/logo-tressis-112.png","contentUrl":"https:\/\/www.tressis.com\/wp-content\/uploads\/2025\/06\/logo-tressis-112.png","width":112,"height":112,"caption":"Tressis"},"image":{"@id":"https:\/\/www.tressis.com\/ca\/#\/schema\/logo\/image\/"},"sameAs":["https:\/\/www.facebook.com\/Tressis\/","https:\/\/x.com\/TressisSV","https:\/\/www.instagram.com\/tressissv\/?hl=es","https:\/\/linkedin.com\/company\/tressis\/","https:\/\/www.youtube.com\/user\/tressissv","https:\/\/open.spotify.com\/show\/3jmTe1Nf0wqMILl7diWV6h?si=d7112519f13c4593&nd=1"]},{"@type":"Person","@id":"https:\/\/www.tressis.com\/ca\/#\/schema\/person\/b833c1d724d8764920b6d6852c70584e","name":"Lola","image":{"@type":"ImageObject","inLanguage":"ca","@id":"https:\/\/secure.gravatar.com\/avatar\/05e646486b23ff45df9649110609c7e31b8c4a3e2821caa23d6317f405e0c51d?s=96&d=mm&r=g","url":"https:\/\/secure.gravatar.com\/avatar\/05e646486b23ff45df9649110609c7e31b8c4a3e2821caa23d6317f405e0c51d?s=96&d=mm&r=g","contentUrl":"https:\/\/secure.gravatar.com\/avatar\/05e646486b23ff45df9649110609c7e31b8c4a3e2821caa23d6317f405e0c51d?s=96&d=mm&r=g","caption":"Lola"}}]}},"_links":{"self":[{"href":"https:\/\/www.tressis.com\/ca\/wp-json\/wp\/v2\/posts\/34873","targetHints":{"allow":["GET"]}}],"collection":[{"href":"https:\/\/www.tressis.com\/ca\/wp-json\/wp\/v2\/posts"}],"about":[{"href":"https:\/\/www.tressis.com\/ca\/wp-json\/wp\/v2\/types\/post"}],"author":[{"embeddable":true,"href":"https:\/\/www.tressis.com\/ca\/wp-json\/wp\/v2\/users\/4"}],"replies":[{"embeddable":true,"href":"https:\/\/www.tressis.com\/ca\/wp-json\/wp\/v2\/comments?post=34873"}],"version-history":[{"count":0,"href":"https:\/\/www.tressis.com\/ca\/wp-json\/wp\/v2\/posts\/34873\/revisions"}],"wp:featuredmedia":[{"embeddable":true,"href":"https:\/\/www.tressis.com\/ca\/wp-json\/wp\/v2\/media\/34874"}],"wp:attachment":[{"href":"https:\/\/www.tressis.com\/ca\/wp-json\/wp\/v2\/media?parent=34873"}],"wp:term":[{"taxonomy":"category","embeddable":true,"href":"https:\/\/www.tressis.com\/ca\/wp-json\/wp\/v2\/categories?post=34873"},{"taxonomy":"post_tag","embeddable":true,"href":"https:\/\/www.tressis.com\/ca\/wp-json\/wp\/v2\/tags?post=34873"}],"curies":[{"name":"wp","href":"https:\/\/api.w.org\/{rel}","templated":true}]}}