{"id":34794,"date":"2020-07-31T10:59:59","date_gmt":"2020-07-31T08:59:59","guid":{"rendered":"http:\/\/www.tressis.com\/blog\/?p=34794"},"modified":"2020-07-31T10:59:59","modified_gmt":"2020-07-31T08:59:59","slug":"dato-peor-esperado-pib","status":"publish","type":"post","link":"https:\/\/www.tressis.com\/ca\/blog\/dato-peor-esperado-pib\/","title":{"rendered":"Dato peor de lo esperado en el PIB"},"content":{"rendered":"<p>Ayer dec\u00eda en este mismo espacio que los analistas ya ten\u00edan descontados en los precios de los activos las ca\u00eddas en los crecimientos correspondientes al segundo trimestre del a\u00f1o.<!--more--><\/p>\n<p>Pues bien, parece que no lo hab\u00edan hecho por completo. O que la estimaci\u00f3n del consenso de esos PIB fue err\u00f3nea, lo que llev\u00f3 a fallos en el descuento de los precios. Sea como fuere, lo cierto es que las bolsas europeas corrigieron de forma relevante, perdiendo terreno hasta el entorno del -3%, tras un dato peor de lo esperado del producto interior bruto alem\u00e1n. Este cay\u00f3 un -10,1% frente al trimestre anterior y un -11,7% en t\u00e9rminos interanuales, lo que refleja el fuerte impacto que la pandemia del coronavirus ha tenido en un pa\u00eds en donde nunca hubo un confinamiento estricto. Habiendo visto esto, la presentaci\u00f3n hoy de las cifras de Espa\u00f1a, Italia, Francia y la eurozona no tiene la mejor pinta.<\/p>\n<p>En Estados Unidos el dato de PIB alcanz\u00f3 el -32,9% anualizado. Esto implica que si todos los trimestres durante un a\u00f1o tuviesen el mismo resultado que el presente, la ca\u00edda anual ser\u00eda esa. En t\u00e9rminos trimestrales la reducci\u00f3n fue del 9%, hist\u00f3rica de cualquier forma.<\/p>\n<p>El otro gran foco de atenci\u00f3n eran los resultados de Amazon, Apple y Alphabet, mostrando todas grandes n\u00fameros y sorprendiendo al alza. Es el resultado de un entorno en el que, al estar m\u00e1s tiempo en casa, vemos m\u00e1s series, usamos m\u00e1s los m\u00f3viles y tabletas y sus aplicaciones y, por supuesto, gran parte de lo que compramos lo hacemos a trav\u00e9s de plataformas que nos lo env\u00eden a casa. Las comparaciones son odiosas, pero entiendes muchas cosas cuando ves el tipo de compa\u00f1\u00edas que reportan en Estados Unidos mientras que en Espa\u00f1a reinan los bancos dotando provisiones y con resultados negativos o muy perjudicados por la situaci\u00f3n actual y la futura.<\/p>\n<p>Buen viernes.<\/p>\n<p><center><strong>M\u00aa Salom\u00e9 Bouzas Romero<\/strong><br \/>\nAnalista<\/center><\/p>\n","protected":false},"excerpt":{"rendered":"<p>Ayer dec\u00eda en este mismo espacio que los analistas ya ten\u00edan descontados en los precios de los activos las ca\u00eddas en los crecimientos correspondientes al segundo trimestre del a\u00f1o.<\/p>\n","protected":false},"author":4,"featured_media":34797,"comment_status":"open","ping_status":"closed","sticky":false,"template":"","format":"standard","meta":{"_acf_changed":false,"footnotes":""},"categories":[9721],"tags":[],"class_list":["post-34794","post","type-post","status-publish","format-standard","has-post-thumbnail","hentry","category-morning-meeting"],"acf":[],"yoast_head":"<!-- This site is optimized with the Yoast SEO plugin v27.5 - https:\/\/yoast.com\/product\/yoast-seo-wordpress\/ -->\n<title>Dato peor de lo esperado en el PIB<\/title>\n<meta name=\"description\" content=\"Las bolsas europeas corrigieron de forma relevante, perdiendo terreno hasta el entorno del -3%, tras un dato peor de lo esperado del PIB alem\u00e1n.\" \/>\n<meta name=\"robots\" content=\"index, follow, max-snippet:-1, max-image-preview:large, max-video-preview:-1\" \/>\n<link rel=\"canonical\" href=\"https:\/\/www.tressis.com\/ca\/blog\/dato-peor-esperado-pib\/\" \/>\n<meta property=\"og:locale\" content=\"ca_ES\" \/>\n<meta property=\"og:type\" content=\"article\" \/>\n<meta property=\"og:title\" content=\"Dato peor de lo esperado en el PIB\" \/>\n<meta property=\"og:description\" content=\"Las bolsas europeas corrigieron de forma relevante, perdiendo terreno hasta el entorno del -3%, tras un dato peor de lo esperado del PIB alem\u00e1n.\" \/>\n<meta property=\"og:url\" content=\"https:\/\/www.tressis.com\/ca\/blog\/dato-peor-esperado-pib\/\" \/>\n<meta property=\"og:site_name\" content=\"Tressis\" \/>\n<meta property=\"article:publisher\" content=\"https:\/\/www.facebook.com\/Tressis\/\" \/>\n<meta property=\"article:published_time\" content=\"2020-07-31T08:59:59+00:00\" \/>\n<meta property=\"og:image\" content=\"https:\/\/www.tressis.com\/wp-content\/uploads\/2020\/07\/20200731-pib-aleman.jpg\" \/>\n\t<meta property=\"og:image:width\" content=\"1100\" \/>\n\t<meta property=\"og:image:height\" content=\"487\" \/>\n\t<meta property=\"og:image:type\" content=\"image\/jpeg\" \/>\n<meta name=\"author\" content=\"Lola\" \/>\n<meta name=\"twitter:card\" content=\"summary_large_image\" \/>\n<meta name=\"twitter:creator\" content=\"@TressisSV\" \/>\n<meta name=\"twitter:site\" content=\"@TressisSV\" \/>\n<meta name=\"twitter:label1\" content=\"Escrit per\" \/>\n\t<meta name=\"twitter:data1\" content=\"Lola\" \/>\n\t<meta name=\"twitter:label2\" content=\"Temps estimat de lectura\" \/>\n\t<meta name=\"twitter:data2\" content=\"2 minuts\" \/>\n<script type=\"application\/ld+json\" class=\"yoast-schema-graph\">{\"@context\":\"https:\\\/\\\/schema.org\",\"@graph\":[{\"@type\":\"Article\",\"@id\":\"https:\\\/\\\/www.tressis.com\\\/ca\\\/blog\\\/dato-peor-esperado-pib\\\/#article\",\"isPartOf\":{\"@id\":\"https:\\\/\\\/www.tressis.com\\\/ca\\\/blog\\\/dato-peor-esperado-pib\\\/\"},\"author\":{\"name\":\"Lola\",\"@id\":\"https:\\\/\\\/www.tressis.com\\\/ca\\\/#\\\/schema\\\/person\\\/b833c1d724d8764920b6d6852c70584e\"},\"headline\":\"Dato peor de lo esperado en el PIB\",\"datePublished\":\"2020-07-31T08:59:59+00:00\",\"mainEntityOfPage\":{\"@id\":\"https:\\\/\\\/www.tressis.com\\\/ca\\\/blog\\\/dato-peor-esperado-pib\\\/\"},\"wordCount\":352,\"commentCount\":0,\"publisher\":{\"@id\":\"https:\\\/\\\/www.tressis.com\\\/ca\\\/#organization\"},\"image\":{\"@id\":\"https:\\\/\\\/www.tressis.com\\\/ca\\\/blog\\\/dato-peor-esperado-pib\\\/#primaryimage\"},\"thumbnailUrl\":\"https:\\\/\\\/www.tressis.com\\\/wp-content\\\/uploads\\\/2020\\\/07\\\/20200731-pib-aleman.jpg\",\"articleSection\":[\"Morning meeting\"],\"inLanguage\":\"ca\",\"potentialAction\":[{\"@type\":\"CommentAction\",\"name\":\"Comment\",\"target\":[\"https:\\\/\\\/www.tressis.com\\\/ca\\\/blog\\\/dato-peor-esperado-pib\\\/#respond\"]}]},{\"@type\":\"WebPage\",\"@id\":\"https:\\\/\\\/www.tressis.com\\\/ca\\\/blog\\\/dato-peor-esperado-pib\\\/\",\"url\":\"https:\\\/\\\/www.tressis.com\\\/ca\\\/blog\\\/dato-peor-esperado-pib\\\/\",\"name\":\"Dato peor de lo esperado en el PIB\",\"isPartOf\":{\"@id\":\"https:\\\/\\\/www.tressis.com\\\/ca\\\/#website\"},\"primaryImageOfPage\":{\"@id\":\"https:\\\/\\\/www.tressis.com\\\/ca\\\/blog\\\/dato-peor-esperado-pib\\\/#primaryimage\"},\"image\":{\"@id\":\"https:\\\/\\\/www.tressis.com\\\/ca\\\/blog\\\/dato-peor-esperado-pib\\\/#primaryimage\"},\"thumbnailUrl\":\"https:\\\/\\\/www.tressis.com\\\/wp-content\\\/uploads\\\/2020\\\/07\\\/20200731-pib-aleman.jpg\",\"datePublished\":\"2020-07-31T08:59:59+00:00\",\"description\":\"Las bolsas europeas corrigieron de forma relevante, perdiendo terreno hasta el entorno del -3%, tras un dato peor de lo esperado del PIB alem\u00e1n.\",\"breadcrumb\":{\"@id\":\"https:\\\/\\\/www.tressis.com\\\/ca\\\/blog\\\/dato-peor-esperado-pib\\\/#breadcrumb\"},\"inLanguage\":\"ca\",\"potentialAction\":[{\"@type\":\"ReadAction\",\"target\":[\"https:\\\/\\\/www.tressis.com\\\/ca\\\/blog\\\/dato-peor-esperado-pib\\\/\"]}]},{\"@type\":\"ImageObject\",\"inLanguage\":\"ca\",\"@id\":\"https:\\\/\\\/www.tressis.com\\\/ca\\\/blog\\\/dato-peor-esperado-pib\\\/#primaryimage\",\"url\":\"https:\\\/\\\/www.tressis.com\\\/wp-content\\\/uploads\\\/2020\\\/07\\\/20200731-pib-aleman.jpg\",\"contentUrl\":\"https:\\\/\\\/www.tressis.com\\\/wp-content\\\/uploads\\\/2020\\\/07\\\/20200731-pib-aleman.jpg\",\"width\":1100,\"height\":487,\"caption\":\"Dato peor de los esperado en el PIB\"},{\"@type\":\"BreadcrumbList\",\"@id\":\"https:\\\/\\\/www.tressis.com\\\/ca\\\/blog\\\/dato-peor-esperado-pib\\\/#breadcrumb\",\"itemListElement\":[{\"@type\":\"ListItem\",\"position\":1,\"name\":\"Inicio\",\"item\":\"https:\\\/\\\/www.tressis.com\\\/ca\\\/\"},{\"@type\":\"ListItem\",\"position\":2,\"name\":\"Dato peor de lo esperado en el PIB\"}]},{\"@type\":\"WebSite\",\"@id\":\"https:\\\/\\\/www.tressis.com\\\/ca\\\/#website\",\"url\":\"https:\\\/\\\/www.tressis.com\\\/ca\\\/\",\"name\":\"Tressis banca privada\",\"description\":\"Tressis | Planificaci\u00f3n financiera y gesti\u00f3n de patrimonios\",\"publisher\":{\"@id\":\"https:\\\/\\\/www.tressis.com\\\/ca\\\/#organization\"},\"potentialAction\":[{\"@type\":\"SearchAction\",\"target\":{\"@type\":\"EntryPoint\",\"urlTemplate\":\"https:\\\/\\\/www.tressis.com\\\/ca\\\/?s={search_term_string}\"},\"query-input\":{\"@type\":\"PropertyValueSpecification\",\"valueRequired\":true,\"valueName\":\"search_term_string\"}}],\"inLanguage\":\"ca\"},{\"@type\":\"Organization\",\"@id\":\"https:\\\/\\\/www.tressis.com\\\/ca\\\/#organization\",\"name\":\"Tressis\",\"url\":\"https:\\\/\\\/www.tressis.com\\\/ca\\\/\",\"logo\":{\"@type\":\"ImageObject\",\"inLanguage\":\"ca\",\"@id\":\"https:\\\/\\\/www.tressis.com\\\/ca\\\/#\\\/schema\\\/logo\\\/image\\\/\",\"url\":\"https:\\\/\\\/www.tressis.com\\\/wp-content\\\/uploads\\\/2025\\\/06\\\/logo-tressis-112.png\",\"contentUrl\":\"https:\\\/\\\/www.tressis.com\\\/wp-content\\\/uploads\\\/2025\\\/06\\\/logo-tressis-112.png\",\"width\":112,\"height\":112,\"caption\":\"Tressis\"},\"image\":{\"@id\":\"https:\\\/\\\/www.tressis.com\\\/ca\\\/#\\\/schema\\\/logo\\\/image\\\/\"},\"sameAs\":[\"https:\\\/\\\/www.facebook.com\\\/Tressis\\\/\",\"https:\\\/\\\/x.com\\\/TressisSV\",\"https:\\\/\\\/www.instagram.com\\\/tressissv\\\/?hl=es\",\"https:\\\/\\\/linkedin.com\\\/company\\\/tressis\\\/\",\"https:\\\/\\\/www.youtube.com\\\/user\\\/tressissv\",\"https:\\\/\\\/open.spotify.com\\\/show\\\/3jmTe1Nf0wqMILl7diWV6h?si=d7112519f13c4593&nd=1\"]},{\"@type\":\"Person\",\"@id\":\"https:\\\/\\\/www.tressis.com\\\/ca\\\/#\\\/schema\\\/person\\\/b833c1d724d8764920b6d6852c70584e\",\"name\":\"Lola\",\"image\":{\"@type\":\"ImageObject\",\"inLanguage\":\"ca\",\"@id\":\"https:\\\/\\\/secure.gravatar.com\\\/avatar\\\/05e646486b23ff45df9649110609c7e31b8c4a3e2821caa23d6317f405e0c51d?s=96&d=mm&r=g\",\"url\":\"https:\\\/\\\/secure.gravatar.com\\\/avatar\\\/05e646486b23ff45df9649110609c7e31b8c4a3e2821caa23d6317f405e0c51d?s=96&d=mm&r=g\",\"contentUrl\":\"https:\\\/\\\/secure.gravatar.com\\\/avatar\\\/05e646486b23ff45df9649110609c7e31b8c4a3e2821caa23d6317f405e0c51d?s=96&d=mm&r=g\",\"caption\":\"Lola\"}}]}<\/script>\n<!-- \/ Yoast SEO plugin. -->","yoast_head_json":{"title":"Dato peor de lo esperado en el PIB","description":"Las bolsas europeas corrigieron de forma relevante, perdiendo terreno hasta el entorno del -3%, tras un dato peor de lo esperado del PIB alem\u00e1n.","robots":{"index":"index","follow":"follow","max-snippet":"max-snippet:-1","max-image-preview":"max-image-preview:large","max-video-preview":"max-video-preview:-1"},"canonical":"https:\/\/www.tressis.com\/ca\/blog\/dato-peor-esperado-pib\/","og_locale":"ca_ES","og_type":"article","og_title":"Dato peor de lo esperado en el PIB","og_description":"Las bolsas europeas corrigieron de forma relevante, perdiendo terreno hasta el entorno del -3%, tras un dato peor de lo esperado del PIB alem\u00e1n.","og_url":"https:\/\/www.tressis.com\/ca\/blog\/dato-peor-esperado-pib\/","og_site_name":"Tressis","article_publisher":"https:\/\/www.facebook.com\/Tressis\/","article_published_time":"2020-07-31T08:59:59+00:00","og_image":[{"width":1100,"height":487,"url":"https:\/\/www.tressis.com\/wp-content\/uploads\/2020\/07\/20200731-pib-aleman.jpg","type":"image\/jpeg"}],"author":"Lola","twitter_card":"summary_large_image","twitter_creator":"@TressisSV","twitter_site":"@TressisSV","twitter_misc":{"Escrit per":"Lola","Temps estimat de lectura":"2 minuts"},"schema":{"@context":"https:\/\/schema.org","@graph":[{"@type":"Article","@id":"https:\/\/www.tressis.com\/ca\/blog\/dato-peor-esperado-pib\/#article","isPartOf":{"@id":"https:\/\/www.tressis.com\/ca\/blog\/dato-peor-esperado-pib\/"},"author":{"name":"Lola","@id":"https:\/\/www.tressis.com\/ca\/#\/schema\/person\/b833c1d724d8764920b6d6852c70584e"},"headline":"Dato peor de lo esperado en el PIB","datePublished":"2020-07-31T08:59:59+00:00","mainEntityOfPage":{"@id":"https:\/\/www.tressis.com\/ca\/blog\/dato-peor-esperado-pib\/"},"wordCount":352,"commentCount":0,"publisher":{"@id":"https:\/\/www.tressis.com\/ca\/#organization"},"image":{"@id":"https:\/\/www.tressis.com\/ca\/blog\/dato-peor-esperado-pib\/#primaryimage"},"thumbnailUrl":"https:\/\/www.tressis.com\/wp-content\/uploads\/2020\/07\/20200731-pib-aleman.jpg","articleSection":["Morning meeting"],"inLanguage":"ca","potentialAction":[{"@type":"CommentAction","name":"Comment","target":["https:\/\/www.tressis.com\/ca\/blog\/dato-peor-esperado-pib\/#respond"]}]},{"@type":"WebPage","@id":"https:\/\/www.tressis.com\/ca\/blog\/dato-peor-esperado-pib\/","url":"https:\/\/www.tressis.com\/ca\/blog\/dato-peor-esperado-pib\/","name":"Dato peor de lo esperado en el PIB","isPartOf":{"@id":"https:\/\/www.tressis.com\/ca\/#website"},"primaryImageOfPage":{"@id":"https:\/\/www.tressis.com\/ca\/blog\/dato-peor-esperado-pib\/#primaryimage"},"image":{"@id":"https:\/\/www.tressis.com\/ca\/blog\/dato-peor-esperado-pib\/#primaryimage"},"thumbnailUrl":"https:\/\/www.tressis.com\/wp-content\/uploads\/2020\/07\/20200731-pib-aleman.jpg","datePublished":"2020-07-31T08:59:59+00:00","description":"Las bolsas europeas corrigieron de forma relevante, perdiendo terreno hasta el entorno del -3%, tras un dato peor de lo esperado del PIB alem\u00e1n.","breadcrumb":{"@id":"https:\/\/www.tressis.com\/ca\/blog\/dato-peor-esperado-pib\/#breadcrumb"},"inLanguage":"ca","potentialAction":[{"@type":"ReadAction","target":["https:\/\/www.tressis.com\/ca\/blog\/dato-peor-esperado-pib\/"]}]},{"@type":"ImageObject","inLanguage":"ca","@id":"https:\/\/www.tressis.com\/ca\/blog\/dato-peor-esperado-pib\/#primaryimage","url":"https:\/\/www.tressis.com\/wp-content\/uploads\/2020\/07\/20200731-pib-aleman.jpg","contentUrl":"https:\/\/www.tressis.com\/wp-content\/uploads\/2020\/07\/20200731-pib-aleman.jpg","width":1100,"height":487,"caption":"Dato peor de los esperado en el PIB"},{"@type":"BreadcrumbList","@id":"https:\/\/www.tressis.com\/ca\/blog\/dato-peor-esperado-pib\/#breadcrumb","itemListElement":[{"@type":"ListItem","position":1,"name":"Inicio","item":"https:\/\/www.tressis.com\/ca\/"},{"@type":"ListItem","position":2,"name":"Dato peor de lo esperado en el PIB"}]},{"@type":"WebSite","@id":"https:\/\/www.tressis.com\/ca\/#website","url":"https:\/\/www.tressis.com\/ca\/","name":"Tressis banca privada","description":"Tressis | Planificaci\u00f3n financiera y gesti\u00f3n de patrimonios","publisher":{"@id":"https:\/\/www.tressis.com\/ca\/#organization"},"potentialAction":[{"@type":"SearchAction","target":{"@type":"EntryPoint","urlTemplate":"https:\/\/www.tressis.com\/ca\/?s={search_term_string}"},"query-input":{"@type":"PropertyValueSpecification","valueRequired":true,"valueName":"search_term_string"}}],"inLanguage":"ca"},{"@type":"Organization","@id":"https:\/\/www.tressis.com\/ca\/#organization","name":"Tressis","url":"https:\/\/www.tressis.com\/ca\/","logo":{"@type":"ImageObject","inLanguage":"ca","@id":"https:\/\/www.tressis.com\/ca\/#\/schema\/logo\/image\/","url":"https:\/\/www.tressis.com\/wp-content\/uploads\/2025\/06\/logo-tressis-112.png","contentUrl":"https:\/\/www.tressis.com\/wp-content\/uploads\/2025\/06\/logo-tressis-112.png","width":112,"height":112,"caption":"Tressis"},"image":{"@id":"https:\/\/www.tressis.com\/ca\/#\/schema\/logo\/image\/"},"sameAs":["https:\/\/www.facebook.com\/Tressis\/","https:\/\/x.com\/TressisSV","https:\/\/www.instagram.com\/tressissv\/?hl=es","https:\/\/linkedin.com\/company\/tressis\/","https:\/\/www.youtube.com\/user\/tressissv","https:\/\/open.spotify.com\/show\/3jmTe1Nf0wqMILl7diWV6h?si=d7112519f13c4593&nd=1"]},{"@type":"Person","@id":"https:\/\/www.tressis.com\/ca\/#\/schema\/person\/b833c1d724d8764920b6d6852c70584e","name":"Lola","image":{"@type":"ImageObject","inLanguage":"ca","@id":"https:\/\/secure.gravatar.com\/avatar\/05e646486b23ff45df9649110609c7e31b8c4a3e2821caa23d6317f405e0c51d?s=96&d=mm&r=g","url":"https:\/\/secure.gravatar.com\/avatar\/05e646486b23ff45df9649110609c7e31b8c4a3e2821caa23d6317f405e0c51d?s=96&d=mm&r=g","contentUrl":"https:\/\/secure.gravatar.com\/avatar\/05e646486b23ff45df9649110609c7e31b8c4a3e2821caa23d6317f405e0c51d?s=96&d=mm&r=g","caption":"Lola"}}]}},"_links":{"self":[{"href":"https:\/\/www.tressis.com\/ca\/wp-json\/wp\/v2\/posts\/34794","targetHints":{"allow":["GET"]}}],"collection":[{"href":"https:\/\/www.tressis.com\/ca\/wp-json\/wp\/v2\/posts"}],"about":[{"href":"https:\/\/www.tressis.com\/ca\/wp-json\/wp\/v2\/types\/post"}],"author":[{"embeddable":true,"href":"https:\/\/www.tressis.com\/ca\/wp-json\/wp\/v2\/users\/4"}],"replies":[{"embeddable":true,"href":"https:\/\/www.tressis.com\/ca\/wp-json\/wp\/v2\/comments?post=34794"}],"version-history":[{"count":0,"href":"https:\/\/www.tressis.com\/ca\/wp-json\/wp\/v2\/posts\/34794\/revisions"}],"wp:featuredmedia":[{"embeddable":true,"href":"https:\/\/www.tressis.com\/ca\/wp-json\/wp\/v2\/media\/34797"}],"wp:attachment":[{"href":"https:\/\/www.tressis.com\/ca\/wp-json\/wp\/v2\/media?parent=34794"}],"wp:term":[{"taxonomy":"category","embeddable":true,"href":"https:\/\/www.tressis.com\/ca\/wp-json\/wp\/v2\/categories?post=34794"},{"taxonomy":"post_tag","embeddable":true,"href":"https:\/\/www.tressis.com\/ca\/wp-json\/wp\/v2\/tags?post=34794"}],"curies":[{"name":"wp","href":"https:\/\/api.w.org\/{rel}","templated":true}]}}