{"id":34769,"date":"2020-07-24T11:03:11","date_gmt":"2020-07-24T09:03:11","guid":{"rendered":"http:\/\/www.tressis.com\/blog\/?p=34769"},"modified":"2020-07-24T11:03:11","modified_gmt":"2020-07-24T09:03:11","slug":"aumento-inesperado-desempleados-eeuu","status":"publish","type":"post","link":"https:\/\/www.tressis.com\/ca\/blog\/aumento-inesperado-desempleados-eeuu\/","title":{"rendered":"Aumento inesperado de desempleados en EE.UU."},"content":{"rendered":"<p>Los principales \u00edndices de Wall Street retroced\u00edan despu\u00e9s de conocerse una subida inesperada de las reclamaciones iniciales semanales de desempleados por primera vez desde abril<!--more-->, reavivando la preocupaci\u00f3n por el ritmo de la recuperaci\u00f3n econ\u00f3mica de la principal econom\u00eda del globo. Con todo, los inversores se mantuvieron centrados en la posibilidad de que se apruebe otra ronda de medidas de est\u00edmulo y en los informes de resultados empresariales, mientras los casos de coronavirus continuaron aumentando en todo el sur del pa\u00eds. El S&#038;P 500 cay\u00f3 un 1,2% liderado por p\u00e9rdidas en los sectores de tecnolog\u00eda, consumo discrecional y servicios de comunicaci\u00f3n. Por su parte, los mercados europeos se manten\u00edan estables, ya que una serie de informes de beneficios mejor de lo esperado compensaba el incremento de las tensiones entre Estados Unidos y China.<\/p>\n<p>En cuanto a los mercados de renta fija, los bonos del Tesoro de los Estados Unidos a m\u00e1s largo plazo aumentaron sus precios, en medio de la debilidad del mercado de valores y las renovadas preocupaciones econ\u00f3micas. En cambio, la rentabilidad de la deuda de los principales pa\u00edses europeos no sufr\u00eda apenas variaciones mientras contin\u00faan las compras de deuda perif\u00e9rica. De hecho, en Italia, los rendimientos del 10 a\u00f1os cayeron por debajo del 1% por primera vez desde el comienzo de la pandemia y gracias a que los inversores siguen celebrando la aprobaci\u00f3n del plan de recuperaci\u00f3n de emergencia de la UE.<\/p>\n<p>Esta ma\u00f1ana hemos amanecido con importantes correcciones en los mercados asi\u00e1ticos. Las p\u00e9rdidas fueron lideradas por las acciones chinas, con una fuerte ca\u00edda del compuesto de Shanghai del 3,1%, tras el alza de las disputas diplom\u00e1ticas entre Estados Unidos y China. Cada d\u00eda est\u00e1n m\u00e1s cerca las elecciones en el primer pa\u00eds y eso podr\u00eda provocar que los discursos y ataques sean m\u00e1s voraces. Por lo pronto, ambos gobiernos tendr\u00e1n que cerrar un consulado y ya veremos en qu\u00e9 acaba toda esta escalada de las tensiones. Esperemos que no aprovechen los vol\u00famenes m\u00e1s bajos de lo habitual de los mercados desarrollados durante las primeras semanas de agosto para atacarse entre s\u00ed, llev\u00e1ndose por delante a los peque\u00f1os inversores.<\/p>\n<p>En los mercados de materias primas, el petr\u00f3leo sigue movi\u00e9ndose al son de las expectativas de recuperaci\u00f3n de la demanda y no le ayudan nada ni las tensiones geopol\u00edticas del principal importador de crudo ni el aumento de los casos de coronavirus del mayor consumidor. Por su parte, el oro se encuentra ya cerca de la barrera psicol\u00f3gica de los 1.900 d\u00f3lares\/onza y de los m\u00e1ximos hist\u00f3ricos alcanzados en 2011.<\/p>\n<p>Buen fin de semana.<\/p>\n<p><center><strong>Jorge Gonz\u00e1lez<\/strong><br \/>\nDirector de An\u00e1lisis<\/center><\/p>\n","protected":false},"excerpt":{"rendered":"<p>Los principales \u00edndices de Wall Street retroced\u00edan despu\u00e9s de conocerse una subida inesperada de las reclamaciones iniciales semanales de desempleados por primera vez desde abril<\/p>\n","protected":false},"author":4,"featured_media":34770,"comment_status":"open","ping_status":"closed","sticky":false,"template":"","format":"standard","meta":{"_acf_changed":false,"footnotes":""},"categories":[9721],"tags":[],"class_list":["post-34769","post","type-post","status-publish","format-standard","has-post-thumbnail","hentry","category-morning-meeting"],"acf":[],"yoast_head":"<!-- This site is optimized with the Yoast SEO plugin v27.5 - https:\/\/yoast.com\/product\/yoast-seo-wordpress\/ -->\n<title>Aumento inesperado de desempleados en EE.UU.<\/title>\n<meta name=\"description\" content=\"La primera se\u00f1al de debilidad del mercado laboral norteamericano desde hace meses provoc\u00f3 una jornada de ca\u00eddas en los mercados de renta variable.\" \/>\n<meta name=\"robots\" content=\"index, follow, max-snippet:-1, max-image-preview:large, max-video-preview:-1\" \/>\n<link rel=\"canonical\" href=\"https:\/\/www.tressis.com\/ca\/blog\/aumento-inesperado-desempleados-eeuu\/\" \/>\n<meta property=\"og:locale\" content=\"ca_ES\" \/>\n<meta property=\"og:type\" content=\"article\" \/>\n<meta property=\"og:title\" content=\"Aumento inesperado de desempleados en EE.UU.\" \/>\n<meta property=\"og:description\" content=\"La primera se\u00f1al de debilidad del mercado laboral norteamericano desde hace meses provoc\u00f3 una jornada de ca\u00eddas en los mercados de renta variable.\" \/>\n<meta property=\"og:url\" content=\"https:\/\/www.tressis.com\/ca\/blog\/aumento-inesperado-desempleados-eeuu\/\" \/>\n<meta property=\"og:site_name\" content=\"Tressis\" \/>\n<meta property=\"article:publisher\" content=\"https:\/\/www.facebook.com\/Tressis\/\" \/>\n<meta property=\"article:published_time\" content=\"2020-07-24T09:03:11+00:00\" \/>\n<meta property=\"og:image\" content=\"https:\/\/www.tressis.com\/wp-content\/uploads\/2020\/07\/20200724-aumento-desempleados.jpg\" \/>\n\t<meta property=\"og:image:width\" content=\"1100\" \/>\n\t<meta property=\"og:image:height\" content=\"487\" \/>\n\t<meta property=\"og:image:type\" content=\"image\/jpeg\" \/>\n<meta name=\"author\" content=\"Lola\" \/>\n<meta name=\"twitter:card\" content=\"summary_large_image\" \/>\n<meta name=\"twitter:creator\" content=\"@TressisSV\" \/>\n<meta name=\"twitter:site\" content=\"@TressisSV\" \/>\n<meta name=\"twitter:label1\" content=\"Escrit per\" \/>\n\t<meta name=\"twitter:data1\" content=\"Lola\" \/>\n\t<meta name=\"twitter:label2\" content=\"Temps estimat de lectura\" \/>\n\t<meta name=\"twitter:data2\" content=\"2 minuts\" \/>\n<script type=\"application\/ld+json\" class=\"yoast-schema-graph\">{\"@context\":\"https:\\\/\\\/schema.org\",\"@graph\":[{\"@type\":\"Article\",\"@id\":\"https:\\\/\\\/www.tressis.com\\\/ca\\\/blog\\\/aumento-inesperado-desempleados-eeuu\\\/#article\",\"isPartOf\":{\"@id\":\"https:\\\/\\\/www.tressis.com\\\/ca\\\/blog\\\/aumento-inesperado-desempleados-eeuu\\\/\"},\"author\":{\"name\":\"Lola\",\"@id\":\"https:\\\/\\\/www.tressis.com\\\/ca\\\/#\\\/schema\\\/person\\\/b833c1d724d8764920b6d6852c70584e\"},\"headline\":\"Aumento inesperado de desempleados en EE.UU.\",\"datePublished\":\"2020-07-24T09:03:11+00:00\",\"mainEntityOfPage\":{\"@id\":\"https:\\\/\\\/www.tressis.com\\\/ca\\\/blog\\\/aumento-inesperado-desempleados-eeuu\\\/\"},\"wordCount\":481,\"commentCount\":0,\"publisher\":{\"@id\":\"https:\\\/\\\/www.tressis.com\\\/ca\\\/#organization\"},\"image\":{\"@id\":\"https:\\\/\\\/www.tressis.com\\\/ca\\\/blog\\\/aumento-inesperado-desempleados-eeuu\\\/#primaryimage\"},\"thumbnailUrl\":\"https:\\\/\\\/www.tressis.com\\\/wp-content\\\/uploads\\\/2020\\\/07\\\/20200724-aumento-desempleados.jpg\",\"articleSection\":[\"Morning meeting\"],\"inLanguage\":\"ca\",\"potentialAction\":[{\"@type\":\"CommentAction\",\"name\":\"Comment\",\"target\":[\"https:\\\/\\\/www.tressis.com\\\/ca\\\/blog\\\/aumento-inesperado-desempleados-eeuu\\\/#respond\"]}]},{\"@type\":\"WebPage\",\"@id\":\"https:\\\/\\\/www.tressis.com\\\/ca\\\/blog\\\/aumento-inesperado-desempleados-eeuu\\\/\",\"url\":\"https:\\\/\\\/www.tressis.com\\\/ca\\\/blog\\\/aumento-inesperado-desempleados-eeuu\\\/\",\"name\":\"Aumento inesperado de desempleados en EE.UU.\",\"isPartOf\":{\"@id\":\"https:\\\/\\\/www.tressis.com\\\/ca\\\/#website\"},\"primaryImageOfPage\":{\"@id\":\"https:\\\/\\\/www.tressis.com\\\/ca\\\/blog\\\/aumento-inesperado-desempleados-eeuu\\\/#primaryimage\"},\"image\":{\"@id\":\"https:\\\/\\\/www.tressis.com\\\/ca\\\/blog\\\/aumento-inesperado-desempleados-eeuu\\\/#primaryimage\"},\"thumbnailUrl\":\"https:\\\/\\\/www.tressis.com\\\/wp-content\\\/uploads\\\/2020\\\/07\\\/20200724-aumento-desempleados.jpg\",\"datePublished\":\"2020-07-24T09:03:11+00:00\",\"description\":\"La primera se\u00f1al de debilidad del mercado laboral norteamericano desde hace meses provoc\u00f3 una jornada de ca\u00eddas en los mercados de renta variable.\",\"breadcrumb\":{\"@id\":\"https:\\\/\\\/www.tressis.com\\\/ca\\\/blog\\\/aumento-inesperado-desempleados-eeuu\\\/#breadcrumb\"},\"inLanguage\":\"ca\",\"potentialAction\":[{\"@type\":\"ReadAction\",\"target\":[\"https:\\\/\\\/www.tressis.com\\\/ca\\\/blog\\\/aumento-inesperado-desempleados-eeuu\\\/\"]}]},{\"@type\":\"ImageObject\",\"inLanguage\":\"ca\",\"@id\":\"https:\\\/\\\/www.tressis.com\\\/ca\\\/blog\\\/aumento-inesperado-desempleados-eeuu\\\/#primaryimage\",\"url\":\"https:\\\/\\\/www.tressis.com\\\/wp-content\\\/uploads\\\/2020\\\/07\\\/20200724-aumento-desempleados.jpg\",\"contentUrl\":\"https:\\\/\\\/www.tressis.com\\\/wp-content\\\/uploads\\\/2020\\\/07\\\/20200724-aumento-desempleados.jpg\",\"width\":1100,\"height\":487,\"caption\":\"Aumento inesperado de desempleados en EE.UU.\"},{\"@type\":\"BreadcrumbList\",\"@id\":\"https:\\\/\\\/www.tressis.com\\\/ca\\\/blog\\\/aumento-inesperado-desempleados-eeuu\\\/#breadcrumb\",\"itemListElement\":[{\"@type\":\"ListItem\",\"position\":1,\"name\":\"Inicio\",\"item\":\"https:\\\/\\\/www.tressis.com\\\/ca\\\/\"},{\"@type\":\"ListItem\",\"position\":2,\"name\":\"Aumento inesperado de desempleados en EE.UU.\"}]},{\"@type\":\"WebSite\",\"@id\":\"https:\\\/\\\/www.tressis.com\\\/ca\\\/#website\",\"url\":\"https:\\\/\\\/www.tressis.com\\\/ca\\\/\",\"name\":\"Tressis banca privada\",\"description\":\"Tressis | Planificaci\u00f3n financiera y gesti\u00f3n de patrimonios\",\"publisher\":{\"@id\":\"https:\\\/\\\/www.tressis.com\\\/ca\\\/#organization\"},\"potentialAction\":[{\"@type\":\"SearchAction\",\"target\":{\"@type\":\"EntryPoint\",\"urlTemplate\":\"https:\\\/\\\/www.tressis.com\\\/ca\\\/?s={search_term_string}\"},\"query-input\":{\"@type\":\"PropertyValueSpecification\",\"valueRequired\":true,\"valueName\":\"search_term_string\"}}],\"inLanguage\":\"ca\"},{\"@type\":\"Organization\",\"@id\":\"https:\\\/\\\/www.tressis.com\\\/ca\\\/#organization\",\"name\":\"Tressis\",\"url\":\"https:\\\/\\\/www.tressis.com\\\/ca\\\/\",\"logo\":{\"@type\":\"ImageObject\",\"inLanguage\":\"ca\",\"@id\":\"https:\\\/\\\/www.tressis.com\\\/ca\\\/#\\\/schema\\\/logo\\\/image\\\/\",\"url\":\"https:\\\/\\\/www.tressis.com\\\/wp-content\\\/uploads\\\/2025\\\/06\\\/logo-tressis-112.png\",\"contentUrl\":\"https:\\\/\\\/www.tressis.com\\\/wp-content\\\/uploads\\\/2025\\\/06\\\/logo-tressis-112.png\",\"width\":112,\"height\":112,\"caption\":\"Tressis\"},\"image\":{\"@id\":\"https:\\\/\\\/www.tressis.com\\\/ca\\\/#\\\/schema\\\/logo\\\/image\\\/\"},\"sameAs\":[\"https:\\\/\\\/www.facebook.com\\\/Tressis\\\/\",\"https:\\\/\\\/x.com\\\/TressisSV\",\"https:\\\/\\\/www.instagram.com\\\/tressissv\\\/?hl=es\",\"https:\\\/\\\/linkedin.com\\\/company\\\/tressis\\\/\",\"https:\\\/\\\/www.youtube.com\\\/user\\\/tressissv\",\"https:\\\/\\\/open.spotify.com\\\/show\\\/3jmTe1Nf0wqMILl7diWV6h?si=d7112519f13c4593&nd=1\"]},{\"@type\":\"Person\",\"@id\":\"https:\\\/\\\/www.tressis.com\\\/ca\\\/#\\\/schema\\\/person\\\/b833c1d724d8764920b6d6852c70584e\",\"name\":\"Lola\",\"image\":{\"@type\":\"ImageObject\",\"inLanguage\":\"ca\",\"@id\":\"https:\\\/\\\/secure.gravatar.com\\\/avatar\\\/05e646486b23ff45df9649110609c7e31b8c4a3e2821caa23d6317f405e0c51d?s=96&d=mm&r=g\",\"url\":\"https:\\\/\\\/secure.gravatar.com\\\/avatar\\\/05e646486b23ff45df9649110609c7e31b8c4a3e2821caa23d6317f405e0c51d?s=96&d=mm&r=g\",\"contentUrl\":\"https:\\\/\\\/secure.gravatar.com\\\/avatar\\\/05e646486b23ff45df9649110609c7e31b8c4a3e2821caa23d6317f405e0c51d?s=96&d=mm&r=g\",\"caption\":\"Lola\"}}]}<\/script>\n<!-- \/ Yoast SEO plugin. -->","yoast_head_json":{"title":"Aumento inesperado de desempleados en EE.UU.","description":"La primera se\u00f1al de debilidad del mercado laboral norteamericano desde hace meses provoc\u00f3 una jornada de ca\u00eddas en los mercados de renta variable.","robots":{"index":"index","follow":"follow","max-snippet":"max-snippet:-1","max-image-preview":"max-image-preview:large","max-video-preview":"max-video-preview:-1"},"canonical":"https:\/\/www.tressis.com\/ca\/blog\/aumento-inesperado-desempleados-eeuu\/","og_locale":"ca_ES","og_type":"article","og_title":"Aumento inesperado de desempleados en EE.UU.","og_description":"La primera se\u00f1al de debilidad del mercado laboral norteamericano desde hace meses provoc\u00f3 una jornada de ca\u00eddas en los mercados de renta variable.","og_url":"https:\/\/www.tressis.com\/ca\/blog\/aumento-inesperado-desempleados-eeuu\/","og_site_name":"Tressis","article_publisher":"https:\/\/www.facebook.com\/Tressis\/","article_published_time":"2020-07-24T09:03:11+00:00","og_image":[{"width":1100,"height":487,"url":"https:\/\/www.tressis.com\/wp-content\/uploads\/2020\/07\/20200724-aumento-desempleados.jpg","type":"image\/jpeg"}],"author":"Lola","twitter_card":"summary_large_image","twitter_creator":"@TressisSV","twitter_site":"@TressisSV","twitter_misc":{"Escrit per":"Lola","Temps estimat de lectura":"2 minuts"},"schema":{"@context":"https:\/\/schema.org","@graph":[{"@type":"Article","@id":"https:\/\/www.tressis.com\/ca\/blog\/aumento-inesperado-desempleados-eeuu\/#article","isPartOf":{"@id":"https:\/\/www.tressis.com\/ca\/blog\/aumento-inesperado-desempleados-eeuu\/"},"author":{"name":"Lola","@id":"https:\/\/www.tressis.com\/ca\/#\/schema\/person\/b833c1d724d8764920b6d6852c70584e"},"headline":"Aumento inesperado de desempleados en EE.UU.","datePublished":"2020-07-24T09:03:11+00:00","mainEntityOfPage":{"@id":"https:\/\/www.tressis.com\/ca\/blog\/aumento-inesperado-desempleados-eeuu\/"},"wordCount":481,"commentCount":0,"publisher":{"@id":"https:\/\/www.tressis.com\/ca\/#organization"},"image":{"@id":"https:\/\/www.tressis.com\/ca\/blog\/aumento-inesperado-desempleados-eeuu\/#primaryimage"},"thumbnailUrl":"https:\/\/www.tressis.com\/wp-content\/uploads\/2020\/07\/20200724-aumento-desempleados.jpg","articleSection":["Morning meeting"],"inLanguage":"ca","potentialAction":[{"@type":"CommentAction","name":"Comment","target":["https:\/\/www.tressis.com\/ca\/blog\/aumento-inesperado-desempleados-eeuu\/#respond"]}]},{"@type":"WebPage","@id":"https:\/\/www.tressis.com\/ca\/blog\/aumento-inesperado-desempleados-eeuu\/","url":"https:\/\/www.tressis.com\/ca\/blog\/aumento-inesperado-desempleados-eeuu\/","name":"Aumento inesperado de desempleados en EE.UU.","isPartOf":{"@id":"https:\/\/www.tressis.com\/ca\/#website"},"primaryImageOfPage":{"@id":"https:\/\/www.tressis.com\/ca\/blog\/aumento-inesperado-desempleados-eeuu\/#primaryimage"},"image":{"@id":"https:\/\/www.tressis.com\/ca\/blog\/aumento-inesperado-desempleados-eeuu\/#primaryimage"},"thumbnailUrl":"https:\/\/www.tressis.com\/wp-content\/uploads\/2020\/07\/20200724-aumento-desempleados.jpg","datePublished":"2020-07-24T09:03:11+00:00","description":"La primera se\u00f1al de debilidad del mercado laboral norteamericano desde hace meses provoc\u00f3 una jornada de ca\u00eddas en los mercados de renta variable.","breadcrumb":{"@id":"https:\/\/www.tressis.com\/ca\/blog\/aumento-inesperado-desempleados-eeuu\/#breadcrumb"},"inLanguage":"ca","potentialAction":[{"@type":"ReadAction","target":["https:\/\/www.tressis.com\/ca\/blog\/aumento-inesperado-desempleados-eeuu\/"]}]},{"@type":"ImageObject","inLanguage":"ca","@id":"https:\/\/www.tressis.com\/ca\/blog\/aumento-inesperado-desempleados-eeuu\/#primaryimage","url":"https:\/\/www.tressis.com\/wp-content\/uploads\/2020\/07\/20200724-aumento-desempleados.jpg","contentUrl":"https:\/\/www.tressis.com\/wp-content\/uploads\/2020\/07\/20200724-aumento-desempleados.jpg","width":1100,"height":487,"caption":"Aumento inesperado de desempleados en EE.UU."},{"@type":"BreadcrumbList","@id":"https:\/\/www.tressis.com\/ca\/blog\/aumento-inesperado-desempleados-eeuu\/#breadcrumb","itemListElement":[{"@type":"ListItem","position":1,"name":"Inicio","item":"https:\/\/www.tressis.com\/ca\/"},{"@type":"ListItem","position":2,"name":"Aumento inesperado de desempleados en EE.UU."}]},{"@type":"WebSite","@id":"https:\/\/www.tressis.com\/ca\/#website","url":"https:\/\/www.tressis.com\/ca\/","name":"Tressis banca privada","description":"Tressis | Planificaci\u00f3n financiera y gesti\u00f3n de patrimonios","publisher":{"@id":"https:\/\/www.tressis.com\/ca\/#organization"},"potentialAction":[{"@type":"SearchAction","target":{"@type":"EntryPoint","urlTemplate":"https:\/\/www.tressis.com\/ca\/?s={search_term_string}"},"query-input":{"@type":"PropertyValueSpecification","valueRequired":true,"valueName":"search_term_string"}}],"inLanguage":"ca"},{"@type":"Organization","@id":"https:\/\/www.tressis.com\/ca\/#organization","name":"Tressis","url":"https:\/\/www.tressis.com\/ca\/","logo":{"@type":"ImageObject","inLanguage":"ca","@id":"https:\/\/www.tressis.com\/ca\/#\/schema\/logo\/image\/","url":"https:\/\/www.tressis.com\/wp-content\/uploads\/2025\/06\/logo-tressis-112.png","contentUrl":"https:\/\/www.tressis.com\/wp-content\/uploads\/2025\/06\/logo-tressis-112.png","width":112,"height":112,"caption":"Tressis"},"image":{"@id":"https:\/\/www.tressis.com\/ca\/#\/schema\/logo\/image\/"},"sameAs":["https:\/\/www.facebook.com\/Tressis\/","https:\/\/x.com\/TressisSV","https:\/\/www.instagram.com\/tressissv\/?hl=es","https:\/\/linkedin.com\/company\/tressis\/","https:\/\/www.youtube.com\/user\/tressissv","https:\/\/open.spotify.com\/show\/3jmTe1Nf0wqMILl7diWV6h?si=d7112519f13c4593&nd=1"]},{"@type":"Person","@id":"https:\/\/www.tressis.com\/ca\/#\/schema\/person\/b833c1d724d8764920b6d6852c70584e","name":"Lola","image":{"@type":"ImageObject","inLanguage":"ca","@id":"https:\/\/secure.gravatar.com\/avatar\/05e646486b23ff45df9649110609c7e31b8c4a3e2821caa23d6317f405e0c51d?s=96&d=mm&r=g","url":"https:\/\/secure.gravatar.com\/avatar\/05e646486b23ff45df9649110609c7e31b8c4a3e2821caa23d6317f405e0c51d?s=96&d=mm&r=g","contentUrl":"https:\/\/secure.gravatar.com\/avatar\/05e646486b23ff45df9649110609c7e31b8c4a3e2821caa23d6317f405e0c51d?s=96&d=mm&r=g","caption":"Lola"}}]}},"_links":{"self":[{"href":"https:\/\/www.tressis.com\/ca\/wp-json\/wp\/v2\/posts\/34769","targetHints":{"allow":["GET"]}}],"collection":[{"href":"https:\/\/www.tressis.com\/ca\/wp-json\/wp\/v2\/posts"}],"about":[{"href":"https:\/\/www.tressis.com\/ca\/wp-json\/wp\/v2\/types\/post"}],"author":[{"embeddable":true,"href":"https:\/\/www.tressis.com\/ca\/wp-json\/wp\/v2\/users\/4"}],"replies":[{"embeddable":true,"href":"https:\/\/www.tressis.com\/ca\/wp-json\/wp\/v2\/comments?post=34769"}],"version-history":[{"count":0,"href":"https:\/\/www.tressis.com\/ca\/wp-json\/wp\/v2\/posts\/34769\/revisions"}],"wp:featuredmedia":[{"embeddable":true,"href":"https:\/\/www.tressis.com\/ca\/wp-json\/wp\/v2\/media\/34770"}],"wp:attachment":[{"href":"https:\/\/www.tressis.com\/ca\/wp-json\/wp\/v2\/media?parent=34769"}],"wp:term":[{"taxonomy":"category","embeddable":true,"href":"https:\/\/www.tressis.com\/ca\/wp-json\/wp\/v2\/categories?post=34769"},{"taxonomy":"post_tag","embeddable":true,"href":"https:\/\/www.tressis.com\/ca\/wp-json\/wp\/v2\/tags?post=34769"}],"curies":[{"name":"wp","href":"https:\/\/api.w.org\/{rel}","templated":true}]}}