{"id":34714,"date":"2020-07-09T10:53:31","date_gmt":"2020-07-09T08:53:31","guid":{"rendered":"http:\/\/www.tressis.com\/blog\/?p=34714"},"modified":"2020-07-09T10:53:31","modified_gmt":"2020-07-09T08:53:31","slug":"habra-nuevo-inquilino-en-despacho-oval","status":"publish","type":"post","link":"https:\/\/www.tressis.com\/ca\/blog\/habra-nuevo-inquilino-en-despacho-oval\/","title":{"rendered":"\u00bfHabr\u00e1 nuevo inquilino en el despacho oval?"},"content":{"rendered":"<p>La incertidumbre es mala consejera y, en este caso, est\u00e1 siendo consejera de unos mercados que muestran sus dudas, con optimismo y pesimismo a partes casi iguales.<!--more--><\/p>\n<p>Ayer fue una sesi\u00f3n negativa para los mercados europeos, con cierto miedo a los focos de contagio con los correspondientes confinamientos locales que se est\u00e1n teniendo que imponer, ya no solo en Espa\u00f1a. Sin embargo, la sesi\u00f3n norteamericana consigui\u00f3 dejar atr\u00e1s las dudas y avanzar, liderada por las compa\u00f1\u00edas tecnol\u00f3gicas. Siempre la tecnolog\u00eda. Y esto en un d\u00eda en el que Estados Unidos volv\u00eda a marcar su m\u00e1ximo en contagios diarios con m\u00e1s de 63.000, afectando ya esta enfermedad a unos tres millones de personas. Desde Washington se afanan en contarnos que las medidas que se est\u00e1n tomando est\u00e1n siendo efectivas, pero debemos ser muy cautos con esta situaci\u00f3n.<\/p>\n<p>Pero no solo Estados Unidos vive la crisis de la COVID-19. Brasil, el pa\u00eds m\u00e1s poblado de Sudam\u00e9rica, comienza a mostrar unos n\u00fameros altamente preocupantes y hasta Jair Bolsonaro, esc\u00e9ptico con respecto a la enfermedad, ha sido diagnosticado como contagiado.<\/p>\n<p>En medio de esta pandemia que lleva ocupando nuestras l\u00edneas pr\u00e1cticamente seis meses, Joe Biden candidato dem\u00f3crata a la Casa Blanca, presenta hoy su programa para tratar de derrotar a Donald Trump y convertirse, en ese caso, en el 46\u00ba presidente del pa\u00eds. Si bien las encuestas ya le dan opciones reales de batir al actual inquilino del despacho oval, parece que Biden, buscando captar un mayor voto de los indecisos, ha decidido presentar un programa moderado, dejando las propuestas m\u00e1s ligadas a la izquierda para otro momento.<\/p>\n<p>Y, finalmente en Europa, los est\u00edmulos de los diferentes pa\u00edses contin\u00faan siendo la clave. Ayer fue el turno del Reino Unido, que anunciaba un nuevo paquete de 30.000 millones de libras muy enfocados a la recuperaci\u00f3n del consumo y la inversi\u00f3n en bienes ra\u00edces.<\/p>\n<p>Buen jueves.<\/p>\n<p><center><strong>M\u00aa Salom\u00e9 Bouzas Romero<\/strong><br \/>\nAnalista<\/center><\/p>\n","protected":false},"excerpt":{"rendered":"<p>La incertidumbre es mala consejera y, en este caso, est\u00e1 siendo consejera de unos mercados que muestran sus dudas, con optimismo y pesimismo a partes casi iguales.<\/p>\n","protected":false},"author":4,"featured_media":34715,"comment_status":"open","ping_status":"closed","sticky":false,"template":"","format":"standard","meta":{"_acf_changed":false,"footnotes":""},"categories":[9721],"tags":[],"class_list":["post-34714","post","type-post","status-publish","format-standard","has-post-thumbnail","hentry","category-morning-meeting"],"acf":[],"yoast_head":"<!-- This site is optimized with the Yoast SEO plugin v27.5 - https:\/\/yoast.com\/product\/yoast-seo-wordpress\/ -->\n<title>\u00bfHabr\u00e1 nuevo inquilino en el despacho oval?<\/title>\n<meta name=\"description\" content=\"Joe Biden, candidato dem\u00f3crata a la Casa Blanca, presenta hoy su programa para tratar de derrotar a Donald Trump.\" \/>\n<meta name=\"robots\" content=\"index, follow, max-snippet:-1, max-image-preview:large, max-video-preview:-1\" \/>\n<link rel=\"canonical\" href=\"https:\/\/www.tressis.com\/ca\/blog\/habra-nuevo-inquilino-en-despacho-oval\/\" \/>\n<meta property=\"og:locale\" content=\"ca_ES\" \/>\n<meta property=\"og:type\" content=\"article\" \/>\n<meta property=\"og:title\" content=\"\u00bfHabr\u00e1 nuevo inquilino en el despacho oval?\" \/>\n<meta property=\"og:description\" content=\"Joe Biden, candidato dem\u00f3crata a la Casa Blanca, presenta hoy su programa para tratar de derrotar a Donald Trump.\" \/>\n<meta property=\"og:url\" content=\"https:\/\/www.tressis.com\/ca\/blog\/habra-nuevo-inquilino-en-despacho-oval\/\" \/>\n<meta property=\"og:site_name\" content=\"Tressis\" \/>\n<meta property=\"article:publisher\" content=\"https:\/\/www.facebook.com\/Tressis\/\" \/>\n<meta property=\"article:published_time\" content=\"2020-07-09T08:53:31+00:00\" \/>\n<meta property=\"og:image\" content=\"https:\/\/www.tressis.com\/wp-content\/uploads\/2020\/07\/20200709-joe-biden.jpg\" \/>\n\t<meta property=\"og:image:width\" content=\"1100\" \/>\n\t<meta property=\"og:image:height\" content=\"487\" \/>\n\t<meta property=\"og:image:type\" content=\"image\/jpeg\" \/>\n<meta name=\"author\" content=\"Lola\" \/>\n<meta name=\"twitter:card\" content=\"summary_large_image\" \/>\n<meta name=\"twitter:creator\" content=\"@TressisSV\" \/>\n<meta name=\"twitter:site\" content=\"@TressisSV\" \/>\n<meta name=\"twitter:label1\" content=\"Escrit per\" \/>\n\t<meta name=\"twitter:data1\" content=\"Lola\" \/>\n\t<meta name=\"twitter:label2\" content=\"Temps estimat de lectura\" \/>\n\t<meta name=\"twitter:data2\" content=\"2 minuts\" \/>\n<script type=\"application\/ld+json\" class=\"yoast-schema-graph\">{\"@context\":\"https:\\\/\\\/schema.org\",\"@graph\":[{\"@type\":\"Article\",\"@id\":\"https:\\\/\\\/www.tressis.com\\\/ca\\\/blog\\\/habra-nuevo-inquilino-en-despacho-oval\\\/#article\",\"isPartOf\":{\"@id\":\"https:\\\/\\\/www.tressis.com\\\/ca\\\/blog\\\/habra-nuevo-inquilino-en-despacho-oval\\\/\"},\"author\":{\"name\":\"Lola\",\"@id\":\"https:\\\/\\\/www.tressis.com\\\/ca\\\/#\\\/schema\\\/person\\\/b833c1d724d8764920b6d6852c70584e\"},\"headline\":\"\u00bfHabr\u00e1 nuevo inquilino en el despacho oval?\",\"datePublished\":\"2020-07-09T08:53:31+00:00\",\"mainEntityOfPage\":{\"@id\":\"https:\\\/\\\/www.tressis.com\\\/ca\\\/blog\\\/habra-nuevo-inquilino-en-despacho-oval\\\/\"},\"wordCount\":350,\"commentCount\":0,\"publisher\":{\"@id\":\"https:\\\/\\\/www.tressis.com\\\/ca\\\/#organization\"},\"image\":{\"@id\":\"https:\\\/\\\/www.tressis.com\\\/ca\\\/blog\\\/habra-nuevo-inquilino-en-despacho-oval\\\/#primaryimage\"},\"thumbnailUrl\":\"https:\\\/\\\/www.tressis.com\\\/wp-content\\\/uploads\\\/2020\\\/07\\\/20200709-joe-biden.jpg\",\"articleSection\":[\"Morning meeting\"],\"inLanguage\":\"ca\",\"potentialAction\":[{\"@type\":\"CommentAction\",\"name\":\"Comment\",\"target\":[\"https:\\\/\\\/www.tressis.com\\\/ca\\\/blog\\\/habra-nuevo-inquilino-en-despacho-oval\\\/#respond\"]}]},{\"@type\":\"WebPage\",\"@id\":\"https:\\\/\\\/www.tressis.com\\\/ca\\\/blog\\\/habra-nuevo-inquilino-en-despacho-oval\\\/\",\"url\":\"https:\\\/\\\/www.tressis.com\\\/ca\\\/blog\\\/habra-nuevo-inquilino-en-despacho-oval\\\/\",\"name\":\"\u00bfHabr\u00e1 nuevo inquilino en el despacho oval?\",\"isPartOf\":{\"@id\":\"https:\\\/\\\/www.tressis.com\\\/ca\\\/#website\"},\"primaryImageOfPage\":{\"@id\":\"https:\\\/\\\/www.tressis.com\\\/ca\\\/blog\\\/habra-nuevo-inquilino-en-despacho-oval\\\/#primaryimage\"},\"image\":{\"@id\":\"https:\\\/\\\/www.tressis.com\\\/ca\\\/blog\\\/habra-nuevo-inquilino-en-despacho-oval\\\/#primaryimage\"},\"thumbnailUrl\":\"https:\\\/\\\/www.tressis.com\\\/wp-content\\\/uploads\\\/2020\\\/07\\\/20200709-joe-biden.jpg\",\"datePublished\":\"2020-07-09T08:53:31+00:00\",\"description\":\"Joe Biden, candidato dem\u00f3crata a la Casa Blanca, presenta hoy su programa para tratar de derrotar a Donald Trump.\",\"breadcrumb\":{\"@id\":\"https:\\\/\\\/www.tressis.com\\\/ca\\\/blog\\\/habra-nuevo-inquilino-en-despacho-oval\\\/#breadcrumb\"},\"inLanguage\":\"ca\",\"potentialAction\":[{\"@type\":\"ReadAction\",\"target\":[\"https:\\\/\\\/www.tressis.com\\\/ca\\\/blog\\\/habra-nuevo-inquilino-en-despacho-oval\\\/\"]}]},{\"@type\":\"ImageObject\",\"inLanguage\":\"ca\",\"@id\":\"https:\\\/\\\/www.tressis.com\\\/ca\\\/blog\\\/habra-nuevo-inquilino-en-despacho-oval\\\/#primaryimage\",\"url\":\"https:\\\/\\\/www.tressis.com\\\/wp-content\\\/uploads\\\/2020\\\/07\\\/20200709-joe-biden.jpg\",\"contentUrl\":\"https:\\\/\\\/www.tressis.com\\\/wp-content\\\/uploads\\\/2020\\\/07\\\/20200709-joe-biden.jpg\",\"width\":1100,\"height\":487,\"caption\":\"\u00bfHabr\u00e1 nuevo inquilino en el despacho oval?\"},{\"@type\":\"BreadcrumbList\",\"@id\":\"https:\\\/\\\/www.tressis.com\\\/ca\\\/blog\\\/habra-nuevo-inquilino-en-despacho-oval\\\/#breadcrumb\",\"itemListElement\":[{\"@type\":\"ListItem\",\"position\":1,\"name\":\"Inicio\",\"item\":\"https:\\\/\\\/www.tressis.com\\\/ca\\\/\"},{\"@type\":\"ListItem\",\"position\":2,\"name\":\"\u00bfHabr\u00e1 nuevo inquilino en el despacho oval?\"}]},{\"@type\":\"WebSite\",\"@id\":\"https:\\\/\\\/www.tressis.com\\\/ca\\\/#website\",\"url\":\"https:\\\/\\\/www.tressis.com\\\/ca\\\/\",\"name\":\"Tressis banca privada\",\"description\":\"Tressis | Planificaci\u00f3n financiera y gesti\u00f3n de patrimonios\",\"publisher\":{\"@id\":\"https:\\\/\\\/www.tressis.com\\\/ca\\\/#organization\"},\"potentialAction\":[{\"@type\":\"SearchAction\",\"target\":{\"@type\":\"EntryPoint\",\"urlTemplate\":\"https:\\\/\\\/www.tressis.com\\\/ca\\\/?s={search_term_string}\"},\"query-input\":{\"@type\":\"PropertyValueSpecification\",\"valueRequired\":true,\"valueName\":\"search_term_string\"}}],\"inLanguage\":\"ca\"},{\"@type\":\"Organization\",\"@id\":\"https:\\\/\\\/www.tressis.com\\\/ca\\\/#organization\",\"name\":\"Tressis\",\"url\":\"https:\\\/\\\/www.tressis.com\\\/ca\\\/\",\"logo\":{\"@type\":\"ImageObject\",\"inLanguage\":\"ca\",\"@id\":\"https:\\\/\\\/www.tressis.com\\\/ca\\\/#\\\/schema\\\/logo\\\/image\\\/\",\"url\":\"https:\\\/\\\/www.tressis.com\\\/wp-content\\\/uploads\\\/2025\\\/06\\\/logo-tressis-112.png\",\"contentUrl\":\"https:\\\/\\\/www.tressis.com\\\/wp-content\\\/uploads\\\/2025\\\/06\\\/logo-tressis-112.png\",\"width\":112,\"height\":112,\"caption\":\"Tressis\"},\"image\":{\"@id\":\"https:\\\/\\\/www.tressis.com\\\/ca\\\/#\\\/schema\\\/logo\\\/image\\\/\"},\"sameAs\":[\"https:\\\/\\\/www.facebook.com\\\/Tressis\\\/\",\"https:\\\/\\\/x.com\\\/TressisSV\",\"https:\\\/\\\/www.instagram.com\\\/tressissv\\\/?hl=es\",\"https:\\\/\\\/linkedin.com\\\/company\\\/tressis\\\/\",\"https:\\\/\\\/www.youtube.com\\\/user\\\/tressissv\",\"https:\\\/\\\/open.spotify.com\\\/show\\\/3jmTe1Nf0wqMILl7diWV6h?si=d7112519f13c4593&nd=1\"]},{\"@type\":\"Person\",\"@id\":\"https:\\\/\\\/www.tressis.com\\\/ca\\\/#\\\/schema\\\/person\\\/b833c1d724d8764920b6d6852c70584e\",\"name\":\"Lola\",\"image\":{\"@type\":\"ImageObject\",\"inLanguage\":\"ca\",\"@id\":\"https:\\\/\\\/secure.gravatar.com\\\/avatar\\\/05e646486b23ff45df9649110609c7e31b8c4a3e2821caa23d6317f405e0c51d?s=96&d=mm&r=g\",\"url\":\"https:\\\/\\\/secure.gravatar.com\\\/avatar\\\/05e646486b23ff45df9649110609c7e31b8c4a3e2821caa23d6317f405e0c51d?s=96&d=mm&r=g\",\"contentUrl\":\"https:\\\/\\\/secure.gravatar.com\\\/avatar\\\/05e646486b23ff45df9649110609c7e31b8c4a3e2821caa23d6317f405e0c51d?s=96&d=mm&r=g\",\"caption\":\"Lola\"}}]}<\/script>\n<!-- \/ Yoast SEO plugin. -->","yoast_head_json":{"title":"\u00bfHabr\u00e1 nuevo inquilino en el despacho oval?","description":"Joe Biden, candidato dem\u00f3crata a la Casa Blanca, presenta hoy su programa para tratar de derrotar a Donald Trump.","robots":{"index":"index","follow":"follow","max-snippet":"max-snippet:-1","max-image-preview":"max-image-preview:large","max-video-preview":"max-video-preview:-1"},"canonical":"https:\/\/www.tressis.com\/ca\/blog\/habra-nuevo-inquilino-en-despacho-oval\/","og_locale":"ca_ES","og_type":"article","og_title":"\u00bfHabr\u00e1 nuevo inquilino en el despacho oval?","og_description":"Joe Biden, candidato dem\u00f3crata a la Casa Blanca, presenta hoy su programa para tratar de derrotar a Donald Trump.","og_url":"https:\/\/www.tressis.com\/ca\/blog\/habra-nuevo-inquilino-en-despacho-oval\/","og_site_name":"Tressis","article_publisher":"https:\/\/www.facebook.com\/Tressis\/","article_published_time":"2020-07-09T08:53:31+00:00","og_image":[{"width":1100,"height":487,"url":"https:\/\/www.tressis.com\/wp-content\/uploads\/2020\/07\/20200709-joe-biden.jpg","type":"image\/jpeg"}],"author":"Lola","twitter_card":"summary_large_image","twitter_creator":"@TressisSV","twitter_site":"@TressisSV","twitter_misc":{"Escrit per":"Lola","Temps estimat de lectura":"2 minuts"},"schema":{"@context":"https:\/\/schema.org","@graph":[{"@type":"Article","@id":"https:\/\/www.tressis.com\/ca\/blog\/habra-nuevo-inquilino-en-despacho-oval\/#article","isPartOf":{"@id":"https:\/\/www.tressis.com\/ca\/blog\/habra-nuevo-inquilino-en-despacho-oval\/"},"author":{"name":"Lola","@id":"https:\/\/www.tressis.com\/ca\/#\/schema\/person\/b833c1d724d8764920b6d6852c70584e"},"headline":"\u00bfHabr\u00e1 nuevo inquilino en el despacho oval?","datePublished":"2020-07-09T08:53:31+00:00","mainEntityOfPage":{"@id":"https:\/\/www.tressis.com\/ca\/blog\/habra-nuevo-inquilino-en-despacho-oval\/"},"wordCount":350,"commentCount":0,"publisher":{"@id":"https:\/\/www.tressis.com\/ca\/#organization"},"image":{"@id":"https:\/\/www.tressis.com\/ca\/blog\/habra-nuevo-inquilino-en-despacho-oval\/#primaryimage"},"thumbnailUrl":"https:\/\/www.tressis.com\/wp-content\/uploads\/2020\/07\/20200709-joe-biden.jpg","articleSection":["Morning meeting"],"inLanguage":"ca","potentialAction":[{"@type":"CommentAction","name":"Comment","target":["https:\/\/www.tressis.com\/ca\/blog\/habra-nuevo-inquilino-en-despacho-oval\/#respond"]}]},{"@type":"WebPage","@id":"https:\/\/www.tressis.com\/ca\/blog\/habra-nuevo-inquilino-en-despacho-oval\/","url":"https:\/\/www.tressis.com\/ca\/blog\/habra-nuevo-inquilino-en-despacho-oval\/","name":"\u00bfHabr\u00e1 nuevo inquilino en el despacho oval?","isPartOf":{"@id":"https:\/\/www.tressis.com\/ca\/#website"},"primaryImageOfPage":{"@id":"https:\/\/www.tressis.com\/ca\/blog\/habra-nuevo-inquilino-en-despacho-oval\/#primaryimage"},"image":{"@id":"https:\/\/www.tressis.com\/ca\/blog\/habra-nuevo-inquilino-en-despacho-oval\/#primaryimage"},"thumbnailUrl":"https:\/\/www.tressis.com\/wp-content\/uploads\/2020\/07\/20200709-joe-biden.jpg","datePublished":"2020-07-09T08:53:31+00:00","description":"Joe Biden, candidato dem\u00f3crata a la Casa Blanca, presenta hoy su programa para tratar de derrotar a Donald Trump.","breadcrumb":{"@id":"https:\/\/www.tressis.com\/ca\/blog\/habra-nuevo-inquilino-en-despacho-oval\/#breadcrumb"},"inLanguage":"ca","potentialAction":[{"@type":"ReadAction","target":["https:\/\/www.tressis.com\/ca\/blog\/habra-nuevo-inquilino-en-despacho-oval\/"]}]},{"@type":"ImageObject","inLanguage":"ca","@id":"https:\/\/www.tressis.com\/ca\/blog\/habra-nuevo-inquilino-en-despacho-oval\/#primaryimage","url":"https:\/\/www.tressis.com\/wp-content\/uploads\/2020\/07\/20200709-joe-biden.jpg","contentUrl":"https:\/\/www.tressis.com\/wp-content\/uploads\/2020\/07\/20200709-joe-biden.jpg","width":1100,"height":487,"caption":"\u00bfHabr\u00e1 nuevo inquilino en el despacho oval?"},{"@type":"BreadcrumbList","@id":"https:\/\/www.tressis.com\/ca\/blog\/habra-nuevo-inquilino-en-despacho-oval\/#breadcrumb","itemListElement":[{"@type":"ListItem","position":1,"name":"Inicio","item":"https:\/\/www.tressis.com\/ca\/"},{"@type":"ListItem","position":2,"name":"\u00bfHabr\u00e1 nuevo inquilino en el despacho oval?"}]},{"@type":"WebSite","@id":"https:\/\/www.tressis.com\/ca\/#website","url":"https:\/\/www.tressis.com\/ca\/","name":"Tressis banca privada","description":"Tressis | Planificaci\u00f3n financiera y gesti\u00f3n de patrimonios","publisher":{"@id":"https:\/\/www.tressis.com\/ca\/#organization"},"potentialAction":[{"@type":"SearchAction","target":{"@type":"EntryPoint","urlTemplate":"https:\/\/www.tressis.com\/ca\/?s={search_term_string}"},"query-input":{"@type":"PropertyValueSpecification","valueRequired":true,"valueName":"search_term_string"}}],"inLanguage":"ca"},{"@type":"Organization","@id":"https:\/\/www.tressis.com\/ca\/#organization","name":"Tressis","url":"https:\/\/www.tressis.com\/ca\/","logo":{"@type":"ImageObject","inLanguage":"ca","@id":"https:\/\/www.tressis.com\/ca\/#\/schema\/logo\/image\/","url":"https:\/\/www.tressis.com\/wp-content\/uploads\/2025\/06\/logo-tressis-112.png","contentUrl":"https:\/\/www.tressis.com\/wp-content\/uploads\/2025\/06\/logo-tressis-112.png","width":112,"height":112,"caption":"Tressis"},"image":{"@id":"https:\/\/www.tressis.com\/ca\/#\/schema\/logo\/image\/"},"sameAs":["https:\/\/www.facebook.com\/Tressis\/","https:\/\/x.com\/TressisSV","https:\/\/www.instagram.com\/tressissv\/?hl=es","https:\/\/linkedin.com\/company\/tressis\/","https:\/\/www.youtube.com\/user\/tressissv","https:\/\/open.spotify.com\/show\/3jmTe1Nf0wqMILl7diWV6h?si=d7112519f13c4593&nd=1"]},{"@type":"Person","@id":"https:\/\/www.tressis.com\/ca\/#\/schema\/person\/b833c1d724d8764920b6d6852c70584e","name":"Lola","image":{"@type":"ImageObject","inLanguage":"ca","@id":"https:\/\/secure.gravatar.com\/avatar\/05e646486b23ff45df9649110609c7e31b8c4a3e2821caa23d6317f405e0c51d?s=96&d=mm&r=g","url":"https:\/\/secure.gravatar.com\/avatar\/05e646486b23ff45df9649110609c7e31b8c4a3e2821caa23d6317f405e0c51d?s=96&d=mm&r=g","contentUrl":"https:\/\/secure.gravatar.com\/avatar\/05e646486b23ff45df9649110609c7e31b8c4a3e2821caa23d6317f405e0c51d?s=96&d=mm&r=g","caption":"Lola"}}]}},"_links":{"self":[{"href":"https:\/\/www.tressis.com\/ca\/wp-json\/wp\/v2\/posts\/34714","targetHints":{"allow":["GET"]}}],"collection":[{"href":"https:\/\/www.tressis.com\/ca\/wp-json\/wp\/v2\/posts"}],"about":[{"href":"https:\/\/www.tressis.com\/ca\/wp-json\/wp\/v2\/types\/post"}],"author":[{"embeddable":true,"href":"https:\/\/www.tressis.com\/ca\/wp-json\/wp\/v2\/users\/4"}],"replies":[{"embeddable":true,"href":"https:\/\/www.tressis.com\/ca\/wp-json\/wp\/v2\/comments?post=34714"}],"version-history":[{"count":0,"href":"https:\/\/www.tressis.com\/ca\/wp-json\/wp\/v2\/posts\/34714\/revisions"}],"wp:featuredmedia":[{"embeddable":true,"href":"https:\/\/www.tressis.com\/ca\/wp-json\/wp\/v2\/media\/34715"}],"wp:attachment":[{"href":"https:\/\/www.tressis.com\/ca\/wp-json\/wp\/v2\/media?parent=34714"}],"wp:term":[{"taxonomy":"category","embeddable":true,"href":"https:\/\/www.tressis.com\/ca\/wp-json\/wp\/v2\/categories?post=34714"},{"taxonomy":"post_tag","embeddable":true,"href":"https:\/\/www.tressis.com\/ca\/wp-json\/wp\/v2\/tags?post=34714"}],"curies":[{"name":"wp","href":"https:\/\/api.w.org\/{rel}","templated":true}]}}