{"id":34689,"date":"2020-07-07T11:06:08","date_gmt":"2020-07-07T09:06:08","guid":{"rendered":"http:\/\/www.tressis.com\/blog\/?p=34689"},"modified":"2020-07-07T11:06:08","modified_gmt":"2020-07-07T09:06:08","slug":"el-ism-no-manufacturero-sorprendia-al-alza","status":"publish","type":"post","link":"https:\/\/www.tressis.com\/ca\/blog\/el-ism-no-manufacturero-sorprendia-al-alza\/","title":{"rendered":"El ISM no manufacturero sorprend\u00eda al alza"},"content":{"rendered":"<p>Renovado optimismo en los mercados tras el fin de semana festivo por excelencia en Estados Unidos.<!--more--><\/p>\n<p>Las bolsas mostraban avances importantes, liderados, en gran parte, por sectores c\u00edclicos, pudiendo ser explicados por los datos macroecon\u00f3micos que estamos conociendo. Por un lado, el ISM no manufacturero sorprend\u00eda al alza al alcanzar los 57 puntos. No obstante, debemos tener en cuenta que las encuestas realizadas para el c\u00e1lculo de este indicador se hicieron antes de la marcha atr\u00e1s en el proceso de desescalada de algunos Estados relevantes, por lo que es posible que en futuras lecturas se produzca un nuevo deterioro. En cualquier caso, si lo sumamos a los buenos datos de empleo entendemos que se conviertan en la excusa que los inversores necesitan para ver el vaso medio lleno.<\/p>\n<p>En Europa la t\u00f3nica era muy similar. En este caso era una medida del sentimiento la que romp\u00eda las expectativas: el IFO alem\u00e1n mostraba el mayor optimismo en las compa\u00f1\u00edas industriales desde la reunificaci\u00f3n germana.<\/p>\n<p>Como siempre, debemos hacer nuestro <i>disclaimer<\/i> particular, porque esto (de la COVID-19) no ha acabado. La gesti\u00f3n de los rebrotes no se antoja nada f\u00e1cil y, de hecho, ya estamos viendo nuevos confinamientos locales en muchos pa\u00edses del mundo. En los mercados financieros, como ya hemos visto muchas veces, no hace falta ni media excusa para que los osos vuelvan a estar con nosotros.<\/p>\n<p>Buen martes.<\/p>\n<p><center><strong>M\u00aa Salom\u00e9 Bouzas Romero<\/strong><br \/>\nAnalista<\/center><\/p>\n","protected":false},"excerpt":{"rendered":"<p>Renovado optimismo en los mercados tras el fin de semana festivo por excelencia en Estados Unidos.<\/p>\n","protected":false},"author":4,"featured_media":34690,"comment_status":"open","ping_status":"closed","sticky":false,"template":"","format":"standard","meta":{"_acf_changed":false,"footnotes":""},"categories":[9721],"tags":[],"class_list":["post-34689","post","type-post","status-publish","format-standard","has-post-thumbnail","hentry","category-morning-meeting"],"acf":[],"yoast_head":"<!-- This site is optimized with the Yoast SEO plugin v27.5 - https:\/\/yoast.com\/product\/yoast-seo-wordpress\/ -->\n<title>El ISM no manufacturero sorprend\u00eda al alza<\/title>\n<meta name=\"description\" content=\"El ISM no manufacturero sorprend\u00eda al alza al alcanzar los 57 puntos. No obstante, debemos tener en cuenta que las encuestas realizadas para el c\u00e1lculo de este indicador se realizaron antes de la marcha atr\u00e1s en el proceso de desescalada de algunos estados relevantes, por lo que es posible que en futuras lecturas se produzca un nuevo deterioro.\" \/>\n<meta name=\"robots\" content=\"index, follow, max-snippet:-1, max-image-preview:large, max-video-preview:-1\" \/>\n<link rel=\"canonical\" href=\"https:\/\/www.tressis.com\/ca\/blog\/el-ism-no-manufacturero-sorprendia-al-alza\/\" \/>\n<meta property=\"og:locale\" content=\"ca_ES\" \/>\n<meta property=\"og:type\" content=\"article\" \/>\n<meta property=\"og:title\" content=\"El ISM no manufacturero sorprend\u00eda al alza\" \/>\n<meta property=\"og:description\" content=\"El ISM no manufacturero sorprend\u00eda al alza al alcanzar los 57 puntos. No obstante, debemos tener en cuenta que las encuestas realizadas para el c\u00e1lculo de este indicador se realizaron antes de la marcha atr\u00e1s en el proceso de desescalada de algunos estados relevantes, por lo que es posible que en futuras lecturas se produzca un nuevo deterioro.\" \/>\n<meta property=\"og:url\" content=\"https:\/\/www.tressis.com\/ca\/blog\/el-ism-no-manufacturero-sorprendia-al-alza\/\" \/>\n<meta property=\"og:site_name\" content=\"Tressis\" \/>\n<meta property=\"article:publisher\" content=\"https:\/\/www.facebook.com\/Tressis\/\" \/>\n<meta property=\"article:published_time\" content=\"2020-07-07T09:06:08+00:00\" \/>\n<meta property=\"og:image\" content=\"https:\/\/www.tressis.com\/wp-content\/uploads\/2020\/07\/20200707-ism-no-facturero.jpg\" \/>\n\t<meta property=\"og:image:width\" content=\"1100\" \/>\n\t<meta property=\"og:image:height\" content=\"487\" \/>\n\t<meta property=\"og:image:type\" content=\"image\/jpeg\" \/>\n<meta name=\"author\" content=\"Lola\" \/>\n<meta name=\"twitter:card\" content=\"summary_large_image\" \/>\n<meta name=\"twitter:creator\" content=\"@TressisSV\" \/>\n<meta name=\"twitter:site\" content=\"@TressisSV\" \/>\n<meta name=\"twitter:label1\" content=\"Escrit per\" \/>\n\t<meta name=\"twitter:data1\" content=\"Lola\" \/>\n\t<meta name=\"twitter:label2\" content=\"Temps estimat de lectura\" \/>\n\t<meta name=\"twitter:data2\" content=\"1 minut\" \/>\n<script type=\"application\/ld+json\" class=\"yoast-schema-graph\">{\"@context\":\"https:\\\/\\\/schema.org\",\"@graph\":[{\"@type\":\"Article\",\"@id\":\"https:\\\/\\\/www.tressis.com\\\/ca\\\/blog\\\/el-ism-no-manufacturero-sorprendia-al-alza\\\/#article\",\"isPartOf\":{\"@id\":\"https:\\\/\\\/www.tressis.com\\\/ca\\\/blog\\\/el-ism-no-manufacturero-sorprendia-al-alza\\\/\"},\"author\":{\"name\":\"Lola\",\"@id\":\"https:\\\/\\\/www.tressis.com\\\/ca\\\/#\\\/schema\\\/person\\\/b833c1d724d8764920b6d6852c70584e\"},\"headline\":\"El ISM no manufacturero sorprend\u00eda al alza\",\"datePublished\":\"2020-07-07T09:06:08+00:00\",\"mainEntityOfPage\":{\"@id\":\"https:\\\/\\\/www.tressis.com\\\/ca\\\/blog\\\/el-ism-no-manufacturero-sorprendia-al-alza\\\/\"},\"wordCount\":254,\"commentCount\":0,\"publisher\":{\"@id\":\"https:\\\/\\\/www.tressis.com\\\/ca\\\/#organization\"},\"image\":{\"@id\":\"https:\\\/\\\/www.tressis.com\\\/ca\\\/blog\\\/el-ism-no-manufacturero-sorprendia-al-alza\\\/#primaryimage\"},\"thumbnailUrl\":\"https:\\\/\\\/www.tressis.com\\\/wp-content\\\/uploads\\\/2020\\\/07\\\/20200707-ism-no-facturero.jpg\",\"articleSection\":[\"Morning meeting\"],\"inLanguage\":\"ca\",\"potentialAction\":[{\"@type\":\"CommentAction\",\"name\":\"Comment\",\"target\":[\"https:\\\/\\\/www.tressis.com\\\/ca\\\/blog\\\/el-ism-no-manufacturero-sorprendia-al-alza\\\/#respond\"]}]},{\"@type\":\"WebPage\",\"@id\":\"https:\\\/\\\/www.tressis.com\\\/ca\\\/blog\\\/el-ism-no-manufacturero-sorprendia-al-alza\\\/\",\"url\":\"https:\\\/\\\/www.tressis.com\\\/ca\\\/blog\\\/el-ism-no-manufacturero-sorprendia-al-alza\\\/\",\"name\":\"El ISM no manufacturero sorprend\u00eda al alza\",\"isPartOf\":{\"@id\":\"https:\\\/\\\/www.tressis.com\\\/ca\\\/#website\"},\"primaryImageOfPage\":{\"@id\":\"https:\\\/\\\/www.tressis.com\\\/ca\\\/blog\\\/el-ism-no-manufacturero-sorprendia-al-alza\\\/#primaryimage\"},\"image\":{\"@id\":\"https:\\\/\\\/www.tressis.com\\\/ca\\\/blog\\\/el-ism-no-manufacturero-sorprendia-al-alza\\\/#primaryimage\"},\"thumbnailUrl\":\"https:\\\/\\\/www.tressis.com\\\/wp-content\\\/uploads\\\/2020\\\/07\\\/20200707-ism-no-facturero.jpg\",\"datePublished\":\"2020-07-07T09:06:08+00:00\",\"description\":\"El ISM no manufacturero sorprend\u00eda al alza al alcanzar los 57 puntos. No obstante, debemos tener en cuenta que las encuestas realizadas para el c\u00e1lculo de este indicador se realizaron antes de la marcha atr\u00e1s en el proceso de desescalada de algunos estados relevantes, por lo que es posible que en futuras lecturas se produzca un nuevo deterioro.\",\"breadcrumb\":{\"@id\":\"https:\\\/\\\/www.tressis.com\\\/ca\\\/blog\\\/el-ism-no-manufacturero-sorprendia-al-alza\\\/#breadcrumb\"},\"inLanguage\":\"ca\",\"potentialAction\":[{\"@type\":\"ReadAction\",\"target\":[\"https:\\\/\\\/www.tressis.com\\\/ca\\\/blog\\\/el-ism-no-manufacturero-sorprendia-al-alza\\\/\"]}]},{\"@type\":\"ImageObject\",\"inLanguage\":\"ca\",\"@id\":\"https:\\\/\\\/www.tressis.com\\\/ca\\\/blog\\\/el-ism-no-manufacturero-sorprendia-al-alza\\\/#primaryimage\",\"url\":\"https:\\\/\\\/www.tressis.com\\\/wp-content\\\/uploads\\\/2020\\\/07\\\/20200707-ism-no-facturero.jpg\",\"contentUrl\":\"https:\\\/\\\/www.tressis.com\\\/wp-content\\\/uploads\\\/2020\\\/07\\\/20200707-ism-no-facturero.jpg\",\"width\":1100,\"height\":487,\"caption\":\"El ISM no manufacturero sorprend\u00eda al alza\"},{\"@type\":\"BreadcrumbList\",\"@id\":\"https:\\\/\\\/www.tressis.com\\\/ca\\\/blog\\\/el-ism-no-manufacturero-sorprendia-al-alza\\\/#breadcrumb\",\"itemListElement\":[{\"@type\":\"ListItem\",\"position\":1,\"name\":\"Inicio\",\"item\":\"https:\\\/\\\/www.tressis.com\\\/ca\\\/\"},{\"@type\":\"ListItem\",\"position\":2,\"name\":\"El ISM no manufacturero sorprend\u00eda al alza\"}]},{\"@type\":\"WebSite\",\"@id\":\"https:\\\/\\\/www.tressis.com\\\/ca\\\/#website\",\"url\":\"https:\\\/\\\/www.tressis.com\\\/ca\\\/\",\"name\":\"Tressis banca privada\",\"description\":\"Tressis | Planificaci\u00f3n financiera y gesti\u00f3n de patrimonios\",\"publisher\":{\"@id\":\"https:\\\/\\\/www.tressis.com\\\/ca\\\/#organization\"},\"potentialAction\":[{\"@type\":\"SearchAction\",\"target\":{\"@type\":\"EntryPoint\",\"urlTemplate\":\"https:\\\/\\\/www.tressis.com\\\/ca\\\/?s={search_term_string}\"},\"query-input\":{\"@type\":\"PropertyValueSpecification\",\"valueRequired\":true,\"valueName\":\"search_term_string\"}}],\"inLanguage\":\"ca\"},{\"@type\":\"Organization\",\"@id\":\"https:\\\/\\\/www.tressis.com\\\/ca\\\/#organization\",\"name\":\"Tressis\",\"url\":\"https:\\\/\\\/www.tressis.com\\\/ca\\\/\",\"logo\":{\"@type\":\"ImageObject\",\"inLanguage\":\"ca\",\"@id\":\"https:\\\/\\\/www.tressis.com\\\/ca\\\/#\\\/schema\\\/logo\\\/image\\\/\",\"url\":\"https:\\\/\\\/www.tressis.com\\\/wp-content\\\/uploads\\\/2025\\\/06\\\/logo-tressis-112.png\",\"contentUrl\":\"https:\\\/\\\/www.tressis.com\\\/wp-content\\\/uploads\\\/2025\\\/06\\\/logo-tressis-112.png\",\"width\":112,\"height\":112,\"caption\":\"Tressis\"},\"image\":{\"@id\":\"https:\\\/\\\/www.tressis.com\\\/ca\\\/#\\\/schema\\\/logo\\\/image\\\/\"},\"sameAs\":[\"https:\\\/\\\/www.facebook.com\\\/Tressis\\\/\",\"https:\\\/\\\/x.com\\\/TressisSV\",\"https:\\\/\\\/www.instagram.com\\\/tressissv\\\/?hl=es\",\"https:\\\/\\\/linkedin.com\\\/company\\\/tressis\\\/\",\"https:\\\/\\\/www.youtube.com\\\/user\\\/tressissv\",\"https:\\\/\\\/open.spotify.com\\\/show\\\/3jmTe1Nf0wqMILl7diWV6h?si=d7112519f13c4593&nd=1\"]},{\"@type\":\"Person\",\"@id\":\"https:\\\/\\\/www.tressis.com\\\/ca\\\/#\\\/schema\\\/person\\\/b833c1d724d8764920b6d6852c70584e\",\"name\":\"Lola\",\"image\":{\"@type\":\"ImageObject\",\"inLanguage\":\"ca\",\"@id\":\"https:\\\/\\\/secure.gravatar.com\\\/avatar\\\/05e646486b23ff45df9649110609c7e31b8c4a3e2821caa23d6317f405e0c51d?s=96&d=mm&r=g\",\"url\":\"https:\\\/\\\/secure.gravatar.com\\\/avatar\\\/05e646486b23ff45df9649110609c7e31b8c4a3e2821caa23d6317f405e0c51d?s=96&d=mm&r=g\",\"contentUrl\":\"https:\\\/\\\/secure.gravatar.com\\\/avatar\\\/05e646486b23ff45df9649110609c7e31b8c4a3e2821caa23d6317f405e0c51d?s=96&d=mm&r=g\",\"caption\":\"Lola\"}}]}<\/script>\n<!-- \/ Yoast SEO plugin. -->","yoast_head_json":{"title":"El ISM no manufacturero sorprend\u00eda al alza","description":"El ISM no manufacturero sorprend\u00eda al alza al alcanzar los 57 puntos. No obstante, debemos tener en cuenta que las encuestas realizadas para el c\u00e1lculo de este indicador se realizaron antes de la marcha atr\u00e1s en el proceso de desescalada de algunos estados relevantes, por lo que es posible que en futuras lecturas se produzca un nuevo deterioro.","robots":{"index":"index","follow":"follow","max-snippet":"max-snippet:-1","max-image-preview":"max-image-preview:large","max-video-preview":"max-video-preview:-1"},"canonical":"https:\/\/www.tressis.com\/ca\/blog\/el-ism-no-manufacturero-sorprendia-al-alza\/","og_locale":"ca_ES","og_type":"article","og_title":"El ISM no manufacturero sorprend\u00eda al alza","og_description":"El ISM no manufacturero sorprend\u00eda al alza al alcanzar los 57 puntos. No obstante, debemos tener en cuenta que las encuestas realizadas para el c\u00e1lculo de este indicador se realizaron antes de la marcha atr\u00e1s en el proceso de desescalada de algunos estados relevantes, por lo que es posible que en futuras lecturas se produzca un nuevo deterioro.","og_url":"https:\/\/www.tressis.com\/ca\/blog\/el-ism-no-manufacturero-sorprendia-al-alza\/","og_site_name":"Tressis","article_publisher":"https:\/\/www.facebook.com\/Tressis\/","article_published_time":"2020-07-07T09:06:08+00:00","og_image":[{"width":1100,"height":487,"url":"https:\/\/www.tressis.com\/wp-content\/uploads\/2020\/07\/20200707-ism-no-facturero.jpg","type":"image\/jpeg"}],"author":"Lola","twitter_card":"summary_large_image","twitter_creator":"@TressisSV","twitter_site":"@TressisSV","twitter_misc":{"Escrit per":"Lola","Temps estimat de lectura":"1 minut"},"schema":{"@context":"https:\/\/schema.org","@graph":[{"@type":"Article","@id":"https:\/\/www.tressis.com\/ca\/blog\/el-ism-no-manufacturero-sorprendia-al-alza\/#article","isPartOf":{"@id":"https:\/\/www.tressis.com\/ca\/blog\/el-ism-no-manufacturero-sorprendia-al-alza\/"},"author":{"name":"Lola","@id":"https:\/\/www.tressis.com\/ca\/#\/schema\/person\/b833c1d724d8764920b6d6852c70584e"},"headline":"El ISM no manufacturero sorprend\u00eda al alza","datePublished":"2020-07-07T09:06:08+00:00","mainEntityOfPage":{"@id":"https:\/\/www.tressis.com\/ca\/blog\/el-ism-no-manufacturero-sorprendia-al-alza\/"},"wordCount":254,"commentCount":0,"publisher":{"@id":"https:\/\/www.tressis.com\/ca\/#organization"},"image":{"@id":"https:\/\/www.tressis.com\/ca\/blog\/el-ism-no-manufacturero-sorprendia-al-alza\/#primaryimage"},"thumbnailUrl":"https:\/\/www.tressis.com\/wp-content\/uploads\/2020\/07\/20200707-ism-no-facturero.jpg","articleSection":["Morning meeting"],"inLanguage":"ca","potentialAction":[{"@type":"CommentAction","name":"Comment","target":["https:\/\/www.tressis.com\/ca\/blog\/el-ism-no-manufacturero-sorprendia-al-alza\/#respond"]}]},{"@type":"WebPage","@id":"https:\/\/www.tressis.com\/ca\/blog\/el-ism-no-manufacturero-sorprendia-al-alza\/","url":"https:\/\/www.tressis.com\/ca\/blog\/el-ism-no-manufacturero-sorprendia-al-alza\/","name":"El ISM no manufacturero sorprend\u00eda al alza","isPartOf":{"@id":"https:\/\/www.tressis.com\/ca\/#website"},"primaryImageOfPage":{"@id":"https:\/\/www.tressis.com\/ca\/blog\/el-ism-no-manufacturero-sorprendia-al-alza\/#primaryimage"},"image":{"@id":"https:\/\/www.tressis.com\/ca\/blog\/el-ism-no-manufacturero-sorprendia-al-alza\/#primaryimage"},"thumbnailUrl":"https:\/\/www.tressis.com\/wp-content\/uploads\/2020\/07\/20200707-ism-no-facturero.jpg","datePublished":"2020-07-07T09:06:08+00:00","description":"El ISM no manufacturero sorprend\u00eda al alza al alcanzar los 57 puntos. No obstante, debemos tener en cuenta que las encuestas realizadas para el c\u00e1lculo de este indicador se realizaron antes de la marcha atr\u00e1s en el proceso de desescalada de algunos estados relevantes, por lo que es posible que en futuras lecturas se produzca un nuevo deterioro.","breadcrumb":{"@id":"https:\/\/www.tressis.com\/ca\/blog\/el-ism-no-manufacturero-sorprendia-al-alza\/#breadcrumb"},"inLanguage":"ca","potentialAction":[{"@type":"ReadAction","target":["https:\/\/www.tressis.com\/ca\/blog\/el-ism-no-manufacturero-sorprendia-al-alza\/"]}]},{"@type":"ImageObject","inLanguage":"ca","@id":"https:\/\/www.tressis.com\/ca\/blog\/el-ism-no-manufacturero-sorprendia-al-alza\/#primaryimage","url":"https:\/\/www.tressis.com\/wp-content\/uploads\/2020\/07\/20200707-ism-no-facturero.jpg","contentUrl":"https:\/\/www.tressis.com\/wp-content\/uploads\/2020\/07\/20200707-ism-no-facturero.jpg","width":1100,"height":487,"caption":"El ISM no manufacturero sorprend\u00eda al alza"},{"@type":"BreadcrumbList","@id":"https:\/\/www.tressis.com\/ca\/blog\/el-ism-no-manufacturero-sorprendia-al-alza\/#breadcrumb","itemListElement":[{"@type":"ListItem","position":1,"name":"Inicio","item":"https:\/\/www.tressis.com\/ca\/"},{"@type":"ListItem","position":2,"name":"El ISM no manufacturero sorprend\u00eda al alza"}]},{"@type":"WebSite","@id":"https:\/\/www.tressis.com\/ca\/#website","url":"https:\/\/www.tressis.com\/ca\/","name":"Tressis banca privada","description":"Tressis | Planificaci\u00f3n financiera y gesti\u00f3n de patrimonios","publisher":{"@id":"https:\/\/www.tressis.com\/ca\/#organization"},"potentialAction":[{"@type":"SearchAction","target":{"@type":"EntryPoint","urlTemplate":"https:\/\/www.tressis.com\/ca\/?s={search_term_string}"},"query-input":{"@type":"PropertyValueSpecification","valueRequired":true,"valueName":"search_term_string"}}],"inLanguage":"ca"},{"@type":"Organization","@id":"https:\/\/www.tressis.com\/ca\/#organization","name":"Tressis","url":"https:\/\/www.tressis.com\/ca\/","logo":{"@type":"ImageObject","inLanguage":"ca","@id":"https:\/\/www.tressis.com\/ca\/#\/schema\/logo\/image\/","url":"https:\/\/www.tressis.com\/wp-content\/uploads\/2025\/06\/logo-tressis-112.png","contentUrl":"https:\/\/www.tressis.com\/wp-content\/uploads\/2025\/06\/logo-tressis-112.png","width":112,"height":112,"caption":"Tressis"},"image":{"@id":"https:\/\/www.tressis.com\/ca\/#\/schema\/logo\/image\/"},"sameAs":["https:\/\/www.facebook.com\/Tressis\/","https:\/\/x.com\/TressisSV","https:\/\/www.instagram.com\/tressissv\/?hl=es","https:\/\/linkedin.com\/company\/tressis\/","https:\/\/www.youtube.com\/user\/tressissv","https:\/\/open.spotify.com\/show\/3jmTe1Nf0wqMILl7diWV6h?si=d7112519f13c4593&nd=1"]},{"@type":"Person","@id":"https:\/\/www.tressis.com\/ca\/#\/schema\/person\/b833c1d724d8764920b6d6852c70584e","name":"Lola","image":{"@type":"ImageObject","inLanguage":"ca","@id":"https:\/\/secure.gravatar.com\/avatar\/05e646486b23ff45df9649110609c7e31b8c4a3e2821caa23d6317f405e0c51d?s=96&d=mm&r=g","url":"https:\/\/secure.gravatar.com\/avatar\/05e646486b23ff45df9649110609c7e31b8c4a3e2821caa23d6317f405e0c51d?s=96&d=mm&r=g","contentUrl":"https:\/\/secure.gravatar.com\/avatar\/05e646486b23ff45df9649110609c7e31b8c4a3e2821caa23d6317f405e0c51d?s=96&d=mm&r=g","caption":"Lola"}}]}},"_links":{"self":[{"href":"https:\/\/www.tressis.com\/ca\/wp-json\/wp\/v2\/posts\/34689","targetHints":{"allow":["GET"]}}],"collection":[{"href":"https:\/\/www.tressis.com\/ca\/wp-json\/wp\/v2\/posts"}],"about":[{"href":"https:\/\/www.tressis.com\/ca\/wp-json\/wp\/v2\/types\/post"}],"author":[{"embeddable":true,"href":"https:\/\/www.tressis.com\/ca\/wp-json\/wp\/v2\/users\/4"}],"replies":[{"embeddable":true,"href":"https:\/\/www.tressis.com\/ca\/wp-json\/wp\/v2\/comments?post=34689"}],"version-history":[{"count":0,"href":"https:\/\/www.tressis.com\/ca\/wp-json\/wp\/v2\/posts\/34689\/revisions"}],"wp:featuredmedia":[{"embeddable":true,"href":"https:\/\/www.tressis.com\/ca\/wp-json\/wp\/v2\/media\/34690"}],"wp:attachment":[{"href":"https:\/\/www.tressis.com\/ca\/wp-json\/wp\/v2\/media?parent=34689"}],"wp:term":[{"taxonomy":"category","embeddable":true,"href":"https:\/\/www.tressis.com\/ca\/wp-json\/wp\/v2\/categories?post=34689"},{"taxonomy":"post_tag","embeddable":true,"href":"https:\/\/www.tressis.com\/ca\/wp-json\/wp\/v2\/tags?post=34689"}],"curies":[{"name":"wp","href":"https:\/\/api.w.org\/{rel}","templated":true}]}}