{"id":34655,"date":"2020-07-01T10:23:01","date_gmt":"2020-07-01T08:23:01","guid":{"rendered":"http:\/\/www.tressis.com\/blog\/?p=34655"},"modified":"2020-07-01T10:23:01","modified_gmt":"2020-07-01T08:23:01","slug":"el-nasdaq-ha-subido-un-28","status":"publish","type":"post","link":"https:\/\/www.tressis.com\/ca\/blog\/el-nasdaq-ha-subido-un-28\/","title":{"rendered":"El Nasdaq ha subido un 28%"},"content":{"rendered":"<p>El S&amp;P 500 ha registrado su mayor aumento trimestral desde 1998, recuper\u00e1ndose de las pronunciadas ca\u00eddas registradas durante el primer trimestre.<!--more--><\/p>\n<p>Las fuertes ganancias se han visto impulsadas por la apertura de la econom\u00eda y el vasto apoyo monetario y fiscal para combatir los efectos econ\u00f3micos de la pandemia de coronavirus. La subida del Nasdaq ha sido del 28%.<\/p>\n<p>En cambio, los \u00edndices europeos no tienen tanto que celebrar. Algunos, como el Dax alem\u00e1n, s\u00ed que han recuperado buena parte de las ca\u00eddas, sin embargo el Ibex espa\u00f1ol cierra el peor semestre de su historia (-24,3%) y se queda rezagado, habiendo subido un p\u00edrrico 6% entre abril y junio.<\/p>\n<p>Wall Street registraba una nueva jornada de subidas gracias a un dato de confianza del consumidor en Estados Unidos mejor de lo esperado. Pero los temores ante la fragilidad de la recuperaci\u00f3n econ\u00f3mica global siguen pesando en los mercados. Y m\u00e1s a\u00fan cuando se sigue viendo amenazada por rebrotes del coronavirus. Tambi\u00e9n resultaban mayores de lo esperado los datos de inflaci\u00f3n europeos, pero en este caso los mercados registraban retrocesos, con la excepci\u00f3n del Dax, por culpa del mal comportamiento de las acciones bancarias y energ\u00e9ticas.<\/p>\n<p>La cita clave de hoy ser\u00e1 el acta de la ultima reuni\u00f3n de la Reserva Federal. Recordemos que, en la anterior reuni\u00f3n, los responsables monetarios mantuvieron los tipos de inter\u00e9s y telegrafiaron sus expectativas de tipos bajos hasta 2022. El documento podr\u00eda proporcionar detalles sobre c\u00f3mo la instituci\u00f3n va a realizar el control en el futuro, orientar la econom\u00eda a medio plazo, supervisar los programas de pr\u00e9stamos del banco central y examinar el marco de pol\u00edticas en curso. Por el lado econ\u00f3mico, tendremos los PMI manufactureros, datos que podr\u00edan mover el mercado.<\/p>\n<p>Buen d\u00eda.<\/p>\n<p><center><strong>Jorge Gonz\u00e1lez G\u00f3mez<\/strong><br \/>\nDirector de An\u00e1lisis<\/center><\/p>\n","protected":false},"excerpt":{"rendered":"<p>El S&amp;P 500 ha registrado su mayor aumento trimestral desde 1998, recuper\u00e1ndose de las pronunciadas ca\u00eddas registradas durante el primer trimestre.<\/p>\n","protected":false},"author":4,"featured_media":34656,"comment_status":"open","ping_status":"closed","sticky":false,"template":"","format":"standard","meta":{"_acf_changed":false,"footnotes":""},"categories":[9721],"tags":[],"class_list":["post-34655","post","type-post","status-publish","format-standard","has-post-thumbnail","hentry","category-morning-meeting"],"acf":[],"yoast_head":"<!-- This site is optimized with the Yoast SEO plugin v27.5 - https:\/\/yoast.com\/product\/yoast-seo-wordpress\/ -->\n<title>El Nasdaq ha subido un 28%<\/title>\n<meta name=\"description\" content=\"Los \u00edndices europeos no tienen mucho que celebrar. Algunos, como el Dax alem\u00e1n s\u00ed que han recuperado buena parte de las ca\u00eddas.\" \/>\n<meta name=\"robots\" content=\"index, follow, max-snippet:-1, max-image-preview:large, max-video-preview:-1\" \/>\n<link rel=\"canonical\" href=\"https:\/\/www.tressis.com\/ca\/blog\/el-nasdaq-ha-subido-un-28\/\" \/>\n<meta property=\"og:locale\" content=\"ca_ES\" \/>\n<meta property=\"og:type\" content=\"article\" \/>\n<meta property=\"og:title\" content=\"El Nasdaq ha subido un 28%\" \/>\n<meta property=\"og:description\" content=\"Los \u00edndices europeos no tienen mucho que celebrar. Algunos, como el Dax alem\u00e1n s\u00ed que han recuperado buena parte de las ca\u00eddas.\" \/>\n<meta property=\"og:url\" content=\"https:\/\/www.tressis.com\/ca\/blog\/el-nasdaq-ha-subido-un-28\/\" \/>\n<meta property=\"og:site_name\" content=\"Tressis\" \/>\n<meta property=\"article:publisher\" content=\"https:\/\/www.facebook.com\/Tressis\/\" \/>\n<meta property=\"article:published_time\" content=\"2020-07-01T08:23:01+00:00\" \/>\n<meta property=\"og:image\" content=\"https:\/\/www.tressis.com\/wp-content\/uploads\/2020\/07\/20200701-nasdaq.jpg\" \/>\n\t<meta property=\"og:image:width\" content=\"1100\" \/>\n\t<meta property=\"og:image:height\" content=\"487\" \/>\n\t<meta property=\"og:image:type\" content=\"image\/jpeg\" \/>\n<meta name=\"author\" content=\"Lola\" \/>\n<meta name=\"twitter:card\" content=\"summary_large_image\" \/>\n<meta name=\"twitter:creator\" content=\"@TressisSV\" \/>\n<meta name=\"twitter:site\" content=\"@TressisSV\" \/>\n<meta name=\"twitter:label1\" content=\"Escrit per\" \/>\n\t<meta name=\"twitter:data1\" content=\"Lola\" \/>\n\t<meta name=\"twitter:label2\" content=\"Temps estimat de lectura\" \/>\n\t<meta name=\"twitter:data2\" content=\"2 minuts\" \/>\n<script type=\"application\/ld+json\" class=\"yoast-schema-graph\">{\"@context\":\"https:\\\/\\\/schema.org\",\"@graph\":[{\"@type\":\"Article\",\"@id\":\"https:\\\/\\\/www.tressis.com\\\/ca\\\/blog\\\/el-nasdaq-ha-subido-un-28\\\/#article\",\"isPartOf\":{\"@id\":\"https:\\\/\\\/www.tressis.com\\\/ca\\\/blog\\\/el-nasdaq-ha-subido-un-28\\\/\"},\"author\":{\"name\":\"Lola\",\"@id\":\"https:\\\/\\\/www.tressis.com\\\/ca\\\/#\\\/schema\\\/person\\\/b833c1d724d8764920b6d6852c70584e\"},\"headline\":\"El Nasdaq ha subido un 28%\",\"datePublished\":\"2020-07-01T08:23:01+00:00\",\"mainEntityOfPage\":{\"@id\":\"https:\\\/\\\/www.tressis.com\\\/ca\\\/blog\\\/el-nasdaq-ha-subido-un-28\\\/\"},\"wordCount\":328,\"commentCount\":0,\"publisher\":{\"@id\":\"https:\\\/\\\/www.tressis.com\\\/ca\\\/#organization\"},\"image\":{\"@id\":\"https:\\\/\\\/www.tressis.com\\\/ca\\\/blog\\\/el-nasdaq-ha-subido-un-28\\\/#primaryimage\"},\"thumbnailUrl\":\"https:\\\/\\\/www.tressis.com\\\/wp-content\\\/uploads\\\/2020\\\/07\\\/20200701-nasdaq.jpg\",\"articleSection\":[\"Morning meeting\"],\"inLanguage\":\"ca\",\"potentialAction\":[{\"@type\":\"CommentAction\",\"name\":\"Comment\",\"target\":[\"https:\\\/\\\/www.tressis.com\\\/ca\\\/blog\\\/el-nasdaq-ha-subido-un-28\\\/#respond\"]}]},{\"@type\":\"WebPage\",\"@id\":\"https:\\\/\\\/www.tressis.com\\\/ca\\\/blog\\\/el-nasdaq-ha-subido-un-28\\\/\",\"url\":\"https:\\\/\\\/www.tressis.com\\\/ca\\\/blog\\\/el-nasdaq-ha-subido-un-28\\\/\",\"name\":\"El Nasdaq ha subido un 28%\",\"isPartOf\":{\"@id\":\"https:\\\/\\\/www.tressis.com\\\/ca\\\/#website\"},\"primaryImageOfPage\":{\"@id\":\"https:\\\/\\\/www.tressis.com\\\/ca\\\/blog\\\/el-nasdaq-ha-subido-un-28\\\/#primaryimage\"},\"image\":{\"@id\":\"https:\\\/\\\/www.tressis.com\\\/ca\\\/blog\\\/el-nasdaq-ha-subido-un-28\\\/#primaryimage\"},\"thumbnailUrl\":\"https:\\\/\\\/www.tressis.com\\\/wp-content\\\/uploads\\\/2020\\\/07\\\/20200701-nasdaq.jpg\",\"datePublished\":\"2020-07-01T08:23:01+00:00\",\"description\":\"Los \u00edndices europeos no tienen mucho que celebrar. Algunos, como el Dax alem\u00e1n s\u00ed que han recuperado buena parte de las ca\u00eddas.\",\"breadcrumb\":{\"@id\":\"https:\\\/\\\/www.tressis.com\\\/ca\\\/blog\\\/el-nasdaq-ha-subido-un-28\\\/#breadcrumb\"},\"inLanguage\":\"ca\",\"potentialAction\":[{\"@type\":\"ReadAction\",\"target\":[\"https:\\\/\\\/www.tressis.com\\\/ca\\\/blog\\\/el-nasdaq-ha-subido-un-28\\\/\"]}]},{\"@type\":\"ImageObject\",\"inLanguage\":\"ca\",\"@id\":\"https:\\\/\\\/www.tressis.com\\\/ca\\\/blog\\\/el-nasdaq-ha-subido-un-28\\\/#primaryimage\",\"url\":\"https:\\\/\\\/www.tressis.com\\\/wp-content\\\/uploads\\\/2020\\\/07\\\/20200701-nasdaq.jpg\",\"contentUrl\":\"https:\\\/\\\/www.tressis.com\\\/wp-content\\\/uploads\\\/2020\\\/07\\\/20200701-nasdaq.jpg\",\"width\":1100,\"height\":487,\"caption\":\"El Nasdaq ha subido un 28%\"},{\"@type\":\"BreadcrumbList\",\"@id\":\"https:\\\/\\\/www.tressis.com\\\/ca\\\/blog\\\/el-nasdaq-ha-subido-un-28\\\/#breadcrumb\",\"itemListElement\":[{\"@type\":\"ListItem\",\"position\":1,\"name\":\"Inicio\",\"item\":\"https:\\\/\\\/www.tressis.com\\\/ca\\\/\"},{\"@type\":\"ListItem\",\"position\":2,\"name\":\"El Nasdaq ha subido un 28%\"}]},{\"@type\":\"WebSite\",\"@id\":\"https:\\\/\\\/www.tressis.com\\\/ca\\\/#website\",\"url\":\"https:\\\/\\\/www.tressis.com\\\/ca\\\/\",\"name\":\"Tressis banca privada\",\"description\":\"Tressis | Planificaci\u00f3n financiera y gesti\u00f3n de patrimonios\",\"publisher\":{\"@id\":\"https:\\\/\\\/www.tressis.com\\\/ca\\\/#organization\"},\"potentialAction\":[{\"@type\":\"SearchAction\",\"target\":{\"@type\":\"EntryPoint\",\"urlTemplate\":\"https:\\\/\\\/www.tressis.com\\\/ca\\\/?s={search_term_string}\"},\"query-input\":{\"@type\":\"PropertyValueSpecification\",\"valueRequired\":true,\"valueName\":\"search_term_string\"}}],\"inLanguage\":\"ca\"},{\"@type\":\"Organization\",\"@id\":\"https:\\\/\\\/www.tressis.com\\\/ca\\\/#organization\",\"name\":\"Tressis\",\"url\":\"https:\\\/\\\/www.tressis.com\\\/ca\\\/\",\"logo\":{\"@type\":\"ImageObject\",\"inLanguage\":\"ca\",\"@id\":\"https:\\\/\\\/www.tressis.com\\\/ca\\\/#\\\/schema\\\/logo\\\/image\\\/\",\"url\":\"https:\\\/\\\/www.tressis.com\\\/wp-content\\\/uploads\\\/2025\\\/06\\\/logo-tressis-112.png\",\"contentUrl\":\"https:\\\/\\\/www.tressis.com\\\/wp-content\\\/uploads\\\/2025\\\/06\\\/logo-tressis-112.png\",\"width\":112,\"height\":112,\"caption\":\"Tressis\"},\"image\":{\"@id\":\"https:\\\/\\\/www.tressis.com\\\/ca\\\/#\\\/schema\\\/logo\\\/image\\\/\"},\"sameAs\":[\"https:\\\/\\\/www.facebook.com\\\/Tressis\\\/\",\"https:\\\/\\\/x.com\\\/TressisSV\",\"https:\\\/\\\/www.instagram.com\\\/tressissv\\\/?hl=es\",\"https:\\\/\\\/linkedin.com\\\/company\\\/tressis\\\/\",\"https:\\\/\\\/www.youtube.com\\\/user\\\/tressissv\",\"https:\\\/\\\/open.spotify.com\\\/show\\\/3jmTe1Nf0wqMILl7diWV6h?si=d7112519f13c4593&nd=1\"]},{\"@type\":\"Person\",\"@id\":\"https:\\\/\\\/www.tressis.com\\\/ca\\\/#\\\/schema\\\/person\\\/b833c1d724d8764920b6d6852c70584e\",\"name\":\"Lola\",\"image\":{\"@type\":\"ImageObject\",\"inLanguage\":\"ca\",\"@id\":\"https:\\\/\\\/secure.gravatar.com\\\/avatar\\\/05e646486b23ff45df9649110609c7e31b8c4a3e2821caa23d6317f405e0c51d?s=96&d=mm&r=g\",\"url\":\"https:\\\/\\\/secure.gravatar.com\\\/avatar\\\/05e646486b23ff45df9649110609c7e31b8c4a3e2821caa23d6317f405e0c51d?s=96&d=mm&r=g\",\"contentUrl\":\"https:\\\/\\\/secure.gravatar.com\\\/avatar\\\/05e646486b23ff45df9649110609c7e31b8c4a3e2821caa23d6317f405e0c51d?s=96&d=mm&r=g\",\"caption\":\"Lola\"}}]}<\/script>\n<!-- \/ Yoast SEO plugin. -->","yoast_head_json":{"title":"El Nasdaq ha subido un 28%","description":"Los \u00edndices europeos no tienen mucho que celebrar. Algunos, como el Dax alem\u00e1n s\u00ed que han recuperado buena parte de las ca\u00eddas.","robots":{"index":"index","follow":"follow","max-snippet":"max-snippet:-1","max-image-preview":"max-image-preview:large","max-video-preview":"max-video-preview:-1"},"canonical":"https:\/\/www.tressis.com\/ca\/blog\/el-nasdaq-ha-subido-un-28\/","og_locale":"ca_ES","og_type":"article","og_title":"El Nasdaq ha subido un 28%","og_description":"Los \u00edndices europeos no tienen mucho que celebrar. Algunos, como el Dax alem\u00e1n s\u00ed que han recuperado buena parte de las ca\u00eddas.","og_url":"https:\/\/www.tressis.com\/ca\/blog\/el-nasdaq-ha-subido-un-28\/","og_site_name":"Tressis","article_publisher":"https:\/\/www.facebook.com\/Tressis\/","article_published_time":"2020-07-01T08:23:01+00:00","og_image":[{"width":1100,"height":487,"url":"https:\/\/www.tressis.com\/wp-content\/uploads\/2020\/07\/20200701-nasdaq.jpg","type":"image\/jpeg"}],"author":"Lola","twitter_card":"summary_large_image","twitter_creator":"@TressisSV","twitter_site":"@TressisSV","twitter_misc":{"Escrit per":"Lola","Temps estimat de lectura":"2 minuts"},"schema":{"@context":"https:\/\/schema.org","@graph":[{"@type":"Article","@id":"https:\/\/www.tressis.com\/ca\/blog\/el-nasdaq-ha-subido-un-28\/#article","isPartOf":{"@id":"https:\/\/www.tressis.com\/ca\/blog\/el-nasdaq-ha-subido-un-28\/"},"author":{"name":"Lola","@id":"https:\/\/www.tressis.com\/ca\/#\/schema\/person\/b833c1d724d8764920b6d6852c70584e"},"headline":"El Nasdaq ha subido un 28%","datePublished":"2020-07-01T08:23:01+00:00","mainEntityOfPage":{"@id":"https:\/\/www.tressis.com\/ca\/blog\/el-nasdaq-ha-subido-un-28\/"},"wordCount":328,"commentCount":0,"publisher":{"@id":"https:\/\/www.tressis.com\/ca\/#organization"},"image":{"@id":"https:\/\/www.tressis.com\/ca\/blog\/el-nasdaq-ha-subido-un-28\/#primaryimage"},"thumbnailUrl":"https:\/\/www.tressis.com\/wp-content\/uploads\/2020\/07\/20200701-nasdaq.jpg","articleSection":["Morning meeting"],"inLanguage":"ca","potentialAction":[{"@type":"CommentAction","name":"Comment","target":["https:\/\/www.tressis.com\/ca\/blog\/el-nasdaq-ha-subido-un-28\/#respond"]}]},{"@type":"WebPage","@id":"https:\/\/www.tressis.com\/ca\/blog\/el-nasdaq-ha-subido-un-28\/","url":"https:\/\/www.tressis.com\/ca\/blog\/el-nasdaq-ha-subido-un-28\/","name":"El Nasdaq ha subido un 28%","isPartOf":{"@id":"https:\/\/www.tressis.com\/ca\/#website"},"primaryImageOfPage":{"@id":"https:\/\/www.tressis.com\/ca\/blog\/el-nasdaq-ha-subido-un-28\/#primaryimage"},"image":{"@id":"https:\/\/www.tressis.com\/ca\/blog\/el-nasdaq-ha-subido-un-28\/#primaryimage"},"thumbnailUrl":"https:\/\/www.tressis.com\/wp-content\/uploads\/2020\/07\/20200701-nasdaq.jpg","datePublished":"2020-07-01T08:23:01+00:00","description":"Los \u00edndices europeos no tienen mucho que celebrar. Algunos, como el Dax alem\u00e1n s\u00ed que han recuperado buena parte de las ca\u00eddas.","breadcrumb":{"@id":"https:\/\/www.tressis.com\/ca\/blog\/el-nasdaq-ha-subido-un-28\/#breadcrumb"},"inLanguage":"ca","potentialAction":[{"@type":"ReadAction","target":["https:\/\/www.tressis.com\/ca\/blog\/el-nasdaq-ha-subido-un-28\/"]}]},{"@type":"ImageObject","inLanguage":"ca","@id":"https:\/\/www.tressis.com\/ca\/blog\/el-nasdaq-ha-subido-un-28\/#primaryimage","url":"https:\/\/www.tressis.com\/wp-content\/uploads\/2020\/07\/20200701-nasdaq.jpg","contentUrl":"https:\/\/www.tressis.com\/wp-content\/uploads\/2020\/07\/20200701-nasdaq.jpg","width":1100,"height":487,"caption":"El Nasdaq ha subido un 28%"},{"@type":"BreadcrumbList","@id":"https:\/\/www.tressis.com\/ca\/blog\/el-nasdaq-ha-subido-un-28\/#breadcrumb","itemListElement":[{"@type":"ListItem","position":1,"name":"Inicio","item":"https:\/\/www.tressis.com\/ca\/"},{"@type":"ListItem","position":2,"name":"El Nasdaq ha subido un 28%"}]},{"@type":"WebSite","@id":"https:\/\/www.tressis.com\/ca\/#website","url":"https:\/\/www.tressis.com\/ca\/","name":"Tressis banca privada","description":"Tressis | Planificaci\u00f3n financiera y gesti\u00f3n de patrimonios","publisher":{"@id":"https:\/\/www.tressis.com\/ca\/#organization"},"potentialAction":[{"@type":"SearchAction","target":{"@type":"EntryPoint","urlTemplate":"https:\/\/www.tressis.com\/ca\/?s={search_term_string}"},"query-input":{"@type":"PropertyValueSpecification","valueRequired":true,"valueName":"search_term_string"}}],"inLanguage":"ca"},{"@type":"Organization","@id":"https:\/\/www.tressis.com\/ca\/#organization","name":"Tressis","url":"https:\/\/www.tressis.com\/ca\/","logo":{"@type":"ImageObject","inLanguage":"ca","@id":"https:\/\/www.tressis.com\/ca\/#\/schema\/logo\/image\/","url":"https:\/\/www.tressis.com\/wp-content\/uploads\/2025\/06\/logo-tressis-112.png","contentUrl":"https:\/\/www.tressis.com\/wp-content\/uploads\/2025\/06\/logo-tressis-112.png","width":112,"height":112,"caption":"Tressis"},"image":{"@id":"https:\/\/www.tressis.com\/ca\/#\/schema\/logo\/image\/"},"sameAs":["https:\/\/www.facebook.com\/Tressis\/","https:\/\/x.com\/TressisSV","https:\/\/www.instagram.com\/tressissv\/?hl=es","https:\/\/linkedin.com\/company\/tressis\/","https:\/\/www.youtube.com\/user\/tressissv","https:\/\/open.spotify.com\/show\/3jmTe1Nf0wqMILl7diWV6h?si=d7112519f13c4593&nd=1"]},{"@type":"Person","@id":"https:\/\/www.tressis.com\/ca\/#\/schema\/person\/b833c1d724d8764920b6d6852c70584e","name":"Lola","image":{"@type":"ImageObject","inLanguage":"ca","@id":"https:\/\/secure.gravatar.com\/avatar\/05e646486b23ff45df9649110609c7e31b8c4a3e2821caa23d6317f405e0c51d?s=96&d=mm&r=g","url":"https:\/\/secure.gravatar.com\/avatar\/05e646486b23ff45df9649110609c7e31b8c4a3e2821caa23d6317f405e0c51d?s=96&d=mm&r=g","contentUrl":"https:\/\/secure.gravatar.com\/avatar\/05e646486b23ff45df9649110609c7e31b8c4a3e2821caa23d6317f405e0c51d?s=96&d=mm&r=g","caption":"Lola"}}]}},"_links":{"self":[{"href":"https:\/\/www.tressis.com\/ca\/wp-json\/wp\/v2\/posts\/34655","targetHints":{"allow":["GET"]}}],"collection":[{"href":"https:\/\/www.tressis.com\/ca\/wp-json\/wp\/v2\/posts"}],"about":[{"href":"https:\/\/www.tressis.com\/ca\/wp-json\/wp\/v2\/types\/post"}],"author":[{"embeddable":true,"href":"https:\/\/www.tressis.com\/ca\/wp-json\/wp\/v2\/users\/4"}],"replies":[{"embeddable":true,"href":"https:\/\/www.tressis.com\/ca\/wp-json\/wp\/v2\/comments?post=34655"}],"version-history":[{"count":0,"href":"https:\/\/www.tressis.com\/ca\/wp-json\/wp\/v2\/posts\/34655\/revisions"}],"wp:featuredmedia":[{"embeddable":true,"href":"https:\/\/www.tressis.com\/ca\/wp-json\/wp\/v2\/media\/34656"}],"wp:attachment":[{"href":"https:\/\/www.tressis.com\/ca\/wp-json\/wp\/v2\/media?parent=34655"}],"wp:term":[{"taxonomy":"category","embeddable":true,"href":"https:\/\/www.tressis.com\/ca\/wp-json\/wp\/v2\/categories?post=34655"},{"taxonomy":"post_tag","embeddable":true,"href":"https:\/\/www.tressis.com\/ca\/wp-json\/wp\/v2\/tags?post=34655"}],"curies":[{"name":"wp","href":"https:\/\/api.w.org\/{rel}","templated":true}]}}