{"id":34647,"date":"2020-06-30T11:21:50","date_gmt":"2020-06-30T09:21:50","guid":{"rendered":"http:\/\/www.tressis.com\/blog\/?p=34647"},"modified":"2020-06-30T11:21:50","modified_gmt":"2020-06-30T09:21:50","slug":"hoy-se-conoceran-los-datos-de-inflacion-europeos","status":"publish","type":"post","link":"https:\/\/www.tressis.com\/ca\/blog\/hoy-se-conoceran-los-datos-de-inflacion-europeos\/","title":{"rendered":"Hoy se conocer\u00e1n los datos de inflaci\u00f3n europeos"},"content":{"rendered":"<p>Las bolsas iniciaron la semana con alzas generalizadas gracias a los buenos datos conocidos en Estados Unidos.<!--more--><\/p>\n<p>Las ventas de viviendas pendientes batieron r\u00e9cords, aumentando el optimismo sobre las perspectivas econ\u00f3micas de Estados Unidos a pesar de un reciente incremento de las infecciones en el pa\u00eds. Adem\u00e1s, los inversores siguen valorando positivamente los datos que muestran que el sentimiento econ\u00f3mico de la eurozona tanto en el sector manufacturero como en el de los servicios ha mejorado sustancialmente durante el mes de junio.<\/p>\n<p>Todo apunta a que mientras los datos se encuentren en el centro de atenci\u00f3n de los inversores, las bolsas seguir\u00e1n con su recuperaci\u00f3n gracias sobre todo a la liquidez de los bancos centrales. Sin embargo, a la m\u00ednima que los inversores se despistan, sobran los motivos para ver ca\u00eddas: La crisis pol\u00edtica en Hong Kong, las tensiones comerciales generalizadas, los rebrotes de la pandemia\u2026 En nada podremos sumar tambi\u00e9n los resultados empresariales del segundo trimestre.<\/p>\n<p>Hoy se conocer\u00e1n los datos de inflaci\u00f3n europeos. Es probable que las presiones a la baja de los precios derivadas de la debilidad de la demanda se hayan visto compensadas por las limitaciones de la oferta en algunos sectores y una reciente recuperaci\u00f3n de los precios del petr\u00f3leo. Pero los problemas vendr\u00e1n en el futuro. \u00bfHabr\u00e1n sido capaces los bancos centrales de dar con la tecla para evitar la temida deflaci\u00f3n?<\/p>\n<p>Por otro lado, hoy tambi\u00e9n conoceremos los datos de confianza de los consumidores norteamericanos, de los que se espera que se sit\u00faen en un nivel pr\u00f3ximo al de finales de 2014, lo que subraya el apoyo a los ingresos de las medidas ampliadas por la Seguridad Social y la buena acogida a otros instrumentos aprobados por el Gobierno de Donald Trump durante la crisis sanitaria en curso.<\/p>\n<p>Buen d\u00eda.<\/p>\n<p><center><strong>Jorge Gonz\u00e1lez G\u00f3mez<\/strong><br \/>\nDirector de An\u00e1lisis<\/center><\/p>\n","protected":false},"excerpt":{"rendered":"<p>Las bolsas iniciaron la semana con alzas generalizadas gracias a los buenos datos conocidos en Estados Unidos.<\/p>\n","protected":false},"author":4,"featured_media":34649,"comment_status":"open","ping_status":"closed","sticky":false,"template":"","format":"standard","meta":{"_acf_changed":false,"footnotes":""},"categories":[9721],"tags":[],"class_list":["post-34647","post","type-post","status-publish","format-standard","has-post-thumbnail","hentry","category-morning-meeting"],"acf":[],"yoast_head":"<!-- This site is optimized with the Yoast SEO plugin v27.5 - https:\/\/yoast.com\/product\/yoast-seo-wordpress\/ -->\n<title>Hoy se conocer\u00e1n los datos de inflaci\u00f3n europeos<\/title>\n<meta name=\"description\" content=\"Es probable que las presiones a la baja de los precios derivadas de la debilidad de la demanda se hayan visto compensadas por las limitaciones de la oferta en algunos sectores.\" \/>\n<meta name=\"robots\" content=\"index, follow, max-snippet:-1, max-image-preview:large, max-video-preview:-1\" \/>\n<link rel=\"canonical\" href=\"https:\/\/www.tressis.com\/ca\/blog\/hoy-se-conoceran-los-datos-de-inflacion-europeos\/\" \/>\n<meta property=\"og:locale\" content=\"ca_ES\" \/>\n<meta property=\"og:type\" content=\"article\" \/>\n<meta property=\"og:title\" content=\"Hoy se conocer\u00e1n los datos de inflaci\u00f3n europeos\" \/>\n<meta property=\"og:description\" content=\"Es probable que las presiones a la baja de los precios derivadas de la debilidad de la demanda se hayan visto compensadas por las limitaciones de la oferta en algunos sectores.\" \/>\n<meta property=\"og:url\" content=\"https:\/\/www.tressis.com\/ca\/blog\/hoy-se-conoceran-los-datos-de-inflacion-europeos\/\" \/>\n<meta property=\"og:site_name\" content=\"Tressis\" \/>\n<meta property=\"article:publisher\" content=\"https:\/\/www.facebook.com\/Tressis\/\" \/>\n<meta property=\"article:published_time\" content=\"2020-06-30T09:21:50+00:00\" \/>\n<meta property=\"og:image\" content=\"https:\/\/www.tressis.com\/wp-content\/uploads\/2020\/06\/20200630-inflacion-europa.jpg\" \/>\n\t<meta property=\"og:image:width\" content=\"1100\" \/>\n\t<meta property=\"og:image:height\" content=\"487\" \/>\n\t<meta property=\"og:image:type\" content=\"image\/jpeg\" \/>\n<meta name=\"author\" content=\"Lola\" \/>\n<meta name=\"twitter:card\" content=\"summary_large_image\" \/>\n<meta name=\"twitter:creator\" content=\"@TressisSV\" \/>\n<meta name=\"twitter:site\" content=\"@TressisSV\" \/>\n<meta name=\"twitter:label1\" content=\"Escrit per\" \/>\n\t<meta name=\"twitter:data1\" content=\"Lola\" \/>\n\t<meta name=\"twitter:label2\" content=\"Temps estimat de lectura\" \/>\n\t<meta name=\"twitter:data2\" content=\"2 minuts\" \/>\n<script type=\"application\/ld+json\" class=\"yoast-schema-graph\">{\"@context\":\"https:\\\/\\\/schema.org\",\"@graph\":[{\"@type\":\"Article\",\"@id\":\"https:\\\/\\\/www.tressis.com\\\/ca\\\/blog\\\/hoy-se-conoceran-los-datos-de-inflacion-europeos\\\/#article\",\"isPartOf\":{\"@id\":\"https:\\\/\\\/www.tressis.com\\\/ca\\\/blog\\\/hoy-se-conoceran-los-datos-de-inflacion-europeos\\\/\"},\"author\":{\"name\":\"Lola\",\"@id\":\"https:\\\/\\\/www.tressis.com\\\/ca\\\/#\\\/schema\\\/person\\\/b833c1d724d8764920b6d6852c70584e\"},\"headline\":\"Hoy se conocer\u00e1n los datos de inflaci\u00f3n europeos\",\"datePublished\":\"2020-06-30T09:21:50+00:00\",\"mainEntityOfPage\":{\"@id\":\"https:\\\/\\\/www.tressis.com\\\/ca\\\/blog\\\/hoy-se-conoceran-los-datos-de-inflacion-europeos\\\/\"},\"wordCount\":338,\"commentCount\":0,\"publisher\":{\"@id\":\"https:\\\/\\\/www.tressis.com\\\/ca\\\/#organization\"},\"image\":{\"@id\":\"https:\\\/\\\/www.tressis.com\\\/ca\\\/blog\\\/hoy-se-conoceran-los-datos-de-inflacion-europeos\\\/#primaryimage\"},\"thumbnailUrl\":\"https:\\\/\\\/www.tressis.com\\\/wp-content\\\/uploads\\\/2020\\\/06\\\/20200630-inflacion-europa.jpg\",\"articleSection\":[\"Morning meeting\"],\"inLanguage\":\"ca\",\"potentialAction\":[{\"@type\":\"CommentAction\",\"name\":\"Comment\",\"target\":[\"https:\\\/\\\/www.tressis.com\\\/ca\\\/blog\\\/hoy-se-conoceran-los-datos-de-inflacion-europeos\\\/#respond\"]}]},{\"@type\":\"WebPage\",\"@id\":\"https:\\\/\\\/www.tressis.com\\\/ca\\\/blog\\\/hoy-se-conoceran-los-datos-de-inflacion-europeos\\\/\",\"url\":\"https:\\\/\\\/www.tressis.com\\\/ca\\\/blog\\\/hoy-se-conoceran-los-datos-de-inflacion-europeos\\\/\",\"name\":\"Hoy se conocer\u00e1n los datos de inflaci\u00f3n europeos\",\"isPartOf\":{\"@id\":\"https:\\\/\\\/www.tressis.com\\\/ca\\\/#website\"},\"primaryImageOfPage\":{\"@id\":\"https:\\\/\\\/www.tressis.com\\\/ca\\\/blog\\\/hoy-se-conoceran-los-datos-de-inflacion-europeos\\\/#primaryimage\"},\"image\":{\"@id\":\"https:\\\/\\\/www.tressis.com\\\/ca\\\/blog\\\/hoy-se-conoceran-los-datos-de-inflacion-europeos\\\/#primaryimage\"},\"thumbnailUrl\":\"https:\\\/\\\/www.tressis.com\\\/wp-content\\\/uploads\\\/2020\\\/06\\\/20200630-inflacion-europa.jpg\",\"datePublished\":\"2020-06-30T09:21:50+00:00\",\"description\":\"Es probable que las presiones a la baja de los precios derivadas de la debilidad de la demanda se hayan visto compensadas por las limitaciones de la oferta en algunos sectores.\",\"breadcrumb\":{\"@id\":\"https:\\\/\\\/www.tressis.com\\\/ca\\\/blog\\\/hoy-se-conoceran-los-datos-de-inflacion-europeos\\\/#breadcrumb\"},\"inLanguage\":\"ca\",\"potentialAction\":[{\"@type\":\"ReadAction\",\"target\":[\"https:\\\/\\\/www.tressis.com\\\/ca\\\/blog\\\/hoy-se-conoceran-los-datos-de-inflacion-europeos\\\/\"]}]},{\"@type\":\"ImageObject\",\"inLanguage\":\"ca\",\"@id\":\"https:\\\/\\\/www.tressis.com\\\/ca\\\/blog\\\/hoy-se-conoceran-los-datos-de-inflacion-europeos\\\/#primaryimage\",\"url\":\"https:\\\/\\\/www.tressis.com\\\/wp-content\\\/uploads\\\/2020\\\/06\\\/20200630-inflacion-europa.jpg\",\"contentUrl\":\"https:\\\/\\\/www.tressis.com\\\/wp-content\\\/uploads\\\/2020\\\/06\\\/20200630-inflacion-europa.jpg\",\"width\":1100,\"height\":487,\"caption\":\"Hoy se conocer\u00e1n los datos de inflaci\u00f3n europeos\"},{\"@type\":\"BreadcrumbList\",\"@id\":\"https:\\\/\\\/www.tressis.com\\\/ca\\\/blog\\\/hoy-se-conoceran-los-datos-de-inflacion-europeos\\\/#breadcrumb\",\"itemListElement\":[{\"@type\":\"ListItem\",\"position\":1,\"name\":\"Inicio\",\"item\":\"https:\\\/\\\/www.tressis.com\\\/ca\\\/\"},{\"@type\":\"ListItem\",\"position\":2,\"name\":\"Hoy se conocer\u00e1n los datos de inflaci\u00f3n europeos\"}]},{\"@type\":\"WebSite\",\"@id\":\"https:\\\/\\\/www.tressis.com\\\/ca\\\/#website\",\"url\":\"https:\\\/\\\/www.tressis.com\\\/ca\\\/\",\"name\":\"Tressis banca privada\",\"description\":\"Tressis | Planificaci\u00f3n financiera y gesti\u00f3n de patrimonios\",\"publisher\":{\"@id\":\"https:\\\/\\\/www.tressis.com\\\/ca\\\/#organization\"},\"potentialAction\":[{\"@type\":\"SearchAction\",\"target\":{\"@type\":\"EntryPoint\",\"urlTemplate\":\"https:\\\/\\\/www.tressis.com\\\/ca\\\/?s={search_term_string}\"},\"query-input\":{\"@type\":\"PropertyValueSpecification\",\"valueRequired\":true,\"valueName\":\"search_term_string\"}}],\"inLanguage\":\"ca\"},{\"@type\":\"Organization\",\"@id\":\"https:\\\/\\\/www.tressis.com\\\/ca\\\/#organization\",\"name\":\"Tressis\",\"url\":\"https:\\\/\\\/www.tressis.com\\\/ca\\\/\",\"logo\":{\"@type\":\"ImageObject\",\"inLanguage\":\"ca\",\"@id\":\"https:\\\/\\\/www.tressis.com\\\/ca\\\/#\\\/schema\\\/logo\\\/image\\\/\",\"url\":\"https:\\\/\\\/www.tressis.com\\\/wp-content\\\/uploads\\\/2025\\\/06\\\/logo-tressis-112.png\",\"contentUrl\":\"https:\\\/\\\/www.tressis.com\\\/wp-content\\\/uploads\\\/2025\\\/06\\\/logo-tressis-112.png\",\"width\":112,\"height\":112,\"caption\":\"Tressis\"},\"image\":{\"@id\":\"https:\\\/\\\/www.tressis.com\\\/ca\\\/#\\\/schema\\\/logo\\\/image\\\/\"},\"sameAs\":[\"https:\\\/\\\/www.facebook.com\\\/Tressis\\\/\",\"https:\\\/\\\/x.com\\\/TressisSV\",\"https:\\\/\\\/www.instagram.com\\\/tressissv\\\/?hl=es\",\"https:\\\/\\\/linkedin.com\\\/company\\\/tressis\\\/\",\"https:\\\/\\\/www.youtube.com\\\/user\\\/tressissv\",\"https:\\\/\\\/open.spotify.com\\\/show\\\/3jmTe1Nf0wqMILl7diWV6h?si=d7112519f13c4593&nd=1\"]},{\"@type\":\"Person\",\"@id\":\"https:\\\/\\\/www.tressis.com\\\/ca\\\/#\\\/schema\\\/person\\\/b833c1d724d8764920b6d6852c70584e\",\"name\":\"Lola\",\"image\":{\"@type\":\"ImageObject\",\"inLanguage\":\"ca\",\"@id\":\"https:\\\/\\\/secure.gravatar.com\\\/avatar\\\/05e646486b23ff45df9649110609c7e31b8c4a3e2821caa23d6317f405e0c51d?s=96&d=mm&r=g\",\"url\":\"https:\\\/\\\/secure.gravatar.com\\\/avatar\\\/05e646486b23ff45df9649110609c7e31b8c4a3e2821caa23d6317f405e0c51d?s=96&d=mm&r=g\",\"contentUrl\":\"https:\\\/\\\/secure.gravatar.com\\\/avatar\\\/05e646486b23ff45df9649110609c7e31b8c4a3e2821caa23d6317f405e0c51d?s=96&d=mm&r=g\",\"caption\":\"Lola\"}}]}<\/script>\n<!-- \/ Yoast SEO plugin. -->","yoast_head_json":{"title":"Hoy se conocer\u00e1n los datos de inflaci\u00f3n europeos","description":"Es probable que las presiones a la baja de los precios derivadas de la debilidad de la demanda se hayan visto compensadas por las limitaciones de la oferta en algunos sectores.","robots":{"index":"index","follow":"follow","max-snippet":"max-snippet:-1","max-image-preview":"max-image-preview:large","max-video-preview":"max-video-preview:-1"},"canonical":"https:\/\/www.tressis.com\/ca\/blog\/hoy-se-conoceran-los-datos-de-inflacion-europeos\/","og_locale":"ca_ES","og_type":"article","og_title":"Hoy se conocer\u00e1n los datos de inflaci\u00f3n europeos","og_description":"Es probable que las presiones a la baja de los precios derivadas de la debilidad de la demanda se hayan visto compensadas por las limitaciones de la oferta en algunos sectores.","og_url":"https:\/\/www.tressis.com\/ca\/blog\/hoy-se-conoceran-los-datos-de-inflacion-europeos\/","og_site_name":"Tressis","article_publisher":"https:\/\/www.facebook.com\/Tressis\/","article_published_time":"2020-06-30T09:21:50+00:00","og_image":[{"width":1100,"height":487,"url":"https:\/\/www.tressis.com\/wp-content\/uploads\/2020\/06\/20200630-inflacion-europa.jpg","type":"image\/jpeg"}],"author":"Lola","twitter_card":"summary_large_image","twitter_creator":"@TressisSV","twitter_site":"@TressisSV","twitter_misc":{"Escrit per":"Lola","Temps estimat de lectura":"2 minuts"},"schema":{"@context":"https:\/\/schema.org","@graph":[{"@type":"Article","@id":"https:\/\/www.tressis.com\/ca\/blog\/hoy-se-conoceran-los-datos-de-inflacion-europeos\/#article","isPartOf":{"@id":"https:\/\/www.tressis.com\/ca\/blog\/hoy-se-conoceran-los-datos-de-inflacion-europeos\/"},"author":{"name":"Lola","@id":"https:\/\/www.tressis.com\/ca\/#\/schema\/person\/b833c1d724d8764920b6d6852c70584e"},"headline":"Hoy se conocer\u00e1n los datos de inflaci\u00f3n europeos","datePublished":"2020-06-30T09:21:50+00:00","mainEntityOfPage":{"@id":"https:\/\/www.tressis.com\/ca\/blog\/hoy-se-conoceran-los-datos-de-inflacion-europeos\/"},"wordCount":338,"commentCount":0,"publisher":{"@id":"https:\/\/www.tressis.com\/ca\/#organization"},"image":{"@id":"https:\/\/www.tressis.com\/ca\/blog\/hoy-se-conoceran-los-datos-de-inflacion-europeos\/#primaryimage"},"thumbnailUrl":"https:\/\/www.tressis.com\/wp-content\/uploads\/2020\/06\/20200630-inflacion-europa.jpg","articleSection":["Morning meeting"],"inLanguage":"ca","potentialAction":[{"@type":"CommentAction","name":"Comment","target":["https:\/\/www.tressis.com\/ca\/blog\/hoy-se-conoceran-los-datos-de-inflacion-europeos\/#respond"]}]},{"@type":"WebPage","@id":"https:\/\/www.tressis.com\/ca\/blog\/hoy-se-conoceran-los-datos-de-inflacion-europeos\/","url":"https:\/\/www.tressis.com\/ca\/blog\/hoy-se-conoceran-los-datos-de-inflacion-europeos\/","name":"Hoy se conocer\u00e1n los datos de inflaci\u00f3n europeos","isPartOf":{"@id":"https:\/\/www.tressis.com\/ca\/#website"},"primaryImageOfPage":{"@id":"https:\/\/www.tressis.com\/ca\/blog\/hoy-se-conoceran-los-datos-de-inflacion-europeos\/#primaryimage"},"image":{"@id":"https:\/\/www.tressis.com\/ca\/blog\/hoy-se-conoceran-los-datos-de-inflacion-europeos\/#primaryimage"},"thumbnailUrl":"https:\/\/www.tressis.com\/wp-content\/uploads\/2020\/06\/20200630-inflacion-europa.jpg","datePublished":"2020-06-30T09:21:50+00:00","description":"Es probable que las presiones a la baja de los precios derivadas de la debilidad de la demanda se hayan visto compensadas por las limitaciones de la oferta en algunos sectores.","breadcrumb":{"@id":"https:\/\/www.tressis.com\/ca\/blog\/hoy-se-conoceran-los-datos-de-inflacion-europeos\/#breadcrumb"},"inLanguage":"ca","potentialAction":[{"@type":"ReadAction","target":["https:\/\/www.tressis.com\/ca\/blog\/hoy-se-conoceran-los-datos-de-inflacion-europeos\/"]}]},{"@type":"ImageObject","inLanguage":"ca","@id":"https:\/\/www.tressis.com\/ca\/blog\/hoy-se-conoceran-los-datos-de-inflacion-europeos\/#primaryimage","url":"https:\/\/www.tressis.com\/wp-content\/uploads\/2020\/06\/20200630-inflacion-europa.jpg","contentUrl":"https:\/\/www.tressis.com\/wp-content\/uploads\/2020\/06\/20200630-inflacion-europa.jpg","width":1100,"height":487,"caption":"Hoy se conocer\u00e1n los datos de inflaci\u00f3n europeos"},{"@type":"BreadcrumbList","@id":"https:\/\/www.tressis.com\/ca\/blog\/hoy-se-conoceran-los-datos-de-inflacion-europeos\/#breadcrumb","itemListElement":[{"@type":"ListItem","position":1,"name":"Inicio","item":"https:\/\/www.tressis.com\/ca\/"},{"@type":"ListItem","position":2,"name":"Hoy se conocer\u00e1n los datos de inflaci\u00f3n europeos"}]},{"@type":"WebSite","@id":"https:\/\/www.tressis.com\/ca\/#website","url":"https:\/\/www.tressis.com\/ca\/","name":"Tressis banca privada","description":"Tressis | Planificaci\u00f3n financiera y gesti\u00f3n de patrimonios","publisher":{"@id":"https:\/\/www.tressis.com\/ca\/#organization"},"potentialAction":[{"@type":"SearchAction","target":{"@type":"EntryPoint","urlTemplate":"https:\/\/www.tressis.com\/ca\/?s={search_term_string}"},"query-input":{"@type":"PropertyValueSpecification","valueRequired":true,"valueName":"search_term_string"}}],"inLanguage":"ca"},{"@type":"Organization","@id":"https:\/\/www.tressis.com\/ca\/#organization","name":"Tressis","url":"https:\/\/www.tressis.com\/ca\/","logo":{"@type":"ImageObject","inLanguage":"ca","@id":"https:\/\/www.tressis.com\/ca\/#\/schema\/logo\/image\/","url":"https:\/\/www.tressis.com\/wp-content\/uploads\/2025\/06\/logo-tressis-112.png","contentUrl":"https:\/\/www.tressis.com\/wp-content\/uploads\/2025\/06\/logo-tressis-112.png","width":112,"height":112,"caption":"Tressis"},"image":{"@id":"https:\/\/www.tressis.com\/ca\/#\/schema\/logo\/image\/"},"sameAs":["https:\/\/www.facebook.com\/Tressis\/","https:\/\/x.com\/TressisSV","https:\/\/www.instagram.com\/tressissv\/?hl=es","https:\/\/linkedin.com\/company\/tressis\/","https:\/\/www.youtube.com\/user\/tressissv","https:\/\/open.spotify.com\/show\/3jmTe1Nf0wqMILl7diWV6h?si=d7112519f13c4593&nd=1"]},{"@type":"Person","@id":"https:\/\/www.tressis.com\/ca\/#\/schema\/person\/b833c1d724d8764920b6d6852c70584e","name":"Lola","image":{"@type":"ImageObject","inLanguage":"ca","@id":"https:\/\/secure.gravatar.com\/avatar\/05e646486b23ff45df9649110609c7e31b8c4a3e2821caa23d6317f405e0c51d?s=96&d=mm&r=g","url":"https:\/\/secure.gravatar.com\/avatar\/05e646486b23ff45df9649110609c7e31b8c4a3e2821caa23d6317f405e0c51d?s=96&d=mm&r=g","contentUrl":"https:\/\/secure.gravatar.com\/avatar\/05e646486b23ff45df9649110609c7e31b8c4a3e2821caa23d6317f405e0c51d?s=96&d=mm&r=g","caption":"Lola"}}]}},"_links":{"self":[{"href":"https:\/\/www.tressis.com\/ca\/wp-json\/wp\/v2\/posts\/34647","targetHints":{"allow":["GET"]}}],"collection":[{"href":"https:\/\/www.tressis.com\/ca\/wp-json\/wp\/v2\/posts"}],"about":[{"href":"https:\/\/www.tressis.com\/ca\/wp-json\/wp\/v2\/types\/post"}],"author":[{"embeddable":true,"href":"https:\/\/www.tressis.com\/ca\/wp-json\/wp\/v2\/users\/4"}],"replies":[{"embeddable":true,"href":"https:\/\/www.tressis.com\/ca\/wp-json\/wp\/v2\/comments?post=34647"}],"version-history":[{"count":0,"href":"https:\/\/www.tressis.com\/ca\/wp-json\/wp\/v2\/posts\/34647\/revisions"}],"wp:featuredmedia":[{"embeddable":true,"href":"https:\/\/www.tressis.com\/ca\/wp-json\/wp\/v2\/media\/34649"}],"wp:attachment":[{"href":"https:\/\/www.tressis.com\/ca\/wp-json\/wp\/v2\/media?parent=34647"}],"wp:term":[{"taxonomy":"category","embeddable":true,"href":"https:\/\/www.tressis.com\/ca\/wp-json\/wp\/v2\/categories?post=34647"},{"taxonomy":"post_tag","embeddable":true,"href":"https:\/\/www.tressis.com\/ca\/wp-json\/wp\/v2\/tags?post=34647"}],"curies":[{"name":"wp","href":"https:\/\/api.w.org\/{rel}","templated":true}]}}