{"id":34599,"date":"2020-06-16T10:46:54","date_gmt":"2020-06-16T08:46:54","guid":{"rendered":"http:\/\/www.tressis.com\/blog\/?p=34599"},"modified":"2024-08-29T11:08:40","modified_gmt":"2024-08-29T09:08:40","slug":"los-mercados-se-dieron-la-vuelta-2","status":"publish","type":"post","link":"https:\/\/www.tressis.com\/ca\/blog\/los-mercados-se-dieron-la-vuelta-2\/","title":{"rendered":"Los mercados se dieron la vuelta"},"content":{"rendered":"<p>No s\u00e9 si han visto las pel\u00edculas de \u201cEl Se\u00f1or de los Anillos\u201d.<!--more--><\/p>\n<p>En particular la tercera parte: \u201cEl Retorno del Rey\u201d. En un momento de esa pel\u00edcula, en la batalla de Minas Tirith, parece que la Comunidad del Anillo est\u00e1 siendo derrotada, pero aparecen tres de los protagonistas, Aragorn, Legolas y Gimli, con un barco lleno de fantasmas (el ej\u00e9rcito de los muertos) y le dan la vuelta a la contienda para una victoria abrumadora. Bien, despu\u00e9s de este episodio de frikismo, lo cierto es que me imagino el comportamiento de las bolsas ayer exactamente as\u00ed.<\/p>\n<p>Durante toda la ma\u00f1ana, se esperaba una nueva sesi\u00f3n de correcci\u00f3n en los mercados. Los \u00edndices europeos registraban ca\u00eddas y los futuros americanos no sub\u00edan los \u00e1nimos. Pero a la apertura americana, la realidad fue otra: llegaron el Nasdaq (Aragorn), S&amp;P 500 (Legolas) y Dow Jones (Gimli), de la mano de la Reserva Federal (el ej\u00e9rcito de los muertos) y la balanza se inclin\u00f3. El anuncio de que la instituci\u00f3n comenzaba a comprar bonos corporativos individuales m\u00e1s all\u00e1 que los que ya estaba adquiriendo v\u00eda ETF posibilit\u00f3 que los mercados se diesen la vuelta y la sesi\u00f3n terminase siendo nuevamente positiva. La droga de los bancos centrales puede mucho m\u00e1s que el miedo a posibles rebrotes (Pek\u00edn) o a las crecientes tasas de contagio en algunos estados americanos.<\/p>\n<p>Pero ojo, que esas situaciones sanitarias siguen siendo catalizadores de mercado. Igual que lo puede ser la reuni\u00f3n que en teor\u00eda se producir\u00e1 entre representantes chinos y estadounidenses en una base militar de Haw\u00e1i. Tienen mucho que hablar (gesti\u00f3n de la COVID-19, Hong Kong, cumplimiento del acuerdo comercial\u2026), y cualquiera de los posibles resultados puede ser motivo de volatilidad.<\/p>\n<p>Hoy, la publicaci\u00f3n de las ventas minoristas en Estados Unidos (recordemos que m\u00e1s del 66% del PIB americano se sustenta en el consumo) nos dar\u00e1 una idea de la situaci\u00f3n real de la econom\u00eda de la regi\u00f3n. En Europa, la publicaci\u00f3n m\u00e1s relevante ser\u00e1 la del indicador del germano ZEW, en donde conoceremos el sentimiento de inversores y analistas acerca del futuro alem\u00e1n.<\/p>\n<p>Buen martes.<\/p>\n<p><center><strong>M\u00aa Salom\u00e9 Bouzas Romero<\/strong><br \/>\nAnalista<\/center><\/p>\n","protected":false},"excerpt":{"rendered":"<p>No s\u00e9 si han visto las pel\u00edculas de \u201cEl Se\u00f1or de los Anillos\u201d.<\/p>\n","protected":false},"author":4,"featured_media":34600,"comment_status":"open","ping_status":"closed","sticky":false,"template":"","format":"standard","meta":{"_acf_changed":false,"footnotes":""},"categories":[9721],"tags":[],"class_list":["post-34599","post","type-post","status-publish","format-standard","has-post-thumbnail","hentry","category-morning-meeting"],"acf":[],"yoast_head":"<!-- This site is optimized with the Yoast SEO plugin v27.5 - https:\/\/yoast.com\/product\/yoast-seo-wordpress\/ -->\n<title>Los mercados se dieron la vuelta<\/title>\n<meta name=\"description\" content=\"El anuncio de que la FED comenzaba a comprar bonos corporativos individuales m\u00e1s all\u00e1 que los que ya estaba adquiriendo v\u00eda ETF posibilit\u00f3 que los mercados se diesen la vuelta.\" \/>\n<meta name=\"robots\" content=\"noindex, nofollow\" \/>\n<meta property=\"og:locale\" content=\"ca_ES\" \/>\n<meta property=\"og:type\" content=\"article\" \/>\n<meta property=\"og:title\" content=\"Los mercados se dieron la vuelta\" \/>\n<meta property=\"og:description\" content=\"El anuncio de que la FED comenzaba a comprar bonos corporativos individuales m\u00e1s all\u00e1 que los que ya estaba adquiriendo v\u00eda ETF posibilit\u00f3 que los mercados se diesen la vuelta.\" \/>\n<meta property=\"og:url\" content=\"https:\/\/www.tressis.com\/ca\/blog\/los-mercados-se-dieron-la-vuelta-2\/\" \/>\n<meta property=\"og:site_name\" content=\"Tressis\" \/>\n<meta property=\"article:publisher\" content=\"https:\/\/www.facebook.com\/Tressis\/\" \/>\n<meta property=\"article:published_time\" content=\"2020-06-16T08:46:54+00:00\" \/>\n<meta property=\"article:modified_time\" content=\"2024-08-29T09:08:40+00:00\" \/>\n<meta property=\"og:image\" content=\"https:\/\/www.tressis.com\/wp-content\/uploads\/2020\/06\/20200616-bancos-centrales.jpg\" \/>\n\t<meta property=\"og:image:width\" content=\"1100\" \/>\n\t<meta property=\"og:image:height\" content=\"487\" \/>\n\t<meta property=\"og:image:type\" content=\"image\/jpeg\" \/>\n<meta name=\"author\" content=\"Lola\" \/>\n<meta name=\"twitter:card\" content=\"summary_large_image\" \/>\n<meta name=\"twitter:creator\" content=\"@TressisSV\" \/>\n<meta name=\"twitter:site\" content=\"@TressisSV\" \/>\n<meta name=\"twitter:label1\" content=\"Escrit per\" \/>\n\t<meta name=\"twitter:data1\" content=\"Lola\" \/>\n\t<meta name=\"twitter:label2\" content=\"Temps estimat de lectura\" \/>\n\t<meta name=\"twitter:data2\" content=\"2 minuts\" \/>\n<script type=\"application\/ld+json\" class=\"yoast-schema-graph\">{\"@context\":\"https:\\\/\\\/schema.org\",\"@graph\":[{\"@type\":\"Article\",\"@id\":\"https:\\\/\\\/www.tressis.com\\\/ca\\\/blog\\\/los-mercados-se-dieron-la-vuelta-2\\\/#article\",\"isPartOf\":{\"@id\":\"https:\\\/\\\/www.tressis.com\\\/ca\\\/blog\\\/los-mercados-se-dieron-la-vuelta-2\\\/\"},\"author\":{\"name\":\"Lola\",\"@id\":\"https:\\\/\\\/www.tressis.com\\\/ca\\\/#\\\/schema\\\/person\\\/b833c1d724d8764920b6d6852c70584e\"},\"headline\":\"Los mercados se dieron la vuelta\",\"datePublished\":\"2020-06-16T08:46:54+00:00\",\"dateModified\":\"2024-08-29T09:08:40+00:00\",\"mainEntityOfPage\":{\"@id\":\"https:\\\/\\\/www.tressis.com\\\/ca\\\/blog\\\/los-mercados-se-dieron-la-vuelta-2\\\/\"},\"wordCount\":389,\"commentCount\":0,\"publisher\":{\"@id\":\"https:\\\/\\\/www.tressis.com\\\/ca\\\/#organization\"},\"image\":{\"@id\":\"https:\\\/\\\/www.tressis.com\\\/ca\\\/blog\\\/los-mercados-se-dieron-la-vuelta-2\\\/#primaryimage\"},\"thumbnailUrl\":\"https:\\\/\\\/www.tressis.com\\\/wp-content\\\/uploads\\\/2020\\\/06\\\/20200616-bancos-centrales.jpg\",\"articleSection\":[\"Morning meeting\"],\"inLanguage\":\"ca\",\"potentialAction\":[{\"@type\":\"CommentAction\",\"name\":\"Comment\",\"target\":[\"https:\\\/\\\/www.tressis.com\\\/ca\\\/blog\\\/los-mercados-se-dieron-la-vuelta-2\\\/#respond\"]}]},{\"@type\":\"WebPage\",\"@id\":\"https:\\\/\\\/www.tressis.com\\\/ca\\\/blog\\\/los-mercados-se-dieron-la-vuelta-2\\\/\",\"url\":\"https:\\\/\\\/www.tressis.com\\\/ca\\\/blog\\\/los-mercados-se-dieron-la-vuelta-2\\\/\",\"name\":\"Los mercados se dieron la vuelta\",\"isPartOf\":{\"@id\":\"https:\\\/\\\/www.tressis.com\\\/ca\\\/#website\"},\"primaryImageOfPage\":{\"@id\":\"https:\\\/\\\/www.tressis.com\\\/ca\\\/blog\\\/los-mercados-se-dieron-la-vuelta-2\\\/#primaryimage\"},\"image\":{\"@id\":\"https:\\\/\\\/www.tressis.com\\\/ca\\\/blog\\\/los-mercados-se-dieron-la-vuelta-2\\\/#primaryimage\"},\"thumbnailUrl\":\"https:\\\/\\\/www.tressis.com\\\/wp-content\\\/uploads\\\/2020\\\/06\\\/20200616-bancos-centrales.jpg\",\"datePublished\":\"2020-06-16T08:46:54+00:00\",\"dateModified\":\"2024-08-29T09:08:40+00:00\",\"description\":\"El anuncio de que la FED comenzaba a comprar bonos corporativos individuales m\u00e1s all\u00e1 que los que ya estaba adquiriendo v\u00eda ETF posibilit\u00f3 que los mercados se diesen la vuelta.\",\"breadcrumb\":{\"@id\":\"https:\\\/\\\/www.tressis.com\\\/ca\\\/blog\\\/los-mercados-se-dieron-la-vuelta-2\\\/#breadcrumb\"},\"inLanguage\":\"ca\",\"potentialAction\":[{\"@type\":\"ReadAction\",\"target\":[\"https:\\\/\\\/www.tressis.com\\\/ca\\\/blog\\\/los-mercados-se-dieron-la-vuelta-2\\\/\"]}]},{\"@type\":\"ImageObject\",\"inLanguage\":\"ca\",\"@id\":\"https:\\\/\\\/www.tressis.com\\\/ca\\\/blog\\\/los-mercados-se-dieron-la-vuelta-2\\\/#primaryimage\",\"url\":\"https:\\\/\\\/www.tressis.com\\\/wp-content\\\/uploads\\\/2020\\\/06\\\/20200616-bancos-centrales.jpg\",\"contentUrl\":\"https:\\\/\\\/www.tressis.com\\\/wp-content\\\/uploads\\\/2020\\\/06\\\/20200616-bancos-centrales.jpg\",\"width\":1100,\"height\":487,\"caption\":\"Los mercados se dieron la vuelta\"},{\"@type\":\"BreadcrumbList\",\"@id\":\"https:\\\/\\\/www.tressis.com\\\/ca\\\/blog\\\/los-mercados-se-dieron-la-vuelta-2\\\/#breadcrumb\",\"itemListElement\":[{\"@type\":\"ListItem\",\"position\":1,\"name\":\"Inicio\",\"item\":\"https:\\\/\\\/www.tressis.com\\\/ca\\\/\"},{\"@type\":\"ListItem\",\"position\":2,\"name\":\"Morning meeting\",\"item\":\"https:\\\/\\\/www.tressis.com\\\/ca\\\/blog\\\/categorias\\\/morning-meeting-ca\\\/\"},{\"@type\":\"ListItem\",\"position\":3,\"name\":\"Los mercados se dieron la vuelta\"}]},{\"@type\":\"WebSite\",\"@id\":\"https:\\\/\\\/www.tressis.com\\\/ca\\\/#website\",\"url\":\"https:\\\/\\\/www.tressis.com\\\/ca\\\/\",\"name\":\"Tressis banca privada\",\"description\":\"Tressis | Planificaci\u00f3n financiera y gesti\u00f3n de patrimonios\",\"publisher\":{\"@id\":\"https:\\\/\\\/www.tressis.com\\\/ca\\\/#organization\"},\"potentialAction\":[{\"@type\":\"SearchAction\",\"target\":{\"@type\":\"EntryPoint\",\"urlTemplate\":\"https:\\\/\\\/www.tressis.com\\\/ca\\\/?s={search_term_string}\"},\"query-input\":{\"@type\":\"PropertyValueSpecification\",\"valueRequired\":true,\"valueName\":\"search_term_string\"}}],\"inLanguage\":\"ca\"},{\"@type\":\"Organization\",\"@id\":\"https:\\\/\\\/www.tressis.com\\\/ca\\\/#organization\",\"name\":\"Tressis\",\"url\":\"https:\\\/\\\/www.tressis.com\\\/ca\\\/\",\"logo\":{\"@type\":\"ImageObject\",\"inLanguage\":\"ca\",\"@id\":\"https:\\\/\\\/www.tressis.com\\\/ca\\\/#\\\/schema\\\/logo\\\/image\\\/\",\"url\":\"https:\\\/\\\/www.tressis.com\\\/wp-content\\\/uploads\\\/2025\\\/06\\\/logo-tressis-112.png\",\"contentUrl\":\"https:\\\/\\\/www.tressis.com\\\/wp-content\\\/uploads\\\/2025\\\/06\\\/logo-tressis-112.png\",\"width\":112,\"height\":112,\"caption\":\"Tressis\"},\"image\":{\"@id\":\"https:\\\/\\\/www.tressis.com\\\/ca\\\/#\\\/schema\\\/logo\\\/image\\\/\"},\"sameAs\":[\"https:\\\/\\\/www.facebook.com\\\/Tressis\\\/\",\"https:\\\/\\\/x.com\\\/TressisSV\",\"https:\\\/\\\/www.instagram.com\\\/tressissv\\\/?hl=es\",\"https:\\\/\\\/linkedin.com\\\/company\\\/tressis\\\/\",\"https:\\\/\\\/www.youtube.com\\\/user\\\/tressissv\",\"https:\\\/\\\/open.spotify.com\\\/show\\\/3jmTe1Nf0wqMILl7diWV6h?si=d7112519f13c4593&nd=1\"]},{\"@type\":\"Person\",\"@id\":\"https:\\\/\\\/www.tressis.com\\\/ca\\\/#\\\/schema\\\/person\\\/b833c1d724d8764920b6d6852c70584e\",\"name\":\"Lola\",\"image\":{\"@type\":\"ImageObject\",\"inLanguage\":\"ca\",\"@id\":\"https:\\\/\\\/secure.gravatar.com\\\/avatar\\\/05e646486b23ff45df9649110609c7e31b8c4a3e2821caa23d6317f405e0c51d?s=96&d=mm&r=g\",\"url\":\"https:\\\/\\\/secure.gravatar.com\\\/avatar\\\/05e646486b23ff45df9649110609c7e31b8c4a3e2821caa23d6317f405e0c51d?s=96&d=mm&r=g\",\"contentUrl\":\"https:\\\/\\\/secure.gravatar.com\\\/avatar\\\/05e646486b23ff45df9649110609c7e31b8c4a3e2821caa23d6317f405e0c51d?s=96&d=mm&r=g\",\"caption\":\"Lola\"}}]}<\/script>\n<!-- \/ Yoast SEO plugin. -->","yoast_head_json":{"title":"Los mercados se dieron la vuelta","description":"El anuncio de que la FED comenzaba a comprar bonos corporativos individuales m\u00e1s all\u00e1 que los que ya estaba adquiriendo v\u00eda ETF posibilit\u00f3 que los mercados se diesen la vuelta.","robots":{"index":"noindex","follow":"nofollow"},"og_locale":"ca_ES","og_type":"article","og_title":"Los mercados se dieron la vuelta","og_description":"El anuncio de que la FED comenzaba a comprar bonos corporativos individuales m\u00e1s all\u00e1 que los que ya estaba adquiriendo v\u00eda ETF posibilit\u00f3 que los mercados se diesen la vuelta.","og_url":"https:\/\/www.tressis.com\/ca\/blog\/los-mercados-se-dieron-la-vuelta-2\/","og_site_name":"Tressis","article_publisher":"https:\/\/www.facebook.com\/Tressis\/","article_published_time":"2020-06-16T08:46:54+00:00","article_modified_time":"2024-08-29T09:08:40+00:00","og_image":[{"width":1100,"height":487,"url":"https:\/\/www.tressis.com\/wp-content\/uploads\/2020\/06\/20200616-bancos-centrales.jpg","type":"image\/jpeg"}],"author":"Lola","twitter_card":"summary_large_image","twitter_creator":"@TressisSV","twitter_site":"@TressisSV","twitter_misc":{"Escrit per":"Lola","Temps estimat de lectura":"2 minuts"},"schema":{"@context":"https:\/\/schema.org","@graph":[{"@type":"Article","@id":"https:\/\/www.tressis.com\/ca\/blog\/los-mercados-se-dieron-la-vuelta-2\/#article","isPartOf":{"@id":"https:\/\/www.tressis.com\/ca\/blog\/los-mercados-se-dieron-la-vuelta-2\/"},"author":{"name":"Lola","@id":"https:\/\/www.tressis.com\/ca\/#\/schema\/person\/b833c1d724d8764920b6d6852c70584e"},"headline":"Los mercados se dieron la vuelta","datePublished":"2020-06-16T08:46:54+00:00","dateModified":"2024-08-29T09:08:40+00:00","mainEntityOfPage":{"@id":"https:\/\/www.tressis.com\/ca\/blog\/los-mercados-se-dieron-la-vuelta-2\/"},"wordCount":389,"commentCount":0,"publisher":{"@id":"https:\/\/www.tressis.com\/ca\/#organization"},"image":{"@id":"https:\/\/www.tressis.com\/ca\/blog\/los-mercados-se-dieron-la-vuelta-2\/#primaryimage"},"thumbnailUrl":"https:\/\/www.tressis.com\/wp-content\/uploads\/2020\/06\/20200616-bancos-centrales.jpg","articleSection":["Morning meeting"],"inLanguage":"ca","potentialAction":[{"@type":"CommentAction","name":"Comment","target":["https:\/\/www.tressis.com\/ca\/blog\/los-mercados-se-dieron-la-vuelta-2\/#respond"]}]},{"@type":"WebPage","@id":"https:\/\/www.tressis.com\/ca\/blog\/los-mercados-se-dieron-la-vuelta-2\/","url":"https:\/\/www.tressis.com\/ca\/blog\/los-mercados-se-dieron-la-vuelta-2\/","name":"Los mercados se dieron la vuelta","isPartOf":{"@id":"https:\/\/www.tressis.com\/ca\/#website"},"primaryImageOfPage":{"@id":"https:\/\/www.tressis.com\/ca\/blog\/los-mercados-se-dieron-la-vuelta-2\/#primaryimage"},"image":{"@id":"https:\/\/www.tressis.com\/ca\/blog\/los-mercados-se-dieron-la-vuelta-2\/#primaryimage"},"thumbnailUrl":"https:\/\/www.tressis.com\/wp-content\/uploads\/2020\/06\/20200616-bancos-centrales.jpg","datePublished":"2020-06-16T08:46:54+00:00","dateModified":"2024-08-29T09:08:40+00:00","description":"El anuncio de que la FED comenzaba a comprar bonos corporativos individuales m\u00e1s all\u00e1 que los que ya estaba adquiriendo v\u00eda ETF posibilit\u00f3 que los mercados se diesen la vuelta.","breadcrumb":{"@id":"https:\/\/www.tressis.com\/ca\/blog\/los-mercados-se-dieron-la-vuelta-2\/#breadcrumb"},"inLanguage":"ca","potentialAction":[{"@type":"ReadAction","target":["https:\/\/www.tressis.com\/ca\/blog\/los-mercados-se-dieron-la-vuelta-2\/"]}]},{"@type":"ImageObject","inLanguage":"ca","@id":"https:\/\/www.tressis.com\/ca\/blog\/los-mercados-se-dieron-la-vuelta-2\/#primaryimage","url":"https:\/\/www.tressis.com\/wp-content\/uploads\/2020\/06\/20200616-bancos-centrales.jpg","contentUrl":"https:\/\/www.tressis.com\/wp-content\/uploads\/2020\/06\/20200616-bancos-centrales.jpg","width":1100,"height":487,"caption":"Los mercados se dieron la vuelta"},{"@type":"BreadcrumbList","@id":"https:\/\/www.tressis.com\/ca\/blog\/los-mercados-se-dieron-la-vuelta-2\/#breadcrumb","itemListElement":[{"@type":"ListItem","position":1,"name":"Inicio","item":"https:\/\/www.tressis.com\/ca\/"},{"@type":"ListItem","position":2,"name":"Morning meeting","item":"https:\/\/www.tressis.com\/ca\/blog\/categorias\/morning-meeting-ca\/"},{"@type":"ListItem","position":3,"name":"Los mercados se dieron la vuelta"}]},{"@type":"WebSite","@id":"https:\/\/www.tressis.com\/ca\/#website","url":"https:\/\/www.tressis.com\/ca\/","name":"Tressis banca privada","description":"Tressis | Planificaci\u00f3n financiera y gesti\u00f3n de patrimonios","publisher":{"@id":"https:\/\/www.tressis.com\/ca\/#organization"},"potentialAction":[{"@type":"SearchAction","target":{"@type":"EntryPoint","urlTemplate":"https:\/\/www.tressis.com\/ca\/?s={search_term_string}"},"query-input":{"@type":"PropertyValueSpecification","valueRequired":true,"valueName":"search_term_string"}}],"inLanguage":"ca"},{"@type":"Organization","@id":"https:\/\/www.tressis.com\/ca\/#organization","name":"Tressis","url":"https:\/\/www.tressis.com\/ca\/","logo":{"@type":"ImageObject","inLanguage":"ca","@id":"https:\/\/www.tressis.com\/ca\/#\/schema\/logo\/image\/","url":"https:\/\/www.tressis.com\/wp-content\/uploads\/2025\/06\/logo-tressis-112.png","contentUrl":"https:\/\/www.tressis.com\/wp-content\/uploads\/2025\/06\/logo-tressis-112.png","width":112,"height":112,"caption":"Tressis"},"image":{"@id":"https:\/\/www.tressis.com\/ca\/#\/schema\/logo\/image\/"},"sameAs":["https:\/\/www.facebook.com\/Tressis\/","https:\/\/x.com\/TressisSV","https:\/\/www.instagram.com\/tressissv\/?hl=es","https:\/\/linkedin.com\/company\/tressis\/","https:\/\/www.youtube.com\/user\/tressissv","https:\/\/open.spotify.com\/show\/3jmTe1Nf0wqMILl7diWV6h?si=d7112519f13c4593&nd=1"]},{"@type":"Person","@id":"https:\/\/www.tressis.com\/ca\/#\/schema\/person\/b833c1d724d8764920b6d6852c70584e","name":"Lola","image":{"@type":"ImageObject","inLanguage":"ca","@id":"https:\/\/secure.gravatar.com\/avatar\/05e646486b23ff45df9649110609c7e31b8c4a3e2821caa23d6317f405e0c51d?s=96&d=mm&r=g","url":"https:\/\/secure.gravatar.com\/avatar\/05e646486b23ff45df9649110609c7e31b8c4a3e2821caa23d6317f405e0c51d?s=96&d=mm&r=g","contentUrl":"https:\/\/secure.gravatar.com\/avatar\/05e646486b23ff45df9649110609c7e31b8c4a3e2821caa23d6317f405e0c51d?s=96&d=mm&r=g","caption":"Lola"}}]}},"_links":{"self":[{"href":"https:\/\/www.tressis.com\/ca\/wp-json\/wp\/v2\/posts\/34599","targetHints":{"allow":["GET"]}}],"collection":[{"href":"https:\/\/www.tressis.com\/ca\/wp-json\/wp\/v2\/posts"}],"about":[{"href":"https:\/\/www.tressis.com\/ca\/wp-json\/wp\/v2\/types\/post"}],"author":[{"embeddable":true,"href":"https:\/\/www.tressis.com\/ca\/wp-json\/wp\/v2\/users\/4"}],"replies":[{"embeddable":true,"href":"https:\/\/www.tressis.com\/ca\/wp-json\/wp\/v2\/comments?post=34599"}],"version-history":[{"count":2,"href":"https:\/\/www.tressis.com\/ca\/wp-json\/wp\/v2\/posts\/34599\/revisions"}],"predecessor-version":[{"id":100416,"href":"https:\/\/www.tressis.com\/ca\/wp-json\/wp\/v2\/posts\/34599\/revisions\/100416"}],"wp:featuredmedia":[{"embeddable":true,"href":"https:\/\/www.tressis.com\/ca\/wp-json\/wp\/v2\/media\/34600"}],"wp:attachment":[{"href":"https:\/\/www.tressis.com\/ca\/wp-json\/wp\/v2\/media?parent=34599"}],"wp:term":[{"taxonomy":"category","embeddable":true,"href":"https:\/\/www.tressis.com\/ca\/wp-json\/wp\/v2\/categories?post=34599"},{"taxonomy":"post_tag","embeddable":true,"href":"https:\/\/www.tressis.com\/ca\/wp-json\/wp\/v2\/tags?post=34599"}],"curies":[{"name":"wp","href":"https:\/\/api.w.org\/{rel}","templated":true}]}}