{"id":34581,"date":"2020-06-11T11:11:07","date_gmt":"2020-06-11T09:11:07","guid":{"rendered":"http:\/\/www.tressis.com\/blog\/?p=34581"},"modified":"2020-06-11T11:11:07","modified_gmt":"2020-06-11T09:11:07","slug":"un-discurso-logico-y-calmado","status":"publish","type":"post","link":"https:\/\/www.tressis.com\/ca\/blog\/un-discurso-logico-y-calmado\/","title":{"rendered":"Un discurso l\u00f3gico y calmado"},"content":{"rendered":"<p>Alguien ha puesto cordura ante todas esas manos invisibles que hay en los mercados y que han hecho que, mientras \u00e9ramos completamente conscientes de que vienen tiempos convulsos en la econom\u00eda global, las bolsas siguiesen subiendo inexorablemente.<!--more--><\/p>\n<p>El antagonista, como no pod\u00eda ser de otra forma, fue Jerome Powell: su discurso fue l\u00f3gico, calmado y (creo que) sincero, pero no era lo que los inversores quer\u00edan escuchar. No puede sorprendernos que el m\u00e1ximo mandatario de la Reserva Federal americana diga que las consecuencias econ\u00f3micas van a ser duraderas al menos, si no m\u00e1s, hasta final de a\u00f1o; ni que la tasa de desempleo no volver\u00e1 a sus m\u00ednimos hist\u00f3ricos en el corto plazo; ni que se contemplan nuevas medidas, incluyendo el control de la curva de ser necesario, as\u00ed que la nueva normalidad en los tipos queda para otro a\u00f1o.<\/p>\n<p>Ante esto, \u00bflas bolsas claudicaron? Generalizadamente s\u00ed, pero no todas. El Nasdaq, con Apple y Microsoft marcando el rumbo, se desmarcaba del resto de \u00edndices y continuaba con su escalada consiguiendo, ayer s\u00ed, cerrar por encima de los 10.000 puntos (m\u00e1ximos hist\u00f3ricos, claro est\u00e1). \u00bfY los bonos? Pues ca\u00eddas de rentabilidades para el <i>treasury<\/i> ante el panorama econ\u00f3mico que se le presenta, con los tipos en 0-0,25%. \u00bfQu\u00e9 pas\u00f3 en Europa? Muy f\u00e1cil, la respuesta a esta pregunta siempre es la misma: igual que Estados Unidos, pero peor.<\/p>\n<p>Buen jueves.<\/p>\n<p><center><strong>M\u00aa Salom\u00e9 Bouzas Romero<\/strong><br \/>\nAnalista<\/center><\/p>\n","protected":false},"excerpt":{"rendered":"<p>Alguien ha puesto cordura ante todas esas manos invisibles que hay en los mercados y que han hecho que, mientras \u00e9ramos completamente conscientes de que vienen tiempos convulsos en la econom\u00eda global, las bolsas siguiesen subiendo inexorablemente.<\/p>\n","protected":false},"author":4,"featured_media":34582,"comment_status":"open","ping_status":"closed","sticky":false,"template":"","format":"standard","meta":{"_acf_changed":false,"footnotes":""},"categories":[9721],"tags":[],"class_list":["post-34581","post","type-post","status-publish","format-standard","has-post-thumbnail","hentry","category-morning-meeting"],"acf":[],"yoast_head":"<!-- This site is optimized with the Yoast SEO plugin v27.5 - https:\/\/yoast.com\/product\/yoast-seo-wordpress\/ -->\n<title>Un discurso l\u00f3gico y calmado<\/title>\n<meta name=\"description\" content=\"El m\u00e1ximo mandatario de la Reserva Federal americana dijo que las consecuencias econ\u00f3micas van a ser duraderas, al menos, hasta final de a\u00f1o.\" \/>\n<meta name=\"robots\" content=\"index, follow, max-snippet:-1, max-image-preview:large, max-video-preview:-1\" \/>\n<link rel=\"canonical\" href=\"https:\/\/www.tressis.com\/ca\/blog\/un-discurso-logico-y-calmado\/\" \/>\n<meta property=\"og:locale\" content=\"ca_ES\" \/>\n<meta property=\"og:type\" content=\"article\" \/>\n<meta property=\"og:title\" content=\"Un discurso l\u00f3gico y calmado\" \/>\n<meta property=\"og:description\" content=\"El m\u00e1ximo mandatario de la Reserva Federal americana dijo que las consecuencias econ\u00f3micas van a ser duraderas, al menos, hasta final de a\u00f1o.\" \/>\n<meta property=\"og:url\" content=\"https:\/\/www.tressis.com\/ca\/blog\/un-discurso-logico-y-calmado\/\" \/>\n<meta property=\"og:site_name\" content=\"Tressis\" \/>\n<meta property=\"article:publisher\" content=\"https:\/\/www.facebook.com\/Tressis\/\" \/>\n<meta property=\"article:published_time\" content=\"2020-06-11T09:11:07+00:00\" \/>\n<meta property=\"og:image\" content=\"https:\/\/www.tressis.com\/wp-content\/uploads\/2020\/06\/20200611-jerome-powell.jpg\" \/>\n\t<meta property=\"og:image:width\" content=\"1100\" \/>\n\t<meta property=\"og:image:height\" content=\"487\" \/>\n\t<meta property=\"og:image:type\" content=\"image\/jpeg\" \/>\n<meta name=\"author\" content=\"Lola\" \/>\n<meta name=\"twitter:card\" content=\"summary_large_image\" \/>\n<meta name=\"twitter:creator\" content=\"@TressisSV\" \/>\n<meta name=\"twitter:site\" content=\"@TressisSV\" \/>\n<meta name=\"twitter:label1\" content=\"Escrit per\" \/>\n\t<meta name=\"twitter:data1\" content=\"Lola\" \/>\n\t<meta name=\"twitter:label2\" content=\"Temps estimat de lectura\" \/>\n\t<meta name=\"twitter:data2\" content=\"1 minut\" \/>\n<script type=\"application\/ld+json\" class=\"yoast-schema-graph\">{\"@context\":\"https:\\\/\\\/schema.org\",\"@graph\":[{\"@type\":\"Article\",\"@id\":\"https:\\\/\\\/www.tressis.com\\\/ca\\\/blog\\\/un-discurso-logico-y-calmado\\\/#article\",\"isPartOf\":{\"@id\":\"https:\\\/\\\/www.tressis.com\\\/ca\\\/blog\\\/un-discurso-logico-y-calmado\\\/\"},\"author\":{\"name\":\"Lola\",\"@id\":\"https:\\\/\\\/www.tressis.com\\\/ca\\\/#\\\/schema\\\/person\\\/b833c1d724d8764920b6d6852c70584e\"},\"headline\":\"Un discurso l\u00f3gico y calmado\",\"datePublished\":\"2020-06-11T09:11:07+00:00\",\"mainEntityOfPage\":{\"@id\":\"https:\\\/\\\/www.tressis.com\\\/ca\\\/blog\\\/un-discurso-logico-y-calmado\\\/\"},\"wordCount\":256,\"commentCount\":0,\"publisher\":{\"@id\":\"https:\\\/\\\/www.tressis.com\\\/ca\\\/#organization\"},\"image\":{\"@id\":\"https:\\\/\\\/www.tressis.com\\\/ca\\\/blog\\\/un-discurso-logico-y-calmado\\\/#primaryimage\"},\"thumbnailUrl\":\"https:\\\/\\\/www.tressis.com\\\/wp-content\\\/uploads\\\/2020\\\/06\\\/20200611-jerome-powell.jpg\",\"articleSection\":[\"Morning meeting\"],\"inLanguage\":\"ca\",\"potentialAction\":[{\"@type\":\"CommentAction\",\"name\":\"Comment\",\"target\":[\"https:\\\/\\\/www.tressis.com\\\/ca\\\/blog\\\/un-discurso-logico-y-calmado\\\/#respond\"]}]},{\"@type\":\"WebPage\",\"@id\":\"https:\\\/\\\/www.tressis.com\\\/ca\\\/blog\\\/un-discurso-logico-y-calmado\\\/\",\"url\":\"https:\\\/\\\/www.tressis.com\\\/ca\\\/blog\\\/un-discurso-logico-y-calmado\\\/\",\"name\":\"Un discurso l\u00f3gico y calmado\",\"isPartOf\":{\"@id\":\"https:\\\/\\\/www.tressis.com\\\/ca\\\/#website\"},\"primaryImageOfPage\":{\"@id\":\"https:\\\/\\\/www.tressis.com\\\/ca\\\/blog\\\/un-discurso-logico-y-calmado\\\/#primaryimage\"},\"image\":{\"@id\":\"https:\\\/\\\/www.tressis.com\\\/ca\\\/blog\\\/un-discurso-logico-y-calmado\\\/#primaryimage\"},\"thumbnailUrl\":\"https:\\\/\\\/www.tressis.com\\\/wp-content\\\/uploads\\\/2020\\\/06\\\/20200611-jerome-powell.jpg\",\"datePublished\":\"2020-06-11T09:11:07+00:00\",\"description\":\"El m\u00e1ximo mandatario de la Reserva Federal americana dijo que las consecuencias econ\u00f3micas van a ser duraderas, al menos, hasta final de a\u00f1o.\",\"breadcrumb\":{\"@id\":\"https:\\\/\\\/www.tressis.com\\\/ca\\\/blog\\\/un-discurso-logico-y-calmado\\\/#breadcrumb\"},\"inLanguage\":\"ca\",\"potentialAction\":[{\"@type\":\"ReadAction\",\"target\":[\"https:\\\/\\\/www.tressis.com\\\/ca\\\/blog\\\/un-discurso-logico-y-calmado\\\/\"]}]},{\"@type\":\"ImageObject\",\"inLanguage\":\"ca\",\"@id\":\"https:\\\/\\\/www.tressis.com\\\/ca\\\/blog\\\/un-discurso-logico-y-calmado\\\/#primaryimage\",\"url\":\"https:\\\/\\\/www.tressis.com\\\/wp-content\\\/uploads\\\/2020\\\/06\\\/20200611-jerome-powell.jpg\",\"contentUrl\":\"https:\\\/\\\/www.tressis.com\\\/wp-content\\\/uploads\\\/2020\\\/06\\\/20200611-jerome-powell.jpg\",\"width\":1100,\"height\":487,\"caption\":\"Un discurso l\u00f3gico, calmado y sincero\"},{\"@type\":\"BreadcrumbList\",\"@id\":\"https:\\\/\\\/www.tressis.com\\\/ca\\\/blog\\\/un-discurso-logico-y-calmado\\\/#breadcrumb\",\"itemListElement\":[{\"@type\":\"ListItem\",\"position\":1,\"name\":\"Inicio\",\"item\":\"https:\\\/\\\/www.tressis.com\\\/ca\\\/\"},{\"@type\":\"ListItem\",\"position\":2,\"name\":\"Un discurso l\u00f3gico y calmado\"}]},{\"@type\":\"WebSite\",\"@id\":\"https:\\\/\\\/www.tressis.com\\\/ca\\\/#website\",\"url\":\"https:\\\/\\\/www.tressis.com\\\/ca\\\/\",\"name\":\"Tressis banca privada\",\"description\":\"Tressis | Planificaci\u00f3n financiera y gesti\u00f3n de patrimonios\",\"publisher\":{\"@id\":\"https:\\\/\\\/www.tressis.com\\\/ca\\\/#organization\"},\"potentialAction\":[{\"@type\":\"SearchAction\",\"target\":{\"@type\":\"EntryPoint\",\"urlTemplate\":\"https:\\\/\\\/www.tressis.com\\\/ca\\\/?s={search_term_string}\"},\"query-input\":{\"@type\":\"PropertyValueSpecification\",\"valueRequired\":true,\"valueName\":\"search_term_string\"}}],\"inLanguage\":\"ca\"},{\"@type\":\"Organization\",\"@id\":\"https:\\\/\\\/www.tressis.com\\\/ca\\\/#organization\",\"name\":\"Tressis\",\"url\":\"https:\\\/\\\/www.tressis.com\\\/ca\\\/\",\"logo\":{\"@type\":\"ImageObject\",\"inLanguage\":\"ca\",\"@id\":\"https:\\\/\\\/www.tressis.com\\\/ca\\\/#\\\/schema\\\/logo\\\/image\\\/\",\"url\":\"https:\\\/\\\/www.tressis.com\\\/wp-content\\\/uploads\\\/2025\\\/06\\\/logo-tressis-112.png\",\"contentUrl\":\"https:\\\/\\\/www.tressis.com\\\/wp-content\\\/uploads\\\/2025\\\/06\\\/logo-tressis-112.png\",\"width\":112,\"height\":112,\"caption\":\"Tressis\"},\"image\":{\"@id\":\"https:\\\/\\\/www.tressis.com\\\/ca\\\/#\\\/schema\\\/logo\\\/image\\\/\"},\"sameAs\":[\"https:\\\/\\\/www.facebook.com\\\/Tressis\\\/\",\"https:\\\/\\\/x.com\\\/TressisSV\",\"https:\\\/\\\/www.instagram.com\\\/tressissv\\\/?hl=es\",\"https:\\\/\\\/linkedin.com\\\/company\\\/tressis\\\/\",\"https:\\\/\\\/www.youtube.com\\\/user\\\/tressissv\",\"https:\\\/\\\/open.spotify.com\\\/show\\\/3jmTe1Nf0wqMILl7diWV6h?si=d7112519f13c4593&nd=1\"]},{\"@type\":\"Person\",\"@id\":\"https:\\\/\\\/www.tressis.com\\\/ca\\\/#\\\/schema\\\/person\\\/b833c1d724d8764920b6d6852c70584e\",\"name\":\"Lola\",\"image\":{\"@type\":\"ImageObject\",\"inLanguage\":\"ca\",\"@id\":\"https:\\\/\\\/secure.gravatar.com\\\/avatar\\\/05e646486b23ff45df9649110609c7e31b8c4a3e2821caa23d6317f405e0c51d?s=96&d=mm&r=g\",\"url\":\"https:\\\/\\\/secure.gravatar.com\\\/avatar\\\/05e646486b23ff45df9649110609c7e31b8c4a3e2821caa23d6317f405e0c51d?s=96&d=mm&r=g\",\"contentUrl\":\"https:\\\/\\\/secure.gravatar.com\\\/avatar\\\/05e646486b23ff45df9649110609c7e31b8c4a3e2821caa23d6317f405e0c51d?s=96&d=mm&r=g\",\"caption\":\"Lola\"}}]}<\/script>\n<!-- \/ Yoast SEO plugin. -->","yoast_head_json":{"title":"Un discurso l\u00f3gico y calmado","description":"El m\u00e1ximo mandatario de la Reserva Federal americana dijo que las consecuencias econ\u00f3micas van a ser duraderas, al menos, hasta final de a\u00f1o.","robots":{"index":"index","follow":"follow","max-snippet":"max-snippet:-1","max-image-preview":"max-image-preview:large","max-video-preview":"max-video-preview:-1"},"canonical":"https:\/\/www.tressis.com\/ca\/blog\/un-discurso-logico-y-calmado\/","og_locale":"ca_ES","og_type":"article","og_title":"Un discurso l\u00f3gico y calmado","og_description":"El m\u00e1ximo mandatario de la Reserva Federal americana dijo que las consecuencias econ\u00f3micas van a ser duraderas, al menos, hasta final de a\u00f1o.","og_url":"https:\/\/www.tressis.com\/ca\/blog\/un-discurso-logico-y-calmado\/","og_site_name":"Tressis","article_publisher":"https:\/\/www.facebook.com\/Tressis\/","article_published_time":"2020-06-11T09:11:07+00:00","og_image":[{"width":1100,"height":487,"url":"https:\/\/www.tressis.com\/wp-content\/uploads\/2020\/06\/20200611-jerome-powell.jpg","type":"image\/jpeg"}],"author":"Lola","twitter_card":"summary_large_image","twitter_creator":"@TressisSV","twitter_site":"@TressisSV","twitter_misc":{"Escrit per":"Lola","Temps estimat de lectura":"1 minut"},"schema":{"@context":"https:\/\/schema.org","@graph":[{"@type":"Article","@id":"https:\/\/www.tressis.com\/ca\/blog\/un-discurso-logico-y-calmado\/#article","isPartOf":{"@id":"https:\/\/www.tressis.com\/ca\/blog\/un-discurso-logico-y-calmado\/"},"author":{"name":"Lola","@id":"https:\/\/www.tressis.com\/ca\/#\/schema\/person\/b833c1d724d8764920b6d6852c70584e"},"headline":"Un discurso l\u00f3gico y calmado","datePublished":"2020-06-11T09:11:07+00:00","mainEntityOfPage":{"@id":"https:\/\/www.tressis.com\/ca\/blog\/un-discurso-logico-y-calmado\/"},"wordCount":256,"commentCount":0,"publisher":{"@id":"https:\/\/www.tressis.com\/ca\/#organization"},"image":{"@id":"https:\/\/www.tressis.com\/ca\/blog\/un-discurso-logico-y-calmado\/#primaryimage"},"thumbnailUrl":"https:\/\/www.tressis.com\/wp-content\/uploads\/2020\/06\/20200611-jerome-powell.jpg","articleSection":["Morning meeting"],"inLanguage":"ca","potentialAction":[{"@type":"CommentAction","name":"Comment","target":["https:\/\/www.tressis.com\/ca\/blog\/un-discurso-logico-y-calmado\/#respond"]}]},{"@type":"WebPage","@id":"https:\/\/www.tressis.com\/ca\/blog\/un-discurso-logico-y-calmado\/","url":"https:\/\/www.tressis.com\/ca\/blog\/un-discurso-logico-y-calmado\/","name":"Un discurso l\u00f3gico y calmado","isPartOf":{"@id":"https:\/\/www.tressis.com\/ca\/#website"},"primaryImageOfPage":{"@id":"https:\/\/www.tressis.com\/ca\/blog\/un-discurso-logico-y-calmado\/#primaryimage"},"image":{"@id":"https:\/\/www.tressis.com\/ca\/blog\/un-discurso-logico-y-calmado\/#primaryimage"},"thumbnailUrl":"https:\/\/www.tressis.com\/wp-content\/uploads\/2020\/06\/20200611-jerome-powell.jpg","datePublished":"2020-06-11T09:11:07+00:00","description":"El m\u00e1ximo mandatario de la Reserva Federal americana dijo que las consecuencias econ\u00f3micas van a ser duraderas, al menos, hasta final de a\u00f1o.","breadcrumb":{"@id":"https:\/\/www.tressis.com\/ca\/blog\/un-discurso-logico-y-calmado\/#breadcrumb"},"inLanguage":"ca","potentialAction":[{"@type":"ReadAction","target":["https:\/\/www.tressis.com\/ca\/blog\/un-discurso-logico-y-calmado\/"]}]},{"@type":"ImageObject","inLanguage":"ca","@id":"https:\/\/www.tressis.com\/ca\/blog\/un-discurso-logico-y-calmado\/#primaryimage","url":"https:\/\/www.tressis.com\/wp-content\/uploads\/2020\/06\/20200611-jerome-powell.jpg","contentUrl":"https:\/\/www.tressis.com\/wp-content\/uploads\/2020\/06\/20200611-jerome-powell.jpg","width":1100,"height":487,"caption":"Un discurso l\u00f3gico, calmado y sincero"},{"@type":"BreadcrumbList","@id":"https:\/\/www.tressis.com\/ca\/blog\/un-discurso-logico-y-calmado\/#breadcrumb","itemListElement":[{"@type":"ListItem","position":1,"name":"Inicio","item":"https:\/\/www.tressis.com\/ca\/"},{"@type":"ListItem","position":2,"name":"Un discurso l\u00f3gico y calmado"}]},{"@type":"WebSite","@id":"https:\/\/www.tressis.com\/ca\/#website","url":"https:\/\/www.tressis.com\/ca\/","name":"Tressis banca privada","description":"Tressis | Planificaci\u00f3n financiera y gesti\u00f3n de patrimonios","publisher":{"@id":"https:\/\/www.tressis.com\/ca\/#organization"},"potentialAction":[{"@type":"SearchAction","target":{"@type":"EntryPoint","urlTemplate":"https:\/\/www.tressis.com\/ca\/?s={search_term_string}"},"query-input":{"@type":"PropertyValueSpecification","valueRequired":true,"valueName":"search_term_string"}}],"inLanguage":"ca"},{"@type":"Organization","@id":"https:\/\/www.tressis.com\/ca\/#organization","name":"Tressis","url":"https:\/\/www.tressis.com\/ca\/","logo":{"@type":"ImageObject","inLanguage":"ca","@id":"https:\/\/www.tressis.com\/ca\/#\/schema\/logo\/image\/","url":"https:\/\/www.tressis.com\/wp-content\/uploads\/2025\/06\/logo-tressis-112.png","contentUrl":"https:\/\/www.tressis.com\/wp-content\/uploads\/2025\/06\/logo-tressis-112.png","width":112,"height":112,"caption":"Tressis"},"image":{"@id":"https:\/\/www.tressis.com\/ca\/#\/schema\/logo\/image\/"},"sameAs":["https:\/\/www.facebook.com\/Tressis\/","https:\/\/x.com\/TressisSV","https:\/\/www.instagram.com\/tressissv\/?hl=es","https:\/\/linkedin.com\/company\/tressis\/","https:\/\/www.youtube.com\/user\/tressissv","https:\/\/open.spotify.com\/show\/3jmTe1Nf0wqMILl7diWV6h?si=d7112519f13c4593&nd=1"]},{"@type":"Person","@id":"https:\/\/www.tressis.com\/ca\/#\/schema\/person\/b833c1d724d8764920b6d6852c70584e","name":"Lola","image":{"@type":"ImageObject","inLanguage":"ca","@id":"https:\/\/secure.gravatar.com\/avatar\/05e646486b23ff45df9649110609c7e31b8c4a3e2821caa23d6317f405e0c51d?s=96&d=mm&r=g","url":"https:\/\/secure.gravatar.com\/avatar\/05e646486b23ff45df9649110609c7e31b8c4a3e2821caa23d6317f405e0c51d?s=96&d=mm&r=g","contentUrl":"https:\/\/secure.gravatar.com\/avatar\/05e646486b23ff45df9649110609c7e31b8c4a3e2821caa23d6317f405e0c51d?s=96&d=mm&r=g","caption":"Lola"}}]}},"_links":{"self":[{"href":"https:\/\/www.tressis.com\/ca\/wp-json\/wp\/v2\/posts\/34581","targetHints":{"allow":["GET"]}}],"collection":[{"href":"https:\/\/www.tressis.com\/ca\/wp-json\/wp\/v2\/posts"}],"about":[{"href":"https:\/\/www.tressis.com\/ca\/wp-json\/wp\/v2\/types\/post"}],"author":[{"embeddable":true,"href":"https:\/\/www.tressis.com\/ca\/wp-json\/wp\/v2\/users\/4"}],"replies":[{"embeddable":true,"href":"https:\/\/www.tressis.com\/ca\/wp-json\/wp\/v2\/comments?post=34581"}],"version-history":[{"count":0,"href":"https:\/\/www.tressis.com\/ca\/wp-json\/wp\/v2\/posts\/34581\/revisions"}],"wp:featuredmedia":[{"embeddable":true,"href":"https:\/\/www.tressis.com\/ca\/wp-json\/wp\/v2\/media\/34582"}],"wp:attachment":[{"href":"https:\/\/www.tressis.com\/ca\/wp-json\/wp\/v2\/media?parent=34581"}],"wp:term":[{"taxonomy":"category","embeddable":true,"href":"https:\/\/www.tressis.com\/ca\/wp-json\/wp\/v2\/categories?post=34581"},{"taxonomy":"post_tag","embeddable":true,"href":"https:\/\/www.tressis.com\/ca\/wp-json\/wp\/v2\/tags?post=34581"}],"curies":[{"name":"wp","href":"https:\/\/api.w.org\/{rel}","templated":true}]}}