{"id":34547,"date":"2020-06-05T11:04:46","date_gmt":"2020-06-05T09:04:46","guid":{"rendered":"http:\/\/www.tressis.com\/blog\/?p=34547"},"modified":"2020-06-05T11:04:46","modified_gmt":"2020-06-05T09:04:46","slug":"el-bce-aumenta-la-compra-de-activos","status":"publish","type":"post","link":"https:\/\/www.tressis.com\/ca\/blog\/el-bce-aumenta-la-compra-de-activos\/","title":{"rendered":"El BCE aumenta la compra de activos"},"content":{"rendered":"<p>La reacci\u00f3n del mercado ayer a la decisi\u00f3n del BCE de aumentar el programa de compras de emergencias ha sido muy positiva especialmente en relaci\u00f3n con los bonos de pa\u00edses perif\u00e9ricos.<!--more--><\/p>\n<p>Adem\u00e1s, contin\u00faa el optimismo de los inversores gracias a los avances en la desescalada en la mayor\u00eda de econom\u00edas desarrolladas.<\/p>\n<p>Pero empezando por la noticia de la jornada, el BCE aumenta de 750.000 millones a 1,35 billones la cantidad destinada a las compras de activos dentro del programa especial de que lanz\u00f3 a ra\u00edz de la crisis sanitaria. Asimismo, alarga la duraci\u00f3n del programa hasta al menos junio 2021, se\u00f1alando que lo mantendr\u00e1 vigente mientras lo considere necesario. Tambi\u00e9n ha anunciado que reinvertir\u00e1 los vencimientos efectuados por este programa hasta al menos el final del 2022. Este anuncio ha superado las previsiones que ten\u00eda el mercado en relaci\u00f3n con aumento de cuant\u00eda, ya que el consenso esperaba que fuera de 500 mil millones. Yo hay d\u00edas que me mareo cuando veo las cifras y me surge la duda de si hay suficientes activos para tanto dinero. De hecho, se aumenta el volumen\u00a0cuando por ahora la entidad monetaria \u00fanicamente ha comprado el 30% del volumen que se hab\u00eda comprometido originariamente.<\/p>\n<p>En cuanto al mercado de crudo, Arabia Saud\u00ed y otros pa\u00edses quieren prolongar los recortes varios meses, pero empiezan a temer que el <i>fracking<\/i> vuelva a aprovechar la situaci\u00f3n para quitarles cuota de mercado. Adem\u00e1s, algunos pa\u00edses miembros del grupo, como Nigeria e Irak, no cumplieron con la cuota de recortes a la que se comprometieron<\/p>\n<p>Hoy la atenci\u00f3n estar\u00e1 en la conferencia de prensa del negociador europeo Michel Barnier donde explicar\u00e1 el avance de las mismas. Tampoco habr\u00e1 que perderse el dato de empleo de Estados Unidos del mes de mayo y no pinta nada bien.<\/p>\n<p>Buen fin de semana.<\/p>\n<p><center><strong>Jorge Gonz\u00e1lez G\u00f3mez<\/strong><br \/>\nDirector de An\u00e1lisis<\/center><\/p>\n","protected":false},"excerpt":{"rendered":"<p>La reacci\u00f3n del mercado ayer a la decisi\u00f3n del BCE de aumentar el programa de compras de emergencias ha sido muy positiva especialmente en relaci\u00f3n con los bonos de pa\u00edses perif\u00e9ricos.<\/p>\n","protected":false},"author":4,"featured_media":34548,"comment_status":"open","ping_status":"closed","sticky":false,"template":"","format":"standard","meta":{"_acf_changed":false,"footnotes":""},"categories":[9721],"tags":[],"class_list":["post-34547","post","type-post","status-publish","format-standard","has-post-thumbnail","hentry","category-morning-meeting"],"acf":[],"yoast_head":"<!-- This site is optimized with the Yoast SEO plugin v27.5 - https:\/\/yoast.com\/product\/yoast-seo-wordpress\/ -->\n<title>El BCE aumenta la compra de activos<\/title>\n<meta name=\"description\" content=\"Alarga la duraci\u00f3n del programa hasta al menos junio 2021, se\u00f1alando que lo mantendr\u00e1 vigente mientras lo considere necesario.\" \/>\n<meta name=\"robots\" content=\"index, follow, max-snippet:-1, max-image-preview:large, max-video-preview:-1\" \/>\n<link rel=\"canonical\" href=\"https:\/\/www.tressis.com\/ca\/blog\/el-bce-aumenta-la-compra-de-activos\/\" \/>\n<meta property=\"og:locale\" content=\"ca_ES\" \/>\n<meta property=\"og:type\" content=\"article\" \/>\n<meta property=\"og:title\" content=\"El BCE aumenta la compra de activos\" \/>\n<meta property=\"og:description\" content=\"Alarga la duraci\u00f3n del programa hasta al menos junio 2021, se\u00f1alando que lo mantendr\u00e1 vigente mientras lo considere necesario.\" \/>\n<meta property=\"og:url\" content=\"https:\/\/www.tressis.com\/ca\/blog\/el-bce-aumenta-la-compra-de-activos\/\" \/>\n<meta property=\"og:site_name\" content=\"Tressis\" \/>\n<meta property=\"article:publisher\" content=\"https:\/\/www.facebook.com\/Tressis\/\" \/>\n<meta property=\"article:published_time\" content=\"2020-06-05T09:04:46+00:00\" \/>\n<meta property=\"og:image\" content=\"https:\/\/www.tressis.com\/wp-content\/uploads\/2020\/06\/20200605-BCE.jpg\" \/>\n\t<meta property=\"og:image:width\" content=\"1100\" \/>\n\t<meta property=\"og:image:height\" content=\"487\" \/>\n\t<meta property=\"og:image:type\" content=\"image\/jpeg\" \/>\n<meta name=\"author\" content=\"Lola\" \/>\n<meta name=\"twitter:card\" content=\"summary_large_image\" \/>\n<meta name=\"twitter:creator\" content=\"@TressisSV\" \/>\n<meta name=\"twitter:site\" content=\"@TressisSV\" \/>\n<meta name=\"twitter:label1\" content=\"Escrit per\" \/>\n\t<meta name=\"twitter:data1\" content=\"Lola\" \/>\n\t<meta name=\"twitter:label2\" content=\"Temps estimat de lectura\" \/>\n\t<meta name=\"twitter:data2\" content=\"2 minuts\" \/>\n<script type=\"application\/ld+json\" class=\"yoast-schema-graph\">{\"@context\":\"https:\\\/\\\/schema.org\",\"@graph\":[{\"@type\":\"Article\",\"@id\":\"https:\\\/\\\/www.tressis.com\\\/ca\\\/blog\\\/el-bce-aumenta-la-compra-de-activos\\\/#article\",\"isPartOf\":{\"@id\":\"https:\\\/\\\/www.tressis.com\\\/ca\\\/blog\\\/el-bce-aumenta-la-compra-de-activos\\\/\"},\"author\":{\"name\":\"Lola\",\"@id\":\"https:\\\/\\\/www.tressis.com\\\/ca\\\/#\\\/schema\\\/person\\\/b833c1d724d8764920b6d6852c70584e\"},\"headline\":\"El BCE aumenta la compra de activos\",\"datePublished\":\"2020-06-05T09:04:46+00:00\",\"mainEntityOfPage\":{\"@id\":\"https:\\\/\\\/www.tressis.com\\\/ca\\\/blog\\\/el-bce-aumenta-la-compra-de-activos\\\/\"},\"wordCount\":335,\"commentCount\":0,\"publisher\":{\"@id\":\"https:\\\/\\\/www.tressis.com\\\/ca\\\/#organization\"},\"image\":{\"@id\":\"https:\\\/\\\/www.tressis.com\\\/ca\\\/blog\\\/el-bce-aumenta-la-compra-de-activos\\\/#primaryimage\"},\"thumbnailUrl\":\"https:\\\/\\\/www.tressis.com\\\/wp-content\\\/uploads\\\/2020\\\/06\\\/20200605-BCE.jpg\",\"articleSection\":[\"Morning meeting\"],\"inLanguage\":\"ca\",\"potentialAction\":[{\"@type\":\"CommentAction\",\"name\":\"Comment\",\"target\":[\"https:\\\/\\\/www.tressis.com\\\/ca\\\/blog\\\/el-bce-aumenta-la-compra-de-activos\\\/#respond\"]}]},{\"@type\":\"WebPage\",\"@id\":\"https:\\\/\\\/www.tressis.com\\\/ca\\\/blog\\\/el-bce-aumenta-la-compra-de-activos\\\/\",\"url\":\"https:\\\/\\\/www.tressis.com\\\/ca\\\/blog\\\/el-bce-aumenta-la-compra-de-activos\\\/\",\"name\":\"El BCE aumenta la compra de activos\",\"isPartOf\":{\"@id\":\"https:\\\/\\\/www.tressis.com\\\/ca\\\/#website\"},\"primaryImageOfPage\":{\"@id\":\"https:\\\/\\\/www.tressis.com\\\/ca\\\/blog\\\/el-bce-aumenta-la-compra-de-activos\\\/#primaryimage\"},\"image\":{\"@id\":\"https:\\\/\\\/www.tressis.com\\\/ca\\\/blog\\\/el-bce-aumenta-la-compra-de-activos\\\/#primaryimage\"},\"thumbnailUrl\":\"https:\\\/\\\/www.tressis.com\\\/wp-content\\\/uploads\\\/2020\\\/06\\\/20200605-BCE.jpg\",\"datePublished\":\"2020-06-05T09:04:46+00:00\",\"description\":\"Alarga la duraci\u00f3n del programa hasta al menos junio 2021, se\u00f1alando que lo mantendr\u00e1 vigente mientras lo considere necesario.\",\"breadcrumb\":{\"@id\":\"https:\\\/\\\/www.tressis.com\\\/ca\\\/blog\\\/el-bce-aumenta-la-compra-de-activos\\\/#breadcrumb\"},\"inLanguage\":\"ca\",\"potentialAction\":[{\"@type\":\"ReadAction\",\"target\":[\"https:\\\/\\\/www.tressis.com\\\/ca\\\/blog\\\/el-bce-aumenta-la-compra-de-activos\\\/\"]}]},{\"@type\":\"ImageObject\",\"inLanguage\":\"ca\",\"@id\":\"https:\\\/\\\/www.tressis.com\\\/ca\\\/blog\\\/el-bce-aumenta-la-compra-de-activos\\\/#primaryimage\",\"url\":\"https:\\\/\\\/www.tressis.com\\\/wp-content\\\/uploads\\\/2020\\\/06\\\/20200605-BCE.jpg\",\"contentUrl\":\"https:\\\/\\\/www.tressis.com\\\/wp-content\\\/uploads\\\/2020\\\/06\\\/20200605-BCE.jpg\",\"width\":1100,\"height\":487,\"caption\":\"El BCE aumenta la compra de activos\"},{\"@type\":\"BreadcrumbList\",\"@id\":\"https:\\\/\\\/www.tressis.com\\\/ca\\\/blog\\\/el-bce-aumenta-la-compra-de-activos\\\/#breadcrumb\",\"itemListElement\":[{\"@type\":\"ListItem\",\"position\":1,\"name\":\"Inicio\",\"item\":\"https:\\\/\\\/www.tressis.com\\\/ca\\\/\"},{\"@type\":\"ListItem\",\"position\":2,\"name\":\"El BCE aumenta la compra de activos\"}]},{\"@type\":\"WebSite\",\"@id\":\"https:\\\/\\\/www.tressis.com\\\/ca\\\/#website\",\"url\":\"https:\\\/\\\/www.tressis.com\\\/ca\\\/\",\"name\":\"Tressis banca privada\",\"description\":\"Tressis | Planificaci\u00f3n financiera y gesti\u00f3n de patrimonios\",\"publisher\":{\"@id\":\"https:\\\/\\\/www.tressis.com\\\/ca\\\/#organization\"},\"potentialAction\":[{\"@type\":\"SearchAction\",\"target\":{\"@type\":\"EntryPoint\",\"urlTemplate\":\"https:\\\/\\\/www.tressis.com\\\/ca\\\/?s={search_term_string}\"},\"query-input\":{\"@type\":\"PropertyValueSpecification\",\"valueRequired\":true,\"valueName\":\"search_term_string\"}}],\"inLanguage\":\"ca\"},{\"@type\":\"Organization\",\"@id\":\"https:\\\/\\\/www.tressis.com\\\/ca\\\/#organization\",\"name\":\"Tressis\",\"url\":\"https:\\\/\\\/www.tressis.com\\\/ca\\\/\",\"logo\":{\"@type\":\"ImageObject\",\"inLanguage\":\"ca\",\"@id\":\"https:\\\/\\\/www.tressis.com\\\/ca\\\/#\\\/schema\\\/logo\\\/image\\\/\",\"url\":\"https:\\\/\\\/www.tressis.com\\\/wp-content\\\/uploads\\\/2025\\\/06\\\/logo-tressis-112.png\",\"contentUrl\":\"https:\\\/\\\/www.tressis.com\\\/wp-content\\\/uploads\\\/2025\\\/06\\\/logo-tressis-112.png\",\"width\":112,\"height\":112,\"caption\":\"Tressis\"},\"image\":{\"@id\":\"https:\\\/\\\/www.tressis.com\\\/ca\\\/#\\\/schema\\\/logo\\\/image\\\/\"},\"sameAs\":[\"https:\\\/\\\/www.facebook.com\\\/Tressis\\\/\",\"https:\\\/\\\/x.com\\\/TressisSV\",\"https:\\\/\\\/www.instagram.com\\\/tressissv\\\/?hl=es\",\"https:\\\/\\\/linkedin.com\\\/company\\\/tressis\\\/\",\"https:\\\/\\\/www.youtube.com\\\/user\\\/tressissv\",\"https:\\\/\\\/open.spotify.com\\\/show\\\/3jmTe1Nf0wqMILl7diWV6h?si=d7112519f13c4593&nd=1\"]},{\"@type\":\"Person\",\"@id\":\"https:\\\/\\\/www.tressis.com\\\/ca\\\/#\\\/schema\\\/person\\\/b833c1d724d8764920b6d6852c70584e\",\"name\":\"Lola\",\"image\":{\"@type\":\"ImageObject\",\"inLanguage\":\"ca\",\"@id\":\"https:\\\/\\\/secure.gravatar.com\\\/avatar\\\/05e646486b23ff45df9649110609c7e31b8c4a3e2821caa23d6317f405e0c51d?s=96&d=mm&r=g\",\"url\":\"https:\\\/\\\/secure.gravatar.com\\\/avatar\\\/05e646486b23ff45df9649110609c7e31b8c4a3e2821caa23d6317f405e0c51d?s=96&d=mm&r=g\",\"contentUrl\":\"https:\\\/\\\/secure.gravatar.com\\\/avatar\\\/05e646486b23ff45df9649110609c7e31b8c4a3e2821caa23d6317f405e0c51d?s=96&d=mm&r=g\",\"caption\":\"Lola\"}}]}<\/script>\n<!-- \/ Yoast SEO plugin. -->","yoast_head_json":{"title":"El BCE aumenta la compra de activos","description":"Alarga la duraci\u00f3n del programa hasta al menos junio 2021, se\u00f1alando que lo mantendr\u00e1 vigente mientras lo considere necesario.","robots":{"index":"index","follow":"follow","max-snippet":"max-snippet:-1","max-image-preview":"max-image-preview:large","max-video-preview":"max-video-preview:-1"},"canonical":"https:\/\/www.tressis.com\/ca\/blog\/el-bce-aumenta-la-compra-de-activos\/","og_locale":"ca_ES","og_type":"article","og_title":"El BCE aumenta la compra de activos","og_description":"Alarga la duraci\u00f3n del programa hasta al menos junio 2021, se\u00f1alando que lo mantendr\u00e1 vigente mientras lo considere necesario.","og_url":"https:\/\/www.tressis.com\/ca\/blog\/el-bce-aumenta-la-compra-de-activos\/","og_site_name":"Tressis","article_publisher":"https:\/\/www.facebook.com\/Tressis\/","article_published_time":"2020-06-05T09:04:46+00:00","og_image":[{"width":1100,"height":487,"url":"https:\/\/www.tressis.com\/wp-content\/uploads\/2020\/06\/20200605-BCE.jpg","type":"image\/jpeg"}],"author":"Lola","twitter_card":"summary_large_image","twitter_creator":"@TressisSV","twitter_site":"@TressisSV","twitter_misc":{"Escrit per":"Lola","Temps estimat de lectura":"2 minuts"},"schema":{"@context":"https:\/\/schema.org","@graph":[{"@type":"Article","@id":"https:\/\/www.tressis.com\/ca\/blog\/el-bce-aumenta-la-compra-de-activos\/#article","isPartOf":{"@id":"https:\/\/www.tressis.com\/ca\/blog\/el-bce-aumenta-la-compra-de-activos\/"},"author":{"name":"Lola","@id":"https:\/\/www.tressis.com\/ca\/#\/schema\/person\/b833c1d724d8764920b6d6852c70584e"},"headline":"El BCE aumenta la compra de activos","datePublished":"2020-06-05T09:04:46+00:00","mainEntityOfPage":{"@id":"https:\/\/www.tressis.com\/ca\/blog\/el-bce-aumenta-la-compra-de-activos\/"},"wordCount":335,"commentCount":0,"publisher":{"@id":"https:\/\/www.tressis.com\/ca\/#organization"},"image":{"@id":"https:\/\/www.tressis.com\/ca\/blog\/el-bce-aumenta-la-compra-de-activos\/#primaryimage"},"thumbnailUrl":"https:\/\/www.tressis.com\/wp-content\/uploads\/2020\/06\/20200605-BCE.jpg","articleSection":["Morning meeting"],"inLanguage":"ca","potentialAction":[{"@type":"CommentAction","name":"Comment","target":["https:\/\/www.tressis.com\/ca\/blog\/el-bce-aumenta-la-compra-de-activos\/#respond"]}]},{"@type":"WebPage","@id":"https:\/\/www.tressis.com\/ca\/blog\/el-bce-aumenta-la-compra-de-activos\/","url":"https:\/\/www.tressis.com\/ca\/blog\/el-bce-aumenta-la-compra-de-activos\/","name":"El BCE aumenta la compra de activos","isPartOf":{"@id":"https:\/\/www.tressis.com\/ca\/#website"},"primaryImageOfPage":{"@id":"https:\/\/www.tressis.com\/ca\/blog\/el-bce-aumenta-la-compra-de-activos\/#primaryimage"},"image":{"@id":"https:\/\/www.tressis.com\/ca\/blog\/el-bce-aumenta-la-compra-de-activos\/#primaryimage"},"thumbnailUrl":"https:\/\/www.tressis.com\/wp-content\/uploads\/2020\/06\/20200605-BCE.jpg","datePublished":"2020-06-05T09:04:46+00:00","description":"Alarga la duraci\u00f3n del programa hasta al menos junio 2021, se\u00f1alando que lo mantendr\u00e1 vigente mientras lo considere necesario.","breadcrumb":{"@id":"https:\/\/www.tressis.com\/ca\/blog\/el-bce-aumenta-la-compra-de-activos\/#breadcrumb"},"inLanguage":"ca","potentialAction":[{"@type":"ReadAction","target":["https:\/\/www.tressis.com\/ca\/blog\/el-bce-aumenta-la-compra-de-activos\/"]}]},{"@type":"ImageObject","inLanguage":"ca","@id":"https:\/\/www.tressis.com\/ca\/blog\/el-bce-aumenta-la-compra-de-activos\/#primaryimage","url":"https:\/\/www.tressis.com\/wp-content\/uploads\/2020\/06\/20200605-BCE.jpg","contentUrl":"https:\/\/www.tressis.com\/wp-content\/uploads\/2020\/06\/20200605-BCE.jpg","width":1100,"height":487,"caption":"El BCE aumenta la compra de activos"},{"@type":"BreadcrumbList","@id":"https:\/\/www.tressis.com\/ca\/blog\/el-bce-aumenta-la-compra-de-activos\/#breadcrumb","itemListElement":[{"@type":"ListItem","position":1,"name":"Inicio","item":"https:\/\/www.tressis.com\/ca\/"},{"@type":"ListItem","position":2,"name":"El BCE aumenta la compra de activos"}]},{"@type":"WebSite","@id":"https:\/\/www.tressis.com\/ca\/#website","url":"https:\/\/www.tressis.com\/ca\/","name":"Tressis banca privada","description":"Tressis | Planificaci\u00f3n financiera y gesti\u00f3n de patrimonios","publisher":{"@id":"https:\/\/www.tressis.com\/ca\/#organization"},"potentialAction":[{"@type":"SearchAction","target":{"@type":"EntryPoint","urlTemplate":"https:\/\/www.tressis.com\/ca\/?s={search_term_string}"},"query-input":{"@type":"PropertyValueSpecification","valueRequired":true,"valueName":"search_term_string"}}],"inLanguage":"ca"},{"@type":"Organization","@id":"https:\/\/www.tressis.com\/ca\/#organization","name":"Tressis","url":"https:\/\/www.tressis.com\/ca\/","logo":{"@type":"ImageObject","inLanguage":"ca","@id":"https:\/\/www.tressis.com\/ca\/#\/schema\/logo\/image\/","url":"https:\/\/www.tressis.com\/wp-content\/uploads\/2025\/06\/logo-tressis-112.png","contentUrl":"https:\/\/www.tressis.com\/wp-content\/uploads\/2025\/06\/logo-tressis-112.png","width":112,"height":112,"caption":"Tressis"},"image":{"@id":"https:\/\/www.tressis.com\/ca\/#\/schema\/logo\/image\/"},"sameAs":["https:\/\/www.facebook.com\/Tressis\/","https:\/\/x.com\/TressisSV","https:\/\/www.instagram.com\/tressissv\/?hl=es","https:\/\/linkedin.com\/company\/tressis\/","https:\/\/www.youtube.com\/user\/tressissv","https:\/\/open.spotify.com\/show\/3jmTe1Nf0wqMILl7diWV6h?si=d7112519f13c4593&nd=1"]},{"@type":"Person","@id":"https:\/\/www.tressis.com\/ca\/#\/schema\/person\/b833c1d724d8764920b6d6852c70584e","name":"Lola","image":{"@type":"ImageObject","inLanguage":"ca","@id":"https:\/\/secure.gravatar.com\/avatar\/05e646486b23ff45df9649110609c7e31b8c4a3e2821caa23d6317f405e0c51d?s=96&d=mm&r=g","url":"https:\/\/secure.gravatar.com\/avatar\/05e646486b23ff45df9649110609c7e31b8c4a3e2821caa23d6317f405e0c51d?s=96&d=mm&r=g","contentUrl":"https:\/\/secure.gravatar.com\/avatar\/05e646486b23ff45df9649110609c7e31b8c4a3e2821caa23d6317f405e0c51d?s=96&d=mm&r=g","caption":"Lola"}}]}},"_links":{"self":[{"href":"https:\/\/www.tressis.com\/ca\/wp-json\/wp\/v2\/posts\/34547","targetHints":{"allow":["GET"]}}],"collection":[{"href":"https:\/\/www.tressis.com\/ca\/wp-json\/wp\/v2\/posts"}],"about":[{"href":"https:\/\/www.tressis.com\/ca\/wp-json\/wp\/v2\/types\/post"}],"author":[{"embeddable":true,"href":"https:\/\/www.tressis.com\/ca\/wp-json\/wp\/v2\/users\/4"}],"replies":[{"embeddable":true,"href":"https:\/\/www.tressis.com\/ca\/wp-json\/wp\/v2\/comments?post=34547"}],"version-history":[{"count":0,"href":"https:\/\/www.tressis.com\/ca\/wp-json\/wp\/v2\/posts\/34547\/revisions"}],"wp:featuredmedia":[{"embeddable":true,"href":"https:\/\/www.tressis.com\/ca\/wp-json\/wp\/v2\/media\/34548"}],"wp:attachment":[{"href":"https:\/\/www.tressis.com\/ca\/wp-json\/wp\/v2\/media?parent=34547"}],"wp:term":[{"taxonomy":"category","embeddable":true,"href":"https:\/\/www.tressis.com\/ca\/wp-json\/wp\/v2\/categories?post=34547"},{"taxonomy":"post_tag","embeddable":true,"href":"https:\/\/www.tressis.com\/ca\/wp-json\/wp\/v2\/tags?post=34547"}],"curies":[{"name":"wp","href":"https:\/\/api.w.org\/{rel}","templated":true}]}}