{"id":34459,"date":"2020-05-20T10:33:43","date_gmt":"2020-05-20T08:33:43","guid":{"rendered":"http:\/\/www.tressis.com\/blog\/?p=34459"},"modified":"2020-05-20T10:33:43","modified_gmt":"2020-05-20T08:33:43","slug":"fondo-recuperacion-ue","status":"publish","type":"post","link":"https:\/\/www.tressis.com\/ca\/blog\/fondo-recuperacion-ue\/","title":{"rendered":"El fondo de la recuperaci\u00f3n de la UE"},"content":{"rendered":"<p>Los mercados de acciones registraban un d\u00eda mixto a medida que el optimismo sobre una posible vacuna se desvanec\u00eda y las preocupaciones de crecimiento resurg\u00edan, a pesar de los planes de reabrir las econom\u00edas.<!--more--><\/p>\n<p>En Estados Unidos, el presidente de la Fed, Jerome Powell, testific\u00f3 ante el Comit\u00e9 Bancario del Senado reiterando que utilizar\u00eda toda su gama de herramientas para apoyar la econom\u00eda y que muchas de sus medidas de emergencia estar\u00edan operativas a finales de mes. En la misma audiencia, el secretario del Tesoro, Steven Mnuchin, dijo que estaban trabajando para ampliar la elegibilidad de sus fondos de rescate corporativo y se encontraban dispuestos a apoyar de cualquier manera la recuperaci\u00f3n econ\u00f3mica. Mientras tanto, el paquete adicional de alivio propuesto de tres billones de d\u00f3lares se mantuvo en punto muerto. El S&amp;P 500 retroced\u00eda un 1% y las acciones energ\u00e9ticas y financieras fueron las que presentaron ca\u00eddas m\u00e1s abultadas.<\/p>\n<p>Los inversores de deuda p\u00fablica celebraban con compras la propuesta franco-alemana de crear un fondo de recuperaci\u00f3n de la UE. El fondo, de aprobarse, podr\u00eda recaudar en la regi\u00f3n 500.000 millones de euros para apoyar subvenciones expedidas directamente a los Estados miembros, algo a lo que los pa\u00edses del norte han planteado objeciones, ya que exigen alg\u00fan tipo de supervisi\u00f3n a los receptores. Tambi\u00e9n, los bonos del Tesoro de los Estados Unidos registraban precios superiores antes de la importante emisi\u00f3n de nuevos bonos, incluyendo una subasta de bonos a 20 a\u00f1os que hac\u00eda tiempo que no ve\u00edamos. En cambio, en la audiencia del Senado, Steven Mnuchin dijo que no hab\u00eda suficiente demanda para apoyar la introducci\u00f3n de un bono de 50 o 100 a\u00f1os y el Tesoro continuar\u00eda financiando el d\u00e9ficit a trav\u00e9s de la emisi\u00f3n a plazos m\u00e1s cortos que luego intentar\u00e1 cambiar a deuda a largo plazo.<\/p>\n<p>A nivel econ\u00f3mico, ayer ten\u00edamos datos relativamente positivos, como el \u00edndice ZEW alem\u00e1n o el inicio de nuevas viviendas en Estados Unidos. Ambos datos se sit\u00faan en niveles muy bajos, pero dentro de lo que cabe nos hacen pensar que al menos ya hemos pasado lo peor desde el punto de vista econ\u00f3mico. Esperemos que, de esto, tampoco tengamos una segunda ola. En cambio, los datos que parece que no terminan de encontrar m\u00ednimos son los de inflaci\u00f3n. Hoy conoceremos los del Reino Unido y los finales de la zona euro. Es cierto que la ca\u00edda del petr\u00f3leo ha sido muy importante, pero el cierre de las econom\u00edas est\u00e1 teniendo un mayor impacto que los costes energ\u00e9ticos.<\/p>\n<p>Buen d\u00eda.<\/p>\n<p><center><strong>Jorge Gonz\u00e1lez G\u00f3mez<\/strong><br \/>\nDirector de An\u00e1lisis<\/center><\/p>\n","protected":false},"excerpt":{"rendered":"<p>Los mercados de acciones registraban un d\u00eda mixto a medida que el optimismo sobre una posible vacuna se desvanec\u00eda y las preocupaciones de crecimiento resurg\u00edan, a pesar de los planes de reabrir las econom\u00edas.<\/p>\n","protected":false},"author":4,"featured_media":34460,"comment_status":"open","ping_status":"closed","sticky":false,"template":"","format":"standard","meta":{"_acf_changed":false,"footnotes":""},"categories":[9721],"tags":[],"class_list":["post-34459","post","type-post","status-publish","format-standard","has-post-thumbnail","hentry","category-morning-meeting"],"acf":[],"yoast_head":"<!-- This site is optimized with the Yoast SEO plugin v27.5 - https:\/\/yoast.com\/product\/yoast-seo-wordpress\/ -->\n<title>El fondo de la recuperaci\u00f3n de la UE<\/title>\n<meta name=\"description\" content=\"El fondo de la recuperaci\u00f3n de la UE, de la propuesta franco-alemana, podr\u00eda recaudar en la regi\u00f3n 500.000 millones de euros.\" \/>\n<meta name=\"robots\" content=\"index, follow, max-snippet:-1, max-image-preview:large, max-video-preview:-1\" \/>\n<link rel=\"canonical\" href=\"https:\/\/www.tressis.com\/ca\/blog\/fondo-recuperacion-ue\/\" \/>\n<meta property=\"og:locale\" content=\"ca_ES\" \/>\n<meta property=\"og:type\" content=\"article\" \/>\n<meta property=\"og:title\" content=\"El fondo de la recuperaci\u00f3n de la UE\" \/>\n<meta property=\"og:description\" content=\"El fondo de la recuperaci\u00f3n de la UE, de la propuesta franco-alemana, podr\u00eda recaudar en la regi\u00f3n 500.000 millones de euros.\" \/>\n<meta property=\"og:url\" content=\"https:\/\/www.tressis.com\/ca\/blog\/fondo-recuperacion-ue\/\" \/>\n<meta property=\"og:site_name\" content=\"Tressis\" \/>\n<meta property=\"article:publisher\" content=\"https:\/\/www.facebook.com\/Tressis\/\" \/>\n<meta property=\"article:published_time\" content=\"2020-05-20T08:33:43+00:00\" \/>\n<meta property=\"og:image\" content=\"https:\/\/www.tressis.com\/wp-content\/uploads\/2020\/05\/20200520-fondo-recuperacion.jpg\" \/>\n\t<meta property=\"og:image:width\" content=\"1100\" \/>\n\t<meta property=\"og:image:height\" content=\"487\" \/>\n\t<meta property=\"og:image:type\" content=\"image\/jpeg\" \/>\n<meta name=\"author\" content=\"Lola\" \/>\n<meta name=\"twitter:card\" content=\"summary_large_image\" \/>\n<meta name=\"twitter:creator\" content=\"@TressisSV\" \/>\n<meta name=\"twitter:site\" content=\"@TressisSV\" \/>\n<meta name=\"twitter:label1\" content=\"Escrit per\" \/>\n\t<meta name=\"twitter:data1\" content=\"Lola\" \/>\n\t<meta name=\"twitter:label2\" content=\"Temps estimat de lectura\" \/>\n\t<meta name=\"twitter:data2\" content=\"2 minuts\" \/>\n<script type=\"application\/ld+json\" class=\"yoast-schema-graph\">{\"@context\":\"https:\\\/\\\/schema.org\",\"@graph\":[{\"@type\":\"Article\",\"@id\":\"https:\\\/\\\/www.tressis.com\\\/ca\\\/blog\\\/fondo-recuperacion-ue\\\/#article\",\"isPartOf\":{\"@id\":\"https:\\\/\\\/www.tressis.com\\\/ca\\\/blog\\\/fondo-recuperacion-ue\\\/\"},\"author\":{\"name\":\"Lola\",\"@id\":\"https:\\\/\\\/www.tressis.com\\\/ca\\\/#\\\/schema\\\/person\\\/b833c1d724d8764920b6d6852c70584e\"},\"headline\":\"El fondo de la recuperaci\u00f3n de la UE\",\"datePublished\":\"2020-05-20T08:33:43+00:00\",\"mainEntityOfPage\":{\"@id\":\"https:\\\/\\\/www.tressis.com\\\/ca\\\/blog\\\/fondo-recuperacion-ue\\\/\"},\"wordCount\":478,\"commentCount\":0,\"publisher\":{\"@id\":\"https:\\\/\\\/www.tressis.com\\\/ca\\\/#organization\"},\"image\":{\"@id\":\"https:\\\/\\\/www.tressis.com\\\/ca\\\/blog\\\/fondo-recuperacion-ue\\\/#primaryimage\"},\"thumbnailUrl\":\"https:\\\/\\\/www.tressis.com\\\/wp-content\\\/uploads\\\/2020\\\/05\\\/20200520-fondo-recuperacion.jpg\",\"articleSection\":[\"Morning meeting\"],\"inLanguage\":\"ca\",\"potentialAction\":[{\"@type\":\"CommentAction\",\"name\":\"Comment\",\"target\":[\"https:\\\/\\\/www.tressis.com\\\/ca\\\/blog\\\/fondo-recuperacion-ue\\\/#respond\"]}]},{\"@type\":\"WebPage\",\"@id\":\"https:\\\/\\\/www.tressis.com\\\/ca\\\/blog\\\/fondo-recuperacion-ue\\\/\",\"url\":\"https:\\\/\\\/www.tressis.com\\\/ca\\\/blog\\\/fondo-recuperacion-ue\\\/\",\"name\":\"El fondo de la recuperaci\u00f3n de la UE\",\"isPartOf\":{\"@id\":\"https:\\\/\\\/www.tressis.com\\\/ca\\\/#website\"},\"primaryImageOfPage\":{\"@id\":\"https:\\\/\\\/www.tressis.com\\\/ca\\\/blog\\\/fondo-recuperacion-ue\\\/#primaryimage\"},\"image\":{\"@id\":\"https:\\\/\\\/www.tressis.com\\\/ca\\\/blog\\\/fondo-recuperacion-ue\\\/#primaryimage\"},\"thumbnailUrl\":\"https:\\\/\\\/www.tressis.com\\\/wp-content\\\/uploads\\\/2020\\\/05\\\/20200520-fondo-recuperacion.jpg\",\"datePublished\":\"2020-05-20T08:33:43+00:00\",\"description\":\"El fondo de la recuperaci\u00f3n de la UE, de la propuesta franco-alemana, podr\u00eda recaudar en la regi\u00f3n 500.000 millones de euros.\",\"breadcrumb\":{\"@id\":\"https:\\\/\\\/www.tressis.com\\\/ca\\\/blog\\\/fondo-recuperacion-ue\\\/#breadcrumb\"},\"inLanguage\":\"ca\",\"potentialAction\":[{\"@type\":\"ReadAction\",\"target\":[\"https:\\\/\\\/www.tressis.com\\\/ca\\\/blog\\\/fondo-recuperacion-ue\\\/\"]}]},{\"@type\":\"ImageObject\",\"inLanguage\":\"ca\",\"@id\":\"https:\\\/\\\/www.tressis.com\\\/ca\\\/blog\\\/fondo-recuperacion-ue\\\/#primaryimage\",\"url\":\"https:\\\/\\\/www.tressis.com\\\/wp-content\\\/uploads\\\/2020\\\/05\\\/20200520-fondo-recuperacion.jpg\",\"contentUrl\":\"https:\\\/\\\/www.tressis.com\\\/wp-content\\\/uploads\\\/2020\\\/05\\\/20200520-fondo-recuperacion.jpg\",\"width\":1100,\"height\":487,\"caption\":\"Fondo de recuperaci\u00f3n\"},{\"@type\":\"BreadcrumbList\",\"@id\":\"https:\\\/\\\/www.tressis.com\\\/ca\\\/blog\\\/fondo-recuperacion-ue\\\/#breadcrumb\",\"itemListElement\":[{\"@type\":\"ListItem\",\"position\":1,\"name\":\"Inicio\",\"item\":\"https:\\\/\\\/www.tressis.com\\\/ca\\\/\"},{\"@type\":\"ListItem\",\"position\":2,\"name\":\"El fondo de la recuperaci\u00f3n de la UE\"}]},{\"@type\":\"WebSite\",\"@id\":\"https:\\\/\\\/www.tressis.com\\\/ca\\\/#website\",\"url\":\"https:\\\/\\\/www.tressis.com\\\/ca\\\/\",\"name\":\"Tressis banca privada\",\"description\":\"Tressis | Planificaci\u00f3n financiera y gesti\u00f3n de patrimonios\",\"publisher\":{\"@id\":\"https:\\\/\\\/www.tressis.com\\\/ca\\\/#organization\"},\"potentialAction\":[{\"@type\":\"SearchAction\",\"target\":{\"@type\":\"EntryPoint\",\"urlTemplate\":\"https:\\\/\\\/www.tressis.com\\\/ca\\\/?s={search_term_string}\"},\"query-input\":{\"@type\":\"PropertyValueSpecification\",\"valueRequired\":true,\"valueName\":\"search_term_string\"}}],\"inLanguage\":\"ca\"},{\"@type\":\"Organization\",\"@id\":\"https:\\\/\\\/www.tressis.com\\\/ca\\\/#organization\",\"name\":\"Tressis\",\"url\":\"https:\\\/\\\/www.tressis.com\\\/ca\\\/\",\"logo\":{\"@type\":\"ImageObject\",\"inLanguage\":\"ca\",\"@id\":\"https:\\\/\\\/www.tressis.com\\\/ca\\\/#\\\/schema\\\/logo\\\/image\\\/\",\"url\":\"https:\\\/\\\/www.tressis.com\\\/wp-content\\\/uploads\\\/2025\\\/06\\\/logo-tressis-112.png\",\"contentUrl\":\"https:\\\/\\\/www.tressis.com\\\/wp-content\\\/uploads\\\/2025\\\/06\\\/logo-tressis-112.png\",\"width\":112,\"height\":112,\"caption\":\"Tressis\"},\"image\":{\"@id\":\"https:\\\/\\\/www.tressis.com\\\/ca\\\/#\\\/schema\\\/logo\\\/image\\\/\"},\"sameAs\":[\"https:\\\/\\\/www.facebook.com\\\/Tressis\\\/\",\"https:\\\/\\\/x.com\\\/TressisSV\",\"https:\\\/\\\/www.instagram.com\\\/tressissv\\\/?hl=es\",\"https:\\\/\\\/linkedin.com\\\/company\\\/tressis\\\/\",\"https:\\\/\\\/www.youtube.com\\\/user\\\/tressissv\",\"https:\\\/\\\/open.spotify.com\\\/show\\\/3jmTe1Nf0wqMILl7diWV6h?si=d7112519f13c4593&nd=1\"]},{\"@type\":\"Person\",\"@id\":\"https:\\\/\\\/www.tressis.com\\\/ca\\\/#\\\/schema\\\/person\\\/b833c1d724d8764920b6d6852c70584e\",\"name\":\"Lola\",\"image\":{\"@type\":\"ImageObject\",\"inLanguage\":\"ca\",\"@id\":\"https:\\\/\\\/secure.gravatar.com\\\/avatar\\\/05e646486b23ff45df9649110609c7e31b8c4a3e2821caa23d6317f405e0c51d?s=96&d=mm&r=g\",\"url\":\"https:\\\/\\\/secure.gravatar.com\\\/avatar\\\/05e646486b23ff45df9649110609c7e31b8c4a3e2821caa23d6317f405e0c51d?s=96&d=mm&r=g\",\"contentUrl\":\"https:\\\/\\\/secure.gravatar.com\\\/avatar\\\/05e646486b23ff45df9649110609c7e31b8c4a3e2821caa23d6317f405e0c51d?s=96&d=mm&r=g\",\"caption\":\"Lola\"}}]}<\/script>\n<!-- \/ Yoast SEO plugin. -->","yoast_head_json":{"title":"El fondo de la recuperaci\u00f3n de la UE","description":"El fondo de la recuperaci\u00f3n de la UE, de la propuesta franco-alemana, podr\u00eda recaudar en la regi\u00f3n 500.000 millones de euros.","robots":{"index":"index","follow":"follow","max-snippet":"max-snippet:-1","max-image-preview":"max-image-preview:large","max-video-preview":"max-video-preview:-1"},"canonical":"https:\/\/www.tressis.com\/ca\/blog\/fondo-recuperacion-ue\/","og_locale":"ca_ES","og_type":"article","og_title":"El fondo de la recuperaci\u00f3n de la UE","og_description":"El fondo de la recuperaci\u00f3n de la UE, de la propuesta franco-alemana, podr\u00eda recaudar en la regi\u00f3n 500.000 millones de euros.","og_url":"https:\/\/www.tressis.com\/ca\/blog\/fondo-recuperacion-ue\/","og_site_name":"Tressis","article_publisher":"https:\/\/www.facebook.com\/Tressis\/","article_published_time":"2020-05-20T08:33:43+00:00","og_image":[{"width":1100,"height":487,"url":"https:\/\/www.tressis.com\/wp-content\/uploads\/2020\/05\/20200520-fondo-recuperacion.jpg","type":"image\/jpeg"}],"author":"Lola","twitter_card":"summary_large_image","twitter_creator":"@TressisSV","twitter_site":"@TressisSV","twitter_misc":{"Escrit per":"Lola","Temps estimat de lectura":"2 minuts"},"schema":{"@context":"https:\/\/schema.org","@graph":[{"@type":"Article","@id":"https:\/\/www.tressis.com\/ca\/blog\/fondo-recuperacion-ue\/#article","isPartOf":{"@id":"https:\/\/www.tressis.com\/ca\/blog\/fondo-recuperacion-ue\/"},"author":{"name":"Lola","@id":"https:\/\/www.tressis.com\/ca\/#\/schema\/person\/b833c1d724d8764920b6d6852c70584e"},"headline":"El fondo de la recuperaci\u00f3n de la UE","datePublished":"2020-05-20T08:33:43+00:00","mainEntityOfPage":{"@id":"https:\/\/www.tressis.com\/ca\/blog\/fondo-recuperacion-ue\/"},"wordCount":478,"commentCount":0,"publisher":{"@id":"https:\/\/www.tressis.com\/ca\/#organization"},"image":{"@id":"https:\/\/www.tressis.com\/ca\/blog\/fondo-recuperacion-ue\/#primaryimage"},"thumbnailUrl":"https:\/\/www.tressis.com\/wp-content\/uploads\/2020\/05\/20200520-fondo-recuperacion.jpg","articleSection":["Morning meeting"],"inLanguage":"ca","potentialAction":[{"@type":"CommentAction","name":"Comment","target":["https:\/\/www.tressis.com\/ca\/blog\/fondo-recuperacion-ue\/#respond"]}]},{"@type":"WebPage","@id":"https:\/\/www.tressis.com\/ca\/blog\/fondo-recuperacion-ue\/","url":"https:\/\/www.tressis.com\/ca\/blog\/fondo-recuperacion-ue\/","name":"El fondo de la recuperaci\u00f3n de la UE","isPartOf":{"@id":"https:\/\/www.tressis.com\/ca\/#website"},"primaryImageOfPage":{"@id":"https:\/\/www.tressis.com\/ca\/blog\/fondo-recuperacion-ue\/#primaryimage"},"image":{"@id":"https:\/\/www.tressis.com\/ca\/blog\/fondo-recuperacion-ue\/#primaryimage"},"thumbnailUrl":"https:\/\/www.tressis.com\/wp-content\/uploads\/2020\/05\/20200520-fondo-recuperacion.jpg","datePublished":"2020-05-20T08:33:43+00:00","description":"El fondo de la recuperaci\u00f3n de la UE, de la propuesta franco-alemana, podr\u00eda recaudar en la regi\u00f3n 500.000 millones de euros.","breadcrumb":{"@id":"https:\/\/www.tressis.com\/ca\/blog\/fondo-recuperacion-ue\/#breadcrumb"},"inLanguage":"ca","potentialAction":[{"@type":"ReadAction","target":["https:\/\/www.tressis.com\/ca\/blog\/fondo-recuperacion-ue\/"]}]},{"@type":"ImageObject","inLanguage":"ca","@id":"https:\/\/www.tressis.com\/ca\/blog\/fondo-recuperacion-ue\/#primaryimage","url":"https:\/\/www.tressis.com\/wp-content\/uploads\/2020\/05\/20200520-fondo-recuperacion.jpg","contentUrl":"https:\/\/www.tressis.com\/wp-content\/uploads\/2020\/05\/20200520-fondo-recuperacion.jpg","width":1100,"height":487,"caption":"Fondo de recuperaci\u00f3n"},{"@type":"BreadcrumbList","@id":"https:\/\/www.tressis.com\/ca\/blog\/fondo-recuperacion-ue\/#breadcrumb","itemListElement":[{"@type":"ListItem","position":1,"name":"Inicio","item":"https:\/\/www.tressis.com\/ca\/"},{"@type":"ListItem","position":2,"name":"El fondo de la recuperaci\u00f3n de la UE"}]},{"@type":"WebSite","@id":"https:\/\/www.tressis.com\/ca\/#website","url":"https:\/\/www.tressis.com\/ca\/","name":"Tressis banca privada","description":"Tressis | Planificaci\u00f3n financiera y gesti\u00f3n de patrimonios","publisher":{"@id":"https:\/\/www.tressis.com\/ca\/#organization"},"potentialAction":[{"@type":"SearchAction","target":{"@type":"EntryPoint","urlTemplate":"https:\/\/www.tressis.com\/ca\/?s={search_term_string}"},"query-input":{"@type":"PropertyValueSpecification","valueRequired":true,"valueName":"search_term_string"}}],"inLanguage":"ca"},{"@type":"Organization","@id":"https:\/\/www.tressis.com\/ca\/#organization","name":"Tressis","url":"https:\/\/www.tressis.com\/ca\/","logo":{"@type":"ImageObject","inLanguage":"ca","@id":"https:\/\/www.tressis.com\/ca\/#\/schema\/logo\/image\/","url":"https:\/\/www.tressis.com\/wp-content\/uploads\/2025\/06\/logo-tressis-112.png","contentUrl":"https:\/\/www.tressis.com\/wp-content\/uploads\/2025\/06\/logo-tressis-112.png","width":112,"height":112,"caption":"Tressis"},"image":{"@id":"https:\/\/www.tressis.com\/ca\/#\/schema\/logo\/image\/"},"sameAs":["https:\/\/www.facebook.com\/Tressis\/","https:\/\/x.com\/TressisSV","https:\/\/www.instagram.com\/tressissv\/?hl=es","https:\/\/linkedin.com\/company\/tressis\/","https:\/\/www.youtube.com\/user\/tressissv","https:\/\/open.spotify.com\/show\/3jmTe1Nf0wqMILl7diWV6h?si=d7112519f13c4593&nd=1"]},{"@type":"Person","@id":"https:\/\/www.tressis.com\/ca\/#\/schema\/person\/b833c1d724d8764920b6d6852c70584e","name":"Lola","image":{"@type":"ImageObject","inLanguage":"ca","@id":"https:\/\/secure.gravatar.com\/avatar\/05e646486b23ff45df9649110609c7e31b8c4a3e2821caa23d6317f405e0c51d?s=96&d=mm&r=g","url":"https:\/\/secure.gravatar.com\/avatar\/05e646486b23ff45df9649110609c7e31b8c4a3e2821caa23d6317f405e0c51d?s=96&d=mm&r=g","contentUrl":"https:\/\/secure.gravatar.com\/avatar\/05e646486b23ff45df9649110609c7e31b8c4a3e2821caa23d6317f405e0c51d?s=96&d=mm&r=g","caption":"Lola"}}]}},"_links":{"self":[{"href":"https:\/\/www.tressis.com\/ca\/wp-json\/wp\/v2\/posts\/34459","targetHints":{"allow":["GET"]}}],"collection":[{"href":"https:\/\/www.tressis.com\/ca\/wp-json\/wp\/v2\/posts"}],"about":[{"href":"https:\/\/www.tressis.com\/ca\/wp-json\/wp\/v2\/types\/post"}],"author":[{"embeddable":true,"href":"https:\/\/www.tressis.com\/ca\/wp-json\/wp\/v2\/users\/4"}],"replies":[{"embeddable":true,"href":"https:\/\/www.tressis.com\/ca\/wp-json\/wp\/v2\/comments?post=34459"}],"version-history":[{"count":0,"href":"https:\/\/www.tressis.com\/ca\/wp-json\/wp\/v2\/posts\/34459\/revisions"}],"wp:featuredmedia":[{"embeddable":true,"href":"https:\/\/www.tressis.com\/ca\/wp-json\/wp\/v2\/media\/34460"}],"wp:attachment":[{"href":"https:\/\/www.tressis.com\/ca\/wp-json\/wp\/v2\/media?parent=34459"}],"wp:term":[{"taxonomy":"category","embeddable":true,"href":"https:\/\/www.tressis.com\/ca\/wp-json\/wp\/v2\/categories?post=34459"},{"taxonomy":"post_tag","embeddable":true,"href":"https:\/\/www.tressis.com\/ca\/wp-json\/wp\/v2\/tags?post=34459"}],"curies":[{"name":"wp","href":"https:\/\/api.w.org\/{rel}","templated":true}]}}