{"id":34446,"date":"2020-05-18T11:10:06","date_gmt":"2020-05-18T09:10:06","guid":{"rendered":"http:\/\/www.tressis.com\/blog\/?p=34446"},"modified":"2020-05-18T11:10:06","modified_gmt":"2020-05-18T09:10:06","slug":"japon-entra-en-recesion-tecnica","status":"publish","type":"post","link":"https:\/\/www.tressis.com\/ca\/blog\/japon-entra-en-recesion-tecnica\/","title":{"rendered":"Jap\u00f3n entra en recesi\u00f3n t\u00e9cnica"},"content":{"rendered":"<p>Iniciamos una nueva semana, dejando atr\u00e1s las ca\u00eddas de la anterior. Los bonos, en cambio, se mantuvieron estables.<!--more--><\/p>\n<p>El mercado de renta fija corporativa sigue a pleno rendimiento. Tras el mal mes de marzo, hemos pasado a un <i>boom<\/i> de las emisiones por parte de las empresas, en parte para financiar unas compa\u00f1\u00edas que han visto c\u00f3mo sus ingresos se desplomaban, pero sus gastos se mantienen. Adem\u00e1s, los tipos de emisi\u00f3n siguen siendo atractivos para las compa\u00f1\u00edas, ya que, a pesar de sus subidas en los \u00faltimos meses, las compras de los bancos centrales permiten mantener unos niveles bajos en comparaci\u00f3n con las medias hist\u00f3ricas.<\/p>\n<p>A nivel econ\u00f3mico, Jap\u00f3n entra en recesi\u00f3n t\u00e9cnica tras dos trimestres consecutivos con crecimiento negativo. Adem\u00e1s, todos los componentes se sit\u00faan en terreno negativo. En Europa, el PIB del primer trimestre de 2020 (preliminar) tambi\u00e9n se contrae, pero supera las expectativas. El mercado apostaba por una ca\u00edda superior tras el cierre de m\u00faltiples econom\u00edas en un tercio del trimestre. Es cierto que en Asia parece que ya ha quedado atr\u00e1s lo peor y van mucho m\u00e1s avanzados que en Europa. De hecho, 108 millones de ni\u00f1os chinos volv\u00edan a clase la semana pasada (40% del total). El consumo tambi\u00e9n empieza a recuperarse, pero no llega a superar el 75% de los niveles previos a la pandemia, y la ocupaci\u00f3n hotelera se encuentra a la mitad de hace justo un a\u00f1o. Datos que tardaremos en ver en nuestro continente.<\/p>\n<p>Estos d\u00edas estamos teniendo pocas novedades y hasta hoy eso no es positivo. El mercado necesita nuevos est\u00edmulos, pero no solo de los bancos centrales, sino m\u00e1s bien de las noticias. Una vacuna, un tratamiento efectivo, la disminuci\u00f3n de la letalidad\u2026 cualquier avance ser\u00e1 positivo para unos inversores que tras semanas trabajando desde casa empiezan a dar signos de agotamiento.<\/p>\n<p>Buena semana.<\/p>\n<p><center><strong>Jorge Gonz\u00e1lez G\u00f3mez<\/strong><\/center><center>Director de An\u00e1lisis<\/center><\/p>\n","protected":false},"excerpt":{"rendered":"<p>Iniciamos una nueva semana, dejando atr\u00e1s las ca\u00eddas de la anterior. Los bonos, en cambio, se mantuvieron estables.<\/p>\n","protected":false},"author":4,"featured_media":34447,"comment_status":"open","ping_status":"closed","sticky":false,"template":"","format":"standard","meta":{"_acf_changed":false,"footnotes":""},"categories":[9721],"tags":[],"class_list":["post-34446","post","type-post","status-publish","format-standard","has-post-thumbnail","hentry","category-morning-meeting"],"acf":[],"yoast_head":"<!-- This site is optimized with the Yoast SEO plugin v27.5 - https:\/\/yoast.com\/product\/yoast-seo-wordpress\/ -->\n<title>Jap\u00f3n entra en recesi\u00f3n t\u00e9cnica<\/title>\n<meta name=\"description\" content=\"En Asia parece que ya ha quedado atr\u00e1s lo peor y van mucho m\u00e1s avanzados que en Europa. De hecho 108 millones de ni\u00f1os chinos volv\u00edan a clase la semana pasada (40% del total)\" \/>\n<meta name=\"robots\" content=\"index, follow, max-snippet:-1, max-image-preview:large, max-video-preview:-1\" \/>\n<link rel=\"canonical\" href=\"https:\/\/www.tressis.com\/ca\/blog\/japon-entra-en-recesion-tecnica\/\" \/>\n<meta property=\"og:locale\" content=\"ca_ES\" \/>\n<meta property=\"og:type\" content=\"article\" \/>\n<meta property=\"og:title\" content=\"Jap\u00f3n entra en recesi\u00f3n t\u00e9cnica\" \/>\n<meta property=\"og:description\" content=\"En Asia parece que ya ha quedado atr\u00e1s lo peor y van mucho m\u00e1s avanzados que en Europa. De hecho 108 millones de ni\u00f1os chinos volv\u00edan a clase la semana pasada (40% del total)\" \/>\n<meta property=\"og:url\" content=\"https:\/\/www.tressis.com\/ca\/blog\/japon-entra-en-recesion-tecnica\/\" \/>\n<meta property=\"og:site_name\" content=\"Tressis\" \/>\n<meta property=\"article:publisher\" content=\"https:\/\/www.facebook.com\/Tressis\/\" \/>\n<meta property=\"article:published_time\" content=\"2020-05-18T09:10:06+00:00\" \/>\n<meta property=\"og:image\" content=\"https:\/\/www.tressis.com\/wp-content\/uploads\/2020\/05\/2200518-japon-recesion.jpg\" \/>\n\t<meta property=\"og:image:width\" content=\"1100\" \/>\n\t<meta property=\"og:image:height\" content=\"487\" \/>\n\t<meta property=\"og:image:type\" content=\"image\/jpeg\" \/>\n<meta name=\"author\" content=\"Lola\" \/>\n<meta name=\"twitter:card\" content=\"summary_large_image\" \/>\n<meta name=\"twitter:creator\" content=\"@TressisSV\" \/>\n<meta name=\"twitter:site\" content=\"@TressisSV\" \/>\n<meta name=\"twitter:label1\" content=\"Escrit per\" \/>\n\t<meta name=\"twitter:data1\" content=\"Lola\" \/>\n\t<meta name=\"twitter:label2\" content=\"Temps estimat de lectura\" \/>\n\t<meta name=\"twitter:data2\" content=\"2 minuts\" \/>\n<script type=\"application\/ld+json\" class=\"yoast-schema-graph\">{\"@context\":\"https:\\\/\\\/schema.org\",\"@graph\":[{\"@type\":\"Article\",\"@id\":\"https:\\\/\\\/www.tressis.com\\\/ca\\\/blog\\\/japon-entra-en-recesion-tecnica\\\/#article\",\"isPartOf\":{\"@id\":\"https:\\\/\\\/www.tressis.com\\\/ca\\\/blog\\\/japon-entra-en-recesion-tecnica\\\/\"},\"author\":{\"name\":\"Lola\",\"@id\":\"https:\\\/\\\/www.tressis.com\\\/ca\\\/#\\\/schema\\\/person\\\/b833c1d724d8764920b6d6852c70584e\"},\"headline\":\"Jap\u00f3n entra en recesi\u00f3n t\u00e9cnica\",\"datePublished\":\"2020-05-18T09:10:06+00:00\",\"mainEntityOfPage\":{\"@id\":\"https:\\\/\\\/www.tressis.com\\\/ca\\\/blog\\\/japon-entra-en-recesion-tecnica\\\/\"},\"wordCount\":348,\"commentCount\":0,\"publisher\":{\"@id\":\"https:\\\/\\\/www.tressis.com\\\/ca\\\/#organization\"},\"image\":{\"@id\":\"https:\\\/\\\/www.tressis.com\\\/ca\\\/blog\\\/japon-entra-en-recesion-tecnica\\\/#primaryimage\"},\"thumbnailUrl\":\"https:\\\/\\\/www.tressis.com\\\/wp-content\\\/uploads\\\/2020\\\/05\\\/2200518-japon-recesion.jpg\",\"articleSection\":[\"Morning meeting\"],\"inLanguage\":\"ca\",\"potentialAction\":[{\"@type\":\"CommentAction\",\"name\":\"Comment\",\"target\":[\"https:\\\/\\\/www.tressis.com\\\/ca\\\/blog\\\/japon-entra-en-recesion-tecnica\\\/#respond\"]}]},{\"@type\":\"WebPage\",\"@id\":\"https:\\\/\\\/www.tressis.com\\\/ca\\\/blog\\\/japon-entra-en-recesion-tecnica\\\/\",\"url\":\"https:\\\/\\\/www.tressis.com\\\/ca\\\/blog\\\/japon-entra-en-recesion-tecnica\\\/\",\"name\":\"Jap\u00f3n entra en recesi\u00f3n t\u00e9cnica\",\"isPartOf\":{\"@id\":\"https:\\\/\\\/www.tressis.com\\\/ca\\\/#website\"},\"primaryImageOfPage\":{\"@id\":\"https:\\\/\\\/www.tressis.com\\\/ca\\\/blog\\\/japon-entra-en-recesion-tecnica\\\/#primaryimage\"},\"image\":{\"@id\":\"https:\\\/\\\/www.tressis.com\\\/ca\\\/blog\\\/japon-entra-en-recesion-tecnica\\\/#primaryimage\"},\"thumbnailUrl\":\"https:\\\/\\\/www.tressis.com\\\/wp-content\\\/uploads\\\/2020\\\/05\\\/2200518-japon-recesion.jpg\",\"datePublished\":\"2020-05-18T09:10:06+00:00\",\"description\":\"En Asia parece que ya ha quedado atr\u00e1s lo peor y van mucho m\u00e1s avanzados que en Europa. De hecho 108 millones de ni\u00f1os chinos volv\u00edan a clase la semana pasada (40% del total)\",\"breadcrumb\":{\"@id\":\"https:\\\/\\\/www.tressis.com\\\/ca\\\/blog\\\/japon-entra-en-recesion-tecnica\\\/#breadcrumb\"},\"inLanguage\":\"ca\",\"potentialAction\":[{\"@type\":\"ReadAction\",\"target\":[\"https:\\\/\\\/www.tressis.com\\\/ca\\\/blog\\\/japon-entra-en-recesion-tecnica\\\/\"]}]},{\"@type\":\"ImageObject\",\"inLanguage\":\"ca\",\"@id\":\"https:\\\/\\\/www.tressis.com\\\/ca\\\/blog\\\/japon-entra-en-recesion-tecnica\\\/#primaryimage\",\"url\":\"https:\\\/\\\/www.tressis.com\\\/wp-content\\\/uploads\\\/2020\\\/05\\\/2200518-japon-recesion.jpg\",\"contentUrl\":\"https:\\\/\\\/www.tressis.com\\\/wp-content\\\/uploads\\\/2020\\\/05\\\/2200518-japon-recesion.jpg\",\"width\":1100,\"height\":487,\"caption\":\"Jap\u00f3n entra en recesi\u00f3n t\u00e9cnica\"},{\"@type\":\"BreadcrumbList\",\"@id\":\"https:\\\/\\\/www.tressis.com\\\/ca\\\/blog\\\/japon-entra-en-recesion-tecnica\\\/#breadcrumb\",\"itemListElement\":[{\"@type\":\"ListItem\",\"position\":1,\"name\":\"Inicio\",\"item\":\"https:\\\/\\\/www.tressis.com\\\/ca\\\/\"},{\"@type\":\"ListItem\",\"position\":2,\"name\":\"Jap\u00f3n entra en recesi\u00f3n t\u00e9cnica\"}]},{\"@type\":\"WebSite\",\"@id\":\"https:\\\/\\\/www.tressis.com\\\/ca\\\/#website\",\"url\":\"https:\\\/\\\/www.tressis.com\\\/ca\\\/\",\"name\":\"Tressis banca privada\",\"description\":\"Tressis | Planificaci\u00f3n financiera y gesti\u00f3n de patrimonios\",\"publisher\":{\"@id\":\"https:\\\/\\\/www.tressis.com\\\/ca\\\/#organization\"},\"potentialAction\":[{\"@type\":\"SearchAction\",\"target\":{\"@type\":\"EntryPoint\",\"urlTemplate\":\"https:\\\/\\\/www.tressis.com\\\/ca\\\/?s={search_term_string}\"},\"query-input\":{\"@type\":\"PropertyValueSpecification\",\"valueRequired\":true,\"valueName\":\"search_term_string\"}}],\"inLanguage\":\"ca\"},{\"@type\":\"Organization\",\"@id\":\"https:\\\/\\\/www.tressis.com\\\/ca\\\/#organization\",\"name\":\"Tressis\",\"url\":\"https:\\\/\\\/www.tressis.com\\\/ca\\\/\",\"logo\":{\"@type\":\"ImageObject\",\"inLanguage\":\"ca\",\"@id\":\"https:\\\/\\\/www.tressis.com\\\/ca\\\/#\\\/schema\\\/logo\\\/image\\\/\",\"url\":\"https:\\\/\\\/www.tressis.com\\\/wp-content\\\/uploads\\\/2025\\\/06\\\/logo-tressis-112.png\",\"contentUrl\":\"https:\\\/\\\/www.tressis.com\\\/wp-content\\\/uploads\\\/2025\\\/06\\\/logo-tressis-112.png\",\"width\":112,\"height\":112,\"caption\":\"Tressis\"},\"image\":{\"@id\":\"https:\\\/\\\/www.tressis.com\\\/ca\\\/#\\\/schema\\\/logo\\\/image\\\/\"},\"sameAs\":[\"https:\\\/\\\/www.facebook.com\\\/Tressis\\\/\",\"https:\\\/\\\/x.com\\\/TressisSV\",\"https:\\\/\\\/www.instagram.com\\\/tressissv\\\/?hl=es\",\"https:\\\/\\\/linkedin.com\\\/company\\\/tressis\\\/\",\"https:\\\/\\\/www.youtube.com\\\/user\\\/tressissv\",\"https:\\\/\\\/open.spotify.com\\\/show\\\/3jmTe1Nf0wqMILl7diWV6h?si=d7112519f13c4593&nd=1\"]},{\"@type\":\"Person\",\"@id\":\"https:\\\/\\\/www.tressis.com\\\/ca\\\/#\\\/schema\\\/person\\\/b833c1d724d8764920b6d6852c70584e\",\"name\":\"Lola\",\"image\":{\"@type\":\"ImageObject\",\"inLanguage\":\"ca\",\"@id\":\"https:\\\/\\\/secure.gravatar.com\\\/avatar\\\/05e646486b23ff45df9649110609c7e31b8c4a3e2821caa23d6317f405e0c51d?s=96&d=mm&r=g\",\"url\":\"https:\\\/\\\/secure.gravatar.com\\\/avatar\\\/05e646486b23ff45df9649110609c7e31b8c4a3e2821caa23d6317f405e0c51d?s=96&d=mm&r=g\",\"contentUrl\":\"https:\\\/\\\/secure.gravatar.com\\\/avatar\\\/05e646486b23ff45df9649110609c7e31b8c4a3e2821caa23d6317f405e0c51d?s=96&d=mm&r=g\",\"caption\":\"Lola\"}}]}<\/script>\n<!-- \/ Yoast SEO plugin. -->","yoast_head_json":{"title":"Jap\u00f3n entra en recesi\u00f3n t\u00e9cnica","description":"En Asia parece que ya ha quedado atr\u00e1s lo peor y van mucho m\u00e1s avanzados que en Europa. De hecho 108 millones de ni\u00f1os chinos volv\u00edan a clase la semana pasada (40% del total)","robots":{"index":"index","follow":"follow","max-snippet":"max-snippet:-1","max-image-preview":"max-image-preview:large","max-video-preview":"max-video-preview:-1"},"canonical":"https:\/\/www.tressis.com\/ca\/blog\/japon-entra-en-recesion-tecnica\/","og_locale":"ca_ES","og_type":"article","og_title":"Jap\u00f3n entra en recesi\u00f3n t\u00e9cnica","og_description":"En Asia parece que ya ha quedado atr\u00e1s lo peor y van mucho m\u00e1s avanzados que en Europa. De hecho 108 millones de ni\u00f1os chinos volv\u00edan a clase la semana pasada (40% del total)","og_url":"https:\/\/www.tressis.com\/ca\/blog\/japon-entra-en-recesion-tecnica\/","og_site_name":"Tressis","article_publisher":"https:\/\/www.facebook.com\/Tressis\/","article_published_time":"2020-05-18T09:10:06+00:00","og_image":[{"width":1100,"height":487,"url":"https:\/\/www.tressis.com\/wp-content\/uploads\/2020\/05\/2200518-japon-recesion.jpg","type":"image\/jpeg"}],"author":"Lola","twitter_card":"summary_large_image","twitter_creator":"@TressisSV","twitter_site":"@TressisSV","twitter_misc":{"Escrit per":"Lola","Temps estimat de lectura":"2 minuts"},"schema":{"@context":"https:\/\/schema.org","@graph":[{"@type":"Article","@id":"https:\/\/www.tressis.com\/ca\/blog\/japon-entra-en-recesion-tecnica\/#article","isPartOf":{"@id":"https:\/\/www.tressis.com\/ca\/blog\/japon-entra-en-recesion-tecnica\/"},"author":{"name":"Lola","@id":"https:\/\/www.tressis.com\/ca\/#\/schema\/person\/b833c1d724d8764920b6d6852c70584e"},"headline":"Jap\u00f3n entra en recesi\u00f3n t\u00e9cnica","datePublished":"2020-05-18T09:10:06+00:00","mainEntityOfPage":{"@id":"https:\/\/www.tressis.com\/ca\/blog\/japon-entra-en-recesion-tecnica\/"},"wordCount":348,"commentCount":0,"publisher":{"@id":"https:\/\/www.tressis.com\/ca\/#organization"},"image":{"@id":"https:\/\/www.tressis.com\/ca\/blog\/japon-entra-en-recesion-tecnica\/#primaryimage"},"thumbnailUrl":"https:\/\/www.tressis.com\/wp-content\/uploads\/2020\/05\/2200518-japon-recesion.jpg","articleSection":["Morning meeting"],"inLanguage":"ca","potentialAction":[{"@type":"CommentAction","name":"Comment","target":["https:\/\/www.tressis.com\/ca\/blog\/japon-entra-en-recesion-tecnica\/#respond"]}]},{"@type":"WebPage","@id":"https:\/\/www.tressis.com\/ca\/blog\/japon-entra-en-recesion-tecnica\/","url":"https:\/\/www.tressis.com\/ca\/blog\/japon-entra-en-recesion-tecnica\/","name":"Jap\u00f3n entra en recesi\u00f3n t\u00e9cnica","isPartOf":{"@id":"https:\/\/www.tressis.com\/ca\/#website"},"primaryImageOfPage":{"@id":"https:\/\/www.tressis.com\/ca\/blog\/japon-entra-en-recesion-tecnica\/#primaryimage"},"image":{"@id":"https:\/\/www.tressis.com\/ca\/blog\/japon-entra-en-recesion-tecnica\/#primaryimage"},"thumbnailUrl":"https:\/\/www.tressis.com\/wp-content\/uploads\/2020\/05\/2200518-japon-recesion.jpg","datePublished":"2020-05-18T09:10:06+00:00","description":"En Asia parece que ya ha quedado atr\u00e1s lo peor y van mucho m\u00e1s avanzados que en Europa. De hecho 108 millones de ni\u00f1os chinos volv\u00edan a clase la semana pasada (40% del total)","breadcrumb":{"@id":"https:\/\/www.tressis.com\/ca\/blog\/japon-entra-en-recesion-tecnica\/#breadcrumb"},"inLanguage":"ca","potentialAction":[{"@type":"ReadAction","target":["https:\/\/www.tressis.com\/ca\/blog\/japon-entra-en-recesion-tecnica\/"]}]},{"@type":"ImageObject","inLanguage":"ca","@id":"https:\/\/www.tressis.com\/ca\/blog\/japon-entra-en-recesion-tecnica\/#primaryimage","url":"https:\/\/www.tressis.com\/wp-content\/uploads\/2020\/05\/2200518-japon-recesion.jpg","contentUrl":"https:\/\/www.tressis.com\/wp-content\/uploads\/2020\/05\/2200518-japon-recesion.jpg","width":1100,"height":487,"caption":"Jap\u00f3n entra en recesi\u00f3n t\u00e9cnica"},{"@type":"BreadcrumbList","@id":"https:\/\/www.tressis.com\/ca\/blog\/japon-entra-en-recesion-tecnica\/#breadcrumb","itemListElement":[{"@type":"ListItem","position":1,"name":"Inicio","item":"https:\/\/www.tressis.com\/ca\/"},{"@type":"ListItem","position":2,"name":"Jap\u00f3n entra en recesi\u00f3n t\u00e9cnica"}]},{"@type":"WebSite","@id":"https:\/\/www.tressis.com\/ca\/#website","url":"https:\/\/www.tressis.com\/ca\/","name":"Tressis banca privada","description":"Tressis | Planificaci\u00f3n financiera y gesti\u00f3n de patrimonios","publisher":{"@id":"https:\/\/www.tressis.com\/ca\/#organization"},"potentialAction":[{"@type":"SearchAction","target":{"@type":"EntryPoint","urlTemplate":"https:\/\/www.tressis.com\/ca\/?s={search_term_string}"},"query-input":{"@type":"PropertyValueSpecification","valueRequired":true,"valueName":"search_term_string"}}],"inLanguage":"ca"},{"@type":"Organization","@id":"https:\/\/www.tressis.com\/ca\/#organization","name":"Tressis","url":"https:\/\/www.tressis.com\/ca\/","logo":{"@type":"ImageObject","inLanguage":"ca","@id":"https:\/\/www.tressis.com\/ca\/#\/schema\/logo\/image\/","url":"https:\/\/www.tressis.com\/wp-content\/uploads\/2025\/06\/logo-tressis-112.png","contentUrl":"https:\/\/www.tressis.com\/wp-content\/uploads\/2025\/06\/logo-tressis-112.png","width":112,"height":112,"caption":"Tressis"},"image":{"@id":"https:\/\/www.tressis.com\/ca\/#\/schema\/logo\/image\/"},"sameAs":["https:\/\/www.facebook.com\/Tressis\/","https:\/\/x.com\/TressisSV","https:\/\/www.instagram.com\/tressissv\/?hl=es","https:\/\/linkedin.com\/company\/tressis\/","https:\/\/www.youtube.com\/user\/tressissv","https:\/\/open.spotify.com\/show\/3jmTe1Nf0wqMILl7diWV6h?si=d7112519f13c4593&nd=1"]},{"@type":"Person","@id":"https:\/\/www.tressis.com\/ca\/#\/schema\/person\/b833c1d724d8764920b6d6852c70584e","name":"Lola","image":{"@type":"ImageObject","inLanguage":"ca","@id":"https:\/\/secure.gravatar.com\/avatar\/05e646486b23ff45df9649110609c7e31b8c4a3e2821caa23d6317f405e0c51d?s=96&d=mm&r=g","url":"https:\/\/secure.gravatar.com\/avatar\/05e646486b23ff45df9649110609c7e31b8c4a3e2821caa23d6317f405e0c51d?s=96&d=mm&r=g","contentUrl":"https:\/\/secure.gravatar.com\/avatar\/05e646486b23ff45df9649110609c7e31b8c4a3e2821caa23d6317f405e0c51d?s=96&d=mm&r=g","caption":"Lola"}}]}},"_links":{"self":[{"href":"https:\/\/www.tressis.com\/ca\/wp-json\/wp\/v2\/posts\/34446","targetHints":{"allow":["GET"]}}],"collection":[{"href":"https:\/\/www.tressis.com\/ca\/wp-json\/wp\/v2\/posts"}],"about":[{"href":"https:\/\/www.tressis.com\/ca\/wp-json\/wp\/v2\/types\/post"}],"author":[{"embeddable":true,"href":"https:\/\/www.tressis.com\/ca\/wp-json\/wp\/v2\/users\/4"}],"replies":[{"embeddable":true,"href":"https:\/\/www.tressis.com\/ca\/wp-json\/wp\/v2\/comments?post=34446"}],"version-history":[{"count":0,"href":"https:\/\/www.tressis.com\/ca\/wp-json\/wp\/v2\/posts\/34446\/revisions"}],"wp:featuredmedia":[{"embeddable":true,"href":"https:\/\/www.tressis.com\/ca\/wp-json\/wp\/v2\/media\/34447"}],"wp:attachment":[{"href":"https:\/\/www.tressis.com\/ca\/wp-json\/wp\/v2\/media?parent=34446"}],"wp:term":[{"taxonomy":"category","embeddable":true,"href":"https:\/\/www.tressis.com\/ca\/wp-json\/wp\/v2\/categories?post=34446"},{"taxonomy":"post_tag","embeddable":true,"href":"https:\/\/www.tressis.com\/ca\/wp-json\/wp\/v2\/tags?post=34446"}],"curies":[{"name":"wp","href":"https:\/\/api.w.org\/{rel}","templated":true}]}}