{"id":34423,"date":"2020-05-14T10:00:58","date_gmt":"2020-05-14T08:00:58","guid":{"rendered":"http:\/\/www.tressis.com\/blog\/?p=34423"},"modified":"2020-05-14T10:00:58","modified_gmt":"2020-05-14T08:00:58","slug":"la-recuperacion-de-la-zona-euro-no-llegara-hasta-2022","status":"publish","type":"post","link":"https:\/\/www.tressis.com\/ca\/blog\/la-recuperacion-de-la-zona-euro-no-llegara-hasta-2022\/","title":{"rendered":"La recuperaci\u00f3n de la zona euro no llegar\u00e1 hasta 2022"},"content":{"rendered":"<p>Los principales mercados de renta variable retroced\u00edan la jornada de ayer, y el Nasdaq volv\u00eda al terreno negativo en lo que va de a\u00f1o, despu\u00e9s de que el presidente de la Reserva Federal pidiera que el Congreso destinara m\u00e1s recursos para combatir la crisis econ\u00f3mica.<!--more--><\/p>\n<p>Por su parte, la demanda de bonos ha ido aumentando a medida que crecen las preocupaciones sobre una segunda ola de infecciones por coronavirus. Los nuevos brotes en Corea del Sur y China fueron motivo de preocupaci\u00f3n, mientras varios pa\u00edses europeos comienzan a reabrir sus econom\u00edas. Adem\u00e1s, tras el discurso de Jerome Powell, los rendimientos de los bonos a largo plazo disminuyeron, con el 10 a\u00f1os del Tesoro de EE.UU. terminando el d\u00eda en 0,65%. Tambi\u00e9n el <i>bund<\/i> alem\u00e1n cay\u00f3 al -0,53% tras la publicaci\u00f3n de la producci\u00f3n industrial de la eurozona y los diferenciales italianos disminu\u00edan, a pesar de los retrocesos de los mercados de renta variable. Italia registr\u00f3 el mi\u00e9rcoles el menor n\u00famero de nuevos casos de coronavirus en dos d\u00edas y el Gobierno aprob\u00f3 un paquete de est\u00edmulo de 55.000 millones de euros para apoyar la maltrecha econom\u00eda.<\/p>\n<p>Adem\u00e1s, ayer conoc\u00edamos que la econom\u00eda del Reino Unido se contrajo un 2% en el primer trimestre del a\u00f1o. La contracci\u00f3n fue mayor en marzo, mostrando una disminuci\u00f3n de casi el 6%. Seg\u00fan la oficina de estad\u00edsticas del Reino Unido, la contracci\u00f3n mensual fue la mayor registrada en su historia y la contracci\u00f3n trimestral la mayor desde el cuarto trimestre de 2008. Por su parte, el BCE ya habla abiertamente de que la recuperaci\u00f3n de la zona euro no se alcanzar\u00e1 hasta el 2022 y eso que el nivel de incertidumbre actual sigue siendo muy elevado.<\/p>\n<p>Hoy, los inversores se centrar\u00e1n de nuevo en otra actualizaci\u00f3n de las reclamaciones iniciales de desempleo en los Estados Unidos, despu\u00e9s del informe de trabajo de la semana pasada que mostr\u00f3 que m\u00e1s de 20 millones de personas hab\u00edan perdido su empleo en abril.<\/p>\n<p>Buen d\u00eda.<\/p>\n<p><center><strong>Jorge Gonz\u00e1lez G\u00f3mez<\/strong><br \/>\nDirector de An\u00e1lisis<\/center><\/p>\n","protected":false},"excerpt":{"rendered":"<p>Los principales mercados de renta variable retroced\u00edan la jornada de ayer, y el Nasdaq volv\u00eda al terreno negativo en lo que va de a\u00f1o, despu\u00e9s de que el presidente de la Reserva Federal pidiera que el Congreso destinara m\u00e1s recursos para combatir la crisis econ\u00f3mica.<\/p>\n","protected":false},"author":4,"featured_media":34425,"comment_status":"open","ping_status":"closed","sticky":false,"template":"","format":"standard","meta":{"_acf_changed":false,"footnotes":""},"categories":[9721],"tags":[],"class_list":["post-34423","post","type-post","status-publish","format-standard","has-post-thumbnail","hentry","category-morning-meeting"],"acf":[],"yoast_head":"<!-- This site is optimized with the Yoast SEO plugin v27.5 - https:\/\/yoast.com\/product\/yoast-seo-wordpress\/ -->\n<title>La recuperaci\u00f3n de la zona euro no llegar\u00e1 hasta 2022<\/title>\n<meta name=\"description\" content=\"Ayer conoc\u00edamos que la econom\u00eda del Reino Unido se contrajo un 2% en el primer trimestre del a\u00f1o. La contracci\u00f3n fue mayor en marzo, mostrando una disminuci\u00f3n de casi el 6%\" \/>\n<meta name=\"robots\" content=\"index, follow, max-snippet:-1, max-image-preview:large, max-video-preview:-1\" \/>\n<link rel=\"canonical\" href=\"https:\/\/www.tressis.com\/ca\/blog\/la-recuperacion-de-la-zona-euro-no-llegara-hasta-2022\/\" \/>\n<meta property=\"og:locale\" content=\"ca_ES\" \/>\n<meta property=\"og:type\" content=\"article\" \/>\n<meta property=\"og:title\" content=\"La recuperaci\u00f3n de la zona euro no llegar\u00e1 hasta 2022\" \/>\n<meta property=\"og:description\" content=\"Ayer conoc\u00edamos que la econom\u00eda del Reino Unido se contrajo un 2% en el primer trimestre del a\u00f1o. La contracci\u00f3n fue mayor en marzo, mostrando una disminuci\u00f3n de casi el 6%\" \/>\n<meta property=\"og:url\" content=\"https:\/\/www.tressis.com\/ca\/blog\/la-recuperacion-de-la-zona-euro-no-llegara-hasta-2022\/\" \/>\n<meta property=\"og:site_name\" content=\"Tressis\" \/>\n<meta property=\"article:publisher\" content=\"https:\/\/www.facebook.com\/Tressis\/\" \/>\n<meta property=\"article:published_time\" content=\"2020-05-14T08:00:58+00:00\" \/>\n<meta property=\"og:image\" content=\"https:\/\/www.tressis.com\/wp-content\/uploads\/2020\/05\/20200514-eurozona-recuperacion.jpg\" \/>\n\t<meta property=\"og:image:width\" content=\"1100\" \/>\n\t<meta property=\"og:image:height\" content=\"487\" \/>\n\t<meta property=\"og:image:type\" content=\"image\/jpeg\" \/>\n<meta name=\"author\" content=\"Lola\" \/>\n<meta name=\"twitter:card\" content=\"summary_large_image\" \/>\n<meta name=\"twitter:creator\" content=\"@TressisSV\" \/>\n<meta name=\"twitter:site\" content=\"@TressisSV\" \/>\n<meta name=\"twitter:label1\" content=\"Escrit per\" \/>\n\t<meta name=\"twitter:data1\" content=\"Lola\" \/>\n\t<meta name=\"twitter:label2\" content=\"Temps estimat de lectura\" \/>\n\t<meta name=\"twitter:data2\" content=\"2 minuts\" \/>\n<script type=\"application\/ld+json\" class=\"yoast-schema-graph\">{\"@context\":\"https:\\\/\\\/schema.org\",\"@graph\":[{\"@type\":\"Article\",\"@id\":\"https:\\\/\\\/www.tressis.com\\\/ca\\\/blog\\\/la-recuperacion-de-la-zona-euro-no-llegara-hasta-2022\\\/#article\",\"isPartOf\":{\"@id\":\"https:\\\/\\\/www.tressis.com\\\/ca\\\/blog\\\/la-recuperacion-de-la-zona-euro-no-llegara-hasta-2022\\\/\"},\"author\":{\"name\":\"Lola\",\"@id\":\"https:\\\/\\\/www.tressis.com\\\/ca\\\/#\\\/schema\\\/person\\\/b833c1d724d8764920b6d6852c70584e\"},\"headline\":\"La recuperaci\u00f3n de la zona euro no llegar\u00e1 hasta 2022\",\"datePublished\":\"2020-05-14T08:00:58+00:00\",\"mainEntityOfPage\":{\"@id\":\"https:\\\/\\\/www.tressis.com\\\/ca\\\/blog\\\/la-recuperacion-de-la-zona-euro-no-llegara-hasta-2022\\\/\"},\"wordCount\":379,\"commentCount\":0,\"publisher\":{\"@id\":\"https:\\\/\\\/www.tressis.com\\\/ca\\\/#organization\"},\"image\":{\"@id\":\"https:\\\/\\\/www.tressis.com\\\/ca\\\/blog\\\/la-recuperacion-de-la-zona-euro-no-llegara-hasta-2022\\\/#primaryimage\"},\"thumbnailUrl\":\"https:\\\/\\\/www.tressis.com\\\/wp-content\\\/uploads\\\/2020\\\/05\\\/20200514-eurozona-recuperacion.jpg\",\"articleSection\":[\"Morning meeting\"],\"inLanguage\":\"ca\",\"potentialAction\":[{\"@type\":\"CommentAction\",\"name\":\"Comment\",\"target\":[\"https:\\\/\\\/www.tressis.com\\\/ca\\\/blog\\\/la-recuperacion-de-la-zona-euro-no-llegara-hasta-2022\\\/#respond\"]}]},{\"@type\":\"WebPage\",\"@id\":\"https:\\\/\\\/www.tressis.com\\\/ca\\\/blog\\\/la-recuperacion-de-la-zona-euro-no-llegara-hasta-2022\\\/\",\"url\":\"https:\\\/\\\/www.tressis.com\\\/ca\\\/blog\\\/la-recuperacion-de-la-zona-euro-no-llegara-hasta-2022\\\/\",\"name\":\"La recuperaci\u00f3n de la zona euro no llegar\u00e1 hasta 2022\",\"isPartOf\":{\"@id\":\"https:\\\/\\\/www.tressis.com\\\/ca\\\/#website\"},\"primaryImageOfPage\":{\"@id\":\"https:\\\/\\\/www.tressis.com\\\/ca\\\/blog\\\/la-recuperacion-de-la-zona-euro-no-llegara-hasta-2022\\\/#primaryimage\"},\"image\":{\"@id\":\"https:\\\/\\\/www.tressis.com\\\/ca\\\/blog\\\/la-recuperacion-de-la-zona-euro-no-llegara-hasta-2022\\\/#primaryimage\"},\"thumbnailUrl\":\"https:\\\/\\\/www.tressis.com\\\/wp-content\\\/uploads\\\/2020\\\/05\\\/20200514-eurozona-recuperacion.jpg\",\"datePublished\":\"2020-05-14T08:00:58+00:00\",\"description\":\"Ayer conoc\u00edamos que la econom\u00eda del Reino Unido se contrajo un 2% en el primer trimestre del a\u00f1o. La contracci\u00f3n fue mayor en marzo, mostrando una disminuci\u00f3n de casi el 6%\",\"breadcrumb\":{\"@id\":\"https:\\\/\\\/www.tressis.com\\\/ca\\\/blog\\\/la-recuperacion-de-la-zona-euro-no-llegara-hasta-2022\\\/#breadcrumb\"},\"inLanguage\":\"ca\",\"potentialAction\":[{\"@type\":\"ReadAction\",\"target\":[\"https:\\\/\\\/www.tressis.com\\\/ca\\\/blog\\\/la-recuperacion-de-la-zona-euro-no-llegara-hasta-2022\\\/\"]}]},{\"@type\":\"ImageObject\",\"inLanguage\":\"ca\",\"@id\":\"https:\\\/\\\/www.tressis.com\\\/ca\\\/blog\\\/la-recuperacion-de-la-zona-euro-no-llegara-hasta-2022\\\/#primaryimage\",\"url\":\"https:\\\/\\\/www.tressis.com\\\/wp-content\\\/uploads\\\/2020\\\/05\\\/20200514-eurozona-recuperacion.jpg\",\"contentUrl\":\"https:\\\/\\\/www.tressis.com\\\/wp-content\\\/uploads\\\/2020\\\/05\\\/20200514-eurozona-recuperacion.jpg\",\"width\":1100,\"height\":487,\"caption\":\"La recuperaci\u00f3n de la zona euro no llegar\u00e1 hasta 2022\"},{\"@type\":\"BreadcrumbList\",\"@id\":\"https:\\\/\\\/www.tressis.com\\\/ca\\\/blog\\\/la-recuperacion-de-la-zona-euro-no-llegara-hasta-2022\\\/#breadcrumb\",\"itemListElement\":[{\"@type\":\"ListItem\",\"position\":1,\"name\":\"Inicio\",\"item\":\"https:\\\/\\\/www.tressis.com\\\/ca\\\/\"},{\"@type\":\"ListItem\",\"position\":2,\"name\":\"La recuperaci\u00f3n de la zona euro no llegar\u00e1 hasta 2022\"}]},{\"@type\":\"WebSite\",\"@id\":\"https:\\\/\\\/www.tressis.com\\\/ca\\\/#website\",\"url\":\"https:\\\/\\\/www.tressis.com\\\/ca\\\/\",\"name\":\"Tressis banca privada\",\"description\":\"Tressis | Planificaci\u00f3n financiera y gesti\u00f3n de patrimonios\",\"publisher\":{\"@id\":\"https:\\\/\\\/www.tressis.com\\\/ca\\\/#organization\"},\"potentialAction\":[{\"@type\":\"SearchAction\",\"target\":{\"@type\":\"EntryPoint\",\"urlTemplate\":\"https:\\\/\\\/www.tressis.com\\\/ca\\\/?s={search_term_string}\"},\"query-input\":{\"@type\":\"PropertyValueSpecification\",\"valueRequired\":true,\"valueName\":\"search_term_string\"}}],\"inLanguage\":\"ca\"},{\"@type\":\"Organization\",\"@id\":\"https:\\\/\\\/www.tressis.com\\\/ca\\\/#organization\",\"name\":\"Tressis\",\"url\":\"https:\\\/\\\/www.tressis.com\\\/ca\\\/\",\"logo\":{\"@type\":\"ImageObject\",\"inLanguage\":\"ca\",\"@id\":\"https:\\\/\\\/www.tressis.com\\\/ca\\\/#\\\/schema\\\/logo\\\/image\\\/\",\"url\":\"https:\\\/\\\/www.tressis.com\\\/wp-content\\\/uploads\\\/2025\\\/06\\\/logo-tressis-112.png\",\"contentUrl\":\"https:\\\/\\\/www.tressis.com\\\/wp-content\\\/uploads\\\/2025\\\/06\\\/logo-tressis-112.png\",\"width\":112,\"height\":112,\"caption\":\"Tressis\"},\"image\":{\"@id\":\"https:\\\/\\\/www.tressis.com\\\/ca\\\/#\\\/schema\\\/logo\\\/image\\\/\"},\"sameAs\":[\"https:\\\/\\\/www.facebook.com\\\/Tressis\\\/\",\"https:\\\/\\\/x.com\\\/TressisSV\",\"https:\\\/\\\/www.instagram.com\\\/tressissv\\\/?hl=es\",\"https:\\\/\\\/linkedin.com\\\/company\\\/tressis\\\/\",\"https:\\\/\\\/www.youtube.com\\\/user\\\/tressissv\",\"https:\\\/\\\/open.spotify.com\\\/show\\\/3jmTe1Nf0wqMILl7diWV6h?si=d7112519f13c4593&nd=1\"]},{\"@type\":\"Person\",\"@id\":\"https:\\\/\\\/www.tressis.com\\\/ca\\\/#\\\/schema\\\/person\\\/b833c1d724d8764920b6d6852c70584e\",\"name\":\"Lola\",\"image\":{\"@type\":\"ImageObject\",\"inLanguage\":\"ca\",\"@id\":\"https:\\\/\\\/secure.gravatar.com\\\/avatar\\\/05e646486b23ff45df9649110609c7e31b8c4a3e2821caa23d6317f405e0c51d?s=96&d=mm&r=g\",\"url\":\"https:\\\/\\\/secure.gravatar.com\\\/avatar\\\/05e646486b23ff45df9649110609c7e31b8c4a3e2821caa23d6317f405e0c51d?s=96&d=mm&r=g\",\"contentUrl\":\"https:\\\/\\\/secure.gravatar.com\\\/avatar\\\/05e646486b23ff45df9649110609c7e31b8c4a3e2821caa23d6317f405e0c51d?s=96&d=mm&r=g\",\"caption\":\"Lola\"}}]}<\/script>\n<!-- \/ Yoast SEO plugin. -->","yoast_head_json":{"title":"La recuperaci\u00f3n de la zona euro no llegar\u00e1 hasta 2022","description":"Ayer conoc\u00edamos que la econom\u00eda del Reino Unido se contrajo un 2% en el primer trimestre del a\u00f1o. La contracci\u00f3n fue mayor en marzo, mostrando una disminuci\u00f3n de casi el 6%","robots":{"index":"index","follow":"follow","max-snippet":"max-snippet:-1","max-image-preview":"max-image-preview:large","max-video-preview":"max-video-preview:-1"},"canonical":"https:\/\/www.tressis.com\/ca\/blog\/la-recuperacion-de-la-zona-euro-no-llegara-hasta-2022\/","og_locale":"ca_ES","og_type":"article","og_title":"La recuperaci\u00f3n de la zona euro no llegar\u00e1 hasta 2022","og_description":"Ayer conoc\u00edamos que la econom\u00eda del Reino Unido se contrajo un 2% en el primer trimestre del a\u00f1o. La contracci\u00f3n fue mayor en marzo, mostrando una disminuci\u00f3n de casi el 6%","og_url":"https:\/\/www.tressis.com\/ca\/blog\/la-recuperacion-de-la-zona-euro-no-llegara-hasta-2022\/","og_site_name":"Tressis","article_publisher":"https:\/\/www.facebook.com\/Tressis\/","article_published_time":"2020-05-14T08:00:58+00:00","og_image":[{"width":1100,"height":487,"url":"https:\/\/www.tressis.com\/wp-content\/uploads\/2020\/05\/20200514-eurozona-recuperacion.jpg","type":"image\/jpeg"}],"author":"Lola","twitter_card":"summary_large_image","twitter_creator":"@TressisSV","twitter_site":"@TressisSV","twitter_misc":{"Escrit per":"Lola","Temps estimat de lectura":"2 minuts"},"schema":{"@context":"https:\/\/schema.org","@graph":[{"@type":"Article","@id":"https:\/\/www.tressis.com\/ca\/blog\/la-recuperacion-de-la-zona-euro-no-llegara-hasta-2022\/#article","isPartOf":{"@id":"https:\/\/www.tressis.com\/ca\/blog\/la-recuperacion-de-la-zona-euro-no-llegara-hasta-2022\/"},"author":{"name":"Lola","@id":"https:\/\/www.tressis.com\/ca\/#\/schema\/person\/b833c1d724d8764920b6d6852c70584e"},"headline":"La recuperaci\u00f3n de la zona euro no llegar\u00e1 hasta 2022","datePublished":"2020-05-14T08:00:58+00:00","mainEntityOfPage":{"@id":"https:\/\/www.tressis.com\/ca\/blog\/la-recuperacion-de-la-zona-euro-no-llegara-hasta-2022\/"},"wordCount":379,"commentCount":0,"publisher":{"@id":"https:\/\/www.tressis.com\/ca\/#organization"},"image":{"@id":"https:\/\/www.tressis.com\/ca\/blog\/la-recuperacion-de-la-zona-euro-no-llegara-hasta-2022\/#primaryimage"},"thumbnailUrl":"https:\/\/www.tressis.com\/wp-content\/uploads\/2020\/05\/20200514-eurozona-recuperacion.jpg","articleSection":["Morning meeting"],"inLanguage":"ca","potentialAction":[{"@type":"CommentAction","name":"Comment","target":["https:\/\/www.tressis.com\/ca\/blog\/la-recuperacion-de-la-zona-euro-no-llegara-hasta-2022\/#respond"]}]},{"@type":"WebPage","@id":"https:\/\/www.tressis.com\/ca\/blog\/la-recuperacion-de-la-zona-euro-no-llegara-hasta-2022\/","url":"https:\/\/www.tressis.com\/ca\/blog\/la-recuperacion-de-la-zona-euro-no-llegara-hasta-2022\/","name":"La recuperaci\u00f3n de la zona euro no llegar\u00e1 hasta 2022","isPartOf":{"@id":"https:\/\/www.tressis.com\/ca\/#website"},"primaryImageOfPage":{"@id":"https:\/\/www.tressis.com\/ca\/blog\/la-recuperacion-de-la-zona-euro-no-llegara-hasta-2022\/#primaryimage"},"image":{"@id":"https:\/\/www.tressis.com\/ca\/blog\/la-recuperacion-de-la-zona-euro-no-llegara-hasta-2022\/#primaryimage"},"thumbnailUrl":"https:\/\/www.tressis.com\/wp-content\/uploads\/2020\/05\/20200514-eurozona-recuperacion.jpg","datePublished":"2020-05-14T08:00:58+00:00","description":"Ayer conoc\u00edamos que la econom\u00eda del Reino Unido se contrajo un 2% en el primer trimestre del a\u00f1o. La contracci\u00f3n fue mayor en marzo, mostrando una disminuci\u00f3n de casi el 6%","breadcrumb":{"@id":"https:\/\/www.tressis.com\/ca\/blog\/la-recuperacion-de-la-zona-euro-no-llegara-hasta-2022\/#breadcrumb"},"inLanguage":"ca","potentialAction":[{"@type":"ReadAction","target":["https:\/\/www.tressis.com\/ca\/blog\/la-recuperacion-de-la-zona-euro-no-llegara-hasta-2022\/"]}]},{"@type":"ImageObject","inLanguage":"ca","@id":"https:\/\/www.tressis.com\/ca\/blog\/la-recuperacion-de-la-zona-euro-no-llegara-hasta-2022\/#primaryimage","url":"https:\/\/www.tressis.com\/wp-content\/uploads\/2020\/05\/20200514-eurozona-recuperacion.jpg","contentUrl":"https:\/\/www.tressis.com\/wp-content\/uploads\/2020\/05\/20200514-eurozona-recuperacion.jpg","width":1100,"height":487,"caption":"La recuperaci\u00f3n de la zona euro no llegar\u00e1 hasta 2022"},{"@type":"BreadcrumbList","@id":"https:\/\/www.tressis.com\/ca\/blog\/la-recuperacion-de-la-zona-euro-no-llegara-hasta-2022\/#breadcrumb","itemListElement":[{"@type":"ListItem","position":1,"name":"Inicio","item":"https:\/\/www.tressis.com\/ca\/"},{"@type":"ListItem","position":2,"name":"La recuperaci\u00f3n de la zona euro no llegar\u00e1 hasta 2022"}]},{"@type":"WebSite","@id":"https:\/\/www.tressis.com\/ca\/#website","url":"https:\/\/www.tressis.com\/ca\/","name":"Tressis banca privada","description":"Tressis | Planificaci\u00f3n financiera y gesti\u00f3n de patrimonios","publisher":{"@id":"https:\/\/www.tressis.com\/ca\/#organization"},"potentialAction":[{"@type":"SearchAction","target":{"@type":"EntryPoint","urlTemplate":"https:\/\/www.tressis.com\/ca\/?s={search_term_string}"},"query-input":{"@type":"PropertyValueSpecification","valueRequired":true,"valueName":"search_term_string"}}],"inLanguage":"ca"},{"@type":"Organization","@id":"https:\/\/www.tressis.com\/ca\/#organization","name":"Tressis","url":"https:\/\/www.tressis.com\/ca\/","logo":{"@type":"ImageObject","inLanguage":"ca","@id":"https:\/\/www.tressis.com\/ca\/#\/schema\/logo\/image\/","url":"https:\/\/www.tressis.com\/wp-content\/uploads\/2025\/06\/logo-tressis-112.png","contentUrl":"https:\/\/www.tressis.com\/wp-content\/uploads\/2025\/06\/logo-tressis-112.png","width":112,"height":112,"caption":"Tressis"},"image":{"@id":"https:\/\/www.tressis.com\/ca\/#\/schema\/logo\/image\/"},"sameAs":["https:\/\/www.facebook.com\/Tressis\/","https:\/\/x.com\/TressisSV","https:\/\/www.instagram.com\/tressissv\/?hl=es","https:\/\/linkedin.com\/company\/tressis\/","https:\/\/www.youtube.com\/user\/tressissv","https:\/\/open.spotify.com\/show\/3jmTe1Nf0wqMILl7diWV6h?si=d7112519f13c4593&nd=1"]},{"@type":"Person","@id":"https:\/\/www.tressis.com\/ca\/#\/schema\/person\/b833c1d724d8764920b6d6852c70584e","name":"Lola","image":{"@type":"ImageObject","inLanguage":"ca","@id":"https:\/\/secure.gravatar.com\/avatar\/05e646486b23ff45df9649110609c7e31b8c4a3e2821caa23d6317f405e0c51d?s=96&d=mm&r=g","url":"https:\/\/secure.gravatar.com\/avatar\/05e646486b23ff45df9649110609c7e31b8c4a3e2821caa23d6317f405e0c51d?s=96&d=mm&r=g","contentUrl":"https:\/\/secure.gravatar.com\/avatar\/05e646486b23ff45df9649110609c7e31b8c4a3e2821caa23d6317f405e0c51d?s=96&d=mm&r=g","caption":"Lola"}}]}},"_links":{"self":[{"href":"https:\/\/www.tressis.com\/ca\/wp-json\/wp\/v2\/posts\/34423","targetHints":{"allow":["GET"]}}],"collection":[{"href":"https:\/\/www.tressis.com\/ca\/wp-json\/wp\/v2\/posts"}],"about":[{"href":"https:\/\/www.tressis.com\/ca\/wp-json\/wp\/v2\/types\/post"}],"author":[{"embeddable":true,"href":"https:\/\/www.tressis.com\/ca\/wp-json\/wp\/v2\/users\/4"}],"replies":[{"embeddable":true,"href":"https:\/\/www.tressis.com\/ca\/wp-json\/wp\/v2\/comments?post=34423"}],"version-history":[{"count":0,"href":"https:\/\/www.tressis.com\/ca\/wp-json\/wp\/v2\/posts\/34423\/revisions"}],"wp:featuredmedia":[{"embeddable":true,"href":"https:\/\/www.tressis.com\/ca\/wp-json\/wp\/v2\/media\/34425"}],"wp:attachment":[{"href":"https:\/\/www.tressis.com\/ca\/wp-json\/wp\/v2\/media?parent=34423"}],"wp:term":[{"taxonomy":"category","embeddable":true,"href":"https:\/\/www.tressis.com\/ca\/wp-json\/wp\/v2\/categories?post=34423"},{"taxonomy":"post_tag","embeddable":true,"href":"https:\/\/www.tressis.com\/ca\/wp-json\/wp\/v2\/tags?post=34423"}],"curies":[{"name":"wp","href":"https:\/\/api.w.org\/{rel}","templated":true}]}}