{"id":34408,"date":"2020-05-13T09:27:54","date_gmt":"2020-05-13T07:27:54","guid":{"rendered":"http:\/\/www.tressis.com\/blog\/?p=34408"},"modified":"2020-05-13T09:27:54","modified_gmt":"2020-05-13T07:27:54","slug":"que-podemos-esperar-de-europa","status":"publish","type":"post","link":"https:\/\/www.tressis.com\/ca\/blog\/que-podemos-esperar-de-europa\/","title":{"rendered":"\u00bfQu\u00e9 podemos esperar de Europa?"},"content":{"rendered":"<p>El presidente de Estados Unidos, Donald Trump, volvi\u00f3 a solicitar que la Reserva Federal de Estados Unidos adopte tipos de inter\u00e9s negativos, a pesar de que varios miembros del panel de pol\u00edtica monetaria del banco central rechacen la medida.<!--more--> Pero Trump no hac\u00eda nada m\u00e1s que pedir algo que lleva ya un par de semanas como una posibilidad encima de la mesa de los gestores de renta fija. Los datos de inflaci\u00f3n no son buenos y una nueva bajada de las referencias del dinero podr\u00eda ayudar a salir de la crisis causada por la pandemia y el desplome del precio del petr\u00f3leo. Tambi\u00e9n es cierto que a\u00fan es pronto para poder vislumbrar los efectos de la bajada de tipos anterior. Por ahora, la entidad monetaria est\u00e1 centrada en aportar liquidez al mercado y ya ha comenzado a comprar ETF de cr\u00e9dito corporativo. Queda mucho camino hasta que el balance del organismo alcance el 50% del PIB a finales de 2021.<\/p>\n<p>A quien s\u00ed que parece que va convenciendo el presidente norteamericano es a China, pa\u00eds que ha anunciado nuevas exenciones de aranceles para productos estadounidenses. Desde la firma en enero de un acuerdo comercial preliminar o de primera fase, ambas partes han ido retirando paulatinamente los aranceles que se hab\u00edan impuesto mutuamente a lo largo de los dos \u00faltimos a\u00f1os. Al menos alguna noticia positiva.<\/p>\n<p>Como dec\u00eda antes, los datos de precios de EE.UU. no han sido buenos. De hecho, el IPC estadounidense ha sufrido su mayor contracci\u00f3n desde el a\u00f1o 2008. Los informes macroecon\u00f3micos est\u00e1n resultando peores de lo esperado a nivel global. Ahora mismo ya poca gente espera una recuperaci\u00f3n en forma de V en China y mucho menos en algunas de las econom\u00edas europeas. \u00bfPero qu\u00e9 podemos esperar de Europa? Cada Gobierno sigue a lo suyo, sin buscar puntos de consenso que nos ayuden a todos a salir de esta cuanto antes. Es cierto que hay pa\u00edses que est\u00e1n empezando a ver a los fantasmas del pasado, como Irlanda con su sistema financiero, pero no creo que esto sea excusa para la falta de di\u00e1logo entre nuestros gobernantes.<\/p>\n<p>Tampoco las noticias corporativas de las \u00faltimas semanas son especialmente positivas. Tras el anuncio de ampliaci\u00f3n de capital de Arcelor, ayer el presidente de Boeing anticipaba que esperaba la quiebra de alguno de sus principales clientes y comentaba que no esperaba una recuperaci\u00f3n de los vuelos ni del 50% hasta final de a\u00f1o, devolviendo la presi\u00f3n a las aerol\u00edneas.<\/p>\n<p>Buen d\u00eda.<\/p>\n<p><center><strong>Jorge Gonz\u00e1lez G\u00f3mez<\/strong><br \/>\nDirector de An\u00e1lisis<\/center><\/p>\n","protected":false},"excerpt":{"rendered":"<p>El presidente de Estados Unidos, Donald Trump, volvi\u00f3 a solicitar que la Reserva Federal de Estados Unidos adopte tipos de inter\u00e9s negativos, a pesar de que varios miembros del panel de pol\u00edtica monetaria del banco central rechacen la medida.<\/p>\n","protected":false},"author":4,"featured_media":34409,"comment_status":"open","ping_status":"closed","sticky":false,"template":"","format":"standard","meta":{"_acf_changed":false,"footnotes":""},"categories":[9721],"tags":[],"class_list":["post-34408","post","type-post","status-publish","format-standard","has-post-thumbnail","hentry","category-morning-meeting"],"acf":[],"yoast_head":"<!-- This site is optimized with the Yoast SEO plugin v27.5 - https:\/\/yoast.com\/product\/yoast-seo-wordpress\/ -->\n<title>\u00bfQu\u00e9 podemos esperar de Europa?<\/title>\n<meta name=\"description\" content=\"Los informes macroecon\u00f3micos est\u00e1n resultando peores de lo esperado a nivel global. Ahora mismo ya poca gente espera una recuperaci\u00f3n en forma de V en China y mucho menos en Europa.\" \/>\n<meta name=\"robots\" content=\"index, follow, max-snippet:-1, max-image-preview:large, max-video-preview:-1\" \/>\n<link rel=\"canonical\" href=\"https:\/\/www.tressis.com\/ca\/blog\/que-podemos-esperar-de-europa\/\" \/>\n<meta property=\"og:locale\" content=\"ca_ES\" \/>\n<meta property=\"og:type\" content=\"article\" \/>\n<meta property=\"og:title\" content=\"\u00bfQu\u00e9 podemos esperar de Europa?\" \/>\n<meta property=\"og:description\" content=\"Los informes macroecon\u00f3micos est\u00e1n resultando peores de lo esperado a nivel global. Ahora mismo ya poca gente espera una recuperaci\u00f3n en forma de V en China y mucho menos en Europa.\" \/>\n<meta property=\"og:url\" content=\"https:\/\/www.tressis.com\/ca\/blog\/que-podemos-esperar-de-europa\/\" \/>\n<meta property=\"og:site_name\" content=\"Tressis\" \/>\n<meta property=\"article:publisher\" content=\"https:\/\/www.facebook.com\/Tressis\/\" \/>\n<meta property=\"article:published_time\" content=\"2020-05-13T07:27:54+00:00\" \/>\n<meta property=\"og:image\" content=\"https:\/\/www.tressis.com\/wp-content\/uploads\/2020\/05\/20200513-europa.jpg\" \/>\n\t<meta property=\"og:image:width\" content=\"1100\" \/>\n\t<meta property=\"og:image:height\" content=\"487\" \/>\n\t<meta property=\"og:image:type\" content=\"image\/jpeg\" \/>\n<meta name=\"author\" content=\"Lola\" \/>\n<meta name=\"twitter:card\" content=\"summary_large_image\" \/>\n<meta name=\"twitter:creator\" content=\"@TressisSV\" \/>\n<meta name=\"twitter:site\" content=\"@TressisSV\" \/>\n<meta name=\"twitter:label1\" content=\"Escrit per\" \/>\n\t<meta name=\"twitter:data1\" content=\"Lola\" \/>\n\t<meta name=\"twitter:label2\" content=\"Temps estimat de lectura\" \/>\n\t<meta name=\"twitter:data2\" content=\"2 minuts\" \/>\n<script type=\"application\/ld+json\" class=\"yoast-schema-graph\">{\"@context\":\"https:\\\/\\\/schema.org\",\"@graph\":[{\"@type\":\"Article\",\"@id\":\"https:\\\/\\\/www.tressis.com\\\/ca\\\/blog\\\/que-podemos-esperar-de-europa\\\/#article\",\"isPartOf\":{\"@id\":\"https:\\\/\\\/www.tressis.com\\\/ca\\\/blog\\\/que-podemos-esperar-de-europa\\\/\"},\"author\":{\"name\":\"Lola\",\"@id\":\"https:\\\/\\\/www.tressis.com\\\/ca\\\/#\\\/schema\\\/person\\\/b833c1d724d8764920b6d6852c70584e\"},\"headline\":\"\u00bfQu\u00e9 podemos esperar de Europa?\",\"datePublished\":\"2020-05-13T07:27:54+00:00\",\"mainEntityOfPage\":{\"@id\":\"https:\\\/\\\/www.tressis.com\\\/ca\\\/blog\\\/que-podemos-esperar-de-europa\\\/\"},\"wordCount\":452,\"commentCount\":0,\"publisher\":{\"@id\":\"https:\\\/\\\/www.tressis.com\\\/ca\\\/#organization\"},\"image\":{\"@id\":\"https:\\\/\\\/www.tressis.com\\\/ca\\\/blog\\\/que-podemos-esperar-de-europa\\\/#primaryimage\"},\"thumbnailUrl\":\"https:\\\/\\\/www.tressis.com\\\/wp-content\\\/uploads\\\/2020\\\/05\\\/20200513-europa.jpg\",\"articleSection\":[\"Morning meeting\"],\"inLanguage\":\"ca\",\"potentialAction\":[{\"@type\":\"CommentAction\",\"name\":\"Comment\",\"target\":[\"https:\\\/\\\/www.tressis.com\\\/ca\\\/blog\\\/que-podemos-esperar-de-europa\\\/#respond\"]}]},{\"@type\":\"WebPage\",\"@id\":\"https:\\\/\\\/www.tressis.com\\\/ca\\\/blog\\\/que-podemos-esperar-de-europa\\\/\",\"url\":\"https:\\\/\\\/www.tressis.com\\\/ca\\\/blog\\\/que-podemos-esperar-de-europa\\\/\",\"name\":\"\u00bfQu\u00e9 podemos esperar de Europa?\",\"isPartOf\":{\"@id\":\"https:\\\/\\\/www.tressis.com\\\/ca\\\/#website\"},\"primaryImageOfPage\":{\"@id\":\"https:\\\/\\\/www.tressis.com\\\/ca\\\/blog\\\/que-podemos-esperar-de-europa\\\/#primaryimage\"},\"image\":{\"@id\":\"https:\\\/\\\/www.tressis.com\\\/ca\\\/blog\\\/que-podemos-esperar-de-europa\\\/#primaryimage\"},\"thumbnailUrl\":\"https:\\\/\\\/www.tressis.com\\\/wp-content\\\/uploads\\\/2020\\\/05\\\/20200513-europa.jpg\",\"datePublished\":\"2020-05-13T07:27:54+00:00\",\"description\":\"Los informes macroecon\u00f3micos est\u00e1n resultando peores de lo esperado a nivel global. Ahora mismo ya poca gente espera una recuperaci\u00f3n en forma de V en China y mucho menos en Europa.\",\"breadcrumb\":{\"@id\":\"https:\\\/\\\/www.tressis.com\\\/ca\\\/blog\\\/que-podemos-esperar-de-europa\\\/#breadcrumb\"},\"inLanguage\":\"ca\",\"potentialAction\":[{\"@type\":\"ReadAction\",\"target\":[\"https:\\\/\\\/www.tressis.com\\\/ca\\\/blog\\\/que-podemos-esperar-de-europa\\\/\"]}]},{\"@type\":\"ImageObject\",\"inLanguage\":\"ca\",\"@id\":\"https:\\\/\\\/www.tressis.com\\\/ca\\\/blog\\\/que-podemos-esperar-de-europa\\\/#primaryimage\",\"url\":\"https:\\\/\\\/www.tressis.com\\\/wp-content\\\/uploads\\\/2020\\\/05\\\/20200513-europa.jpg\",\"contentUrl\":\"https:\\\/\\\/www.tressis.com\\\/wp-content\\\/uploads\\\/2020\\\/05\\\/20200513-europa.jpg\",\"width\":1100,\"height\":487,\"caption\":\"\u00bfQu\u00e9 podemos esperar de Europa?\"},{\"@type\":\"BreadcrumbList\",\"@id\":\"https:\\\/\\\/www.tressis.com\\\/ca\\\/blog\\\/que-podemos-esperar-de-europa\\\/#breadcrumb\",\"itemListElement\":[{\"@type\":\"ListItem\",\"position\":1,\"name\":\"Inicio\",\"item\":\"https:\\\/\\\/www.tressis.com\\\/ca\\\/\"},{\"@type\":\"ListItem\",\"position\":2,\"name\":\"\u00bfQu\u00e9 podemos esperar de Europa?\"}]},{\"@type\":\"WebSite\",\"@id\":\"https:\\\/\\\/www.tressis.com\\\/ca\\\/#website\",\"url\":\"https:\\\/\\\/www.tressis.com\\\/ca\\\/\",\"name\":\"Tressis banca privada\",\"description\":\"Tressis | Planificaci\u00f3n financiera y gesti\u00f3n de patrimonios\",\"publisher\":{\"@id\":\"https:\\\/\\\/www.tressis.com\\\/ca\\\/#organization\"},\"potentialAction\":[{\"@type\":\"SearchAction\",\"target\":{\"@type\":\"EntryPoint\",\"urlTemplate\":\"https:\\\/\\\/www.tressis.com\\\/ca\\\/?s={search_term_string}\"},\"query-input\":{\"@type\":\"PropertyValueSpecification\",\"valueRequired\":true,\"valueName\":\"search_term_string\"}}],\"inLanguage\":\"ca\"},{\"@type\":\"Organization\",\"@id\":\"https:\\\/\\\/www.tressis.com\\\/ca\\\/#organization\",\"name\":\"Tressis\",\"url\":\"https:\\\/\\\/www.tressis.com\\\/ca\\\/\",\"logo\":{\"@type\":\"ImageObject\",\"inLanguage\":\"ca\",\"@id\":\"https:\\\/\\\/www.tressis.com\\\/ca\\\/#\\\/schema\\\/logo\\\/image\\\/\",\"url\":\"https:\\\/\\\/www.tressis.com\\\/wp-content\\\/uploads\\\/2025\\\/06\\\/logo-tressis-112.png\",\"contentUrl\":\"https:\\\/\\\/www.tressis.com\\\/wp-content\\\/uploads\\\/2025\\\/06\\\/logo-tressis-112.png\",\"width\":112,\"height\":112,\"caption\":\"Tressis\"},\"image\":{\"@id\":\"https:\\\/\\\/www.tressis.com\\\/ca\\\/#\\\/schema\\\/logo\\\/image\\\/\"},\"sameAs\":[\"https:\\\/\\\/www.facebook.com\\\/Tressis\\\/\",\"https:\\\/\\\/x.com\\\/TressisSV\",\"https:\\\/\\\/www.instagram.com\\\/tressissv\\\/?hl=es\",\"https:\\\/\\\/linkedin.com\\\/company\\\/tressis\\\/\",\"https:\\\/\\\/www.youtube.com\\\/user\\\/tressissv\",\"https:\\\/\\\/open.spotify.com\\\/show\\\/3jmTe1Nf0wqMILl7diWV6h?si=d7112519f13c4593&nd=1\"]},{\"@type\":\"Person\",\"@id\":\"https:\\\/\\\/www.tressis.com\\\/ca\\\/#\\\/schema\\\/person\\\/b833c1d724d8764920b6d6852c70584e\",\"name\":\"Lola\",\"image\":{\"@type\":\"ImageObject\",\"inLanguage\":\"ca\",\"@id\":\"https:\\\/\\\/secure.gravatar.com\\\/avatar\\\/05e646486b23ff45df9649110609c7e31b8c4a3e2821caa23d6317f405e0c51d?s=96&d=mm&r=g\",\"url\":\"https:\\\/\\\/secure.gravatar.com\\\/avatar\\\/05e646486b23ff45df9649110609c7e31b8c4a3e2821caa23d6317f405e0c51d?s=96&d=mm&r=g\",\"contentUrl\":\"https:\\\/\\\/secure.gravatar.com\\\/avatar\\\/05e646486b23ff45df9649110609c7e31b8c4a3e2821caa23d6317f405e0c51d?s=96&d=mm&r=g\",\"caption\":\"Lola\"}}]}<\/script>\n<!-- \/ Yoast SEO plugin. -->","yoast_head_json":{"title":"\u00bfQu\u00e9 podemos esperar de Europa?","description":"Los informes macroecon\u00f3micos est\u00e1n resultando peores de lo esperado a nivel global. Ahora mismo ya poca gente espera una recuperaci\u00f3n en forma de V en China y mucho menos en Europa.","robots":{"index":"index","follow":"follow","max-snippet":"max-snippet:-1","max-image-preview":"max-image-preview:large","max-video-preview":"max-video-preview:-1"},"canonical":"https:\/\/www.tressis.com\/ca\/blog\/que-podemos-esperar-de-europa\/","og_locale":"ca_ES","og_type":"article","og_title":"\u00bfQu\u00e9 podemos esperar de Europa?","og_description":"Los informes macroecon\u00f3micos est\u00e1n resultando peores de lo esperado a nivel global. Ahora mismo ya poca gente espera una recuperaci\u00f3n en forma de V en China y mucho menos en Europa.","og_url":"https:\/\/www.tressis.com\/ca\/blog\/que-podemos-esperar-de-europa\/","og_site_name":"Tressis","article_publisher":"https:\/\/www.facebook.com\/Tressis\/","article_published_time":"2020-05-13T07:27:54+00:00","og_image":[{"width":1100,"height":487,"url":"https:\/\/www.tressis.com\/wp-content\/uploads\/2020\/05\/20200513-europa.jpg","type":"image\/jpeg"}],"author":"Lola","twitter_card":"summary_large_image","twitter_creator":"@TressisSV","twitter_site":"@TressisSV","twitter_misc":{"Escrit per":"Lola","Temps estimat de lectura":"2 minuts"},"schema":{"@context":"https:\/\/schema.org","@graph":[{"@type":"Article","@id":"https:\/\/www.tressis.com\/ca\/blog\/que-podemos-esperar-de-europa\/#article","isPartOf":{"@id":"https:\/\/www.tressis.com\/ca\/blog\/que-podemos-esperar-de-europa\/"},"author":{"name":"Lola","@id":"https:\/\/www.tressis.com\/ca\/#\/schema\/person\/b833c1d724d8764920b6d6852c70584e"},"headline":"\u00bfQu\u00e9 podemos esperar de Europa?","datePublished":"2020-05-13T07:27:54+00:00","mainEntityOfPage":{"@id":"https:\/\/www.tressis.com\/ca\/blog\/que-podemos-esperar-de-europa\/"},"wordCount":452,"commentCount":0,"publisher":{"@id":"https:\/\/www.tressis.com\/ca\/#organization"},"image":{"@id":"https:\/\/www.tressis.com\/ca\/blog\/que-podemos-esperar-de-europa\/#primaryimage"},"thumbnailUrl":"https:\/\/www.tressis.com\/wp-content\/uploads\/2020\/05\/20200513-europa.jpg","articleSection":["Morning meeting"],"inLanguage":"ca","potentialAction":[{"@type":"CommentAction","name":"Comment","target":["https:\/\/www.tressis.com\/ca\/blog\/que-podemos-esperar-de-europa\/#respond"]}]},{"@type":"WebPage","@id":"https:\/\/www.tressis.com\/ca\/blog\/que-podemos-esperar-de-europa\/","url":"https:\/\/www.tressis.com\/ca\/blog\/que-podemos-esperar-de-europa\/","name":"\u00bfQu\u00e9 podemos esperar de Europa?","isPartOf":{"@id":"https:\/\/www.tressis.com\/ca\/#website"},"primaryImageOfPage":{"@id":"https:\/\/www.tressis.com\/ca\/blog\/que-podemos-esperar-de-europa\/#primaryimage"},"image":{"@id":"https:\/\/www.tressis.com\/ca\/blog\/que-podemos-esperar-de-europa\/#primaryimage"},"thumbnailUrl":"https:\/\/www.tressis.com\/wp-content\/uploads\/2020\/05\/20200513-europa.jpg","datePublished":"2020-05-13T07:27:54+00:00","description":"Los informes macroecon\u00f3micos est\u00e1n resultando peores de lo esperado a nivel global. Ahora mismo ya poca gente espera una recuperaci\u00f3n en forma de V en China y mucho menos en Europa.","breadcrumb":{"@id":"https:\/\/www.tressis.com\/ca\/blog\/que-podemos-esperar-de-europa\/#breadcrumb"},"inLanguage":"ca","potentialAction":[{"@type":"ReadAction","target":["https:\/\/www.tressis.com\/ca\/blog\/que-podemos-esperar-de-europa\/"]}]},{"@type":"ImageObject","inLanguage":"ca","@id":"https:\/\/www.tressis.com\/ca\/blog\/que-podemos-esperar-de-europa\/#primaryimage","url":"https:\/\/www.tressis.com\/wp-content\/uploads\/2020\/05\/20200513-europa.jpg","contentUrl":"https:\/\/www.tressis.com\/wp-content\/uploads\/2020\/05\/20200513-europa.jpg","width":1100,"height":487,"caption":"\u00bfQu\u00e9 podemos esperar de Europa?"},{"@type":"BreadcrumbList","@id":"https:\/\/www.tressis.com\/ca\/blog\/que-podemos-esperar-de-europa\/#breadcrumb","itemListElement":[{"@type":"ListItem","position":1,"name":"Inicio","item":"https:\/\/www.tressis.com\/ca\/"},{"@type":"ListItem","position":2,"name":"\u00bfQu\u00e9 podemos esperar de Europa?"}]},{"@type":"WebSite","@id":"https:\/\/www.tressis.com\/ca\/#website","url":"https:\/\/www.tressis.com\/ca\/","name":"Tressis banca privada","description":"Tressis | Planificaci\u00f3n financiera y gesti\u00f3n de patrimonios","publisher":{"@id":"https:\/\/www.tressis.com\/ca\/#organization"},"potentialAction":[{"@type":"SearchAction","target":{"@type":"EntryPoint","urlTemplate":"https:\/\/www.tressis.com\/ca\/?s={search_term_string}"},"query-input":{"@type":"PropertyValueSpecification","valueRequired":true,"valueName":"search_term_string"}}],"inLanguage":"ca"},{"@type":"Organization","@id":"https:\/\/www.tressis.com\/ca\/#organization","name":"Tressis","url":"https:\/\/www.tressis.com\/ca\/","logo":{"@type":"ImageObject","inLanguage":"ca","@id":"https:\/\/www.tressis.com\/ca\/#\/schema\/logo\/image\/","url":"https:\/\/www.tressis.com\/wp-content\/uploads\/2025\/06\/logo-tressis-112.png","contentUrl":"https:\/\/www.tressis.com\/wp-content\/uploads\/2025\/06\/logo-tressis-112.png","width":112,"height":112,"caption":"Tressis"},"image":{"@id":"https:\/\/www.tressis.com\/ca\/#\/schema\/logo\/image\/"},"sameAs":["https:\/\/www.facebook.com\/Tressis\/","https:\/\/x.com\/TressisSV","https:\/\/www.instagram.com\/tressissv\/?hl=es","https:\/\/linkedin.com\/company\/tressis\/","https:\/\/www.youtube.com\/user\/tressissv","https:\/\/open.spotify.com\/show\/3jmTe1Nf0wqMILl7diWV6h?si=d7112519f13c4593&nd=1"]},{"@type":"Person","@id":"https:\/\/www.tressis.com\/ca\/#\/schema\/person\/b833c1d724d8764920b6d6852c70584e","name":"Lola","image":{"@type":"ImageObject","inLanguage":"ca","@id":"https:\/\/secure.gravatar.com\/avatar\/05e646486b23ff45df9649110609c7e31b8c4a3e2821caa23d6317f405e0c51d?s=96&d=mm&r=g","url":"https:\/\/secure.gravatar.com\/avatar\/05e646486b23ff45df9649110609c7e31b8c4a3e2821caa23d6317f405e0c51d?s=96&d=mm&r=g","contentUrl":"https:\/\/secure.gravatar.com\/avatar\/05e646486b23ff45df9649110609c7e31b8c4a3e2821caa23d6317f405e0c51d?s=96&d=mm&r=g","caption":"Lola"}}]}},"_links":{"self":[{"href":"https:\/\/www.tressis.com\/ca\/wp-json\/wp\/v2\/posts\/34408","targetHints":{"allow":["GET"]}}],"collection":[{"href":"https:\/\/www.tressis.com\/ca\/wp-json\/wp\/v2\/posts"}],"about":[{"href":"https:\/\/www.tressis.com\/ca\/wp-json\/wp\/v2\/types\/post"}],"author":[{"embeddable":true,"href":"https:\/\/www.tressis.com\/ca\/wp-json\/wp\/v2\/users\/4"}],"replies":[{"embeddable":true,"href":"https:\/\/www.tressis.com\/ca\/wp-json\/wp\/v2\/comments?post=34408"}],"version-history":[{"count":0,"href":"https:\/\/www.tressis.com\/ca\/wp-json\/wp\/v2\/posts\/34408\/revisions"}],"wp:featuredmedia":[{"embeddable":true,"href":"https:\/\/www.tressis.com\/ca\/wp-json\/wp\/v2\/media\/34409"}],"wp:attachment":[{"href":"https:\/\/www.tressis.com\/ca\/wp-json\/wp\/v2\/media?parent=34408"}],"wp:term":[{"taxonomy":"category","embeddable":true,"href":"https:\/\/www.tressis.com\/ca\/wp-json\/wp\/v2\/categories?post=34408"},{"taxonomy":"post_tag","embeddable":true,"href":"https:\/\/www.tressis.com\/ca\/wp-json\/wp\/v2\/tags?post=34408"}],"curies":[{"name":"wp","href":"https:\/\/api.w.org\/{rel}","templated":true}]}}