{"id":34246,"date":"2020-04-08T10:52:46","date_gmt":"2020-04-08T08:52:46","guid":{"rendered":"http:\/\/www.tressis.com\/blog\/?p=34246"},"modified":"2020-04-08T10:52:46","modified_gmt":"2020-04-08T08:52:46","slug":"eurogrupo-incapaz-ponerse-de-acuerdo","status":"publish","type":"post","link":"https:\/\/www.tressis.com\/ca\/blog\/eurogrupo-incapaz-ponerse-de-acuerdo\/","title":{"rendered":"El Eurogrupo es incapaz de ponerse de acuerdo"},"content":{"rendered":"<p>Podremos estar m\u00e1s o menos de acuerdo en las medidas, pero Estados Unidos tiene una determinaci\u00f3n para combatir con las consecuencias econ\u00f3micas dif\u00edcil de ver en una Europa divida a m\u00e1s no poder.<!--more--><\/p>\n<p>Da igual la cantidad de muertos o que ya empecemos a conocer cifras de ca\u00eddas del PIB no vistas desde los a\u00f1os 60. El Eurogrupo es incapaz de ponerse de acuerdo y todo lo que consigan aprobar van a ser migajas. No es que yo piense que necesitemos los llamados coronabonos, ni otras medidas pedidas por Italia o Espa\u00f1a, pero no nos vendr\u00eda nada mal dar una imagen de unidad. Tras la larga reuni\u00f3n del Eurogrupo de ayer quedaron en el aire los 100.000 millones de ayuda al desempleo, que parece que se va a quedar en un pr\u00e9stamo. Tampoco hubo muchos avances en las l\u00edneas de cr\u00e9dito de 200.000 millones del MEDE, mecanismo que en el pasado implicaba el rescate por parte de los socios; ni sobre el apoyo por parte del Banco Europeo de Inversiones a las pymes con otros 200.000 millones. Lo que no tiene pinta que vaya a suceder en ning\u00fan caso es la emisi\u00f3n mancomunada de deuda, m\u00e1s que nada, porque a nuestros socios no les ha hecho ninguna gracia que el d\u00e9ficit del Reino de Espa\u00f1a alcanzase el 2,7% el 2019, el a\u00f1o que hab\u00eda supuesto \u201cel saneamiento de la econom\u00eda espa\u00f1ola\u201d y cuando nos hab\u00edamos comprometido a no superar el 2%.<\/p>\n<p>A nivel burs\u00e1til, ayer ten\u00edamos una jornada tranquila, de esas de las que ya nos hab\u00edamos olvidado que exist\u00edan. Comportamiento mixto de los mercados, tras la fuerte subida del lunes. No hab\u00eda nada rese\u00f1able en el plano macro, as\u00ed que los inversores aprovecharon para reposicionarse y recomponer las carteras, cada uno seg\u00fan las expectativas que tiene, si es capaz de tenerlas. La noticia en el mercado de renta fija ven\u00eda desde Australia, ya que S&amp;P rebajaba su perspectiva de <i>rating<\/i> pero los dejaba en el escal\u00f3n AAA, una calificaci\u00f3n que ya quisi\u00e9ramos para nosotros. Adem\u00e1s, la agencia estima que la crisis del coronavirus empujar\u00e1 a la econom\u00eda oce\u00e1nica a la primera recesi\u00f3n en 30 a\u00f1os, lo que deteriorar\u00e1 la situaci\u00f3n fiscal del pa\u00eds.<\/p>\n<p>Con todo este escenario solo nos queda esperar: esperar a conocer los datos trimestrales de las empresas, esperar a los datos macroecon\u00f3micos, y esperar a que nos levanten el confinamiento como hoy han hecho en Wuhan, cuna de la epidemia, y en los pr\u00f3ximos d\u00edas en Dinamarca y Austria.<\/p>\n<p>Buen d\u00eda y feliz Semana Santa<\/p>\n<p>&nbsp;<\/p>\n<p><center><strong>Jorge Gonz\u00e1lez<\/strong><br \/>\nDirector de An\u00e1lisis<\/center><\/p>\n","protected":false},"excerpt":{"rendered":"<p>Podremos estar m\u00e1s o menos de acuerdo en las medidas, pero Estados Unidos tiene una determinaci\u00f3n para combatir con las consecuencias econ\u00f3micas dif\u00edcil de ver en una Europa divida a m\u00e1s no poder.<\/p>\n","protected":false},"author":4,"featured_media":34247,"comment_status":"open","ping_status":"closed","sticky":false,"template":"","format":"standard","meta":{"_acf_changed":false,"footnotes":""},"categories":[9721],"tags":[],"class_list":["post-34246","post","type-post","status-publish","format-standard","has-post-thumbnail","hentry","category-morning-meeting"],"acf":[],"yoast_head":"<!-- This site is optimized with the Yoast SEO plugin v27.5 - https:\/\/yoast.com\/product\/yoast-seo-wordpress\/ -->\n<title>El Eurogrupo es incapaz de ponerse de acuerdo<\/title>\n<meta name=\"description\" content=\"No es que yo piense que necesitemos los llamados coronabonos, ni otras medidas pedidas por Italia o Espa\u00f1a, pero no nos vendr\u00eda nada mal dar una imagen de unidad.\" \/>\n<meta name=\"robots\" content=\"index, follow, max-snippet:-1, max-image-preview:large, max-video-preview:-1\" \/>\n<link rel=\"canonical\" href=\"https:\/\/www.tressis.com\/ca\/blog\/eurogrupo-incapaz-ponerse-de-acuerdo\/\" \/>\n<meta property=\"og:locale\" content=\"ca_ES\" \/>\n<meta property=\"og:type\" content=\"article\" \/>\n<meta property=\"og:title\" content=\"El Eurogrupo es incapaz de ponerse de acuerdo\" \/>\n<meta property=\"og:description\" content=\"No es que yo piense que necesitemos los llamados coronabonos, ni otras medidas pedidas por Italia o Espa\u00f1a, pero no nos vendr\u00eda nada mal dar una imagen de unidad.\" \/>\n<meta property=\"og:url\" content=\"https:\/\/www.tressis.com\/ca\/blog\/eurogrupo-incapaz-ponerse-de-acuerdo\/\" \/>\n<meta property=\"og:site_name\" content=\"Tressis\" \/>\n<meta property=\"article:publisher\" content=\"https:\/\/www.facebook.com\/Tressis\/\" \/>\n<meta property=\"article:published_time\" content=\"2020-04-08T08:52:46+00:00\" \/>\n<meta property=\"og:image\" content=\"https:\/\/www.tressis.com\/wp-content\/uploads\/2020\/04\/20200408.jpg\" \/>\n\t<meta property=\"og:image:width\" content=\"1100\" \/>\n\t<meta property=\"og:image:height\" content=\"487\" \/>\n\t<meta property=\"og:image:type\" content=\"image\/jpeg\" \/>\n<meta name=\"author\" content=\"Lola\" \/>\n<meta name=\"twitter:card\" content=\"summary_large_image\" \/>\n<meta name=\"twitter:creator\" content=\"@TressisSV\" \/>\n<meta name=\"twitter:site\" content=\"@TressisSV\" \/>\n<meta name=\"twitter:label1\" content=\"Escrit per\" \/>\n\t<meta name=\"twitter:data1\" content=\"Lola\" \/>\n\t<meta name=\"twitter:label2\" content=\"Temps estimat de lectura\" \/>\n\t<meta name=\"twitter:data2\" content=\"2 minuts\" \/>\n<script type=\"application\/ld+json\" class=\"yoast-schema-graph\">{\"@context\":\"https:\\\/\\\/schema.org\",\"@graph\":[{\"@type\":\"Article\",\"@id\":\"https:\\\/\\\/www.tressis.com\\\/ca\\\/blog\\\/eurogrupo-incapaz-ponerse-de-acuerdo\\\/#article\",\"isPartOf\":{\"@id\":\"https:\\\/\\\/www.tressis.com\\\/ca\\\/blog\\\/eurogrupo-incapaz-ponerse-de-acuerdo\\\/\"},\"author\":{\"name\":\"Lola\",\"@id\":\"https:\\\/\\\/www.tressis.com\\\/ca\\\/#\\\/schema\\\/person\\\/b833c1d724d8764920b6d6852c70584e\"},\"headline\":\"El Eurogrupo es incapaz de ponerse de acuerdo\",\"datePublished\":\"2020-04-08T08:52:46+00:00\",\"mainEntityOfPage\":{\"@id\":\"https:\\\/\\\/www.tressis.com\\\/ca\\\/blog\\\/eurogrupo-incapaz-ponerse-de-acuerdo\\\/\"},\"wordCount\":474,\"commentCount\":0,\"publisher\":{\"@id\":\"https:\\\/\\\/www.tressis.com\\\/ca\\\/#organization\"},\"image\":{\"@id\":\"https:\\\/\\\/www.tressis.com\\\/ca\\\/blog\\\/eurogrupo-incapaz-ponerse-de-acuerdo\\\/#primaryimage\"},\"thumbnailUrl\":\"https:\\\/\\\/www.tressis.com\\\/wp-content\\\/uploads\\\/2020\\\/04\\\/20200408.jpg\",\"articleSection\":[\"Morning meeting\"],\"inLanguage\":\"ca\",\"potentialAction\":[{\"@type\":\"CommentAction\",\"name\":\"Comment\",\"target\":[\"https:\\\/\\\/www.tressis.com\\\/ca\\\/blog\\\/eurogrupo-incapaz-ponerse-de-acuerdo\\\/#respond\"]}]},{\"@type\":\"WebPage\",\"@id\":\"https:\\\/\\\/www.tressis.com\\\/ca\\\/blog\\\/eurogrupo-incapaz-ponerse-de-acuerdo\\\/\",\"url\":\"https:\\\/\\\/www.tressis.com\\\/ca\\\/blog\\\/eurogrupo-incapaz-ponerse-de-acuerdo\\\/\",\"name\":\"El Eurogrupo es incapaz de ponerse de acuerdo\",\"isPartOf\":{\"@id\":\"https:\\\/\\\/www.tressis.com\\\/ca\\\/#website\"},\"primaryImageOfPage\":{\"@id\":\"https:\\\/\\\/www.tressis.com\\\/ca\\\/blog\\\/eurogrupo-incapaz-ponerse-de-acuerdo\\\/#primaryimage\"},\"image\":{\"@id\":\"https:\\\/\\\/www.tressis.com\\\/ca\\\/blog\\\/eurogrupo-incapaz-ponerse-de-acuerdo\\\/#primaryimage\"},\"thumbnailUrl\":\"https:\\\/\\\/www.tressis.com\\\/wp-content\\\/uploads\\\/2020\\\/04\\\/20200408.jpg\",\"datePublished\":\"2020-04-08T08:52:46+00:00\",\"description\":\"No es que yo piense que necesitemos los llamados coronabonos, ni otras medidas pedidas por Italia o Espa\u00f1a, pero no nos vendr\u00eda nada mal dar una imagen de unidad.\",\"breadcrumb\":{\"@id\":\"https:\\\/\\\/www.tressis.com\\\/ca\\\/blog\\\/eurogrupo-incapaz-ponerse-de-acuerdo\\\/#breadcrumb\"},\"inLanguage\":\"ca\",\"potentialAction\":[{\"@type\":\"ReadAction\",\"target\":[\"https:\\\/\\\/www.tressis.com\\\/ca\\\/blog\\\/eurogrupo-incapaz-ponerse-de-acuerdo\\\/\"]}]},{\"@type\":\"ImageObject\",\"inLanguage\":\"ca\",\"@id\":\"https:\\\/\\\/www.tressis.com\\\/ca\\\/blog\\\/eurogrupo-incapaz-ponerse-de-acuerdo\\\/#primaryimage\",\"url\":\"https:\\\/\\\/www.tressis.com\\\/wp-content\\\/uploads\\\/2020\\\/04\\\/20200408.jpg\",\"contentUrl\":\"https:\\\/\\\/www.tressis.com\\\/wp-content\\\/uploads\\\/2020\\\/04\\\/20200408.jpg\",\"width\":1100,\"height\":487},{\"@type\":\"BreadcrumbList\",\"@id\":\"https:\\\/\\\/www.tressis.com\\\/ca\\\/blog\\\/eurogrupo-incapaz-ponerse-de-acuerdo\\\/#breadcrumb\",\"itemListElement\":[{\"@type\":\"ListItem\",\"position\":1,\"name\":\"Inicio\",\"item\":\"https:\\\/\\\/www.tressis.com\\\/ca\\\/\"},{\"@type\":\"ListItem\",\"position\":2,\"name\":\"El Eurogrupo es incapaz de ponerse de acuerdo\"}]},{\"@type\":\"WebSite\",\"@id\":\"https:\\\/\\\/www.tressis.com\\\/ca\\\/#website\",\"url\":\"https:\\\/\\\/www.tressis.com\\\/ca\\\/\",\"name\":\"Tressis banca privada\",\"description\":\"Tressis | Planificaci\u00f3n financiera y gesti\u00f3n de patrimonios\",\"publisher\":{\"@id\":\"https:\\\/\\\/www.tressis.com\\\/ca\\\/#organization\"},\"potentialAction\":[{\"@type\":\"SearchAction\",\"target\":{\"@type\":\"EntryPoint\",\"urlTemplate\":\"https:\\\/\\\/www.tressis.com\\\/ca\\\/?s={search_term_string}\"},\"query-input\":{\"@type\":\"PropertyValueSpecification\",\"valueRequired\":true,\"valueName\":\"search_term_string\"}}],\"inLanguage\":\"ca\"},{\"@type\":\"Organization\",\"@id\":\"https:\\\/\\\/www.tressis.com\\\/ca\\\/#organization\",\"name\":\"Tressis\",\"url\":\"https:\\\/\\\/www.tressis.com\\\/ca\\\/\",\"logo\":{\"@type\":\"ImageObject\",\"inLanguage\":\"ca\",\"@id\":\"https:\\\/\\\/www.tressis.com\\\/ca\\\/#\\\/schema\\\/logo\\\/image\\\/\",\"url\":\"https:\\\/\\\/www.tressis.com\\\/wp-content\\\/uploads\\\/2025\\\/06\\\/logo-tressis-112.png\",\"contentUrl\":\"https:\\\/\\\/www.tressis.com\\\/wp-content\\\/uploads\\\/2025\\\/06\\\/logo-tressis-112.png\",\"width\":112,\"height\":112,\"caption\":\"Tressis\"},\"image\":{\"@id\":\"https:\\\/\\\/www.tressis.com\\\/ca\\\/#\\\/schema\\\/logo\\\/image\\\/\"},\"sameAs\":[\"https:\\\/\\\/www.facebook.com\\\/Tressis\\\/\",\"https:\\\/\\\/x.com\\\/TressisSV\",\"https:\\\/\\\/www.instagram.com\\\/tressissv\\\/?hl=es\",\"https:\\\/\\\/linkedin.com\\\/company\\\/tressis\\\/\",\"https:\\\/\\\/www.youtube.com\\\/user\\\/tressissv\",\"https:\\\/\\\/open.spotify.com\\\/show\\\/3jmTe1Nf0wqMILl7diWV6h?si=d7112519f13c4593&nd=1\"]},{\"@type\":\"Person\",\"@id\":\"https:\\\/\\\/www.tressis.com\\\/ca\\\/#\\\/schema\\\/person\\\/b833c1d724d8764920b6d6852c70584e\",\"name\":\"Lola\",\"image\":{\"@type\":\"ImageObject\",\"inLanguage\":\"ca\",\"@id\":\"https:\\\/\\\/secure.gravatar.com\\\/avatar\\\/05e646486b23ff45df9649110609c7e31b8c4a3e2821caa23d6317f405e0c51d?s=96&d=mm&r=g\",\"url\":\"https:\\\/\\\/secure.gravatar.com\\\/avatar\\\/05e646486b23ff45df9649110609c7e31b8c4a3e2821caa23d6317f405e0c51d?s=96&d=mm&r=g\",\"contentUrl\":\"https:\\\/\\\/secure.gravatar.com\\\/avatar\\\/05e646486b23ff45df9649110609c7e31b8c4a3e2821caa23d6317f405e0c51d?s=96&d=mm&r=g\",\"caption\":\"Lola\"}}]}<\/script>\n<!-- \/ Yoast SEO plugin. -->","yoast_head_json":{"title":"El Eurogrupo es incapaz de ponerse de acuerdo","description":"No es que yo piense que necesitemos los llamados coronabonos, ni otras medidas pedidas por Italia o Espa\u00f1a, pero no nos vendr\u00eda nada mal dar una imagen de unidad.","robots":{"index":"index","follow":"follow","max-snippet":"max-snippet:-1","max-image-preview":"max-image-preview:large","max-video-preview":"max-video-preview:-1"},"canonical":"https:\/\/www.tressis.com\/ca\/blog\/eurogrupo-incapaz-ponerse-de-acuerdo\/","og_locale":"ca_ES","og_type":"article","og_title":"El Eurogrupo es incapaz de ponerse de acuerdo","og_description":"No es que yo piense que necesitemos los llamados coronabonos, ni otras medidas pedidas por Italia o Espa\u00f1a, pero no nos vendr\u00eda nada mal dar una imagen de unidad.","og_url":"https:\/\/www.tressis.com\/ca\/blog\/eurogrupo-incapaz-ponerse-de-acuerdo\/","og_site_name":"Tressis","article_publisher":"https:\/\/www.facebook.com\/Tressis\/","article_published_time":"2020-04-08T08:52:46+00:00","og_image":[{"width":1100,"height":487,"url":"https:\/\/www.tressis.com\/wp-content\/uploads\/2020\/04\/20200408.jpg","type":"image\/jpeg"}],"author":"Lola","twitter_card":"summary_large_image","twitter_creator":"@TressisSV","twitter_site":"@TressisSV","twitter_misc":{"Escrit per":"Lola","Temps estimat de lectura":"2 minuts"},"schema":{"@context":"https:\/\/schema.org","@graph":[{"@type":"Article","@id":"https:\/\/www.tressis.com\/ca\/blog\/eurogrupo-incapaz-ponerse-de-acuerdo\/#article","isPartOf":{"@id":"https:\/\/www.tressis.com\/ca\/blog\/eurogrupo-incapaz-ponerse-de-acuerdo\/"},"author":{"name":"Lola","@id":"https:\/\/www.tressis.com\/ca\/#\/schema\/person\/b833c1d724d8764920b6d6852c70584e"},"headline":"El Eurogrupo es incapaz de ponerse de acuerdo","datePublished":"2020-04-08T08:52:46+00:00","mainEntityOfPage":{"@id":"https:\/\/www.tressis.com\/ca\/blog\/eurogrupo-incapaz-ponerse-de-acuerdo\/"},"wordCount":474,"commentCount":0,"publisher":{"@id":"https:\/\/www.tressis.com\/ca\/#organization"},"image":{"@id":"https:\/\/www.tressis.com\/ca\/blog\/eurogrupo-incapaz-ponerse-de-acuerdo\/#primaryimage"},"thumbnailUrl":"https:\/\/www.tressis.com\/wp-content\/uploads\/2020\/04\/20200408.jpg","articleSection":["Morning meeting"],"inLanguage":"ca","potentialAction":[{"@type":"CommentAction","name":"Comment","target":["https:\/\/www.tressis.com\/ca\/blog\/eurogrupo-incapaz-ponerse-de-acuerdo\/#respond"]}]},{"@type":"WebPage","@id":"https:\/\/www.tressis.com\/ca\/blog\/eurogrupo-incapaz-ponerse-de-acuerdo\/","url":"https:\/\/www.tressis.com\/ca\/blog\/eurogrupo-incapaz-ponerse-de-acuerdo\/","name":"El Eurogrupo es incapaz de ponerse de acuerdo","isPartOf":{"@id":"https:\/\/www.tressis.com\/ca\/#website"},"primaryImageOfPage":{"@id":"https:\/\/www.tressis.com\/ca\/blog\/eurogrupo-incapaz-ponerse-de-acuerdo\/#primaryimage"},"image":{"@id":"https:\/\/www.tressis.com\/ca\/blog\/eurogrupo-incapaz-ponerse-de-acuerdo\/#primaryimage"},"thumbnailUrl":"https:\/\/www.tressis.com\/wp-content\/uploads\/2020\/04\/20200408.jpg","datePublished":"2020-04-08T08:52:46+00:00","description":"No es que yo piense que necesitemos los llamados coronabonos, ni otras medidas pedidas por Italia o Espa\u00f1a, pero no nos vendr\u00eda nada mal dar una imagen de unidad.","breadcrumb":{"@id":"https:\/\/www.tressis.com\/ca\/blog\/eurogrupo-incapaz-ponerse-de-acuerdo\/#breadcrumb"},"inLanguage":"ca","potentialAction":[{"@type":"ReadAction","target":["https:\/\/www.tressis.com\/ca\/blog\/eurogrupo-incapaz-ponerse-de-acuerdo\/"]}]},{"@type":"ImageObject","inLanguage":"ca","@id":"https:\/\/www.tressis.com\/ca\/blog\/eurogrupo-incapaz-ponerse-de-acuerdo\/#primaryimage","url":"https:\/\/www.tressis.com\/wp-content\/uploads\/2020\/04\/20200408.jpg","contentUrl":"https:\/\/www.tressis.com\/wp-content\/uploads\/2020\/04\/20200408.jpg","width":1100,"height":487},{"@type":"BreadcrumbList","@id":"https:\/\/www.tressis.com\/ca\/blog\/eurogrupo-incapaz-ponerse-de-acuerdo\/#breadcrumb","itemListElement":[{"@type":"ListItem","position":1,"name":"Inicio","item":"https:\/\/www.tressis.com\/ca\/"},{"@type":"ListItem","position":2,"name":"El Eurogrupo es incapaz de ponerse de acuerdo"}]},{"@type":"WebSite","@id":"https:\/\/www.tressis.com\/ca\/#website","url":"https:\/\/www.tressis.com\/ca\/","name":"Tressis banca privada","description":"Tressis | Planificaci\u00f3n financiera y gesti\u00f3n de patrimonios","publisher":{"@id":"https:\/\/www.tressis.com\/ca\/#organization"},"potentialAction":[{"@type":"SearchAction","target":{"@type":"EntryPoint","urlTemplate":"https:\/\/www.tressis.com\/ca\/?s={search_term_string}"},"query-input":{"@type":"PropertyValueSpecification","valueRequired":true,"valueName":"search_term_string"}}],"inLanguage":"ca"},{"@type":"Organization","@id":"https:\/\/www.tressis.com\/ca\/#organization","name":"Tressis","url":"https:\/\/www.tressis.com\/ca\/","logo":{"@type":"ImageObject","inLanguage":"ca","@id":"https:\/\/www.tressis.com\/ca\/#\/schema\/logo\/image\/","url":"https:\/\/www.tressis.com\/wp-content\/uploads\/2025\/06\/logo-tressis-112.png","contentUrl":"https:\/\/www.tressis.com\/wp-content\/uploads\/2025\/06\/logo-tressis-112.png","width":112,"height":112,"caption":"Tressis"},"image":{"@id":"https:\/\/www.tressis.com\/ca\/#\/schema\/logo\/image\/"},"sameAs":["https:\/\/www.facebook.com\/Tressis\/","https:\/\/x.com\/TressisSV","https:\/\/www.instagram.com\/tressissv\/?hl=es","https:\/\/linkedin.com\/company\/tressis\/","https:\/\/www.youtube.com\/user\/tressissv","https:\/\/open.spotify.com\/show\/3jmTe1Nf0wqMILl7diWV6h?si=d7112519f13c4593&nd=1"]},{"@type":"Person","@id":"https:\/\/www.tressis.com\/ca\/#\/schema\/person\/b833c1d724d8764920b6d6852c70584e","name":"Lola","image":{"@type":"ImageObject","inLanguage":"ca","@id":"https:\/\/secure.gravatar.com\/avatar\/05e646486b23ff45df9649110609c7e31b8c4a3e2821caa23d6317f405e0c51d?s=96&d=mm&r=g","url":"https:\/\/secure.gravatar.com\/avatar\/05e646486b23ff45df9649110609c7e31b8c4a3e2821caa23d6317f405e0c51d?s=96&d=mm&r=g","contentUrl":"https:\/\/secure.gravatar.com\/avatar\/05e646486b23ff45df9649110609c7e31b8c4a3e2821caa23d6317f405e0c51d?s=96&d=mm&r=g","caption":"Lola"}}]}},"_links":{"self":[{"href":"https:\/\/www.tressis.com\/ca\/wp-json\/wp\/v2\/posts\/34246","targetHints":{"allow":["GET"]}}],"collection":[{"href":"https:\/\/www.tressis.com\/ca\/wp-json\/wp\/v2\/posts"}],"about":[{"href":"https:\/\/www.tressis.com\/ca\/wp-json\/wp\/v2\/types\/post"}],"author":[{"embeddable":true,"href":"https:\/\/www.tressis.com\/ca\/wp-json\/wp\/v2\/users\/4"}],"replies":[{"embeddable":true,"href":"https:\/\/www.tressis.com\/ca\/wp-json\/wp\/v2\/comments?post=34246"}],"version-history":[{"count":0,"href":"https:\/\/www.tressis.com\/ca\/wp-json\/wp\/v2\/posts\/34246\/revisions"}],"wp:featuredmedia":[{"embeddable":true,"href":"https:\/\/www.tressis.com\/ca\/wp-json\/wp\/v2\/media\/34247"}],"wp:attachment":[{"href":"https:\/\/www.tressis.com\/ca\/wp-json\/wp\/v2\/media?parent=34246"}],"wp:term":[{"taxonomy":"category","embeddable":true,"href":"https:\/\/www.tressis.com\/ca\/wp-json\/wp\/v2\/categories?post=34246"},{"taxonomy":"post_tag","embeddable":true,"href":"https:\/\/www.tressis.com\/ca\/wp-json\/wp\/v2\/tags?post=34246"}],"curies":[{"name":"wp","href":"https:\/\/api.w.org\/{rel}","templated":true}]}}