{"id":33893,"date":"2020-02-26T11:11:31","date_gmt":"2020-02-26T10:11:31","guid":{"rendered":"http:\/\/www.tressis.com\/blog\/?p=33893"},"modified":"2020-02-26T11:11:31","modified_gmt":"2020-02-26T10:11:31","slug":"la-crisis-sanitaria","status":"publish","type":"post","link":"https:\/\/www.tressis.com\/ca\/blog\/la-crisis-sanitaria\/","title":{"rendered":"La crisis sanitaria"},"content":{"rendered":"<p>En menos de una semana hemos pasado de la euforia generalizada a ahogarnos en un mar de l\u00e1grimas.<!--more--><\/p>\n<p>Los beneficios empresariales, el principal apoyo de los mercados durante las \u00faltimas semanas, empiezan a verse amenazados por el impacto del coronavirus, ante las previsiones de ca\u00edda del consumo, restricciones al tr\u00e1fico y problemas de suministro. <\/p>\n<p>Es posible que la recuperaci\u00f3n en V que esperaba el FMI del crecimiento mundial ya no sea tan en V, y que el impacto de la crisis sanitaria se alargue en el tiempo m\u00e1s de lo esperado. De hecho, los inversores ya no est\u00e1n ni valorando positivamente las medidas de est\u00edmulo aprobadas en pa\u00edses como Malasia o Hong Kong. <\/p>\n<p>Ayer los mercados siguieron con la sangr\u00eda y eso que la confianza del consumidor de EE.UU. repuntaba en febrero, aunque menos de lo esperado, lastrada por la situaci\u00f3n actual que acusa el temor al virus. La nota positiva la pon\u00edan las expectativas, que mejoraban con fuerza. Ya veremos en qu\u00e9 quedan tras el anuncio de San Francisco de decretar el estado de emergencia. <\/p>\n<p>Tambi\u00e9n conoc\u00edamos ayer que el PIB de la principal econom\u00eda del planeta avanz\u00f3 por encima del 2% en el \u00faltimo trimestre, con un crecimiento del consumo de +1,7%. Este est\u00e1 soportado por las mejoras en creaci\u00f3n de empleo, las subidas salariales, unas condiciones financieras favorables (tipos m\u00e1s bajos), menores precios del crudo e incertidumbre en el frente comercial.<\/p>\n<p>Es decir, la macro que conoc\u00edamos ayer era buena, nada que hiciera prever las fuertes ca\u00eddas con las que cerraba Wall Street o el buen comportamiento de los activos refugio. La gente se ha lanzado a comprar deuda de gobiernos, francos suizos y yenes como si estuvi\u00e9ramos a las puertas del apocalipsis zombi. Yo creo que ni tanto ni tan calvo. Que las empresas y las econom\u00edas se ver\u00e1n impactadas por la crisis sanitaria, pero que los motivos que nos llevaron a m\u00e1ximos hace apenas unas semanas siguen ah\u00ed: bancos centrales inyectando liquidez o baja inflaci\u00f3n global, falta de expectativas de subidas de tipos de inter\u00e9s y el consumo seguir\u00e1 tirando del crecimiento econ\u00f3mico. <\/p>\n<p>Buen d\u00eda.<\/p>\n<p><center><strong>Jorge Gonz\u00e1lez G\u00f3mez<\/strong><br \/>\nDirector de An\u00e1lisis <\/center><\/p>\n","protected":false},"excerpt":{"rendered":"<p>En menos de una semana hemos pasado de la euforia generalizada a ahogarnos en un mar de l\u00e1grimas.<\/p>\n","protected":false},"author":4,"featured_media":33896,"comment_status":"open","ping_status":"closed","sticky":false,"template":"","format":"standard","meta":{"_acf_changed":false,"footnotes":""},"categories":[9721],"tags":[],"class_list":["post-33893","post","type-post","status-publish","format-standard","has-post-thumbnail","hentry","category-morning-meeting"],"acf":[],"yoast_head":"<!-- This site is optimized with the Yoast SEO plugin v27.5 - https:\/\/yoast.com\/product\/yoast-seo-wordpress\/ -->\n<title>La crisis sanitaria<\/title>\n<meta name=\"description\" content=\"La crisis sanitaria se alarga. Los inversores ya no est\u00e1n ni valorando positivamente las medidas de est\u00edmulo aprobadas en pa\u00edses como Malasia o Hong Kong.\" \/>\n<meta name=\"robots\" content=\"index, follow, max-snippet:-1, max-image-preview:large, max-video-preview:-1\" \/>\n<link rel=\"canonical\" href=\"https:\/\/www.tressis.com\/ca\/blog\/la-crisis-sanitaria\/\" \/>\n<meta property=\"og:locale\" content=\"ca_ES\" \/>\n<meta property=\"og:type\" content=\"article\" \/>\n<meta property=\"og:title\" content=\"La crisis sanitaria\" \/>\n<meta property=\"og:description\" content=\"La crisis sanitaria se alarga. Los inversores ya no est\u00e1n ni valorando positivamente las medidas de est\u00edmulo aprobadas en pa\u00edses como Malasia o Hong Kong.\" \/>\n<meta property=\"og:url\" content=\"https:\/\/www.tressis.com\/ca\/blog\/la-crisis-sanitaria\/\" \/>\n<meta property=\"og:site_name\" content=\"Tressis\" \/>\n<meta property=\"article:publisher\" content=\"https:\/\/www.facebook.com\/Tressis\/\" \/>\n<meta property=\"article:published_time\" content=\"2020-02-26T10:11:31+00:00\" \/>\n<meta property=\"og:image\" content=\"https:\/\/www.tressis.com\/wp-content\/uploads\/2020\/02\/20200226.jpg\" \/>\n\t<meta property=\"og:image:width\" content=\"1100\" \/>\n\t<meta property=\"og:image:height\" content=\"487\" \/>\n\t<meta property=\"og:image:type\" content=\"image\/jpeg\" \/>\n<meta name=\"author\" content=\"Lola\" \/>\n<meta name=\"twitter:card\" content=\"summary_large_image\" \/>\n<meta name=\"twitter:creator\" content=\"@TressisSV\" \/>\n<meta name=\"twitter:site\" content=\"@TressisSV\" \/>\n<meta name=\"twitter:label1\" content=\"Escrit per\" \/>\n\t<meta name=\"twitter:data1\" content=\"Lola\" \/>\n\t<meta name=\"twitter:label2\" content=\"Temps estimat de lectura\" \/>\n\t<meta name=\"twitter:data2\" content=\"2 minuts\" \/>\n<script type=\"application\/ld+json\" class=\"yoast-schema-graph\">{\"@context\":\"https:\\\/\\\/schema.org\",\"@graph\":[{\"@type\":\"Article\",\"@id\":\"https:\\\/\\\/www.tressis.com\\\/ca\\\/blog\\\/la-crisis-sanitaria\\\/#article\",\"isPartOf\":{\"@id\":\"https:\\\/\\\/www.tressis.com\\\/ca\\\/blog\\\/la-crisis-sanitaria\\\/\"},\"author\":{\"name\":\"Lola\",\"@id\":\"https:\\\/\\\/www.tressis.com\\\/ca\\\/#\\\/schema\\\/person\\\/b833c1d724d8764920b6d6852c70584e\"},\"headline\":\"La crisis sanitaria\",\"datePublished\":\"2020-02-26T10:11:31+00:00\",\"mainEntityOfPage\":{\"@id\":\"https:\\\/\\\/www.tressis.com\\\/ca\\\/blog\\\/la-crisis-sanitaria\\\/\"},\"wordCount\":387,\"commentCount\":0,\"publisher\":{\"@id\":\"https:\\\/\\\/www.tressis.com\\\/ca\\\/#organization\"},\"image\":{\"@id\":\"https:\\\/\\\/www.tressis.com\\\/ca\\\/blog\\\/la-crisis-sanitaria\\\/#primaryimage\"},\"thumbnailUrl\":\"https:\\\/\\\/www.tressis.com\\\/wp-content\\\/uploads\\\/2020\\\/02\\\/20200226.jpg\",\"articleSection\":[\"Morning meeting\"],\"inLanguage\":\"ca\",\"potentialAction\":[{\"@type\":\"CommentAction\",\"name\":\"Comment\",\"target\":[\"https:\\\/\\\/www.tressis.com\\\/ca\\\/blog\\\/la-crisis-sanitaria\\\/#respond\"]}]},{\"@type\":\"WebPage\",\"@id\":\"https:\\\/\\\/www.tressis.com\\\/ca\\\/blog\\\/la-crisis-sanitaria\\\/\",\"url\":\"https:\\\/\\\/www.tressis.com\\\/ca\\\/blog\\\/la-crisis-sanitaria\\\/\",\"name\":\"La crisis sanitaria\",\"isPartOf\":{\"@id\":\"https:\\\/\\\/www.tressis.com\\\/ca\\\/#website\"},\"primaryImageOfPage\":{\"@id\":\"https:\\\/\\\/www.tressis.com\\\/ca\\\/blog\\\/la-crisis-sanitaria\\\/#primaryimage\"},\"image\":{\"@id\":\"https:\\\/\\\/www.tressis.com\\\/ca\\\/blog\\\/la-crisis-sanitaria\\\/#primaryimage\"},\"thumbnailUrl\":\"https:\\\/\\\/www.tressis.com\\\/wp-content\\\/uploads\\\/2020\\\/02\\\/20200226.jpg\",\"datePublished\":\"2020-02-26T10:11:31+00:00\",\"description\":\"La crisis sanitaria se alarga. Los inversores ya no est\u00e1n ni valorando positivamente las medidas de est\u00edmulo aprobadas en pa\u00edses como Malasia o Hong Kong.\",\"breadcrumb\":{\"@id\":\"https:\\\/\\\/www.tressis.com\\\/ca\\\/blog\\\/la-crisis-sanitaria\\\/#breadcrumb\"},\"inLanguage\":\"ca\",\"potentialAction\":[{\"@type\":\"ReadAction\",\"target\":[\"https:\\\/\\\/www.tressis.com\\\/ca\\\/blog\\\/la-crisis-sanitaria\\\/\"]}]},{\"@type\":\"ImageObject\",\"inLanguage\":\"ca\",\"@id\":\"https:\\\/\\\/www.tressis.com\\\/ca\\\/blog\\\/la-crisis-sanitaria\\\/#primaryimage\",\"url\":\"https:\\\/\\\/www.tressis.com\\\/wp-content\\\/uploads\\\/2020\\\/02\\\/20200226.jpg\",\"contentUrl\":\"https:\\\/\\\/www.tressis.com\\\/wp-content\\\/uploads\\\/2020\\\/02\\\/20200226.jpg\",\"width\":1100,\"height\":487,\"caption\":\"La crisis sanitaria\"},{\"@type\":\"BreadcrumbList\",\"@id\":\"https:\\\/\\\/www.tressis.com\\\/ca\\\/blog\\\/la-crisis-sanitaria\\\/#breadcrumb\",\"itemListElement\":[{\"@type\":\"ListItem\",\"position\":1,\"name\":\"Inicio\",\"item\":\"https:\\\/\\\/www.tressis.com\\\/ca\\\/\"},{\"@type\":\"ListItem\",\"position\":2,\"name\":\"La crisis sanitaria\"}]},{\"@type\":\"WebSite\",\"@id\":\"https:\\\/\\\/www.tressis.com\\\/ca\\\/#website\",\"url\":\"https:\\\/\\\/www.tressis.com\\\/ca\\\/\",\"name\":\"Tressis banca privada\",\"description\":\"Tressis | Planificaci\u00f3n financiera y gesti\u00f3n de patrimonios\",\"publisher\":{\"@id\":\"https:\\\/\\\/www.tressis.com\\\/ca\\\/#organization\"},\"potentialAction\":[{\"@type\":\"SearchAction\",\"target\":{\"@type\":\"EntryPoint\",\"urlTemplate\":\"https:\\\/\\\/www.tressis.com\\\/ca\\\/?s={search_term_string}\"},\"query-input\":{\"@type\":\"PropertyValueSpecification\",\"valueRequired\":true,\"valueName\":\"search_term_string\"}}],\"inLanguage\":\"ca\"},{\"@type\":\"Organization\",\"@id\":\"https:\\\/\\\/www.tressis.com\\\/ca\\\/#organization\",\"name\":\"Tressis\",\"url\":\"https:\\\/\\\/www.tressis.com\\\/ca\\\/\",\"logo\":{\"@type\":\"ImageObject\",\"inLanguage\":\"ca\",\"@id\":\"https:\\\/\\\/www.tressis.com\\\/ca\\\/#\\\/schema\\\/logo\\\/image\\\/\",\"url\":\"https:\\\/\\\/www.tressis.com\\\/wp-content\\\/uploads\\\/2025\\\/06\\\/logo-tressis-112.png\",\"contentUrl\":\"https:\\\/\\\/www.tressis.com\\\/wp-content\\\/uploads\\\/2025\\\/06\\\/logo-tressis-112.png\",\"width\":112,\"height\":112,\"caption\":\"Tressis\"},\"image\":{\"@id\":\"https:\\\/\\\/www.tressis.com\\\/ca\\\/#\\\/schema\\\/logo\\\/image\\\/\"},\"sameAs\":[\"https:\\\/\\\/www.facebook.com\\\/Tressis\\\/\",\"https:\\\/\\\/x.com\\\/TressisSV\",\"https:\\\/\\\/www.instagram.com\\\/tressissv\\\/?hl=es\",\"https:\\\/\\\/linkedin.com\\\/company\\\/tressis\\\/\",\"https:\\\/\\\/www.youtube.com\\\/user\\\/tressissv\",\"https:\\\/\\\/open.spotify.com\\\/show\\\/3jmTe1Nf0wqMILl7diWV6h?si=d7112519f13c4593&nd=1\"]},{\"@type\":\"Person\",\"@id\":\"https:\\\/\\\/www.tressis.com\\\/ca\\\/#\\\/schema\\\/person\\\/b833c1d724d8764920b6d6852c70584e\",\"name\":\"Lola\",\"image\":{\"@type\":\"ImageObject\",\"inLanguage\":\"ca\",\"@id\":\"https:\\\/\\\/secure.gravatar.com\\\/avatar\\\/05e646486b23ff45df9649110609c7e31b8c4a3e2821caa23d6317f405e0c51d?s=96&d=mm&r=g\",\"url\":\"https:\\\/\\\/secure.gravatar.com\\\/avatar\\\/05e646486b23ff45df9649110609c7e31b8c4a3e2821caa23d6317f405e0c51d?s=96&d=mm&r=g\",\"contentUrl\":\"https:\\\/\\\/secure.gravatar.com\\\/avatar\\\/05e646486b23ff45df9649110609c7e31b8c4a3e2821caa23d6317f405e0c51d?s=96&d=mm&r=g\",\"caption\":\"Lola\"}}]}<\/script>\n<!-- \/ Yoast SEO plugin. -->","yoast_head_json":{"title":"La crisis sanitaria","description":"La crisis sanitaria se alarga. Los inversores ya no est\u00e1n ni valorando positivamente las medidas de est\u00edmulo aprobadas en pa\u00edses como Malasia o Hong Kong.","robots":{"index":"index","follow":"follow","max-snippet":"max-snippet:-1","max-image-preview":"max-image-preview:large","max-video-preview":"max-video-preview:-1"},"canonical":"https:\/\/www.tressis.com\/ca\/blog\/la-crisis-sanitaria\/","og_locale":"ca_ES","og_type":"article","og_title":"La crisis sanitaria","og_description":"La crisis sanitaria se alarga. Los inversores ya no est\u00e1n ni valorando positivamente las medidas de est\u00edmulo aprobadas en pa\u00edses como Malasia o Hong Kong.","og_url":"https:\/\/www.tressis.com\/ca\/blog\/la-crisis-sanitaria\/","og_site_name":"Tressis","article_publisher":"https:\/\/www.facebook.com\/Tressis\/","article_published_time":"2020-02-26T10:11:31+00:00","og_image":[{"width":1100,"height":487,"url":"https:\/\/www.tressis.com\/wp-content\/uploads\/2020\/02\/20200226.jpg","type":"image\/jpeg"}],"author":"Lola","twitter_card":"summary_large_image","twitter_creator":"@TressisSV","twitter_site":"@TressisSV","twitter_misc":{"Escrit per":"Lola","Temps estimat de lectura":"2 minuts"},"schema":{"@context":"https:\/\/schema.org","@graph":[{"@type":"Article","@id":"https:\/\/www.tressis.com\/ca\/blog\/la-crisis-sanitaria\/#article","isPartOf":{"@id":"https:\/\/www.tressis.com\/ca\/blog\/la-crisis-sanitaria\/"},"author":{"name":"Lola","@id":"https:\/\/www.tressis.com\/ca\/#\/schema\/person\/b833c1d724d8764920b6d6852c70584e"},"headline":"La crisis sanitaria","datePublished":"2020-02-26T10:11:31+00:00","mainEntityOfPage":{"@id":"https:\/\/www.tressis.com\/ca\/blog\/la-crisis-sanitaria\/"},"wordCount":387,"commentCount":0,"publisher":{"@id":"https:\/\/www.tressis.com\/ca\/#organization"},"image":{"@id":"https:\/\/www.tressis.com\/ca\/blog\/la-crisis-sanitaria\/#primaryimage"},"thumbnailUrl":"https:\/\/www.tressis.com\/wp-content\/uploads\/2020\/02\/20200226.jpg","articleSection":["Morning meeting"],"inLanguage":"ca","potentialAction":[{"@type":"CommentAction","name":"Comment","target":["https:\/\/www.tressis.com\/ca\/blog\/la-crisis-sanitaria\/#respond"]}]},{"@type":"WebPage","@id":"https:\/\/www.tressis.com\/ca\/blog\/la-crisis-sanitaria\/","url":"https:\/\/www.tressis.com\/ca\/blog\/la-crisis-sanitaria\/","name":"La crisis sanitaria","isPartOf":{"@id":"https:\/\/www.tressis.com\/ca\/#website"},"primaryImageOfPage":{"@id":"https:\/\/www.tressis.com\/ca\/blog\/la-crisis-sanitaria\/#primaryimage"},"image":{"@id":"https:\/\/www.tressis.com\/ca\/blog\/la-crisis-sanitaria\/#primaryimage"},"thumbnailUrl":"https:\/\/www.tressis.com\/wp-content\/uploads\/2020\/02\/20200226.jpg","datePublished":"2020-02-26T10:11:31+00:00","description":"La crisis sanitaria se alarga. Los inversores ya no est\u00e1n ni valorando positivamente las medidas de est\u00edmulo aprobadas en pa\u00edses como Malasia o Hong Kong.","breadcrumb":{"@id":"https:\/\/www.tressis.com\/ca\/blog\/la-crisis-sanitaria\/#breadcrumb"},"inLanguage":"ca","potentialAction":[{"@type":"ReadAction","target":["https:\/\/www.tressis.com\/ca\/blog\/la-crisis-sanitaria\/"]}]},{"@type":"ImageObject","inLanguage":"ca","@id":"https:\/\/www.tressis.com\/ca\/blog\/la-crisis-sanitaria\/#primaryimage","url":"https:\/\/www.tressis.com\/wp-content\/uploads\/2020\/02\/20200226.jpg","contentUrl":"https:\/\/www.tressis.com\/wp-content\/uploads\/2020\/02\/20200226.jpg","width":1100,"height":487,"caption":"La crisis sanitaria"},{"@type":"BreadcrumbList","@id":"https:\/\/www.tressis.com\/ca\/blog\/la-crisis-sanitaria\/#breadcrumb","itemListElement":[{"@type":"ListItem","position":1,"name":"Inicio","item":"https:\/\/www.tressis.com\/ca\/"},{"@type":"ListItem","position":2,"name":"La crisis sanitaria"}]},{"@type":"WebSite","@id":"https:\/\/www.tressis.com\/ca\/#website","url":"https:\/\/www.tressis.com\/ca\/","name":"Tressis banca privada","description":"Tressis | Planificaci\u00f3n financiera y gesti\u00f3n de patrimonios","publisher":{"@id":"https:\/\/www.tressis.com\/ca\/#organization"},"potentialAction":[{"@type":"SearchAction","target":{"@type":"EntryPoint","urlTemplate":"https:\/\/www.tressis.com\/ca\/?s={search_term_string}"},"query-input":{"@type":"PropertyValueSpecification","valueRequired":true,"valueName":"search_term_string"}}],"inLanguage":"ca"},{"@type":"Organization","@id":"https:\/\/www.tressis.com\/ca\/#organization","name":"Tressis","url":"https:\/\/www.tressis.com\/ca\/","logo":{"@type":"ImageObject","inLanguage":"ca","@id":"https:\/\/www.tressis.com\/ca\/#\/schema\/logo\/image\/","url":"https:\/\/www.tressis.com\/wp-content\/uploads\/2025\/06\/logo-tressis-112.png","contentUrl":"https:\/\/www.tressis.com\/wp-content\/uploads\/2025\/06\/logo-tressis-112.png","width":112,"height":112,"caption":"Tressis"},"image":{"@id":"https:\/\/www.tressis.com\/ca\/#\/schema\/logo\/image\/"},"sameAs":["https:\/\/www.facebook.com\/Tressis\/","https:\/\/x.com\/TressisSV","https:\/\/www.instagram.com\/tressissv\/?hl=es","https:\/\/linkedin.com\/company\/tressis\/","https:\/\/www.youtube.com\/user\/tressissv","https:\/\/open.spotify.com\/show\/3jmTe1Nf0wqMILl7diWV6h?si=d7112519f13c4593&nd=1"]},{"@type":"Person","@id":"https:\/\/www.tressis.com\/ca\/#\/schema\/person\/b833c1d724d8764920b6d6852c70584e","name":"Lola","image":{"@type":"ImageObject","inLanguage":"ca","@id":"https:\/\/secure.gravatar.com\/avatar\/05e646486b23ff45df9649110609c7e31b8c4a3e2821caa23d6317f405e0c51d?s=96&d=mm&r=g","url":"https:\/\/secure.gravatar.com\/avatar\/05e646486b23ff45df9649110609c7e31b8c4a3e2821caa23d6317f405e0c51d?s=96&d=mm&r=g","contentUrl":"https:\/\/secure.gravatar.com\/avatar\/05e646486b23ff45df9649110609c7e31b8c4a3e2821caa23d6317f405e0c51d?s=96&d=mm&r=g","caption":"Lola"}}]}},"_links":{"self":[{"href":"https:\/\/www.tressis.com\/ca\/wp-json\/wp\/v2\/posts\/33893","targetHints":{"allow":["GET"]}}],"collection":[{"href":"https:\/\/www.tressis.com\/ca\/wp-json\/wp\/v2\/posts"}],"about":[{"href":"https:\/\/www.tressis.com\/ca\/wp-json\/wp\/v2\/types\/post"}],"author":[{"embeddable":true,"href":"https:\/\/www.tressis.com\/ca\/wp-json\/wp\/v2\/users\/4"}],"replies":[{"embeddable":true,"href":"https:\/\/www.tressis.com\/ca\/wp-json\/wp\/v2\/comments?post=33893"}],"version-history":[{"count":0,"href":"https:\/\/www.tressis.com\/ca\/wp-json\/wp\/v2\/posts\/33893\/revisions"}],"wp:featuredmedia":[{"embeddable":true,"href":"https:\/\/www.tressis.com\/ca\/wp-json\/wp\/v2\/media\/33896"}],"wp:attachment":[{"href":"https:\/\/www.tressis.com\/ca\/wp-json\/wp\/v2\/media?parent=33893"}],"wp:term":[{"taxonomy":"category","embeddable":true,"href":"https:\/\/www.tressis.com\/ca\/wp-json\/wp\/v2\/categories?post=33893"},{"taxonomy":"post_tag","embeddable":true,"href":"https:\/\/www.tressis.com\/ca\/wp-json\/wp\/v2\/tags?post=33893"}],"curies":[{"name":"wp","href":"https:\/\/api.w.org\/{rel}","templated":true}]}}