{"id":33839,"date":"2020-02-19T11:12:51","date_gmt":"2020-02-19T10:12:51","guid":{"rendered":"http:\/\/www.tressis.com\/blog\/?p=33839"},"modified":"2020-02-19T11:12:51","modified_gmt":"2020-02-19T10:12:51","slug":"es-ano-electoral","status":"publish","type":"post","link":"https:\/\/www.tressis.com\/ca\/blog\/es-ano-electoral\/","title":{"rendered":"Es a\u00f1o electoral"},"content":{"rendered":"<p>Ayer fue un d\u00eda de los que acaban rojos dentro de este mar de sesiones positivas al que asistimos tras las ca\u00eddas del \u00faltimo trimestre de 2018. Tampoco fue una ca\u00edda muy relevante: \u00a1M\u00e1s se perdi\u00f3 en Cuba!<!--more--><\/p>\n<p>Dos elementos contrapuestos guiaron el comportamiento de los principales \u00edndices: por un lado, que el ritmo del contagio del coronavirus en China se mantenga estable e, incluso, en algunas regiones vaya descendiendo poco a poco es una buena noticia. Pero por otro, los casi dos meses completos que esta crisis lleva afectando a la actividad econ\u00f3mica de la regi\u00f3n son inevitables, y Apple y HSBC se apresuraron ayer a reconocer que se ver\u00e1 reflejado en sus resultados de este primer trimestre de 2020.<\/p>\n<p>La Reserva Federal americana, por su parte, no cree que el impacto que esta cuesti\u00f3n pueda tener en la econom\u00eda americana justifique ning\u00fan movimiento. En voz de Robert Kaplan, miembro del Comit\u00e9 de Mercado Abierto y presidente de la Fed de Dallas, el mensaje transmitido fue que los tipos se encuentran en el nivel adecuado para este a\u00f1o. No olvidemos que es a\u00f1o electoral, as\u00ed que, si no ocurre ning\u00fan cataclismo, la m\u00e1xima de la instituci\u00f3n ser\u00e1 \u201cno toques, \u00bfpor qu\u00e9 tocas?\u201d.<\/p>\n<p>Mencionaba las elecciones estadounidenses que se celebrar\u00e1n en noviembre y que se est\u00e1n poniendo interesantes con las primarias dem\u00f3cratas. Michael Bloomberg, que hace semanas contaba con muy poco apoyo, parece ahora colarse en las encuestas solo por detr\u00e1s de Bernie Sanders. Adem\u00e1s, si alcanzase la Casa Blanca, podr\u00eda provocar una de las operaciones corporativas del lustro, pues voces autorizadas dicen que se plantear\u00eda vender la empresa que lleva su apellido, de la que posee un 88%. <\/p>\n<p>Ese hipot\u00e9tico movimiento se sumar\u00eda a los que conoc\u00edamos ayer. Sin salir del contexto en ning\u00fan caso, el sector bancario europeo continuaba con su proceso de integraci\u00f3n al saberse la intenci\u00f3n de la italiana Intesa Sanpaolo de adquirir la tambi\u00e9n transalpina UBI Banca por 4.900 millones de euros. Adem\u00e1s, Franklin Templeton daba la sorpresa al anunciar la compra del 100% de Legg Mason por 4.160 millones de d\u00f3lares, convirti\u00e9ndose as\u00ed en la cuarta gestora a nivel global por volumen de activos con 1,5 billones de d\u00f3lares bajo gesti\u00f3n.<\/p>\n<p>Y aqu\u00ed, mientras tanto, el Gobierno aprobaba las llamadas tasa Google y tasa Tobin. Estemos de acuerdo o no con ambas, la pol\u00e9mica m\u00e1s importante est\u00e1 en el primer caso: si bien algunos de nuestros vecinos europeos ya tienen figuras similares, la diferencia es que en Espa\u00f1a se gravar\u00e1 tambi\u00e9n por la venta de datos que las empresas obtengan de los usuarios. Datos que, no se olviden, no son del Gobierno, son de cada uno de nosotros, que somos quienes los generamos. La ministra Carmen Calvo, igual que dijo que el dinero de Hacienda no era de nadie, quiz\u00e1 ahora podr\u00eda decir que los datos tampoco tienen due\u00f1o. Pero bueno, yo estoy tranquila porque seguro que el dinero que se recaudar\u00e1 con mi informaci\u00f3n se me devolver\u00e1 v\u00eda rebaja de otros impuestos directos, \u00bfno?<\/p>\n<p>Buen mi\u00e9rcoles.<\/p>\n<p><center><strong>M\u00aa Salom\u00e9 Bouzas Romero<\/strong><br \/>\nDirecci\u00f3n de Inversiones<\/center><\/p>\n","protected":false},"excerpt":{"rendered":"<p>Ayer fue un d\u00eda de los que acaban rojos dentro de este mar de sesiones positivas al que asistimos tras las ca\u00eddas del \u00faltimo trimestre de 2018. Tampoco fue una ca\u00edda muy relevante: \u00a1M\u00e1s se perdi\u00f3 en Cuba!<\/p>\n","protected":false},"author":4,"featured_media":33841,"comment_status":"open","ping_status":"closed","sticky":false,"template":"","format":"standard","meta":{"_acf_changed":false,"footnotes":""},"categories":[9721],"tags":[],"class_list":["post-33839","post","type-post","status-publish","format-standard","has-post-thumbnail","hentry","category-morning-meeting"],"acf":[],"yoast_head":"<!-- This site is optimized with the Yoast SEO plugin v27.5 - https:\/\/yoast.com\/product\/yoast-seo-wordpress\/ -->\n<title>Es a\u00f1o electoral<\/title>\n<meta name=\"description\" content=\"Las elecciones estadounidenses que se celebrar\u00e1n en noviembre, se est\u00e1n poniendo interesantes con las primarias dem\u00f3cratas.\" \/>\n<meta name=\"robots\" content=\"index, follow, max-snippet:-1, max-image-preview:large, max-video-preview:-1\" \/>\n<link rel=\"canonical\" href=\"https:\/\/www.tressis.com\/ca\/blog\/es-ano-electoral\/\" \/>\n<meta property=\"og:locale\" content=\"ca_ES\" \/>\n<meta property=\"og:type\" content=\"article\" \/>\n<meta property=\"og:title\" content=\"Es a\u00f1o electoral\" \/>\n<meta property=\"og:description\" content=\"Las elecciones estadounidenses que se celebrar\u00e1n en noviembre, se est\u00e1n poniendo interesantes con las primarias dem\u00f3cratas.\" \/>\n<meta property=\"og:url\" content=\"https:\/\/www.tressis.com\/ca\/blog\/es-ano-electoral\/\" \/>\n<meta property=\"og:site_name\" content=\"Tressis\" \/>\n<meta property=\"article:publisher\" content=\"https:\/\/www.facebook.com\/Tressis\/\" \/>\n<meta property=\"article:published_time\" content=\"2020-02-19T10:12:51+00:00\" \/>\n<meta property=\"og:image\" content=\"https:\/\/www.tressis.com\/wp-content\/uploads\/2020\/02\/20200219.jpg\" \/>\n\t<meta property=\"og:image:width\" content=\"1100\" \/>\n\t<meta property=\"og:image:height\" content=\"487\" \/>\n\t<meta property=\"og:image:type\" content=\"image\/jpeg\" \/>\n<meta name=\"author\" content=\"Lola\" \/>\n<meta name=\"twitter:card\" content=\"summary_large_image\" \/>\n<meta name=\"twitter:creator\" content=\"@TressisSV\" \/>\n<meta name=\"twitter:site\" content=\"@TressisSV\" \/>\n<meta name=\"twitter:label1\" content=\"Escrit per\" \/>\n\t<meta name=\"twitter:data1\" content=\"Lola\" \/>\n\t<meta name=\"twitter:label2\" content=\"Temps estimat de lectura\" \/>\n\t<meta name=\"twitter:data2\" content=\"3 minuts\" \/>\n<script type=\"application\/ld+json\" class=\"yoast-schema-graph\">{\"@context\":\"https:\\\/\\\/schema.org\",\"@graph\":[{\"@type\":\"Article\",\"@id\":\"https:\\\/\\\/www.tressis.com\\\/ca\\\/blog\\\/es-ano-electoral\\\/#article\",\"isPartOf\":{\"@id\":\"https:\\\/\\\/www.tressis.com\\\/ca\\\/blog\\\/es-ano-electoral\\\/\"},\"author\":{\"name\":\"Lola\",\"@id\":\"https:\\\/\\\/www.tressis.com\\\/ca\\\/#\\\/schema\\\/person\\\/b833c1d724d8764920b6d6852c70584e\"},\"headline\":\"Es a\u00f1o electoral\",\"datePublished\":\"2020-02-19T10:12:51+00:00\",\"mainEntityOfPage\":{\"@id\":\"https:\\\/\\\/www.tressis.com\\\/ca\\\/blog\\\/es-ano-electoral\\\/\"},\"wordCount\":550,\"commentCount\":0,\"publisher\":{\"@id\":\"https:\\\/\\\/www.tressis.com\\\/ca\\\/#organization\"},\"image\":{\"@id\":\"https:\\\/\\\/www.tressis.com\\\/ca\\\/blog\\\/es-ano-electoral\\\/#primaryimage\"},\"thumbnailUrl\":\"https:\\\/\\\/www.tressis.com\\\/wp-content\\\/uploads\\\/2020\\\/02\\\/20200219.jpg\",\"articleSection\":[\"Morning meeting\"],\"inLanguage\":\"ca\",\"potentialAction\":[{\"@type\":\"CommentAction\",\"name\":\"Comment\",\"target\":[\"https:\\\/\\\/www.tressis.com\\\/ca\\\/blog\\\/es-ano-electoral\\\/#respond\"]}]},{\"@type\":\"WebPage\",\"@id\":\"https:\\\/\\\/www.tressis.com\\\/ca\\\/blog\\\/es-ano-electoral\\\/\",\"url\":\"https:\\\/\\\/www.tressis.com\\\/ca\\\/blog\\\/es-ano-electoral\\\/\",\"name\":\"Es a\u00f1o electoral\",\"isPartOf\":{\"@id\":\"https:\\\/\\\/www.tressis.com\\\/ca\\\/#website\"},\"primaryImageOfPage\":{\"@id\":\"https:\\\/\\\/www.tressis.com\\\/ca\\\/blog\\\/es-ano-electoral\\\/#primaryimage\"},\"image\":{\"@id\":\"https:\\\/\\\/www.tressis.com\\\/ca\\\/blog\\\/es-ano-electoral\\\/#primaryimage\"},\"thumbnailUrl\":\"https:\\\/\\\/www.tressis.com\\\/wp-content\\\/uploads\\\/2020\\\/02\\\/20200219.jpg\",\"datePublished\":\"2020-02-19T10:12:51+00:00\",\"description\":\"Las elecciones estadounidenses que se celebrar\u00e1n en noviembre, se est\u00e1n poniendo interesantes con las primarias dem\u00f3cratas.\",\"breadcrumb\":{\"@id\":\"https:\\\/\\\/www.tressis.com\\\/ca\\\/blog\\\/es-ano-electoral\\\/#breadcrumb\"},\"inLanguage\":\"ca\",\"potentialAction\":[{\"@type\":\"ReadAction\",\"target\":[\"https:\\\/\\\/www.tressis.com\\\/ca\\\/blog\\\/es-ano-electoral\\\/\"]}]},{\"@type\":\"ImageObject\",\"inLanguage\":\"ca\",\"@id\":\"https:\\\/\\\/www.tressis.com\\\/ca\\\/blog\\\/es-ano-electoral\\\/#primaryimage\",\"url\":\"https:\\\/\\\/www.tressis.com\\\/wp-content\\\/uploads\\\/2020\\\/02\\\/20200219.jpg\",\"contentUrl\":\"https:\\\/\\\/www.tressis.com\\\/wp-content\\\/uploads\\\/2020\\\/02\\\/20200219.jpg\",\"width\":1100,\"height\":487,\"caption\":\"Es a\u00f1o electoral\"},{\"@type\":\"BreadcrumbList\",\"@id\":\"https:\\\/\\\/www.tressis.com\\\/ca\\\/blog\\\/es-ano-electoral\\\/#breadcrumb\",\"itemListElement\":[{\"@type\":\"ListItem\",\"position\":1,\"name\":\"Inicio\",\"item\":\"https:\\\/\\\/www.tressis.com\\\/ca\\\/\"},{\"@type\":\"ListItem\",\"position\":2,\"name\":\"Es a\u00f1o electoral\"}]},{\"@type\":\"WebSite\",\"@id\":\"https:\\\/\\\/www.tressis.com\\\/ca\\\/#website\",\"url\":\"https:\\\/\\\/www.tressis.com\\\/ca\\\/\",\"name\":\"Tressis banca privada\",\"description\":\"Tressis | Planificaci\u00f3n financiera y gesti\u00f3n de patrimonios\",\"publisher\":{\"@id\":\"https:\\\/\\\/www.tressis.com\\\/ca\\\/#organization\"},\"potentialAction\":[{\"@type\":\"SearchAction\",\"target\":{\"@type\":\"EntryPoint\",\"urlTemplate\":\"https:\\\/\\\/www.tressis.com\\\/ca\\\/?s={search_term_string}\"},\"query-input\":{\"@type\":\"PropertyValueSpecification\",\"valueRequired\":true,\"valueName\":\"search_term_string\"}}],\"inLanguage\":\"ca\"},{\"@type\":\"Organization\",\"@id\":\"https:\\\/\\\/www.tressis.com\\\/ca\\\/#organization\",\"name\":\"Tressis\",\"url\":\"https:\\\/\\\/www.tressis.com\\\/ca\\\/\",\"logo\":{\"@type\":\"ImageObject\",\"inLanguage\":\"ca\",\"@id\":\"https:\\\/\\\/www.tressis.com\\\/ca\\\/#\\\/schema\\\/logo\\\/image\\\/\",\"url\":\"https:\\\/\\\/www.tressis.com\\\/wp-content\\\/uploads\\\/2025\\\/06\\\/logo-tressis-112.png\",\"contentUrl\":\"https:\\\/\\\/www.tressis.com\\\/wp-content\\\/uploads\\\/2025\\\/06\\\/logo-tressis-112.png\",\"width\":112,\"height\":112,\"caption\":\"Tressis\"},\"image\":{\"@id\":\"https:\\\/\\\/www.tressis.com\\\/ca\\\/#\\\/schema\\\/logo\\\/image\\\/\"},\"sameAs\":[\"https:\\\/\\\/www.facebook.com\\\/Tressis\\\/\",\"https:\\\/\\\/x.com\\\/TressisSV\",\"https:\\\/\\\/www.instagram.com\\\/tressissv\\\/?hl=es\",\"https:\\\/\\\/linkedin.com\\\/company\\\/tressis\\\/\",\"https:\\\/\\\/www.youtube.com\\\/user\\\/tressissv\",\"https:\\\/\\\/open.spotify.com\\\/show\\\/3jmTe1Nf0wqMILl7diWV6h?si=d7112519f13c4593&nd=1\"]},{\"@type\":\"Person\",\"@id\":\"https:\\\/\\\/www.tressis.com\\\/ca\\\/#\\\/schema\\\/person\\\/b833c1d724d8764920b6d6852c70584e\",\"name\":\"Lola\",\"image\":{\"@type\":\"ImageObject\",\"inLanguage\":\"ca\",\"@id\":\"https:\\\/\\\/secure.gravatar.com\\\/avatar\\\/05e646486b23ff45df9649110609c7e31b8c4a3e2821caa23d6317f405e0c51d?s=96&d=mm&r=g\",\"url\":\"https:\\\/\\\/secure.gravatar.com\\\/avatar\\\/05e646486b23ff45df9649110609c7e31b8c4a3e2821caa23d6317f405e0c51d?s=96&d=mm&r=g\",\"contentUrl\":\"https:\\\/\\\/secure.gravatar.com\\\/avatar\\\/05e646486b23ff45df9649110609c7e31b8c4a3e2821caa23d6317f405e0c51d?s=96&d=mm&r=g\",\"caption\":\"Lola\"}}]}<\/script>\n<!-- \/ Yoast SEO plugin. -->","yoast_head_json":{"title":"Es a\u00f1o electoral","description":"Las elecciones estadounidenses que se celebrar\u00e1n en noviembre, se est\u00e1n poniendo interesantes con las primarias dem\u00f3cratas.","robots":{"index":"index","follow":"follow","max-snippet":"max-snippet:-1","max-image-preview":"max-image-preview:large","max-video-preview":"max-video-preview:-1"},"canonical":"https:\/\/www.tressis.com\/ca\/blog\/es-ano-electoral\/","og_locale":"ca_ES","og_type":"article","og_title":"Es a\u00f1o electoral","og_description":"Las elecciones estadounidenses que se celebrar\u00e1n en noviembre, se est\u00e1n poniendo interesantes con las primarias dem\u00f3cratas.","og_url":"https:\/\/www.tressis.com\/ca\/blog\/es-ano-electoral\/","og_site_name":"Tressis","article_publisher":"https:\/\/www.facebook.com\/Tressis\/","article_published_time":"2020-02-19T10:12:51+00:00","og_image":[{"width":1100,"height":487,"url":"https:\/\/www.tressis.com\/wp-content\/uploads\/2020\/02\/20200219.jpg","type":"image\/jpeg"}],"author":"Lola","twitter_card":"summary_large_image","twitter_creator":"@TressisSV","twitter_site":"@TressisSV","twitter_misc":{"Escrit per":"Lola","Temps estimat de lectura":"3 minuts"},"schema":{"@context":"https:\/\/schema.org","@graph":[{"@type":"Article","@id":"https:\/\/www.tressis.com\/ca\/blog\/es-ano-electoral\/#article","isPartOf":{"@id":"https:\/\/www.tressis.com\/ca\/blog\/es-ano-electoral\/"},"author":{"name":"Lola","@id":"https:\/\/www.tressis.com\/ca\/#\/schema\/person\/b833c1d724d8764920b6d6852c70584e"},"headline":"Es a\u00f1o electoral","datePublished":"2020-02-19T10:12:51+00:00","mainEntityOfPage":{"@id":"https:\/\/www.tressis.com\/ca\/blog\/es-ano-electoral\/"},"wordCount":550,"commentCount":0,"publisher":{"@id":"https:\/\/www.tressis.com\/ca\/#organization"},"image":{"@id":"https:\/\/www.tressis.com\/ca\/blog\/es-ano-electoral\/#primaryimage"},"thumbnailUrl":"https:\/\/www.tressis.com\/wp-content\/uploads\/2020\/02\/20200219.jpg","articleSection":["Morning meeting"],"inLanguage":"ca","potentialAction":[{"@type":"CommentAction","name":"Comment","target":["https:\/\/www.tressis.com\/ca\/blog\/es-ano-electoral\/#respond"]}]},{"@type":"WebPage","@id":"https:\/\/www.tressis.com\/ca\/blog\/es-ano-electoral\/","url":"https:\/\/www.tressis.com\/ca\/blog\/es-ano-electoral\/","name":"Es a\u00f1o electoral","isPartOf":{"@id":"https:\/\/www.tressis.com\/ca\/#website"},"primaryImageOfPage":{"@id":"https:\/\/www.tressis.com\/ca\/blog\/es-ano-electoral\/#primaryimage"},"image":{"@id":"https:\/\/www.tressis.com\/ca\/blog\/es-ano-electoral\/#primaryimage"},"thumbnailUrl":"https:\/\/www.tressis.com\/wp-content\/uploads\/2020\/02\/20200219.jpg","datePublished":"2020-02-19T10:12:51+00:00","description":"Las elecciones estadounidenses que se celebrar\u00e1n en noviembre, se est\u00e1n poniendo interesantes con las primarias dem\u00f3cratas.","breadcrumb":{"@id":"https:\/\/www.tressis.com\/ca\/blog\/es-ano-electoral\/#breadcrumb"},"inLanguage":"ca","potentialAction":[{"@type":"ReadAction","target":["https:\/\/www.tressis.com\/ca\/blog\/es-ano-electoral\/"]}]},{"@type":"ImageObject","inLanguage":"ca","@id":"https:\/\/www.tressis.com\/ca\/blog\/es-ano-electoral\/#primaryimage","url":"https:\/\/www.tressis.com\/wp-content\/uploads\/2020\/02\/20200219.jpg","contentUrl":"https:\/\/www.tressis.com\/wp-content\/uploads\/2020\/02\/20200219.jpg","width":1100,"height":487,"caption":"Es a\u00f1o electoral"},{"@type":"BreadcrumbList","@id":"https:\/\/www.tressis.com\/ca\/blog\/es-ano-electoral\/#breadcrumb","itemListElement":[{"@type":"ListItem","position":1,"name":"Inicio","item":"https:\/\/www.tressis.com\/ca\/"},{"@type":"ListItem","position":2,"name":"Es a\u00f1o electoral"}]},{"@type":"WebSite","@id":"https:\/\/www.tressis.com\/ca\/#website","url":"https:\/\/www.tressis.com\/ca\/","name":"Tressis banca privada","description":"Tressis | Planificaci\u00f3n financiera y gesti\u00f3n de patrimonios","publisher":{"@id":"https:\/\/www.tressis.com\/ca\/#organization"},"potentialAction":[{"@type":"SearchAction","target":{"@type":"EntryPoint","urlTemplate":"https:\/\/www.tressis.com\/ca\/?s={search_term_string}"},"query-input":{"@type":"PropertyValueSpecification","valueRequired":true,"valueName":"search_term_string"}}],"inLanguage":"ca"},{"@type":"Organization","@id":"https:\/\/www.tressis.com\/ca\/#organization","name":"Tressis","url":"https:\/\/www.tressis.com\/ca\/","logo":{"@type":"ImageObject","inLanguage":"ca","@id":"https:\/\/www.tressis.com\/ca\/#\/schema\/logo\/image\/","url":"https:\/\/www.tressis.com\/wp-content\/uploads\/2025\/06\/logo-tressis-112.png","contentUrl":"https:\/\/www.tressis.com\/wp-content\/uploads\/2025\/06\/logo-tressis-112.png","width":112,"height":112,"caption":"Tressis"},"image":{"@id":"https:\/\/www.tressis.com\/ca\/#\/schema\/logo\/image\/"},"sameAs":["https:\/\/www.facebook.com\/Tressis\/","https:\/\/x.com\/TressisSV","https:\/\/www.instagram.com\/tressissv\/?hl=es","https:\/\/linkedin.com\/company\/tressis\/","https:\/\/www.youtube.com\/user\/tressissv","https:\/\/open.spotify.com\/show\/3jmTe1Nf0wqMILl7diWV6h?si=d7112519f13c4593&nd=1"]},{"@type":"Person","@id":"https:\/\/www.tressis.com\/ca\/#\/schema\/person\/b833c1d724d8764920b6d6852c70584e","name":"Lola","image":{"@type":"ImageObject","inLanguage":"ca","@id":"https:\/\/secure.gravatar.com\/avatar\/05e646486b23ff45df9649110609c7e31b8c4a3e2821caa23d6317f405e0c51d?s=96&d=mm&r=g","url":"https:\/\/secure.gravatar.com\/avatar\/05e646486b23ff45df9649110609c7e31b8c4a3e2821caa23d6317f405e0c51d?s=96&d=mm&r=g","contentUrl":"https:\/\/secure.gravatar.com\/avatar\/05e646486b23ff45df9649110609c7e31b8c4a3e2821caa23d6317f405e0c51d?s=96&d=mm&r=g","caption":"Lola"}}]}},"_links":{"self":[{"href":"https:\/\/www.tressis.com\/ca\/wp-json\/wp\/v2\/posts\/33839","targetHints":{"allow":["GET"]}}],"collection":[{"href":"https:\/\/www.tressis.com\/ca\/wp-json\/wp\/v2\/posts"}],"about":[{"href":"https:\/\/www.tressis.com\/ca\/wp-json\/wp\/v2\/types\/post"}],"author":[{"embeddable":true,"href":"https:\/\/www.tressis.com\/ca\/wp-json\/wp\/v2\/users\/4"}],"replies":[{"embeddable":true,"href":"https:\/\/www.tressis.com\/ca\/wp-json\/wp\/v2\/comments?post=33839"}],"version-history":[{"count":0,"href":"https:\/\/www.tressis.com\/ca\/wp-json\/wp\/v2\/posts\/33839\/revisions"}],"wp:featuredmedia":[{"embeddable":true,"href":"https:\/\/www.tressis.com\/ca\/wp-json\/wp\/v2\/media\/33841"}],"wp:attachment":[{"href":"https:\/\/www.tressis.com\/ca\/wp-json\/wp\/v2\/media?parent=33839"}],"wp:term":[{"taxonomy":"category","embeddable":true,"href":"https:\/\/www.tressis.com\/ca\/wp-json\/wp\/v2\/categories?post=33839"},{"taxonomy":"post_tag","embeddable":true,"href":"https:\/\/www.tressis.com\/ca\/wp-json\/wp\/v2\/tags?post=33839"}],"curies":[{"name":"wp","href":"https:\/\/api.w.org\/{rel}","templated":true}]}}