{"id":33202,"date":"2019-11-25T10:54:32","date_gmt":"2019-11-25T09:54:32","guid":{"rendered":"http:\/\/www.tressis.com\/blog\/?p=33202"},"modified":"2019-11-25T10:54:32","modified_gmt":"2019-11-25T09:54:32","slug":"la-estabilizacion-de-la-economia-europea","status":"publish","type":"post","link":"https:\/\/www.tressis.com\/ca\/blog\/la-estabilizacion-de-la-economia-europea\/","title":{"rendered":"La estabilizaci\u00f3n de la econom\u00eda europea"},"content":{"rendered":"<p>Hoy comenzamos una semana interesante en cuanto al calendario macroecon\u00f3mico se refiere.<!--more--><\/p>\n<p>Y digo en cuanto a este tipo de publicaciones, porque el resto de cosas que sucedan son ya archiconocidas. As\u00ed, con la publicaci\u00f3n de los datos de confianza alemanes podremos confirmar la estabilizaci\u00f3n de la econom\u00eda europea, la cual empezaba a preocupar por su deterioro. Adem\u00e1s, tambi\u00e9n conoceremos el dato de IPC del proyecto com\u00fan, del cual no se esperan grandes cambios y seguir\u00e1 estancado.<\/p>\n<p>Cambiando de \u00e1rea geogr\u00e1fica, en Estados Unidos se dar\u00e1 a conocer una nueva estimaci\u00f3n del crecimiento de la regi\u00f3n durante el tercer trimestre del a\u00f1o. Crecimiento que, como saben, se apoya fundamentalmente en el consumo interno. Pues bien, esta semana \u2014 y este viernes en particular \u2014 arranca oficialmente al dispendio navide\u00f1o con la celebraci\u00f3n del D\u00eda de Acci\u00f3n de Gracias. Es a partir de aqu\u00ed cuando la poblaci\u00f3n americana empieza un per\u00edodo especialmente consumista, coincidiendo (no casualmente) con la celebraci\u00f3n del <i>Black Friday<\/i> y del <i>Cyber Monday<\/i>. Este \u00faltimo mes del a\u00f1o es especialmente relevante ya que muchas compa\u00f1\u00edas cotizadas dependen de la temporada navide\u00f1a para cuadrar sus n\u00fameros anuales. Pero tambi\u00e9n el propio crecimiento del pa\u00eds, en aproximadamente un 66% dependiente del consumo, necesita unos buenos datos para mantenerse, al menos, en los niveles actuales y no preocupar al mundo.<\/p>\n<p>El que s\u00ed que puede estar comenzando a preocuparse es Donald Trump y no porque las luces navide\u00f1as de Vigo eclipsen a la mism\u00edsima decoraci\u00f3n de la Torre Trump y del Rockefeller Center, sino porque los chinos est\u00e1n dando m\u00e1s guerra de la esperada. Si bien hay gestos de buena voluntad por parte de Pek\u00edn con respecto a la protecci\u00f3n de la propiedad intelectual, est\u00e1 costando que cedan a firmar un acuerdo sin una retirada de aranceles previa. Adem\u00e1s, el conflicto con Hong Kong no ayuda y menos cuando el Congreso americano ha decidido no dejarlo pasar por alto.<\/p>\n<p>Las elecciones celebradas en esta regi\u00f3n este fin de semana han supuesto un palo para el gobierno de Xi Jinping, pues con un 71% de participaci\u00f3n los partidos prodemocracia han obtenido un 86% de los esca\u00f1os de su Parlamento, frente 14% de los candidatos apoyados por el r\u00e9gimen chino. Ya les gustar\u00eda a algunos tener estas mayor\u00edas y no quiero mirar a nadie. \u00bfO s\u00ed, carrera de San Jer\u00f3nimo?<\/p>\n<p>Lo que no para este a\u00f1o son los movimientos corporativos. Hoy hemos conocido que LVMH comprar\u00e1 Tiffany por unos 14.700 millones de euros, lo que concentra a\u00fan m\u00e1s el sector del lujo y confirma a la compa\u00f1\u00eda francesa como la m\u00e1s relevante del mundo en este \u00e1mbito. Adem\u00e1s, y y\u00e9ndonos a la salud, Novartis adquirir\u00e1 la biotecnol\u00f3gica The Medicines Company por 9.700 millones de d\u00f3lares, una prima del 24% sobre el \u00faltimo cierre burs\u00e1til de la acci\u00f3n.<\/p>\n<p>Con esto, solo nos queda comenzar a mencionar la Cumbre del Clima que la pr\u00f3xima semana albergaremos aqu\u00ed, en Madrid, y de la que en estas l\u00edneas iremos realizando una aproximaci\u00f3n previa durante los siguientes d\u00edas.<\/p>\n<p>Buena semana.<\/p>\n<p><center><strong>M\u00aa Salom\u00e9 Bouzas Romero<\/strong><br \/>\nDirecci\u00f3n de Inversiones<\/center><\/p>\n","protected":false},"excerpt":{"rendered":"<p>Hoy comenzamos una semana interesante en cuanto al calendario macroecon\u00f3mico se refiere.<\/p>\n","protected":false},"author":4,"featured_media":33205,"comment_status":"open","ping_status":"closed","sticky":false,"template":"","format":"standard","meta":{"_acf_changed":false,"footnotes":""},"categories":[9721],"tags":[],"class_list":["post-33202","post","type-post","status-publish","format-standard","has-post-thumbnail","hentry","category-morning-meeting"],"acf":[],"yoast_head":"<!-- This site is optimized with the Yoast SEO plugin v27.5 - https:\/\/yoast.com\/product\/yoast-seo-wordpress\/ -->\n<title>La estabilizaci\u00f3n de la econom\u00eda europea<\/title>\n<meta name=\"description\" content=\"Adem\u00e1s, en Estados Unidos se dar\u00e1 a conocer una nueva estimaci\u00f3n del crecimiento de la regi\u00f3n durante el tercer trimestre del a\u00f1o.\" \/>\n<meta name=\"robots\" content=\"index, follow, max-snippet:-1, max-image-preview:large, max-video-preview:-1\" \/>\n<link rel=\"canonical\" href=\"https:\/\/www.tressis.com\/ca\/blog\/la-estabilizacion-de-la-economia-europea\/\" \/>\n<meta property=\"og:locale\" content=\"ca_ES\" \/>\n<meta property=\"og:type\" content=\"article\" \/>\n<meta property=\"og:title\" content=\"La estabilizaci\u00f3n de la econom\u00eda europea\" \/>\n<meta property=\"og:description\" content=\"Adem\u00e1s, en Estados Unidos se dar\u00e1 a conocer una nueva estimaci\u00f3n del crecimiento de la regi\u00f3n durante el tercer trimestre del a\u00f1o.\" \/>\n<meta property=\"og:url\" content=\"https:\/\/www.tressis.com\/ca\/blog\/la-estabilizacion-de-la-economia-europea\/\" \/>\n<meta property=\"og:site_name\" content=\"Tressis\" \/>\n<meta property=\"article:publisher\" content=\"https:\/\/www.facebook.com\/Tressis\/\" \/>\n<meta property=\"article:published_time\" content=\"2019-11-25T09:54:32+00:00\" \/>\n<meta property=\"og:image\" content=\"https:\/\/www.tressis.com\/wp-content\/uploads\/2019\/11\/20191125.jpg\" \/>\n\t<meta property=\"og:image:width\" content=\"1100\" \/>\n\t<meta property=\"og:image:height\" content=\"487\" \/>\n\t<meta property=\"og:image:type\" content=\"image\/jpeg\" \/>\n<meta name=\"author\" content=\"Lola\" \/>\n<meta name=\"twitter:card\" content=\"summary_large_image\" \/>\n<meta name=\"twitter:creator\" content=\"@TressisSV\" \/>\n<meta name=\"twitter:site\" content=\"@TressisSV\" \/>\n<meta name=\"twitter:label1\" content=\"Escrit per\" \/>\n\t<meta name=\"twitter:data1\" content=\"Lola\" \/>\n\t<meta name=\"twitter:label2\" content=\"Temps estimat de lectura\" \/>\n\t<meta name=\"twitter:data2\" content=\"3 minuts\" \/>\n<script type=\"application\/ld+json\" class=\"yoast-schema-graph\">{\"@context\":\"https:\\\/\\\/schema.org\",\"@graph\":[{\"@type\":\"Article\",\"@id\":\"https:\\\/\\\/www.tressis.com\\\/ca\\\/blog\\\/la-estabilizacion-de-la-economia-europea\\\/#article\",\"isPartOf\":{\"@id\":\"https:\\\/\\\/www.tressis.com\\\/ca\\\/blog\\\/la-estabilizacion-de-la-economia-europea\\\/\"},\"author\":{\"name\":\"Lola\",\"@id\":\"https:\\\/\\\/www.tressis.com\\\/ca\\\/#\\\/schema\\\/person\\\/b833c1d724d8764920b6d6852c70584e\"},\"headline\":\"La estabilizaci\u00f3n de la econom\u00eda europea\",\"datePublished\":\"2019-11-25T09:54:32+00:00\",\"mainEntityOfPage\":{\"@id\":\"https:\\\/\\\/www.tressis.com\\\/ca\\\/blog\\\/la-estabilizacion-de-la-economia-europea\\\/\"},\"wordCount\":563,\"commentCount\":0,\"publisher\":{\"@id\":\"https:\\\/\\\/www.tressis.com\\\/ca\\\/#organization\"},\"image\":{\"@id\":\"https:\\\/\\\/www.tressis.com\\\/ca\\\/blog\\\/la-estabilizacion-de-la-economia-europea\\\/#primaryimage\"},\"thumbnailUrl\":\"https:\\\/\\\/www.tressis.com\\\/wp-content\\\/uploads\\\/2019\\\/11\\\/20191125.jpg\",\"articleSection\":[\"Morning meeting\"],\"inLanguage\":\"ca\",\"potentialAction\":[{\"@type\":\"CommentAction\",\"name\":\"Comment\",\"target\":[\"https:\\\/\\\/www.tressis.com\\\/ca\\\/blog\\\/la-estabilizacion-de-la-economia-europea\\\/#respond\"]}]},{\"@type\":\"WebPage\",\"@id\":\"https:\\\/\\\/www.tressis.com\\\/ca\\\/blog\\\/la-estabilizacion-de-la-economia-europea\\\/\",\"url\":\"https:\\\/\\\/www.tressis.com\\\/ca\\\/blog\\\/la-estabilizacion-de-la-economia-europea\\\/\",\"name\":\"La estabilizaci\u00f3n de la econom\u00eda europea\",\"isPartOf\":{\"@id\":\"https:\\\/\\\/www.tressis.com\\\/ca\\\/#website\"},\"primaryImageOfPage\":{\"@id\":\"https:\\\/\\\/www.tressis.com\\\/ca\\\/blog\\\/la-estabilizacion-de-la-economia-europea\\\/#primaryimage\"},\"image\":{\"@id\":\"https:\\\/\\\/www.tressis.com\\\/ca\\\/blog\\\/la-estabilizacion-de-la-economia-europea\\\/#primaryimage\"},\"thumbnailUrl\":\"https:\\\/\\\/www.tressis.com\\\/wp-content\\\/uploads\\\/2019\\\/11\\\/20191125.jpg\",\"datePublished\":\"2019-11-25T09:54:32+00:00\",\"description\":\"Adem\u00e1s, en Estados Unidos se dar\u00e1 a conocer una nueva estimaci\u00f3n del crecimiento de la regi\u00f3n durante el tercer trimestre del a\u00f1o.\",\"breadcrumb\":{\"@id\":\"https:\\\/\\\/www.tressis.com\\\/ca\\\/blog\\\/la-estabilizacion-de-la-economia-europea\\\/#breadcrumb\"},\"inLanguage\":\"ca\",\"potentialAction\":[{\"@type\":\"ReadAction\",\"target\":[\"https:\\\/\\\/www.tressis.com\\\/ca\\\/blog\\\/la-estabilizacion-de-la-economia-europea\\\/\"]}]},{\"@type\":\"ImageObject\",\"inLanguage\":\"ca\",\"@id\":\"https:\\\/\\\/www.tressis.com\\\/ca\\\/blog\\\/la-estabilizacion-de-la-economia-europea\\\/#primaryimage\",\"url\":\"https:\\\/\\\/www.tressis.com\\\/wp-content\\\/uploads\\\/2019\\\/11\\\/20191125.jpg\",\"contentUrl\":\"https:\\\/\\\/www.tressis.com\\\/wp-content\\\/uploads\\\/2019\\\/11\\\/20191125.jpg\",\"width\":1100,\"height\":487,\"caption\":\"La estabilizaci\u00f3n de la econom\u00eda europea.\"},{\"@type\":\"BreadcrumbList\",\"@id\":\"https:\\\/\\\/www.tressis.com\\\/ca\\\/blog\\\/la-estabilizacion-de-la-economia-europea\\\/#breadcrumb\",\"itemListElement\":[{\"@type\":\"ListItem\",\"position\":1,\"name\":\"Inicio\",\"item\":\"https:\\\/\\\/www.tressis.com\\\/ca\\\/\"},{\"@type\":\"ListItem\",\"position\":2,\"name\":\"La estabilizaci\u00f3n de la econom\u00eda europea\"}]},{\"@type\":\"WebSite\",\"@id\":\"https:\\\/\\\/www.tressis.com\\\/ca\\\/#website\",\"url\":\"https:\\\/\\\/www.tressis.com\\\/ca\\\/\",\"name\":\"Tressis banca privada\",\"description\":\"Tressis | Planificaci\u00f3n financiera y gesti\u00f3n de patrimonios\",\"publisher\":{\"@id\":\"https:\\\/\\\/www.tressis.com\\\/ca\\\/#organization\"},\"potentialAction\":[{\"@type\":\"SearchAction\",\"target\":{\"@type\":\"EntryPoint\",\"urlTemplate\":\"https:\\\/\\\/www.tressis.com\\\/ca\\\/?s={search_term_string}\"},\"query-input\":{\"@type\":\"PropertyValueSpecification\",\"valueRequired\":true,\"valueName\":\"search_term_string\"}}],\"inLanguage\":\"ca\"},{\"@type\":\"Organization\",\"@id\":\"https:\\\/\\\/www.tressis.com\\\/ca\\\/#organization\",\"name\":\"Tressis\",\"url\":\"https:\\\/\\\/www.tressis.com\\\/ca\\\/\",\"logo\":{\"@type\":\"ImageObject\",\"inLanguage\":\"ca\",\"@id\":\"https:\\\/\\\/www.tressis.com\\\/ca\\\/#\\\/schema\\\/logo\\\/image\\\/\",\"url\":\"https:\\\/\\\/www.tressis.com\\\/wp-content\\\/uploads\\\/2025\\\/06\\\/logo-tressis-112.png\",\"contentUrl\":\"https:\\\/\\\/www.tressis.com\\\/wp-content\\\/uploads\\\/2025\\\/06\\\/logo-tressis-112.png\",\"width\":112,\"height\":112,\"caption\":\"Tressis\"},\"image\":{\"@id\":\"https:\\\/\\\/www.tressis.com\\\/ca\\\/#\\\/schema\\\/logo\\\/image\\\/\"},\"sameAs\":[\"https:\\\/\\\/www.facebook.com\\\/Tressis\\\/\",\"https:\\\/\\\/x.com\\\/TressisSV\",\"https:\\\/\\\/www.instagram.com\\\/tressissv\\\/?hl=es\",\"https:\\\/\\\/linkedin.com\\\/company\\\/tressis\\\/\",\"https:\\\/\\\/www.youtube.com\\\/user\\\/tressissv\",\"https:\\\/\\\/open.spotify.com\\\/show\\\/3jmTe1Nf0wqMILl7diWV6h?si=d7112519f13c4593&nd=1\"]},{\"@type\":\"Person\",\"@id\":\"https:\\\/\\\/www.tressis.com\\\/ca\\\/#\\\/schema\\\/person\\\/b833c1d724d8764920b6d6852c70584e\",\"name\":\"Lola\",\"image\":{\"@type\":\"ImageObject\",\"inLanguage\":\"ca\",\"@id\":\"https:\\\/\\\/secure.gravatar.com\\\/avatar\\\/05e646486b23ff45df9649110609c7e31b8c4a3e2821caa23d6317f405e0c51d?s=96&d=mm&r=g\",\"url\":\"https:\\\/\\\/secure.gravatar.com\\\/avatar\\\/05e646486b23ff45df9649110609c7e31b8c4a3e2821caa23d6317f405e0c51d?s=96&d=mm&r=g\",\"contentUrl\":\"https:\\\/\\\/secure.gravatar.com\\\/avatar\\\/05e646486b23ff45df9649110609c7e31b8c4a3e2821caa23d6317f405e0c51d?s=96&d=mm&r=g\",\"caption\":\"Lola\"}}]}<\/script>\n<!-- \/ Yoast SEO plugin. -->","yoast_head_json":{"title":"La estabilizaci\u00f3n de la econom\u00eda europea","description":"Adem\u00e1s, en Estados Unidos se dar\u00e1 a conocer una nueva estimaci\u00f3n del crecimiento de la regi\u00f3n durante el tercer trimestre del a\u00f1o.","robots":{"index":"index","follow":"follow","max-snippet":"max-snippet:-1","max-image-preview":"max-image-preview:large","max-video-preview":"max-video-preview:-1"},"canonical":"https:\/\/www.tressis.com\/ca\/blog\/la-estabilizacion-de-la-economia-europea\/","og_locale":"ca_ES","og_type":"article","og_title":"La estabilizaci\u00f3n de la econom\u00eda europea","og_description":"Adem\u00e1s, en Estados Unidos se dar\u00e1 a conocer una nueva estimaci\u00f3n del crecimiento de la regi\u00f3n durante el tercer trimestre del a\u00f1o.","og_url":"https:\/\/www.tressis.com\/ca\/blog\/la-estabilizacion-de-la-economia-europea\/","og_site_name":"Tressis","article_publisher":"https:\/\/www.facebook.com\/Tressis\/","article_published_time":"2019-11-25T09:54:32+00:00","og_image":[{"width":1100,"height":487,"url":"https:\/\/www.tressis.com\/wp-content\/uploads\/2019\/11\/20191125.jpg","type":"image\/jpeg"}],"author":"Lola","twitter_card":"summary_large_image","twitter_creator":"@TressisSV","twitter_site":"@TressisSV","twitter_misc":{"Escrit per":"Lola","Temps estimat de lectura":"3 minuts"},"schema":{"@context":"https:\/\/schema.org","@graph":[{"@type":"Article","@id":"https:\/\/www.tressis.com\/ca\/blog\/la-estabilizacion-de-la-economia-europea\/#article","isPartOf":{"@id":"https:\/\/www.tressis.com\/ca\/blog\/la-estabilizacion-de-la-economia-europea\/"},"author":{"name":"Lola","@id":"https:\/\/www.tressis.com\/ca\/#\/schema\/person\/b833c1d724d8764920b6d6852c70584e"},"headline":"La estabilizaci\u00f3n de la econom\u00eda europea","datePublished":"2019-11-25T09:54:32+00:00","mainEntityOfPage":{"@id":"https:\/\/www.tressis.com\/ca\/blog\/la-estabilizacion-de-la-economia-europea\/"},"wordCount":563,"commentCount":0,"publisher":{"@id":"https:\/\/www.tressis.com\/ca\/#organization"},"image":{"@id":"https:\/\/www.tressis.com\/ca\/blog\/la-estabilizacion-de-la-economia-europea\/#primaryimage"},"thumbnailUrl":"https:\/\/www.tressis.com\/wp-content\/uploads\/2019\/11\/20191125.jpg","articleSection":["Morning meeting"],"inLanguage":"ca","potentialAction":[{"@type":"CommentAction","name":"Comment","target":["https:\/\/www.tressis.com\/ca\/blog\/la-estabilizacion-de-la-economia-europea\/#respond"]}]},{"@type":"WebPage","@id":"https:\/\/www.tressis.com\/ca\/blog\/la-estabilizacion-de-la-economia-europea\/","url":"https:\/\/www.tressis.com\/ca\/blog\/la-estabilizacion-de-la-economia-europea\/","name":"La estabilizaci\u00f3n de la econom\u00eda europea","isPartOf":{"@id":"https:\/\/www.tressis.com\/ca\/#website"},"primaryImageOfPage":{"@id":"https:\/\/www.tressis.com\/ca\/blog\/la-estabilizacion-de-la-economia-europea\/#primaryimage"},"image":{"@id":"https:\/\/www.tressis.com\/ca\/blog\/la-estabilizacion-de-la-economia-europea\/#primaryimage"},"thumbnailUrl":"https:\/\/www.tressis.com\/wp-content\/uploads\/2019\/11\/20191125.jpg","datePublished":"2019-11-25T09:54:32+00:00","description":"Adem\u00e1s, en Estados Unidos se dar\u00e1 a conocer una nueva estimaci\u00f3n del crecimiento de la regi\u00f3n durante el tercer trimestre del a\u00f1o.","breadcrumb":{"@id":"https:\/\/www.tressis.com\/ca\/blog\/la-estabilizacion-de-la-economia-europea\/#breadcrumb"},"inLanguage":"ca","potentialAction":[{"@type":"ReadAction","target":["https:\/\/www.tressis.com\/ca\/blog\/la-estabilizacion-de-la-economia-europea\/"]}]},{"@type":"ImageObject","inLanguage":"ca","@id":"https:\/\/www.tressis.com\/ca\/blog\/la-estabilizacion-de-la-economia-europea\/#primaryimage","url":"https:\/\/www.tressis.com\/wp-content\/uploads\/2019\/11\/20191125.jpg","contentUrl":"https:\/\/www.tressis.com\/wp-content\/uploads\/2019\/11\/20191125.jpg","width":1100,"height":487,"caption":"La estabilizaci\u00f3n de la econom\u00eda europea."},{"@type":"BreadcrumbList","@id":"https:\/\/www.tressis.com\/ca\/blog\/la-estabilizacion-de-la-economia-europea\/#breadcrumb","itemListElement":[{"@type":"ListItem","position":1,"name":"Inicio","item":"https:\/\/www.tressis.com\/ca\/"},{"@type":"ListItem","position":2,"name":"La estabilizaci\u00f3n de la econom\u00eda europea"}]},{"@type":"WebSite","@id":"https:\/\/www.tressis.com\/ca\/#website","url":"https:\/\/www.tressis.com\/ca\/","name":"Tressis banca privada","description":"Tressis | Planificaci\u00f3n financiera y gesti\u00f3n de patrimonios","publisher":{"@id":"https:\/\/www.tressis.com\/ca\/#organization"},"potentialAction":[{"@type":"SearchAction","target":{"@type":"EntryPoint","urlTemplate":"https:\/\/www.tressis.com\/ca\/?s={search_term_string}"},"query-input":{"@type":"PropertyValueSpecification","valueRequired":true,"valueName":"search_term_string"}}],"inLanguage":"ca"},{"@type":"Organization","@id":"https:\/\/www.tressis.com\/ca\/#organization","name":"Tressis","url":"https:\/\/www.tressis.com\/ca\/","logo":{"@type":"ImageObject","inLanguage":"ca","@id":"https:\/\/www.tressis.com\/ca\/#\/schema\/logo\/image\/","url":"https:\/\/www.tressis.com\/wp-content\/uploads\/2025\/06\/logo-tressis-112.png","contentUrl":"https:\/\/www.tressis.com\/wp-content\/uploads\/2025\/06\/logo-tressis-112.png","width":112,"height":112,"caption":"Tressis"},"image":{"@id":"https:\/\/www.tressis.com\/ca\/#\/schema\/logo\/image\/"},"sameAs":["https:\/\/www.facebook.com\/Tressis\/","https:\/\/x.com\/TressisSV","https:\/\/www.instagram.com\/tressissv\/?hl=es","https:\/\/linkedin.com\/company\/tressis\/","https:\/\/www.youtube.com\/user\/tressissv","https:\/\/open.spotify.com\/show\/3jmTe1Nf0wqMILl7diWV6h?si=d7112519f13c4593&nd=1"]},{"@type":"Person","@id":"https:\/\/www.tressis.com\/ca\/#\/schema\/person\/b833c1d724d8764920b6d6852c70584e","name":"Lola","image":{"@type":"ImageObject","inLanguage":"ca","@id":"https:\/\/secure.gravatar.com\/avatar\/05e646486b23ff45df9649110609c7e31b8c4a3e2821caa23d6317f405e0c51d?s=96&d=mm&r=g","url":"https:\/\/secure.gravatar.com\/avatar\/05e646486b23ff45df9649110609c7e31b8c4a3e2821caa23d6317f405e0c51d?s=96&d=mm&r=g","contentUrl":"https:\/\/secure.gravatar.com\/avatar\/05e646486b23ff45df9649110609c7e31b8c4a3e2821caa23d6317f405e0c51d?s=96&d=mm&r=g","caption":"Lola"}}]}},"_links":{"self":[{"href":"https:\/\/www.tressis.com\/ca\/wp-json\/wp\/v2\/posts\/33202","targetHints":{"allow":["GET"]}}],"collection":[{"href":"https:\/\/www.tressis.com\/ca\/wp-json\/wp\/v2\/posts"}],"about":[{"href":"https:\/\/www.tressis.com\/ca\/wp-json\/wp\/v2\/types\/post"}],"author":[{"embeddable":true,"href":"https:\/\/www.tressis.com\/ca\/wp-json\/wp\/v2\/users\/4"}],"replies":[{"embeddable":true,"href":"https:\/\/www.tressis.com\/ca\/wp-json\/wp\/v2\/comments?post=33202"}],"version-history":[{"count":0,"href":"https:\/\/www.tressis.com\/ca\/wp-json\/wp\/v2\/posts\/33202\/revisions"}],"wp:featuredmedia":[{"embeddable":true,"href":"https:\/\/www.tressis.com\/ca\/wp-json\/wp\/v2\/media\/33205"}],"wp:attachment":[{"href":"https:\/\/www.tressis.com\/ca\/wp-json\/wp\/v2\/media?parent=33202"}],"wp:term":[{"taxonomy":"category","embeddable":true,"href":"https:\/\/www.tressis.com\/ca\/wp-json\/wp\/v2\/categories?post=33202"},{"taxonomy":"post_tag","embeddable":true,"href":"https:\/\/www.tressis.com\/ca\/wp-json\/wp\/v2\/tags?post=33202"}],"curies":[{"name":"wp","href":"https:\/\/api.w.org\/{rel}","templated":true}]}}