{"id":33191,"date":"2019-11-22T11:07:18","date_gmt":"2019-11-22T10:07:18","guid":{"rendered":"http:\/\/www.tressis.com\/blog\/?p=33191"},"modified":"2019-11-22T11:07:18","modified_gmt":"2019-11-22T10:07:18","slug":"la-omnipresente-primera-fase-del-acuerdo-comercial","status":"publish","type":"post","link":"https:\/\/www.tressis.com\/ca\/blog\/la-omnipresente-primera-fase-del-acuerdo-comercial\/","title":{"rendered":"La omnipresente primera fase del acuerdo comercial"},"content":{"rendered":"<p>China huele sangre y, evidentemente, se aprovecha. <!--more-->No pensemos que la demora que se est\u00e1 produciendo en la firma de la omnipresente primera fase del acuerdo comercial es casual. En Pek\u00edn son completamente conscientes de que Donald Trump necesita que la econom\u00eda se mantenga en pleno estado de forma para poder renovar su mandato. Aquellas elecciones que se han producido durante o justo despu\u00e9s de un mal per\u00edodo econ\u00f3mico suelen perjudicar al candidato que concurre desde la Casa Blanca. Y es que el 15 de diciembre es una fecha clave porque entrar\u00edan en vigor aranceles a productos de consumo, que no tienen sustitutivos cercanos en otros pa\u00edses emergentes de los que importarlos. Por lo tanto, estas tarifas tendr\u00edan un impacto directo sobre el consumidor americano, el cual representa el 60-70% del crecimiento del PIB, que es tambi\u00e9n el votante. Esto es lo que quieren evitar en Washington y es con lo que juegan desde China. De hecho, ya han invitado a una delegaci\u00f3n estadounidense a viajar a tierras asi\u00e1ticas para volver a hablar presencialmente. Nos quedan tres semanas de \u201ctira y afloja\u201d.<\/p>\n<p>Aparte de nuestro cap\u00edtulo diario de la telenovela \u201cAmar en tiempos de guerra comercial\u201d, cabe destacar que los datos macroecon\u00f3micos europeos est\u00e1n dando se\u00f1ales de haber tocado fondo e, incluso, estar repuntando ligeramente. Ayer ve\u00edamos la peque\u00f1a mejora en la confianza del consumidor de la eurozona, la cual, en su lectura del mes de octubre, se hab\u00eda situado en niveles de noviembre de 2018, cuando fue precisamente el sentimiento el que nos llev\u00f3 al desplome indiscriminado durante \u00faltimo trimestre del a\u00f1o. Pero es que hoy, Alemania ratificaba que seguir\u00e1 fuera de la recesi\u00f3n t\u00e9cnica por, al menos, medio a\u00f1o m\u00e1s, al confirmar el crecimiento del tercer trimestre de 2019 en el 0,1%. Tambi\u00e9n los PMI manufactureros eran un poco mejores, pues, aunque tanto el germano como el agregado de la eurozona contin\u00faen en zona de contracci\u00f3n, ambos superaban tanto a las expectativas de los analistas como a sus lecturas previas.<\/p>\n<p>Con esto, finalizamos por esta semana. S\u00ed, sin <i>brexit<\/i>. Incre\u00edble pero cierto. En Londres estos d\u00edas est\u00e1n m\u00e1s pendientes de su Casa Real que de sus pol\u00edticos. Hac\u00eda a\u00f1os que los Windsor no daban \u201ccarnaza\u201d a su prensa rosa (amarilla en el caso del Reino Unido), pero ya tenemos al duque de York para inexplicablemente cambiar este hecho. Si es que la mona aunque se vista de seda\u2026<\/p>\n<p>Buen fin de semana.<\/p>\n<p><center><strong>M\u00aa Salom\u00e9 Bouzas Romero<\/strong><br \/>\nDirecci\u00f3n de Inversiones<\/center><\/p>\n","protected":false},"excerpt":{"rendered":"<p>China huele sangre y, evidentemente, se aprovecha.<\/p>\n","protected":false},"author":4,"featured_media":33194,"comment_status":"open","ping_status":"closed","sticky":false,"template":"","format":"standard","meta":{"_acf_changed":false,"footnotes":""},"categories":[9721],"tags":[],"class_list":["post-33191","post","type-post","status-publish","format-standard","has-post-thumbnail","hentry","category-morning-meeting"],"acf":[],"yoast_head":"<!-- This site is optimized with the Yoast SEO plugin v27.5 - https:\/\/yoast.com\/product\/yoast-seo-wordpress\/ -->\n<title>La omnipresente primera fase del acuerdo comercial<\/title>\n<meta name=\"description\" content=\"En Pek\u00edn son completamente conscientes de que Donald Trump necesita que la econom\u00eda se mantenga en pleno estado de forma para poder renovar su mandato.\" \/>\n<meta name=\"robots\" content=\"index, follow, max-snippet:-1, max-image-preview:large, max-video-preview:-1\" \/>\n<link rel=\"canonical\" href=\"https:\/\/www.tressis.com\/ca\/blog\/la-omnipresente-primera-fase-del-acuerdo-comercial\/\" \/>\n<meta property=\"og:locale\" content=\"ca_ES\" \/>\n<meta property=\"og:type\" content=\"article\" \/>\n<meta property=\"og:title\" content=\"La omnipresente primera fase del acuerdo comercial\" \/>\n<meta property=\"og:description\" content=\"En Pek\u00edn son completamente conscientes de que Donald Trump necesita que la econom\u00eda se mantenga en pleno estado de forma para poder renovar su mandato.\" \/>\n<meta property=\"og:url\" content=\"https:\/\/www.tressis.com\/ca\/blog\/la-omnipresente-primera-fase-del-acuerdo-comercial\/\" \/>\n<meta property=\"og:site_name\" content=\"Tressis\" \/>\n<meta property=\"article:publisher\" content=\"https:\/\/www.facebook.com\/Tressis\/\" \/>\n<meta property=\"article:published_time\" content=\"2019-11-22T10:07:18+00:00\" \/>\n<meta property=\"og:image\" content=\"https:\/\/www.tressis.com\/wp-content\/uploads\/2019\/11\/20191122.jpg\" \/>\n\t<meta property=\"og:image:width\" content=\"1100\" \/>\n\t<meta property=\"og:image:height\" content=\"487\" \/>\n\t<meta property=\"og:image:type\" content=\"image\/jpeg\" \/>\n<meta name=\"author\" content=\"Lola\" \/>\n<meta name=\"twitter:card\" content=\"summary_large_image\" \/>\n<meta name=\"twitter:creator\" content=\"@TressisSV\" \/>\n<meta name=\"twitter:site\" content=\"@TressisSV\" \/>\n<meta name=\"twitter:label1\" content=\"Escrit per\" \/>\n\t<meta name=\"twitter:data1\" content=\"Lola\" \/>\n\t<meta name=\"twitter:label2\" content=\"Temps estimat de lectura\" \/>\n\t<meta name=\"twitter:data2\" content=\"2 minuts\" \/>\n<script type=\"application\/ld+json\" class=\"yoast-schema-graph\">{\"@context\":\"https:\\\/\\\/schema.org\",\"@graph\":[{\"@type\":\"Article\",\"@id\":\"https:\\\/\\\/www.tressis.com\\\/ca\\\/blog\\\/la-omnipresente-primera-fase-del-acuerdo-comercial\\\/#article\",\"isPartOf\":{\"@id\":\"https:\\\/\\\/www.tressis.com\\\/ca\\\/blog\\\/la-omnipresente-primera-fase-del-acuerdo-comercial\\\/\"},\"author\":{\"name\":\"Lola\",\"@id\":\"https:\\\/\\\/www.tressis.com\\\/ca\\\/#\\\/schema\\\/person\\\/b833c1d724d8764920b6d6852c70584e\"},\"headline\":\"La omnipresente primera fase del acuerdo comercial\",\"datePublished\":\"2019-11-22T10:07:18+00:00\",\"mainEntityOfPage\":{\"@id\":\"https:\\\/\\\/www.tressis.com\\\/ca\\\/blog\\\/la-omnipresente-primera-fase-del-acuerdo-comercial\\\/\"},\"wordCount\":448,\"commentCount\":0,\"publisher\":{\"@id\":\"https:\\\/\\\/www.tressis.com\\\/ca\\\/#organization\"},\"image\":{\"@id\":\"https:\\\/\\\/www.tressis.com\\\/ca\\\/blog\\\/la-omnipresente-primera-fase-del-acuerdo-comercial\\\/#primaryimage\"},\"thumbnailUrl\":\"https:\\\/\\\/www.tressis.com\\\/wp-content\\\/uploads\\\/2019\\\/11\\\/20191122.jpg\",\"articleSection\":[\"Morning meeting\"],\"inLanguage\":\"ca\",\"potentialAction\":[{\"@type\":\"CommentAction\",\"name\":\"Comment\",\"target\":[\"https:\\\/\\\/www.tressis.com\\\/ca\\\/blog\\\/la-omnipresente-primera-fase-del-acuerdo-comercial\\\/#respond\"]}]},{\"@type\":\"WebPage\",\"@id\":\"https:\\\/\\\/www.tressis.com\\\/ca\\\/blog\\\/la-omnipresente-primera-fase-del-acuerdo-comercial\\\/\",\"url\":\"https:\\\/\\\/www.tressis.com\\\/ca\\\/blog\\\/la-omnipresente-primera-fase-del-acuerdo-comercial\\\/\",\"name\":\"La omnipresente primera fase del acuerdo comercial\",\"isPartOf\":{\"@id\":\"https:\\\/\\\/www.tressis.com\\\/ca\\\/#website\"},\"primaryImageOfPage\":{\"@id\":\"https:\\\/\\\/www.tressis.com\\\/ca\\\/blog\\\/la-omnipresente-primera-fase-del-acuerdo-comercial\\\/#primaryimage\"},\"image\":{\"@id\":\"https:\\\/\\\/www.tressis.com\\\/ca\\\/blog\\\/la-omnipresente-primera-fase-del-acuerdo-comercial\\\/#primaryimage\"},\"thumbnailUrl\":\"https:\\\/\\\/www.tressis.com\\\/wp-content\\\/uploads\\\/2019\\\/11\\\/20191122.jpg\",\"datePublished\":\"2019-11-22T10:07:18+00:00\",\"description\":\"En Pek\u00edn son completamente conscientes de que Donald Trump necesita que la econom\u00eda se mantenga en pleno estado de forma para poder renovar su mandato.\",\"breadcrumb\":{\"@id\":\"https:\\\/\\\/www.tressis.com\\\/ca\\\/blog\\\/la-omnipresente-primera-fase-del-acuerdo-comercial\\\/#breadcrumb\"},\"inLanguage\":\"ca\",\"potentialAction\":[{\"@type\":\"ReadAction\",\"target\":[\"https:\\\/\\\/www.tressis.com\\\/ca\\\/blog\\\/la-omnipresente-primera-fase-del-acuerdo-comercial\\\/\"]}]},{\"@type\":\"ImageObject\",\"inLanguage\":\"ca\",\"@id\":\"https:\\\/\\\/www.tressis.com\\\/ca\\\/blog\\\/la-omnipresente-primera-fase-del-acuerdo-comercial\\\/#primaryimage\",\"url\":\"https:\\\/\\\/www.tressis.com\\\/wp-content\\\/uploads\\\/2019\\\/11\\\/20191122.jpg\",\"contentUrl\":\"https:\\\/\\\/www.tressis.com\\\/wp-content\\\/uploads\\\/2019\\\/11\\\/20191122.jpg\",\"width\":1100,\"height\":487,\"caption\":\"La omnipresente primera fase del acuerdo comercial\"},{\"@type\":\"BreadcrumbList\",\"@id\":\"https:\\\/\\\/www.tressis.com\\\/ca\\\/blog\\\/la-omnipresente-primera-fase-del-acuerdo-comercial\\\/#breadcrumb\",\"itemListElement\":[{\"@type\":\"ListItem\",\"position\":1,\"name\":\"Inicio\",\"item\":\"https:\\\/\\\/www.tressis.com\\\/ca\\\/\"},{\"@type\":\"ListItem\",\"position\":2,\"name\":\"La omnipresente primera fase del acuerdo comercial\"}]},{\"@type\":\"WebSite\",\"@id\":\"https:\\\/\\\/www.tressis.com\\\/ca\\\/#website\",\"url\":\"https:\\\/\\\/www.tressis.com\\\/ca\\\/\",\"name\":\"Tressis banca privada\",\"description\":\"Tressis | Planificaci\u00f3n financiera y gesti\u00f3n de patrimonios\",\"publisher\":{\"@id\":\"https:\\\/\\\/www.tressis.com\\\/ca\\\/#organization\"},\"potentialAction\":[{\"@type\":\"SearchAction\",\"target\":{\"@type\":\"EntryPoint\",\"urlTemplate\":\"https:\\\/\\\/www.tressis.com\\\/ca\\\/?s={search_term_string}\"},\"query-input\":{\"@type\":\"PropertyValueSpecification\",\"valueRequired\":true,\"valueName\":\"search_term_string\"}}],\"inLanguage\":\"ca\"},{\"@type\":\"Organization\",\"@id\":\"https:\\\/\\\/www.tressis.com\\\/ca\\\/#organization\",\"name\":\"Tressis\",\"url\":\"https:\\\/\\\/www.tressis.com\\\/ca\\\/\",\"logo\":{\"@type\":\"ImageObject\",\"inLanguage\":\"ca\",\"@id\":\"https:\\\/\\\/www.tressis.com\\\/ca\\\/#\\\/schema\\\/logo\\\/image\\\/\",\"url\":\"https:\\\/\\\/www.tressis.com\\\/wp-content\\\/uploads\\\/2025\\\/06\\\/logo-tressis-112.png\",\"contentUrl\":\"https:\\\/\\\/www.tressis.com\\\/wp-content\\\/uploads\\\/2025\\\/06\\\/logo-tressis-112.png\",\"width\":112,\"height\":112,\"caption\":\"Tressis\"},\"image\":{\"@id\":\"https:\\\/\\\/www.tressis.com\\\/ca\\\/#\\\/schema\\\/logo\\\/image\\\/\"},\"sameAs\":[\"https:\\\/\\\/www.facebook.com\\\/Tressis\\\/\",\"https:\\\/\\\/x.com\\\/TressisSV\",\"https:\\\/\\\/www.instagram.com\\\/tressissv\\\/?hl=es\",\"https:\\\/\\\/linkedin.com\\\/company\\\/tressis\\\/\",\"https:\\\/\\\/www.youtube.com\\\/user\\\/tressissv\",\"https:\\\/\\\/open.spotify.com\\\/show\\\/3jmTe1Nf0wqMILl7diWV6h?si=d7112519f13c4593&nd=1\"]},{\"@type\":\"Person\",\"@id\":\"https:\\\/\\\/www.tressis.com\\\/ca\\\/#\\\/schema\\\/person\\\/b833c1d724d8764920b6d6852c70584e\",\"name\":\"Lola\",\"image\":{\"@type\":\"ImageObject\",\"inLanguage\":\"ca\",\"@id\":\"https:\\\/\\\/secure.gravatar.com\\\/avatar\\\/05e646486b23ff45df9649110609c7e31b8c4a3e2821caa23d6317f405e0c51d?s=96&d=mm&r=g\",\"url\":\"https:\\\/\\\/secure.gravatar.com\\\/avatar\\\/05e646486b23ff45df9649110609c7e31b8c4a3e2821caa23d6317f405e0c51d?s=96&d=mm&r=g\",\"contentUrl\":\"https:\\\/\\\/secure.gravatar.com\\\/avatar\\\/05e646486b23ff45df9649110609c7e31b8c4a3e2821caa23d6317f405e0c51d?s=96&d=mm&r=g\",\"caption\":\"Lola\"}}]}<\/script>\n<!-- \/ Yoast SEO plugin. -->","yoast_head_json":{"title":"La omnipresente primera fase del acuerdo comercial","description":"En Pek\u00edn son completamente conscientes de que Donald Trump necesita que la econom\u00eda se mantenga en pleno estado de forma para poder renovar su mandato.","robots":{"index":"index","follow":"follow","max-snippet":"max-snippet:-1","max-image-preview":"max-image-preview:large","max-video-preview":"max-video-preview:-1"},"canonical":"https:\/\/www.tressis.com\/ca\/blog\/la-omnipresente-primera-fase-del-acuerdo-comercial\/","og_locale":"ca_ES","og_type":"article","og_title":"La omnipresente primera fase del acuerdo comercial","og_description":"En Pek\u00edn son completamente conscientes de que Donald Trump necesita que la econom\u00eda se mantenga en pleno estado de forma para poder renovar su mandato.","og_url":"https:\/\/www.tressis.com\/ca\/blog\/la-omnipresente-primera-fase-del-acuerdo-comercial\/","og_site_name":"Tressis","article_publisher":"https:\/\/www.facebook.com\/Tressis\/","article_published_time":"2019-11-22T10:07:18+00:00","og_image":[{"width":1100,"height":487,"url":"https:\/\/www.tressis.com\/wp-content\/uploads\/2019\/11\/20191122.jpg","type":"image\/jpeg"}],"author":"Lola","twitter_card":"summary_large_image","twitter_creator":"@TressisSV","twitter_site":"@TressisSV","twitter_misc":{"Escrit per":"Lola","Temps estimat de lectura":"2 minuts"},"schema":{"@context":"https:\/\/schema.org","@graph":[{"@type":"Article","@id":"https:\/\/www.tressis.com\/ca\/blog\/la-omnipresente-primera-fase-del-acuerdo-comercial\/#article","isPartOf":{"@id":"https:\/\/www.tressis.com\/ca\/blog\/la-omnipresente-primera-fase-del-acuerdo-comercial\/"},"author":{"name":"Lola","@id":"https:\/\/www.tressis.com\/ca\/#\/schema\/person\/b833c1d724d8764920b6d6852c70584e"},"headline":"La omnipresente primera fase del acuerdo comercial","datePublished":"2019-11-22T10:07:18+00:00","mainEntityOfPage":{"@id":"https:\/\/www.tressis.com\/ca\/blog\/la-omnipresente-primera-fase-del-acuerdo-comercial\/"},"wordCount":448,"commentCount":0,"publisher":{"@id":"https:\/\/www.tressis.com\/ca\/#organization"},"image":{"@id":"https:\/\/www.tressis.com\/ca\/blog\/la-omnipresente-primera-fase-del-acuerdo-comercial\/#primaryimage"},"thumbnailUrl":"https:\/\/www.tressis.com\/wp-content\/uploads\/2019\/11\/20191122.jpg","articleSection":["Morning meeting"],"inLanguage":"ca","potentialAction":[{"@type":"CommentAction","name":"Comment","target":["https:\/\/www.tressis.com\/ca\/blog\/la-omnipresente-primera-fase-del-acuerdo-comercial\/#respond"]}]},{"@type":"WebPage","@id":"https:\/\/www.tressis.com\/ca\/blog\/la-omnipresente-primera-fase-del-acuerdo-comercial\/","url":"https:\/\/www.tressis.com\/ca\/blog\/la-omnipresente-primera-fase-del-acuerdo-comercial\/","name":"La omnipresente primera fase del acuerdo comercial","isPartOf":{"@id":"https:\/\/www.tressis.com\/ca\/#website"},"primaryImageOfPage":{"@id":"https:\/\/www.tressis.com\/ca\/blog\/la-omnipresente-primera-fase-del-acuerdo-comercial\/#primaryimage"},"image":{"@id":"https:\/\/www.tressis.com\/ca\/blog\/la-omnipresente-primera-fase-del-acuerdo-comercial\/#primaryimage"},"thumbnailUrl":"https:\/\/www.tressis.com\/wp-content\/uploads\/2019\/11\/20191122.jpg","datePublished":"2019-11-22T10:07:18+00:00","description":"En Pek\u00edn son completamente conscientes de que Donald Trump necesita que la econom\u00eda se mantenga en pleno estado de forma para poder renovar su mandato.","breadcrumb":{"@id":"https:\/\/www.tressis.com\/ca\/blog\/la-omnipresente-primera-fase-del-acuerdo-comercial\/#breadcrumb"},"inLanguage":"ca","potentialAction":[{"@type":"ReadAction","target":["https:\/\/www.tressis.com\/ca\/blog\/la-omnipresente-primera-fase-del-acuerdo-comercial\/"]}]},{"@type":"ImageObject","inLanguage":"ca","@id":"https:\/\/www.tressis.com\/ca\/blog\/la-omnipresente-primera-fase-del-acuerdo-comercial\/#primaryimage","url":"https:\/\/www.tressis.com\/wp-content\/uploads\/2019\/11\/20191122.jpg","contentUrl":"https:\/\/www.tressis.com\/wp-content\/uploads\/2019\/11\/20191122.jpg","width":1100,"height":487,"caption":"La omnipresente primera fase del acuerdo comercial"},{"@type":"BreadcrumbList","@id":"https:\/\/www.tressis.com\/ca\/blog\/la-omnipresente-primera-fase-del-acuerdo-comercial\/#breadcrumb","itemListElement":[{"@type":"ListItem","position":1,"name":"Inicio","item":"https:\/\/www.tressis.com\/ca\/"},{"@type":"ListItem","position":2,"name":"La omnipresente primera fase del acuerdo comercial"}]},{"@type":"WebSite","@id":"https:\/\/www.tressis.com\/ca\/#website","url":"https:\/\/www.tressis.com\/ca\/","name":"Tressis banca privada","description":"Tressis | Planificaci\u00f3n financiera y gesti\u00f3n de patrimonios","publisher":{"@id":"https:\/\/www.tressis.com\/ca\/#organization"},"potentialAction":[{"@type":"SearchAction","target":{"@type":"EntryPoint","urlTemplate":"https:\/\/www.tressis.com\/ca\/?s={search_term_string}"},"query-input":{"@type":"PropertyValueSpecification","valueRequired":true,"valueName":"search_term_string"}}],"inLanguage":"ca"},{"@type":"Organization","@id":"https:\/\/www.tressis.com\/ca\/#organization","name":"Tressis","url":"https:\/\/www.tressis.com\/ca\/","logo":{"@type":"ImageObject","inLanguage":"ca","@id":"https:\/\/www.tressis.com\/ca\/#\/schema\/logo\/image\/","url":"https:\/\/www.tressis.com\/wp-content\/uploads\/2025\/06\/logo-tressis-112.png","contentUrl":"https:\/\/www.tressis.com\/wp-content\/uploads\/2025\/06\/logo-tressis-112.png","width":112,"height":112,"caption":"Tressis"},"image":{"@id":"https:\/\/www.tressis.com\/ca\/#\/schema\/logo\/image\/"},"sameAs":["https:\/\/www.facebook.com\/Tressis\/","https:\/\/x.com\/TressisSV","https:\/\/www.instagram.com\/tressissv\/?hl=es","https:\/\/linkedin.com\/company\/tressis\/","https:\/\/www.youtube.com\/user\/tressissv","https:\/\/open.spotify.com\/show\/3jmTe1Nf0wqMILl7diWV6h?si=d7112519f13c4593&nd=1"]},{"@type":"Person","@id":"https:\/\/www.tressis.com\/ca\/#\/schema\/person\/b833c1d724d8764920b6d6852c70584e","name":"Lola","image":{"@type":"ImageObject","inLanguage":"ca","@id":"https:\/\/secure.gravatar.com\/avatar\/05e646486b23ff45df9649110609c7e31b8c4a3e2821caa23d6317f405e0c51d?s=96&d=mm&r=g","url":"https:\/\/secure.gravatar.com\/avatar\/05e646486b23ff45df9649110609c7e31b8c4a3e2821caa23d6317f405e0c51d?s=96&d=mm&r=g","contentUrl":"https:\/\/secure.gravatar.com\/avatar\/05e646486b23ff45df9649110609c7e31b8c4a3e2821caa23d6317f405e0c51d?s=96&d=mm&r=g","caption":"Lola"}}]}},"_links":{"self":[{"href":"https:\/\/www.tressis.com\/ca\/wp-json\/wp\/v2\/posts\/33191","targetHints":{"allow":["GET"]}}],"collection":[{"href":"https:\/\/www.tressis.com\/ca\/wp-json\/wp\/v2\/posts"}],"about":[{"href":"https:\/\/www.tressis.com\/ca\/wp-json\/wp\/v2\/types\/post"}],"author":[{"embeddable":true,"href":"https:\/\/www.tressis.com\/ca\/wp-json\/wp\/v2\/users\/4"}],"replies":[{"embeddable":true,"href":"https:\/\/www.tressis.com\/ca\/wp-json\/wp\/v2\/comments?post=33191"}],"version-history":[{"count":0,"href":"https:\/\/www.tressis.com\/ca\/wp-json\/wp\/v2\/posts\/33191\/revisions"}],"wp:featuredmedia":[{"embeddable":true,"href":"https:\/\/www.tressis.com\/ca\/wp-json\/wp\/v2\/media\/33194"}],"wp:attachment":[{"href":"https:\/\/www.tressis.com\/ca\/wp-json\/wp\/v2\/media?parent=33191"}],"wp:term":[{"taxonomy":"category","embeddable":true,"href":"https:\/\/www.tressis.com\/ca\/wp-json\/wp\/v2\/categories?post=33191"},{"taxonomy":"post_tag","embeddable":true,"href":"https:\/\/www.tressis.com\/ca\/wp-json\/wp\/v2\/tags?post=33191"}],"curies":[{"name":"wp","href":"https:\/\/api.w.org\/{rel}","templated":true}]}}