{"id":32828,"date":"2019-10-21T11:14:23","date_gmt":"2019-10-21T09:14:23","guid":{"rendered":"http:\/\/www.tressis.com\/blog\/?p=32828"},"modified":"2019-10-21T11:14:23","modified_gmt":"2019-10-21T09:14:23","slug":"finalmente-se-aplaza-el-brexit","status":"publish","type":"post","link":"https:\/\/www.tressis.com\/ca\/blog\/finalmente-se-aplaza-el-brexit\/","title":{"rendered":"Finalmente se aplaza el brexit"},"content":{"rendered":"<p>El gobierno brit\u00e1nico finalmente aplaz\u00f3 la votaci\u00f3n del acuerdo del <i>brexit<\/i>.<!--more--> La decisi\u00f3n ocurr\u00eda tras la aprobaci\u00f3n de una enmienda que fuerza al primer ministro, Boris Johnson, a pedir una pr\u00f3rroga m\u00e1s all\u00e1 del 31 de octubre. Por su parte, el l\u00edder de los unionistas en el Parlamento de Westminster, Nigel Dodds, afirm\u00f3 que este retraso &#8220;dar\u00e1 m\u00e1s tiempo para una consideraci\u00f3n del proyecto de ley y tambi\u00e9n dar\u00e1 la oportunidad de considerar en detalle cualquier enmienda que se presente&#8221;, lo cual dejaba la puerta abierta a que se pueda llegar a aprobar un acuerdo en alg\u00fan momento antes del d\u00eda 31.<\/p>\n<p>Esa era la noticia m\u00e1s rese\u00f1able del fin de semana. Pero no la \u00fanica. La balanza comercial de la eurozona aumentaba su super\u00e1vit gracias a las partidas de servicios y rentas primarias. Una magn\u00edfica publicaci\u00f3n para una zona euro que poco a poco se acerca a la temida recesi\u00f3n. No obstante, el resto de los datos macroecon\u00f3micos conocidos la pasada semana han continuado teniendo un tono negativo.<\/p>\n<p>Por su parte, la temporada de resultados en EE.UU. va ganando protagonismo. Hasta la fecha ha presentado el 14% del S&amp;P 500 con el 56% de las compa\u00f1\u00eda batiendo estimaciones en ingresos, mientras que el 83% lo hace en BPA (beneficio por acci\u00f3n). Es decir, resultados positivos y as\u00ed se lo est\u00e1 tomando el mercado.<\/p>\n<p>De cara a esta semana, estaremos especialmente atentos a lo que pueda pasar finalmente con el <i>brexit<\/i>, as\u00ed como a las negociaciones comerciales. Tambi\u00e9n estaremos pendientes de la temporada de resultados, que contin\u00faa en EE.UU. y gana protagonismo a este lado del Atl\u00e1ntico. En el caso del Stoxx 600, son muy pocas las compa\u00f1\u00edas que han publicado y el mercado descuenta unos ingresos planos y un retroceso de los beneficios del -3,7%. Consideramos que el riesgo de revisiones a la baja sigue existiendo, dada la mayor debilidad del ciclo econ\u00f3mico, especialmente para 2020 cuando el crecimiento esperado por el consenso de mercado sigue siendo de doble d\u00edgito. Por el lado macro, conoceremos los PMI preliminares del mes de octubre (manufacturero, servicios y compuesto).<\/p>\n<p>Buena semana.<\/p>\n<p><center><strong>Jorge Gonz\u00e1lez G\u00f3mez<\/strong><br \/>\nDirecci\u00f3n de Inversiones<\/center><\/p>\n","protected":false},"excerpt":{"rendered":"<p>El gobierno brit\u00e1nico finalmente aplaz\u00f3 la votaci\u00f3n del acuerdo del brexit.<\/p>\n","protected":false},"author":4,"featured_media":32833,"comment_status":"open","ping_status":"closed","sticky":false,"template":"","format":"standard","meta":{"_acf_changed":false,"footnotes":""},"categories":[9721],"tags":[],"class_list":["post-32828","post","type-post","status-publish","format-standard","has-post-thumbnail","hentry","category-morning-meeting"],"acf":[],"yoast_head":"<!-- This site is optimized with the Yoast SEO plugin v27.5 - https:\/\/yoast.com\/product\/yoast-seo-wordpress\/ -->\n<title>Finalmente se aplaza el brexit<\/title>\n<meta name=\"description\" content=\"La decisi\u00f3n del aplazamiento del brexit&gt; ocurr\u00eda tras la aprobaci\u00f3n de una enmienda que fuerza al primer ministro, Boris Johnson, a pedir una pr\u00f3rroga m\u00e1s all\u00e1 del 31 de octubre.\" \/>\n<meta name=\"robots\" content=\"index, follow, max-snippet:-1, max-image-preview:large, max-video-preview:-1\" \/>\n<link rel=\"canonical\" href=\"https:\/\/www.tressis.com\/ca\/blog\/finalmente-se-aplaza-el-brexit\/\" \/>\n<meta property=\"og:locale\" content=\"ca_ES\" \/>\n<meta property=\"og:type\" content=\"article\" \/>\n<meta property=\"og:title\" content=\"Finalmente se aplaza el brexit\" \/>\n<meta property=\"og:description\" content=\"La decisi\u00f3n del aplazamiento del brexit&gt; ocurr\u00eda tras la aprobaci\u00f3n de una enmienda que fuerza al primer ministro, Boris Johnson, a pedir una pr\u00f3rroga m\u00e1s all\u00e1 del 31 de octubre.\" \/>\n<meta property=\"og:url\" content=\"https:\/\/www.tressis.com\/ca\/blog\/finalmente-se-aplaza-el-brexit\/\" \/>\n<meta property=\"og:site_name\" content=\"Tressis\" \/>\n<meta property=\"article:publisher\" content=\"https:\/\/www.facebook.com\/Tressis\/\" \/>\n<meta property=\"article:published_time\" content=\"2019-10-21T09:14:23+00:00\" \/>\n<meta property=\"og:image\" content=\"https:\/\/www.tressis.com\/wp-content\/uploads\/2019\/10\/20191021-aplazamiento-brexit.jpg\" \/>\n\t<meta property=\"og:image:width\" content=\"1100\" \/>\n\t<meta property=\"og:image:height\" content=\"487\" \/>\n\t<meta property=\"og:image:type\" content=\"image\/jpeg\" \/>\n<meta name=\"author\" content=\"Lola\" \/>\n<meta name=\"twitter:card\" content=\"summary_large_image\" \/>\n<meta name=\"twitter:creator\" content=\"@TressisSV\" \/>\n<meta name=\"twitter:site\" content=\"@TressisSV\" \/>\n<meta name=\"twitter:label1\" content=\"Escrit per\" \/>\n\t<meta name=\"twitter:data1\" content=\"Lola\" \/>\n\t<meta name=\"twitter:label2\" content=\"Temps estimat de lectura\" \/>\n\t<meta name=\"twitter:data2\" content=\"2 minuts\" \/>\n<script type=\"application\/ld+json\" class=\"yoast-schema-graph\">{\"@context\":\"https:\\\/\\\/schema.org\",\"@graph\":[{\"@type\":\"Article\",\"@id\":\"https:\\\/\\\/www.tressis.com\\\/ca\\\/blog\\\/finalmente-se-aplaza-el-brexit\\\/#article\",\"isPartOf\":{\"@id\":\"https:\\\/\\\/www.tressis.com\\\/ca\\\/blog\\\/finalmente-se-aplaza-el-brexit\\\/\"},\"author\":{\"name\":\"Lola\",\"@id\":\"https:\\\/\\\/www.tressis.com\\\/ca\\\/#\\\/schema\\\/person\\\/b833c1d724d8764920b6d6852c70584e\"},\"headline\":\"Finalmente se aplaza el brexit\",\"datePublished\":\"2019-10-21T09:14:23+00:00\",\"mainEntityOfPage\":{\"@id\":\"https:\\\/\\\/www.tressis.com\\\/ca\\\/blog\\\/finalmente-se-aplaza-el-brexit\\\/\"},\"wordCount\":387,\"commentCount\":0,\"publisher\":{\"@id\":\"https:\\\/\\\/www.tressis.com\\\/ca\\\/#organization\"},\"image\":{\"@id\":\"https:\\\/\\\/www.tressis.com\\\/ca\\\/blog\\\/finalmente-se-aplaza-el-brexit\\\/#primaryimage\"},\"thumbnailUrl\":\"https:\\\/\\\/www.tressis.com\\\/wp-content\\\/uploads\\\/2019\\\/10\\\/20191021-aplazamiento-brexit.jpg\",\"articleSection\":[\"Morning meeting\"],\"inLanguage\":\"ca\",\"potentialAction\":[{\"@type\":\"CommentAction\",\"name\":\"Comment\",\"target\":[\"https:\\\/\\\/www.tressis.com\\\/ca\\\/blog\\\/finalmente-se-aplaza-el-brexit\\\/#respond\"]}]},{\"@type\":\"WebPage\",\"@id\":\"https:\\\/\\\/www.tressis.com\\\/ca\\\/blog\\\/finalmente-se-aplaza-el-brexit\\\/\",\"url\":\"https:\\\/\\\/www.tressis.com\\\/ca\\\/blog\\\/finalmente-se-aplaza-el-brexit\\\/\",\"name\":\"Finalmente se aplaza el brexit\",\"isPartOf\":{\"@id\":\"https:\\\/\\\/www.tressis.com\\\/ca\\\/#website\"},\"primaryImageOfPage\":{\"@id\":\"https:\\\/\\\/www.tressis.com\\\/ca\\\/blog\\\/finalmente-se-aplaza-el-brexit\\\/#primaryimage\"},\"image\":{\"@id\":\"https:\\\/\\\/www.tressis.com\\\/ca\\\/blog\\\/finalmente-se-aplaza-el-brexit\\\/#primaryimage\"},\"thumbnailUrl\":\"https:\\\/\\\/www.tressis.com\\\/wp-content\\\/uploads\\\/2019\\\/10\\\/20191021-aplazamiento-brexit.jpg\",\"datePublished\":\"2019-10-21T09:14:23+00:00\",\"description\":\"La decisi\u00f3n del aplazamiento del brexit> ocurr\u00eda tras la aprobaci\u00f3n de una enmienda que fuerza al primer ministro, Boris Johnson, a pedir una pr\u00f3rroga m\u00e1s all\u00e1 del 31 de octubre.\",\"breadcrumb\":{\"@id\":\"https:\\\/\\\/www.tressis.com\\\/ca\\\/blog\\\/finalmente-se-aplaza-el-brexit\\\/#breadcrumb\"},\"inLanguage\":\"ca\",\"potentialAction\":[{\"@type\":\"ReadAction\",\"target\":[\"https:\\\/\\\/www.tressis.com\\\/ca\\\/blog\\\/finalmente-se-aplaza-el-brexit\\\/\"]}]},{\"@type\":\"ImageObject\",\"inLanguage\":\"ca\",\"@id\":\"https:\\\/\\\/www.tressis.com\\\/ca\\\/blog\\\/finalmente-se-aplaza-el-brexit\\\/#primaryimage\",\"url\":\"https:\\\/\\\/www.tressis.com\\\/wp-content\\\/uploads\\\/2019\\\/10\\\/20191021-aplazamiento-brexit.jpg\",\"contentUrl\":\"https:\\\/\\\/www.tressis.com\\\/wp-content\\\/uploads\\\/2019\\\/10\\\/20191021-aplazamiento-brexit.jpg\",\"width\":1100,\"height\":487,\"caption\":\"Se aplaza el brexit\"},{\"@type\":\"BreadcrumbList\",\"@id\":\"https:\\\/\\\/www.tressis.com\\\/ca\\\/blog\\\/finalmente-se-aplaza-el-brexit\\\/#breadcrumb\",\"itemListElement\":[{\"@type\":\"ListItem\",\"position\":1,\"name\":\"Inicio\",\"item\":\"https:\\\/\\\/www.tressis.com\\\/ca\\\/\"},{\"@type\":\"ListItem\",\"position\":2,\"name\":\"Finalmente se aplaza el brexit\"}]},{\"@type\":\"WebSite\",\"@id\":\"https:\\\/\\\/www.tressis.com\\\/ca\\\/#website\",\"url\":\"https:\\\/\\\/www.tressis.com\\\/ca\\\/\",\"name\":\"Tressis banca privada\",\"description\":\"Tressis | Planificaci\u00f3n financiera y gesti\u00f3n de patrimonios\",\"publisher\":{\"@id\":\"https:\\\/\\\/www.tressis.com\\\/ca\\\/#organization\"},\"potentialAction\":[{\"@type\":\"SearchAction\",\"target\":{\"@type\":\"EntryPoint\",\"urlTemplate\":\"https:\\\/\\\/www.tressis.com\\\/ca\\\/?s={search_term_string}\"},\"query-input\":{\"@type\":\"PropertyValueSpecification\",\"valueRequired\":true,\"valueName\":\"search_term_string\"}}],\"inLanguage\":\"ca\"},{\"@type\":\"Organization\",\"@id\":\"https:\\\/\\\/www.tressis.com\\\/ca\\\/#organization\",\"name\":\"Tressis\",\"url\":\"https:\\\/\\\/www.tressis.com\\\/ca\\\/\",\"logo\":{\"@type\":\"ImageObject\",\"inLanguage\":\"ca\",\"@id\":\"https:\\\/\\\/www.tressis.com\\\/ca\\\/#\\\/schema\\\/logo\\\/image\\\/\",\"url\":\"https:\\\/\\\/www.tressis.com\\\/wp-content\\\/uploads\\\/2025\\\/06\\\/logo-tressis-112.png\",\"contentUrl\":\"https:\\\/\\\/www.tressis.com\\\/wp-content\\\/uploads\\\/2025\\\/06\\\/logo-tressis-112.png\",\"width\":112,\"height\":112,\"caption\":\"Tressis\"},\"image\":{\"@id\":\"https:\\\/\\\/www.tressis.com\\\/ca\\\/#\\\/schema\\\/logo\\\/image\\\/\"},\"sameAs\":[\"https:\\\/\\\/www.facebook.com\\\/Tressis\\\/\",\"https:\\\/\\\/x.com\\\/TressisSV\",\"https:\\\/\\\/www.instagram.com\\\/tressissv\\\/?hl=es\",\"https:\\\/\\\/linkedin.com\\\/company\\\/tressis\\\/\",\"https:\\\/\\\/www.youtube.com\\\/user\\\/tressissv\",\"https:\\\/\\\/open.spotify.com\\\/show\\\/3jmTe1Nf0wqMILl7diWV6h?si=d7112519f13c4593&nd=1\"]},{\"@type\":\"Person\",\"@id\":\"https:\\\/\\\/www.tressis.com\\\/ca\\\/#\\\/schema\\\/person\\\/b833c1d724d8764920b6d6852c70584e\",\"name\":\"Lola\",\"image\":{\"@type\":\"ImageObject\",\"inLanguage\":\"ca\",\"@id\":\"https:\\\/\\\/secure.gravatar.com\\\/avatar\\\/05e646486b23ff45df9649110609c7e31b8c4a3e2821caa23d6317f405e0c51d?s=96&d=mm&r=g\",\"url\":\"https:\\\/\\\/secure.gravatar.com\\\/avatar\\\/05e646486b23ff45df9649110609c7e31b8c4a3e2821caa23d6317f405e0c51d?s=96&d=mm&r=g\",\"contentUrl\":\"https:\\\/\\\/secure.gravatar.com\\\/avatar\\\/05e646486b23ff45df9649110609c7e31b8c4a3e2821caa23d6317f405e0c51d?s=96&d=mm&r=g\",\"caption\":\"Lola\"}}]}<\/script>\n<!-- \/ Yoast SEO plugin. -->","yoast_head_json":{"title":"Finalmente se aplaza el brexit","description":"La decisi\u00f3n del aplazamiento del brexit> ocurr\u00eda tras la aprobaci\u00f3n de una enmienda que fuerza al primer ministro, Boris Johnson, a pedir una pr\u00f3rroga m\u00e1s all\u00e1 del 31 de octubre.","robots":{"index":"index","follow":"follow","max-snippet":"max-snippet:-1","max-image-preview":"max-image-preview:large","max-video-preview":"max-video-preview:-1"},"canonical":"https:\/\/www.tressis.com\/ca\/blog\/finalmente-se-aplaza-el-brexit\/","og_locale":"ca_ES","og_type":"article","og_title":"Finalmente se aplaza el brexit","og_description":"La decisi\u00f3n del aplazamiento del brexit> ocurr\u00eda tras la aprobaci\u00f3n de una enmienda que fuerza al primer ministro, Boris Johnson, a pedir una pr\u00f3rroga m\u00e1s all\u00e1 del 31 de octubre.","og_url":"https:\/\/www.tressis.com\/ca\/blog\/finalmente-se-aplaza-el-brexit\/","og_site_name":"Tressis","article_publisher":"https:\/\/www.facebook.com\/Tressis\/","article_published_time":"2019-10-21T09:14:23+00:00","og_image":[{"width":1100,"height":487,"url":"https:\/\/www.tressis.com\/wp-content\/uploads\/2019\/10\/20191021-aplazamiento-brexit.jpg","type":"image\/jpeg"}],"author":"Lola","twitter_card":"summary_large_image","twitter_creator":"@TressisSV","twitter_site":"@TressisSV","twitter_misc":{"Escrit per":"Lola","Temps estimat de lectura":"2 minuts"},"schema":{"@context":"https:\/\/schema.org","@graph":[{"@type":"Article","@id":"https:\/\/www.tressis.com\/ca\/blog\/finalmente-se-aplaza-el-brexit\/#article","isPartOf":{"@id":"https:\/\/www.tressis.com\/ca\/blog\/finalmente-se-aplaza-el-brexit\/"},"author":{"name":"Lola","@id":"https:\/\/www.tressis.com\/ca\/#\/schema\/person\/b833c1d724d8764920b6d6852c70584e"},"headline":"Finalmente se aplaza el brexit","datePublished":"2019-10-21T09:14:23+00:00","mainEntityOfPage":{"@id":"https:\/\/www.tressis.com\/ca\/blog\/finalmente-se-aplaza-el-brexit\/"},"wordCount":387,"commentCount":0,"publisher":{"@id":"https:\/\/www.tressis.com\/ca\/#organization"},"image":{"@id":"https:\/\/www.tressis.com\/ca\/blog\/finalmente-se-aplaza-el-brexit\/#primaryimage"},"thumbnailUrl":"https:\/\/www.tressis.com\/wp-content\/uploads\/2019\/10\/20191021-aplazamiento-brexit.jpg","articleSection":["Morning meeting"],"inLanguage":"ca","potentialAction":[{"@type":"CommentAction","name":"Comment","target":["https:\/\/www.tressis.com\/ca\/blog\/finalmente-se-aplaza-el-brexit\/#respond"]}]},{"@type":"WebPage","@id":"https:\/\/www.tressis.com\/ca\/blog\/finalmente-se-aplaza-el-brexit\/","url":"https:\/\/www.tressis.com\/ca\/blog\/finalmente-se-aplaza-el-brexit\/","name":"Finalmente se aplaza el brexit","isPartOf":{"@id":"https:\/\/www.tressis.com\/ca\/#website"},"primaryImageOfPage":{"@id":"https:\/\/www.tressis.com\/ca\/blog\/finalmente-se-aplaza-el-brexit\/#primaryimage"},"image":{"@id":"https:\/\/www.tressis.com\/ca\/blog\/finalmente-se-aplaza-el-brexit\/#primaryimage"},"thumbnailUrl":"https:\/\/www.tressis.com\/wp-content\/uploads\/2019\/10\/20191021-aplazamiento-brexit.jpg","datePublished":"2019-10-21T09:14:23+00:00","description":"La decisi\u00f3n del aplazamiento del brexit> ocurr\u00eda tras la aprobaci\u00f3n de una enmienda que fuerza al primer ministro, Boris Johnson, a pedir una pr\u00f3rroga m\u00e1s all\u00e1 del 31 de octubre.","breadcrumb":{"@id":"https:\/\/www.tressis.com\/ca\/blog\/finalmente-se-aplaza-el-brexit\/#breadcrumb"},"inLanguage":"ca","potentialAction":[{"@type":"ReadAction","target":["https:\/\/www.tressis.com\/ca\/blog\/finalmente-se-aplaza-el-brexit\/"]}]},{"@type":"ImageObject","inLanguage":"ca","@id":"https:\/\/www.tressis.com\/ca\/blog\/finalmente-se-aplaza-el-brexit\/#primaryimage","url":"https:\/\/www.tressis.com\/wp-content\/uploads\/2019\/10\/20191021-aplazamiento-brexit.jpg","contentUrl":"https:\/\/www.tressis.com\/wp-content\/uploads\/2019\/10\/20191021-aplazamiento-brexit.jpg","width":1100,"height":487,"caption":"Se aplaza el brexit"},{"@type":"BreadcrumbList","@id":"https:\/\/www.tressis.com\/ca\/blog\/finalmente-se-aplaza-el-brexit\/#breadcrumb","itemListElement":[{"@type":"ListItem","position":1,"name":"Inicio","item":"https:\/\/www.tressis.com\/ca\/"},{"@type":"ListItem","position":2,"name":"Finalmente se aplaza el brexit"}]},{"@type":"WebSite","@id":"https:\/\/www.tressis.com\/ca\/#website","url":"https:\/\/www.tressis.com\/ca\/","name":"Tressis banca privada","description":"Tressis | Planificaci\u00f3n financiera y gesti\u00f3n de patrimonios","publisher":{"@id":"https:\/\/www.tressis.com\/ca\/#organization"},"potentialAction":[{"@type":"SearchAction","target":{"@type":"EntryPoint","urlTemplate":"https:\/\/www.tressis.com\/ca\/?s={search_term_string}"},"query-input":{"@type":"PropertyValueSpecification","valueRequired":true,"valueName":"search_term_string"}}],"inLanguage":"ca"},{"@type":"Organization","@id":"https:\/\/www.tressis.com\/ca\/#organization","name":"Tressis","url":"https:\/\/www.tressis.com\/ca\/","logo":{"@type":"ImageObject","inLanguage":"ca","@id":"https:\/\/www.tressis.com\/ca\/#\/schema\/logo\/image\/","url":"https:\/\/www.tressis.com\/wp-content\/uploads\/2025\/06\/logo-tressis-112.png","contentUrl":"https:\/\/www.tressis.com\/wp-content\/uploads\/2025\/06\/logo-tressis-112.png","width":112,"height":112,"caption":"Tressis"},"image":{"@id":"https:\/\/www.tressis.com\/ca\/#\/schema\/logo\/image\/"},"sameAs":["https:\/\/www.facebook.com\/Tressis\/","https:\/\/x.com\/TressisSV","https:\/\/www.instagram.com\/tressissv\/?hl=es","https:\/\/linkedin.com\/company\/tressis\/","https:\/\/www.youtube.com\/user\/tressissv","https:\/\/open.spotify.com\/show\/3jmTe1Nf0wqMILl7diWV6h?si=d7112519f13c4593&nd=1"]},{"@type":"Person","@id":"https:\/\/www.tressis.com\/ca\/#\/schema\/person\/b833c1d724d8764920b6d6852c70584e","name":"Lola","image":{"@type":"ImageObject","inLanguage":"ca","@id":"https:\/\/secure.gravatar.com\/avatar\/05e646486b23ff45df9649110609c7e31b8c4a3e2821caa23d6317f405e0c51d?s=96&d=mm&r=g","url":"https:\/\/secure.gravatar.com\/avatar\/05e646486b23ff45df9649110609c7e31b8c4a3e2821caa23d6317f405e0c51d?s=96&d=mm&r=g","contentUrl":"https:\/\/secure.gravatar.com\/avatar\/05e646486b23ff45df9649110609c7e31b8c4a3e2821caa23d6317f405e0c51d?s=96&d=mm&r=g","caption":"Lola"}}]}},"_links":{"self":[{"href":"https:\/\/www.tressis.com\/ca\/wp-json\/wp\/v2\/posts\/32828","targetHints":{"allow":["GET"]}}],"collection":[{"href":"https:\/\/www.tressis.com\/ca\/wp-json\/wp\/v2\/posts"}],"about":[{"href":"https:\/\/www.tressis.com\/ca\/wp-json\/wp\/v2\/types\/post"}],"author":[{"embeddable":true,"href":"https:\/\/www.tressis.com\/ca\/wp-json\/wp\/v2\/users\/4"}],"replies":[{"embeddable":true,"href":"https:\/\/www.tressis.com\/ca\/wp-json\/wp\/v2\/comments?post=32828"}],"version-history":[{"count":0,"href":"https:\/\/www.tressis.com\/ca\/wp-json\/wp\/v2\/posts\/32828\/revisions"}],"wp:featuredmedia":[{"embeddable":true,"href":"https:\/\/www.tressis.com\/ca\/wp-json\/wp\/v2\/media\/32833"}],"wp:attachment":[{"href":"https:\/\/www.tressis.com\/ca\/wp-json\/wp\/v2\/media?parent=32828"}],"wp:term":[{"taxonomy":"category","embeddable":true,"href":"https:\/\/www.tressis.com\/ca\/wp-json\/wp\/v2\/categories?post=32828"},{"taxonomy":"post_tag","embeddable":true,"href":"https:\/\/www.tressis.com\/ca\/wp-json\/wp\/v2\/tags?post=32828"}],"curies":[{"name":"wp","href":"https:\/\/api.w.org\/{rel}","templated":true}]}}