{"id":32658,"date":"2019-10-02T10:35:53","date_gmt":"2019-10-02T08:35:53","guid":{"rendered":"http:\/\/www.tressis.com\/blog\/?p=32658"},"modified":"2019-10-02T10:35:53","modified_gmt":"2019-10-02T08:35:53","slug":"la-publicacion-de-los-pmi-manufactureros-europeos-fue-un-drama","status":"publish","type":"post","link":"https:\/\/www.tressis.com\/ca\/blog\/la-publicacion-de-los-pmi-manufactureros-europeos-fue-un-drama\/","title":{"rendered":"La publicaci\u00f3n de los PMI manufactureros europeos fue un drama"},"content":{"rendered":"<p>A Mark Twain se le atribuye la siguiente frase: \u201cOctubre es uno de los meses especialmente m\u00e1s peligrosos para especular en los mercados.<!--more--> Los otros meses peligrosos son julio, enero, septiembre, abril, noviembre, mayo, marzo, junio, diciembre, agosto y febrero\u201d. La frase anterior resume a la perfecci\u00f3n la naturaleza de los mismos, pero octubre tiene algo, un <i>no s\u00e9 qu\u00e9<\/i>, que lo hace, casi siempre, vol\u00e1til y enga\u00f1oso. No en vano, la crisis de los tulipanes, el Jueves Negro del <i>crack<\/i> del 29 o la crisis de 2008 se iniciaron en el d\u00e9cimo mes del a\u00f1o. No queremos decir, nada m\u00e1s lejos de la realidad, que estemos a las puertas de una situaci\u00f3n de esta magnitud, pero s\u00ed que tradicionalmente estos d\u00edas han sido un per\u00edodo \u201cmovidito\u201d.<\/p>\n<p>Y en una sola jornada ya tuvimos la muestra de que volver\u00e1 a cumplir, pues la sesi\u00f3n parec\u00eda positiva hasta que se publicaron los PMI manufactureros europeos: un drama. De las principales econom\u00edas de la regi\u00f3n, solo Francia consegu\u00eda mantener los niveles de expansi\u00f3n, y por una d\u00e9cima. Pero es que Alemania, locomotora industrial de la eurozona, situaba su actividad manufacturera en 41 puntos. Del deterioro macroecon\u00f3mico europeo llevamos hablando bastante tiempo, pero el resultado del ISM an\u00e1logo en Estados Unidos, congel\u00f3 a los inversores, al situarse en 47,8 enteros, cuando se esperaba que mantuviese los 50. Segundo mes consecutivo que el indicador se encuentra en terreno de contracci\u00f3n. Y claro, las bolsas reflejaron el susto, con ca\u00eddas del entorno del 1% y un mejor comportamiento relativo de los sectores m\u00e1s defensivos. Evidentemente, en las econom\u00edas desarrolladas, la medida del sector servicios es m\u00e1s relevante, pero la sorpresa tiene que ser muy positiva para que el PMI compuesto no se vaya por debajo de la l\u00ednea roja.<\/p>\n<p>Del frenazo del sector manufacturero americano, explicado en gran parte por el descenso de sus exportaciones, se encarg\u00f3 Donald Trump de se\u00f1alar al culpable: la Reserva Federal, que deja que el d\u00f3lar se aprecie demasiado. La guerra comercial que mantiene con varias regiones mundiales no tiene nada que ver.<\/p>\n<p>Con esto y un bizcocho, no vamos a hablar (m\u00e1s) de pol\u00edtica, ya que queremos disfrutar y darle la importancia que se merece a los escasos d\u00edas en los que los mercados deciden regirse por cuestiones econ\u00f3micas. Pero es que aunque quisi\u00e9semos, no habr\u00eda nada nuevo que contar. Ser\u00eda como el cuento de la buena pipa.<\/p>\n<p>Buen d\u00eda.<\/p>\n<p><center><strong>M\u00aa Salom\u00e9 Bouzas Romero<\/strong><br \/>\nDirecci\u00f3n de Inversiones<\/center><\/p>\n","protected":false},"excerpt":{"rendered":"<p>A Mark Twain se le atribuye la siguiente frase: \u201cOctubre es uno de los meses especialmente m\u00e1s peligrosos para especular en los mercados.<\/p>\n","protected":false},"author":4,"featured_media":32660,"comment_status":"open","ping_status":"closed","sticky":false,"template":"","format":"standard","meta":{"_acf_changed":false,"footnotes":""},"categories":[9721],"tags":[],"class_list":["post-32658","post","type-post","status-publish","format-standard","has-post-thumbnail","hentry","category-morning-meeting"],"acf":[],"yoast_head":"<!-- This site is optimized with the Yoast SEO plugin v27.5 - https:\/\/yoast.com\/product\/yoast-seo-wordpress\/ -->\n<title>La publicaci\u00f3n de los PMI manufactureros europeos fue un drama<\/title>\n<meta name=\"description\" content=\"De las principales econom\u00edas de la regi\u00f3n, solo Francia consegu\u00eda mantener los niveles de expansi\u00f3n\" \/>\n<meta name=\"robots\" content=\"index, follow, max-snippet:-1, max-image-preview:large, max-video-preview:-1\" \/>\n<link rel=\"canonical\" href=\"https:\/\/www.tressis.com\/ca\/blog\/la-publicacion-de-los-pmi-manufactureros-europeos-fue-un-drama\/\" \/>\n<meta property=\"og:locale\" content=\"ca_ES\" \/>\n<meta property=\"og:type\" content=\"article\" \/>\n<meta property=\"og:title\" content=\"La publicaci\u00f3n de los PMI manufactureros europeos fue un drama\" \/>\n<meta property=\"og:description\" content=\"De las principales econom\u00edas de la regi\u00f3n, solo Francia consegu\u00eda mantener los niveles de expansi\u00f3n\" \/>\n<meta property=\"og:url\" content=\"https:\/\/www.tressis.com\/ca\/blog\/la-publicacion-de-los-pmi-manufactureros-europeos-fue-un-drama\/\" \/>\n<meta property=\"og:site_name\" content=\"Tressis\" \/>\n<meta property=\"article:publisher\" content=\"https:\/\/www.facebook.com\/Tressis\/\" \/>\n<meta property=\"article:published_time\" content=\"2019-10-02T08:35:53+00:00\" \/>\n<meta property=\"og:image\" content=\"https:\/\/www.tressis.com\/wp-content\/uploads\/2019\/10\/20191002_manufacturas.jpg\" \/>\n\t<meta property=\"og:image:width\" content=\"1100\" \/>\n\t<meta property=\"og:image:height\" content=\"487\" \/>\n\t<meta property=\"og:image:type\" content=\"image\/jpeg\" \/>\n<meta name=\"author\" content=\"Lola\" \/>\n<meta name=\"twitter:card\" content=\"summary_large_image\" \/>\n<meta name=\"twitter:creator\" content=\"@TressisSV\" \/>\n<meta name=\"twitter:site\" content=\"@TressisSV\" \/>\n<meta name=\"twitter:label1\" content=\"Escrit per\" \/>\n\t<meta name=\"twitter:data1\" content=\"Lola\" \/>\n\t<meta name=\"twitter:label2\" content=\"Temps estimat de lectura\" \/>\n\t<meta name=\"twitter:data2\" content=\"2 minuts\" \/>\n<script type=\"application\/ld+json\" class=\"yoast-schema-graph\">{\"@context\":\"https:\\\/\\\/schema.org\",\"@graph\":[{\"@type\":\"Article\",\"@id\":\"https:\\\/\\\/www.tressis.com\\\/ca\\\/blog\\\/la-publicacion-de-los-pmi-manufactureros-europeos-fue-un-drama\\\/#article\",\"isPartOf\":{\"@id\":\"https:\\\/\\\/www.tressis.com\\\/ca\\\/blog\\\/la-publicacion-de-los-pmi-manufactureros-europeos-fue-un-drama\\\/\"},\"author\":{\"name\":\"Lola\",\"@id\":\"https:\\\/\\\/www.tressis.com\\\/ca\\\/#\\\/schema\\\/person\\\/b833c1d724d8764920b6d6852c70584e\"},\"headline\":\"La publicaci\u00f3n de los PMI manufactureros europeos fue un drama\",\"datePublished\":\"2019-10-02T08:35:53+00:00\",\"mainEntityOfPage\":{\"@id\":\"https:\\\/\\\/www.tressis.com\\\/ca\\\/blog\\\/la-publicacion-de-los-pmi-manufactureros-europeos-fue-un-drama\\\/\"},\"wordCount\":449,\"commentCount\":0,\"publisher\":{\"@id\":\"https:\\\/\\\/www.tressis.com\\\/ca\\\/#organization\"},\"image\":{\"@id\":\"https:\\\/\\\/www.tressis.com\\\/ca\\\/blog\\\/la-publicacion-de-los-pmi-manufactureros-europeos-fue-un-drama\\\/#primaryimage\"},\"thumbnailUrl\":\"https:\\\/\\\/www.tressis.com\\\/wp-content\\\/uploads\\\/2019\\\/10\\\/20191002_manufacturas.jpg\",\"articleSection\":[\"Morning meeting\"],\"inLanguage\":\"ca\",\"potentialAction\":[{\"@type\":\"CommentAction\",\"name\":\"Comment\",\"target\":[\"https:\\\/\\\/www.tressis.com\\\/ca\\\/blog\\\/la-publicacion-de-los-pmi-manufactureros-europeos-fue-un-drama\\\/#respond\"]}]},{\"@type\":\"WebPage\",\"@id\":\"https:\\\/\\\/www.tressis.com\\\/ca\\\/blog\\\/la-publicacion-de-los-pmi-manufactureros-europeos-fue-un-drama\\\/\",\"url\":\"https:\\\/\\\/www.tressis.com\\\/ca\\\/blog\\\/la-publicacion-de-los-pmi-manufactureros-europeos-fue-un-drama\\\/\",\"name\":\"La publicaci\u00f3n de los PMI manufactureros europeos fue un drama\",\"isPartOf\":{\"@id\":\"https:\\\/\\\/www.tressis.com\\\/ca\\\/#website\"},\"primaryImageOfPage\":{\"@id\":\"https:\\\/\\\/www.tressis.com\\\/ca\\\/blog\\\/la-publicacion-de-los-pmi-manufactureros-europeos-fue-un-drama\\\/#primaryimage\"},\"image\":{\"@id\":\"https:\\\/\\\/www.tressis.com\\\/ca\\\/blog\\\/la-publicacion-de-los-pmi-manufactureros-europeos-fue-un-drama\\\/#primaryimage\"},\"thumbnailUrl\":\"https:\\\/\\\/www.tressis.com\\\/wp-content\\\/uploads\\\/2019\\\/10\\\/20191002_manufacturas.jpg\",\"datePublished\":\"2019-10-02T08:35:53+00:00\",\"description\":\"De las principales econom\u00edas de la regi\u00f3n, solo Francia consegu\u00eda mantener los niveles de expansi\u00f3n\",\"breadcrumb\":{\"@id\":\"https:\\\/\\\/www.tressis.com\\\/ca\\\/blog\\\/la-publicacion-de-los-pmi-manufactureros-europeos-fue-un-drama\\\/#breadcrumb\"},\"inLanguage\":\"ca\",\"potentialAction\":[{\"@type\":\"ReadAction\",\"target\":[\"https:\\\/\\\/www.tressis.com\\\/ca\\\/blog\\\/la-publicacion-de-los-pmi-manufactureros-europeos-fue-un-drama\\\/\"]}]},{\"@type\":\"ImageObject\",\"inLanguage\":\"ca\",\"@id\":\"https:\\\/\\\/www.tressis.com\\\/ca\\\/blog\\\/la-publicacion-de-los-pmi-manufactureros-europeos-fue-un-drama\\\/#primaryimage\",\"url\":\"https:\\\/\\\/www.tressis.com\\\/wp-content\\\/uploads\\\/2019\\\/10\\\/20191002_manufacturas.jpg\",\"contentUrl\":\"https:\\\/\\\/www.tressis.com\\\/wp-content\\\/uploads\\\/2019\\\/10\\\/20191002_manufacturas.jpg\",\"width\":1100,\"height\":487},{\"@type\":\"BreadcrumbList\",\"@id\":\"https:\\\/\\\/www.tressis.com\\\/ca\\\/blog\\\/la-publicacion-de-los-pmi-manufactureros-europeos-fue-un-drama\\\/#breadcrumb\",\"itemListElement\":[{\"@type\":\"ListItem\",\"position\":1,\"name\":\"Inicio\",\"item\":\"https:\\\/\\\/www.tressis.com\\\/ca\\\/\"},{\"@type\":\"ListItem\",\"position\":2,\"name\":\"La publicaci\u00f3n de los PMI manufactureros europeos fue un drama\"}]},{\"@type\":\"WebSite\",\"@id\":\"https:\\\/\\\/www.tressis.com\\\/ca\\\/#website\",\"url\":\"https:\\\/\\\/www.tressis.com\\\/ca\\\/\",\"name\":\"Tressis banca privada\",\"description\":\"Tressis | Planificaci\u00f3n financiera y gesti\u00f3n de patrimonios\",\"publisher\":{\"@id\":\"https:\\\/\\\/www.tressis.com\\\/ca\\\/#organization\"},\"potentialAction\":[{\"@type\":\"SearchAction\",\"target\":{\"@type\":\"EntryPoint\",\"urlTemplate\":\"https:\\\/\\\/www.tressis.com\\\/ca\\\/?s={search_term_string}\"},\"query-input\":{\"@type\":\"PropertyValueSpecification\",\"valueRequired\":true,\"valueName\":\"search_term_string\"}}],\"inLanguage\":\"ca\"},{\"@type\":\"Organization\",\"@id\":\"https:\\\/\\\/www.tressis.com\\\/ca\\\/#organization\",\"name\":\"Tressis\",\"url\":\"https:\\\/\\\/www.tressis.com\\\/ca\\\/\",\"logo\":{\"@type\":\"ImageObject\",\"inLanguage\":\"ca\",\"@id\":\"https:\\\/\\\/www.tressis.com\\\/ca\\\/#\\\/schema\\\/logo\\\/image\\\/\",\"url\":\"https:\\\/\\\/www.tressis.com\\\/wp-content\\\/uploads\\\/2025\\\/06\\\/logo-tressis-112.png\",\"contentUrl\":\"https:\\\/\\\/www.tressis.com\\\/wp-content\\\/uploads\\\/2025\\\/06\\\/logo-tressis-112.png\",\"width\":112,\"height\":112,\"caption\":\"Tressis\"},\"image\":{\"@id\":\"https:\\\/\\\/www.tressis.com\\\/ca\\\/#\\\/schema\\\/logo\\\/image\\\/\"},\"sameAs\":[\"https:\\\/\\\/www.facebook.com\\\/Tressis\\\/\",\"https:\\\/\\\/x.com\\\/TressisSV\",\"https:\\\/\\\/www.instagram.com\\\/tressissv\\\/?hl=es\",\"https:\\\/\\\/linkedin.com\\\/company\\\/tressis\\\/\",\"https:\\\/\\\/www.youtube.com\\\/user\\\/tressissv\",\"https:\\\/\\\/open.spotify.com\\\/show\\\/3jmTe1Nf0wqMILl7diWV6h?si=d7112519f13c4593&nd=1\"]},{\"@type\":\"Person\",\"@id\":\"https:\\\/\\\/www.tressis.com\\\/ca\\\/#\\\/schema\\\/person\\\/b833c1d724d8764920b6d6852c70584e\",\"name\":\"Lola\",\"image\":{\"@type\":\"ImageObject\",\"inLanguage\":\"ca\",\"@id\":\"https:\\\/\\\/secure.gravatar.com\\\/avatar\\\/05e646486b23ff45df9649110609c7e31b8c4a3e2821caa23d6317f405e0c51d?s=96&d=mm&r=g\",\"url\":\"https:\\\/\\\/secure.gravatar.com\\\/avatar\\\/05e646486b23ff45df9649110609c7e31b8c4a3e2821caa23d6317f405e0c51d?s=96&d=mm&r=g\",\"contentUrl\":\"https:\\\/\\\/secure.gravatar.com\\\/avatar\\\/05e646486b23ff45df9649110609c7e31b8c4a3e2821caa23d6317f405e0c51d?s=96&d=mm&r=g\",\"caption\":\"Lola\"}}]}<\/script>\n<!-- \/ Yoast SEO plugin. -->","yoast_head_json":{"title":"La publicaci\u00f3n de los PMI manufactureros europeos fue un drama","description":"De las principales econom\u00edas de la regi\u00f3n, solo Francia consegu\u00eda mantener los niveles de expansi\u00f3n","robots":{"index":"index","follow":"follow","max-snippet":"max-snippet:-1","max-image-preview":"max-image-preview:large","max-video-preview":"max-video-preview:-1"},"canonical":"https:\/\/www.tressis.com\/ca\/blog\/la-publicacion-de-los-pmi-manufactureros-europeos-fue-un-drama\/","og_locale":"ca_ES","og_type":"article","og_title":"La publicaci\u00f3n de los PMI manufactureros europeos fue un drama","og_description":"De las principales econom\u00edas de la regi\u00f3n, solo Francia consegu\u00eda mantener los niveles de expansi\u00f3n","og_url":"https:\/\/www.tressis.com\/ca\/blog\/la-publicacion-de-los-pmi-manufactureros-europeos-fue-un-drama\/","og_site_name":"Tressis","article_publisher":"https:\/\/www.facebook.com\/Tressis\/","article_published_time":"2019-10-02T08:35:53+00:00","og_image":[{"width":1100,"height":487,"url":"https:\/\/www.tressis.com\/wp-content\/uploads\/2019\/10\/20191002_manufacturas.jpg","type":"image\/jpeg"}],"author":"Lola","twitter_card":"summary_large_image","twitter_creator":"@TressisSV","twitter_site":"@TressisSV","twitter_misc":{"Escrit per":"Lola","Temps estimat de lectura":"2 minuts"},"schema":{"@context":"https:\/\/schema.org","@graph":[{"@type":"Article","@id":"https:\/\/www.tressis.com\/ca\/blog\/la-publicacion-de-los-pmi-manufactureros-europeos-fue-un-drama\/#article","isPartOf":{"@id":"https:\/\/www.tressis.com\/ca\/blog\/la-publicacion-de-los-pmi-manufactureros-europeos-fue-un-drama\/"},"author":{"name":"Lola","@id":"https:\/\/www.tressis.com\/ca\/#\/schema\/person\/b833c1d724d8764920b6d6852c70584e"},"headline":"La publicaci\u00f3n de los PMI manufactureros europeos fue un drama","datePublished":"2019-10-02T08:35:53+00:00","mainEntityOfPage":{"@id":"https:\/\/www.tressis.com\/ca\/blog\/la-publicacion-de-los-pmi-manufactureros-europeos-fue-un-drama\/"},"wordCount":449,"commentCount":0,"publisher":{"@id":"https:\/\/www.tressis.com\/ca\/#organization"},"image":{"@id":"https:\/\/www.tressis.com\/ca\/blog\/la-publicacion-de-los-pmi-manufactureros-europeos-fue-un-drama\/#primaryimage"},"thumbnailUrl":"https:\/\/www.tressis.com\/wp-content\/uploads\/2019\/10\/20191002_manufacturas.jpg","articleSection":["Morning meeting"],"inLanguage":"ca","potentialAction":[{"@type":"CommentAction","name":"Comment","target":["https:\/\/www.tressis.com\/ca\/blog\/la-publicacion-de-los-pmi-manufactureros-europeos-fue-un-drama\/#respond"]}]},{"@type":"WebPage","@id":"https:\/\/www.tressis.com\/ca\/blog\/la-publicacion-de-los-pmi-manufactureros-europeos-fue-un-drama\/","url":"https:\/\/www.tressis.com\/ca\/blog\/la-publicacion-de-los-pmi-manufactureros-europeos-fue-un-drama\/","name":"La publicaci\u00f3n de los PMI manufactureros europeos fue un drama","isPartOf":{"@id":"https:\/\/www.tressis.com\/ca\/#website"},"primaryImageOfPage":{"@id":"https:\/\/www.tressis.com\/ca\/blog\/la-publicacion-de-los-pmi-manufactureros-europeos-fue-un-drama\/#primaryimage"},"image":{"@id":"https:\/\/www.tressis.com\/ca\/blog\/la-publicacion-de-los-pmi-manufactureros-europeos-fue-un-drama\/#primaryimage"},"thumbnailUrl":"https:\/\/www.tressis.com\/wp-content\/uploads\/2019\/10\/20191002_manufacturas.jpg","datePublished":"2019-10-02T08:35:53+00:00","description":"De las principales econom\u00edas de la regi\u00f3n, solo Francia consegu\u00eda mantener los niveles de expansi\u00f3n","breadcrumb":{"@id":"https:\/\/www.tressis.com\/ca\/blog\/la-publicacion-de-los-pmi-manufactureros-europeos-fue-un-drama\/#breadcrumb"},"inLanguage":"ca","potentialAction":[{"@type":"ReadAction","target":["https:\/\/www.tressis.com\/ca\/blog\/la-publicacion-de-los-pmi-manufactureros-europeos-fue-un-drama\/"]}]},{"@type":"ImageObject","inLanguage":"ca","@id":"https:\/\/www.tressis.com\/ca\/blog\/la-publicacion-de-los-pmi-manufactureros-europeos-fue-un-drama\/#primaryimage","url":"https:\/\/www.tressis.com\/wp-content\/uploads\/2019\/10\/20191002_manufacturas.jpg","contentUrl":"https:\/\/www.tressis.com\/wp-content\/uploads\/2019\/10\/20191002_manufacturas.jpg","width":1100,"height":487},{"@type":"BreadcrumbList","@id":"https:\/\/www.tressis.com\/ca\/blog\/la-publicacion-de-los-pmi-manufactureros-europeos-fue-un-drama\/#breadcrumb","itemListElement":[{"@type":"ListItem","position":1,"name":"Inicio","item":"https:\/\/www.tressis.com\/ca\/"},{"@type":"ListItem","position":2,"name":"La publicaci\u00f3n de los PMI manufactureros europeos fue un drama"}]},{"@type":"WebSite","@id":"https:\/\/www.tressis.com\/ca\/#website","url":"https:\/\/www.tressis.com\/ca\/","name":"Tressis banca privada","description":"Tressis | Planificaci\u00f3n financiera y gesti\u00f3n de patrimonios","publisher":{"@id":"https:\/\/www.tressis.com\/ca\/#organization"},"potentialAction":[{"@type":"SearchAction","target":{"@type":"EntryPoint","urlTemplate":"https:\/\/www.tressis.com\/ca\/?s={search_term_string}"},"query-input":{"@type":"PropertyValueSpecification","valueRequired":true,"valueName":"search_term_string"}}],"inLanguage":"ca"},{"@type":"Organization","@id":"https:\/\/www.tressis.com\/ca\/#organization","name":"Tressis","url":"https:\/\/www.tressis.com\/ca\/","logo":{"@type":"ImageObject","inLanguage":"ca","@id":"https:\/\/www.tressis.com\/ca\/#\/schema\/logo\/image\/","url":"https:\/\/www.tressis.com\/wp-content\/uploads\/2025\/06\/logo-tressis-112.png","contentUrl":"https:\/\/www.tressis.com\/wp-content\/uploads\/2025\/06\/logo-tressis-112.png","width":112,"height":112,"caption":"Tressis"},"image":{"@id":"https:\/\/www.tressis.com\/ca\/#\/schema\/logo\/image\/"},"sameAs":["https:\/\/www.facebook.com\/Tressis\/","https:\/\/x.com\/TressisSV","https:\/\/www.instagram.com\/tressissv\/?hl=es","https:\/\/linkedin.com\/company\/tressis\/","https:\/\/www.youtube.com\/user\/tressissv","https:\/\/open.spotify.com\/show\/3jmTe1Nf0wqMILl7diWV6h?si=d7112519f13c4593&nd=1"]},{"@type":"Person","@id":"https:\/\/www.tressis.com\/ca\/#\/schema\/person\/b833c1d724d8764920b6d6852c70584e","name":"Lola","image":{"@type":"ImageObject","inLanguage":"ca","@id":"https:\/\/secure.gravatar.com\/avatar\/05e646486b23ff45df9649110609c7e31b8c4a3e2821caa23d6317f405e0c51d?s=96&d=mm&r=g","url":"https:\/\/secure.gravatar.com\/avatar\/05e646486b23ff45df9649110609c7e31b8c4a3e2821caa23d6317f405e0c51d?s=96&d=mm&r=g","contentUrl":"https:\/\/secure.gravatar.com\/avatar\/05e646486b23ff45df9649110609c7e31b8c4a3e2821caa23d6317f405e0c51d?s=96&d=mm&r=g","caption":"Lola"}}]}},"_links":{"self":[{"href":"https:\/\/www.tressis.com\/ca\/wp-json\/wp\/v2\/posts\/32658","targetHints":{"allow":["GET"]}}],"collection":[{"href":"https:\/\/www.tressis.com\/ca\/wp-json\/wp\/v2\/posts"}],"about":[{"href":"https:\/\/www.tressis.com\/ca\/wp-json\/wp\/v2\/types\/post"}],"author":[{"embeddable":true,"href":"https:\/\/www.tressis.com\/ca\/wp-json\/wp\/v2\/users\/4"}],"replies":[{"embeddable":true,"href":"https:\/\/www.tressis.com\/ca\/wp-json\/wp\/v2\/comments?post=32658"}],"version-history":[{"count":0,"href":"https:\/\/www.tressis.com\/ca\/wp-json\/wp\/v2\/posts\/32658\/revisions"}],"wp:featuredmedia":[{"embeddable":true,"href":"https:\/\/www.tressis.com\/ca\/wp-json\/wp\/v2\/media\/32660"}],"wp:attachment":[{"href":"https:\/\/www.tressis.com\/ca\/wp-json\/wp\/v2\/media?parent=32658"}],"wp:term":[{"taxonomy":"category","embeddable":true,"href":"https:\/\/www.tressis.com\/ca\/wp-json\/wp\/v2\/categories?post=32658"},{"taxonomy":"post_tag","embeddable":true,"href":"https:\/\/www.tressis.com\/ca\/wp-json\/wp\/v2\/tags?post=32658"}],"curies":[{"name":"wp","href":"https:\/\/api.w.org\/{rel}","templated":true}]}}