{"id":32347,"date":"2019-09-02T14:25:20","date_gmt":"2019-09-02T12:25:20","guid":{"rendered":"http:\/\/www.tressis.com\/blog\/?p=32347"},"modified":"2019-09-02T14:25:20","modified_gmt":"2019-09-02T12:25:20","slug":"argentina-vuelve-a-ser-noticia","status":"publish","type":"post","link":"https:\/\/www.tressis.com\/ca\/blog\/argentina-vuelve-a-ser-noticia\/","title":{"rendered":"Argentina vuelve a ser noticia"},"content":{"rendered":"<p>Dejamos atr\u00e1s los meses estivales y nos adentramos en el \u00faltimo cuatrimestre del a\u00f1o.<!--more--><\/p>\n<p>El verano ha dejado muchos titulares, pero poco movimiento en los mercados de renta variable si miramos d\u00f3nde est\u00e1bamos al final de junio y d\u00f3nde estamos ahora. Es cierto que por el camino se han registrado m\u00e1ximos y luego sufrimos un peque\u00f1o revolc\u00f3n, que se ha suavizado durante la pasada semana.<\/p>\n<p>En el mercado de renta fija, las compras de bonos soberanos se han mantenido sin cuartel. De hecho, hemos asistido a una nueva semana de bajada de rentabilidades, donde la protagonista indiscutible fue Italia. El <i>bund<\/i> alem\u00e1n contin\u00faa en niveles m\u00ednimos hist\u00f3ricos de -0,70%<\/p>\n<p>Por su parte, el euro no hace m\u00e1s que depreciarse en los \u00faltimos d\u00edas, perdiendo la cifra psicol\u00f3gica del 1,10 frente al d\u00f3lar. Sin embargo esto se debe m\u00e1s a la fortaleza del d\u00f3lar que a la debilidad del euro. De hecho, el billete verde roza m\u00e1ximos de 11 a\u00f1os frente al yuan, y de 34 a\u00f1os frente a la libra.<\/p>\n<p>Este fin de semana era noticia la situaci\u00f3n en Argentina. El gobierno volv\u00eda a introducir restricciones a las compras de divisas, una de las primeras decisiones que hab\u00eda tomado Mauricio Macri nada m\u00e1s llegar al poder. Parece una medida desesperada para para intentar frenar la fuerte depreciaci\u00f3n que est\u00e1 sufriendo el peso argentino y la ca\u00edda en las reservas de oro de su banco central.<\/p>\n<p>En cuanto a los datos macroeconomicos, el viernes no fue un buen d\u00eda. Pr\u00e1cticamente todas las noticias conocidas fueron negativas. El nivel de precios en la eurozona en agosto alcanz\u00f3 m\u00ednimos de los \u00faltimos tres a\u00f1os, y cada vez se encuentra m\u00e1s lejos del objetivo del 2%. Por su parte el PIB de Italia se situaba en el 0% y el de India, la que se supon\u00eda iba a tirar de la econom\u00eda mundial, ca\u00eda hasta el 5%. Solo sorprendi\u00f3 el crecimiento de Canad\u00e1, con un dato anualizado del 3,7%, muy por encima del resto de econom\u00edas desarrolladas. Otras rese\u00f1as que conoc\u00edamos eran la Confianza del Consumidor de la Universidad de Michigan de agosto, que retroced\u00eda tanto en la cifra actual como en las expectativas futuras, y las ventas minoristas de Alemania de julio con el peor registro de 2019. Por \u00faltimo, los datos manufactureros chinos conocidos hoy, sin ser especialmente buenos, sorprend\u00edan al alza.<\/p>\n<p>Esta semana se conocer\u00e1n importantes datos macroecon\u00f3micos, como los de empleo norteamericanos, pero las claves son el tono comercial y la formaci\u00f3n de gobierno en Italia. Tambi\u00e9n estaremos atentos a los primeros efectos econ\u00f3micos de los aranceles que entraron en vigor ayer y a la reapertura temporal del parlamento brit\u00e1nico.<\/p>\n<p>Buena semana.<\/p>\n<p><center><strong>Jorge Gonz\u00e1lez G\u00f3mez<\/strong><br \/>\nDirecci\u00f3n de Inversiones<\/center><\/p>\n","protected":false},"excerpt":{"rendered":"<p>Dejamos atr\u00e1s los meses estivales y nos adentramos en el \u00faltimo cuatrimestre del a\u00f1o.<\/p>\n","protected":false},"author":4,"featured_media":32348,"comment_status":"open","ping_status":"closed","sticky":false,"template":"","format":"standard","meta":{"_acf_changed":false,"footnotes":""},"categories":[9721],"tags":[],"class_list":["post-32347","post","type-post","status-publish","format-standard","has-post-thumbnail","hentry","category-morning-meeting"],"acf":[],"yoast_head":"<!-- This site is optimized with the Yoast SEO plugin v27.5 - https:\/\/yoast.com\/product\/yoast-seo-wordpress\/ -->\n<title>Argentina vuelve a ser noticia<\/title>\n<meta name=\"description\" content=\"El gobierno argentino volv\u00eda a introducir restricciones a las compras de divisas\" \/>\n<meta name=\"robots\" content=\"index, follow, max-snippet:-1, max-image-preview:large, max-video-preview:-1\" \/>\n<link rel=\"canonical\" href=\"https:\/\/www.tressis.com\/ca\/blog\/argentina-vuelve-a-ser-noticia\/\" \/>\n<meta property=\"og:locale\" content=\"ca_ES\" \/>\n<meta property=\"og:type\" content=\"article\" \/>\n<meta property=\"og:title\" content=\"Argentina vuelve a ser noticia\" \/>\n<meta property=\"og:description\" content=\"El gobierno argentino volv\u00eda a introducir restricciones a las compras de divisas\" \/>\n<meta property=\"og:url\" content=\"https:\/\/www.tressis.com\/ca\/blog\/argentina-vuelve-a-ser-noticia\/\" \/>\n<meta property=\"og:site_name\" content=\"Tressis\" \/>\n<meta property=\"article:publisher\" content=\"https:\/\/www.facebook.com\/Tressis\/\" \/>\n<meta property=\"article:published_time\" content=\"2019-09-02T12:25:20+00:00\" \/>\n<meta property=\"og:image\" content=\"https:\/\/www.tressis.com\/wp-content\/uploads\/2019\/09\/20190902-tipo-cambio-argentina.jpg\" \/>\n\t<meta property=\"og:image:width\" content=\"1100\" \/>\n\t<meta property=\"og:image:height\" content=\"487\" \/>\n\t<meta property=\"og:image:type\" content=\"image\/jpeg\" \/>\n<meta name=\"author\" content=\"Lola\" \/>\n<meta name=\"twitter:card\" content=\"summary_large_image\" \/>\n<meta name=\"twitter:creator\" content=\"@TressisSV\" \/>\n<meta name=\"twitter:site\" content=\"@TressisSV\" \/>\n<meta name=\"twitter:label1\" content=\"Escrit per\" \/>\n\t<meta name=\"twitter:data1\" content=\"Lola\" \/>\n\t<meta name=\"twitter:label2\" content=\"Temps estimat de lectura\" \/>\n\t<meta name=\"twitter:data2\" content=\"2 minuts\" \/>\n<script type=\"application\/ld+json\" class=\"yoast-schema-graph\">{\"@context\":\"https:\\\/\\\/schema.org\",\"@graph\":[{\"@type\":\"Article\",\"@id\":\"https:\\\/\\\/www.tressis.com\\\/ca\\\/blog\\\/argentina-vuelve-a-ser-noticia\\\/#article\",\"isPartOf\":{\"@id\":\"https:\\\/\\\/www.tressis.com\\\/ca\\\/blog\\\/argentina-vuelve-a-ser-noticia\\\/\"},\"author\":{\"name\":\"Lola\",\"@id\":\"https:\\\/\\\/www.tressis.com\\\/ca\\\/#\\\/schema\\\/person\\\/b833c1d724d8764920b6d6852c70584e\"},\"headline\":\"Argentina vuelve a ser noticia\",\"datePublished\":\"2019-09-02T12:25:20+00:00\",\"mainEntityOfPage\":{\"@id\":\"https:\\\/\\\/www.tressis.com\\\/ca\\\/blog\\\/argentina-vuelve-a-ser-noticia\\\/\"},\"wordCount\":494,\"commentCount\":0,\"publisher\":{\"@id\":\"https:\\\/\\\/www.tressis.com\\\/ca\\\/#organization\"},\"image\":{\"@id\":\"https:\\\/\\\/www.tressis.com\\\/ca\\\/blog\\\/argentina-vuelve-a-ser-noticia\\\/#primaryimage\"},\"thumbnailUrl\":\"https:\\\/\\\/www.tressis.com\\\/wp-content\\\/uploads\\\/2019\\\/09\\\/20190902-tipo-cambio-argentina.jpg\",\"articleSection\":[\"Morning meeting\"],\"inLanguage\":\"ca\",\"potentialAction\":[{\"@type\":\"CommentAction\",\"name\":\"Comment\",\"target\":[\"https:\\\/\\\/www.tressis.com\\\/ca\\\/blog\\\/argentina-vuelve-a-ser-noticia\\\/#respond\"]}]},{\"@type\":\"WebPage\",\"@id\":\"https:\\\/\\\/www.tressis.com\\\/ca\\\/blog\\\/argentina-vuelve-a-ser-noticia\\\/\",\"url\":\"https:\\\/\\\/www.tressis.com\\\/ca\\\/blog\\\/argentina-vuelve-a-ser-noticia\\\/\",\"name\":\"Argentina vuelve a ser noticia\",\"isPartOf\":{\"@id\":\"https:\\\/\\\/www.tressis.com\\\/ca\\\/#website\"},\"primaryImageOfPage\":{\"@id\":\"https:\\\/\\\/www.tressis.com\\\/ca\\\/blog\\\/argentina-vuelve-a-ser-noticia\\\/#primaryimage\"},\"image\":{\"@id\":\"https:\\\/\\\/www.tressis.com\\\/ca\\\/blog\\\/argentina-vuelve-a-ser-noticia\\\/#primaryimage\"},\"thumbnailUrl\":\"https:\\\/\\\/www.tressis.com\\\/wp-content\\\/uploads\\\/2019\\\/09\\\/20190902-tipo-cambio-argentina.jpg\",\"datePublished\":\"2019-09-02T12:25:20+00:00\",\"description\":\"El gobierno argentino volv\u00eda a introducir restricciones a las compras de divisas\",\"breadcrumb\":{\"@id\":\"https:\\\/\\\/www.tressis.com\\\/ca\\\/blog\\\/argentina-vuelve-a-ser-noticia\\\/#breadcrumb\"},\"inLanguage\":\"ca\",\"potentialAction\":[{\"@type\":\"ReadAction\",\"target\":[\"https:\\\/\\\/www.tressis.com\\\/ca\\\/blog\\\/argentina-vuelve-a-ser-noticia\\\/\"]}]},{\"@type\":\"ImageObject\",\"inLanguage\":\"ca\",\"@id\":\"https:\\\/\\\/www.tressis.com\\\/ca\\\/blog\\\/argentina-vuelve-a-ser-noticia\\\/#primaryimage\",\"url\":\"https:\\\/\\\/www.tressis.com\\\/wp-content\\\/uploads\\\/2019\\\/09\\\/20190902-tipo-cambio-argentina.jpg\",\"contentUrl\":\"https:\\\/\\\/www.tressis.com\\\/wp-content\\\/uploads\\\/2019\\\/09\\\/20190902-tipo-cambio-argentina.jpg\",\"width\":1100,\"height\":487,\"caption\":\"Argentina vuelve a ser noticia\"},{\"@type\":\"BreadcrumbList\",\"@id\":\"https:\\\/\\\/www.tressis.com\\\/ca\\\/blog\\\/argentina-vuelve-a-ser-noticia\\\/#breadcrumb\",\"itemListElement\":[{\"@type\":\"ListItem\",\"position\":1,\"name\":\"Inicio\",\"item\":\"https:\\\/\\\/www.tressis.com\\\/ca\\\/\"},{\"@type\":\"ListItem\",\"position\":2,\"name\":\"Argentina vuelve a ser noticia\"}]},{\"@type\":\"WebSite\",\"@id\":\"https:\\\/\\\/www.tressis.com\\\/ca\\\/#website\",\"url\":\"https:\\\/\\\/www.tressis.com\\\/ca\\\/\",\"name\":\"Tressis banca privada\",\"description\":\"Tressis | Planificaci\u00f3n financiera y gesti\u00f3n de patrimonios\",\"publisher\":{\"@id\":\"https:\\\/\\\/www.tressis.com\\\/ca\\\/#organization\"},\"potentialAction\":[{\"@type\":\"SearchAction\",\"target\":{\"@type\":\"EntryPoint\",\"urlTemplate\":\"https:\\\/\\\/www.tressis.com\\\/ca\\\/?s={search_term_string}\"},\"query-input\":{\"@type\":\"PropertyValueSpecification\",\"valueRequired\":true,\"valueName\":\"search_term_string\"}}],\"inLanguage\":\"ca\"},{\"@type\":\"Organization\",\"@id\":\"https:\\\/\\\/www.tressis.com\\\/ca\\\/#organization\",\"name\":\"Tressis\",\"url\":\"https:\\\/\\\/www.tressis.com\\\/ca\\\/\",\"logo\":{\"@type\":\"ImageObject\",\"inLanguage\":\"ca\",\"@id\":\"https:\\\/\\\/www.tressis.com\\\/ca\\\/#\\\/schema\\\/logo\\\/image\\\/\",\"url\":\"https:\\\/\\\/www.tressis.com\\\/wp-content\\\/uploads\\\/2025\\\/06\\\/logo-tressis-112.png\",\"contentUrl\":\"https:\\\/\\\/www.tressis.com\\\/wp-content\\\/uploads\\\/2025\\\/06\\\/logo-tressis-112.png\",\"width\":112,\"height\":112,\"caption\":\"Tressis\"},\"image\":{\"@id\":\"https:\\\/\\\/www.tressis.com\\\/ca\\\/#\\\/schema\\\/logo\\\/image\\\/\"},\"sameAs\":[\"https:\\\/\\\/www.facebook.com\\\/Tressis\\\/\",\"https:\\\/\\\/x.com\\\/TressisSV\",\"https:\\\/\\\/www.instagram.com\\\/tressissv\\\/?hl=es\",\"https:\\\/\\\/linkedin.com\\\/company\\\/tressis\\\/\",\"https:\\\/\\\/www.youtube.com\\\/user\\\/tressissv\",\"https:\\\/\\\/open.spotify.com\\\/show\\\/3jmTe1Nf0wqMILl7diWV6h?si=d7112519f13c4593&nd=1\"]},{\"@type\":\"Person\",\"@id\":\"https:\\\/\\\/www.tressis.com\\\/ca\\\/#\\\/schema\\\/person\\\/b833c1d724d8764920b6d6852c70584e\",\"name\":\"Lola\",\"image\":{\"@type\":\"ImageObject\",\"inLanguage\":\"ca\",\"@id\":\"https:\\\/\\\/secure.gravatar.com\\\/avatar\\\/05e646486b23ff45df9649110609c7e31b8c4a3e2821caa23d6317f405e0c51d?s=96&d=mm&r=g\",\"url\":\"https:\\\/\\\/secure.gravatar.com\\\/avatar\\\/05e646486b23ff45df9649110609c7e31b8c4a3e2821caa23d6317f405e0c51d?s=96&d=mm&r=g\",\"contentUrl\":\"https:\\\/\\\/secure.gravatar.com\\\/avatar\\\/05e646486b23ff45df9649110609c7e31b8c4a3e2821caa23d6317f405e0c51d?s=96&d=mm&r=g\",\"caption\":\"Lola\"}}]}<\/script>\n<!-- \/ Yoast SEO plugin. -->","yoast_head_json":{"title":"Argentina vuelve a ser noticia","description":"El gobierno argentino volv\u00eda a introducir restricciones a las compras de divisas","robots":{"index":"index","follow":"follow","max-snippet":"max-snippet:-1","max-image-preview":"max-image-preview:large","max-video-preview":"max-video-preview:-1"},"canonical":"https:\/\/www.tressis.com\/ca\/blog\/argentina-vuelve-a-ser-noticia\/","og_locale":"ca_ES","og_type":"article","og_title":"Argentina vuelve a ser noticia","og_description":"El gobierno argentino volv\u00eda a introducir restricciones a las compras de divisas","og_url":"https:\/\/www.tressis.com\/ca\/blog\/argentina-vuelve-a-ser-noticia\/","og_site_name":"Tressis","article_publisher":"https:\/\/www.facebook.com\/Tressis\/","article_published_time":"2019-09-02T12:25:20+00:00","og_image":[{"width":1100,"height":487,"url":"https:\/\/www.tressis.com\/wp-content\/uploads\/2019\/09\/20190902-tipo-cambio-argentina.jpg","type":"image\/jpeg"}],"author":"Lola","twitter_card":"summary_large_image","twitter_creator":"@TressisSV","twitter_site":"@TressisSV","twitter_misc":{"Escrit per":"Lola","Temps estimat de lectura":"2 minuts"},"schema":{"@context":"https:\/\/schema.org","@graph":[{"@type":"Article","@id":"https:\/\/www.tressis.com\/ca\/blog\/argentina-vuelve-a-ser-noticia\/#article","isPartOf":{"@id":"https:\/\/www.tressis.com\/ca\/blog\/argentina-vuelve-a-ser-noticia\/"},"author":{"name":"Lola","@id":"https:\/\/www.tressis.com\/ca\/#\/schema\/person\/b833c1d724d8764920b6d6852c70584e"},"headline":"Argentina vuelve a ser noticia","datePublished":"2019-09-02T12:25:20+00:00","mainEntityOfPage":{"@id":"https:\/\/www.tressis.com\/ca\/blog\/argentina-vuelve-a-ser-noticia\/"},"wordCount":494,"commentCount":0,"publisher":{"@id":"https:\/\/www.tressis.com\/ca\/#organization"},"image":{"@id":"https:\/\/www.tressis.com\/ca\/blog\/argentina-vuelve-a-ser-noticia\/#primaryimage"},"thumbnailUrl":"https:\/\/www.tressis.com\/wp-content\/uploads\/2019\/09\/20190902-tipo-cambio-argentina.jpg","articleSection":["Morning meeting"],"inLanguage":"ca","potentialAction":[{"@type":"CommentAction","name":"Comment","target":["https:\/\/www.tressis.com\/ca\/blog\/argentina-vuelve-a-ser-noticia\/#respond"]}]},{"@type":"WebPage","@id":"https:\/\/www.tressis.com\/ca\/blog\/argentina-vuelve-a-ser-noticia\/","url":"https:\/\/www.tressis.com\/ca\/blog\/argentina-vuelve-a-ser-noticia\/","name":"Argentina vuelve a ser noticia","isPartOf":{"@id":"https:\/\/www.tressis.com\/ca\/#website"},"primaryImageOfPage":{"@id":"https:\/\/www.tressis.com\/ca\/blog\/argentina-vuelve-a-ser-noticia\/#primaryimage"},"image":{"@id":"https:\/\/www.tressis.com\/ca\/blog\/argentina-vuelve-a-ser-noticia\/#primaryimage"},"thumbnailUrl":"https:\/\/www.tressis.com\/wp-content\/uploads\/2019\/09\/20190902-tipo-cambio-argentina.jpg","datePublished":"2019-09-02T12:25:20+00:00","description":"El gobierno argentino volv\u00eda a introducir restricciones a las compras de divisas","breadcrumb":{"@id":"https:\/\/www.tressis.com\/ca\/blog\/argentina-vuelve-a-ser-noticia\/#breadcrumb"},"inLanguage":"ca","potentialAction":[{"@type":"ReadAction","target":["https:\/\/www.tressis.com\/ca\/blog\/argentina-vuelve-a-ser-noticia\/"]}]},{"@type":"ImageObject","inLanguage":"ca","@id":"https:\/\/www.tressis.com\/ca\/blog\/argentina-vuelve-a-ser-noticia\/#primaryimage","url":"https:\/\/www.tressis.com\/wp-content\/uploads\/2019\/09\/20190902-tipo-cambio-argentina.jpg","contentUrl":"https:\/\/www.tressis.com\/wp-content\/uploads\/2019\/09\/20190902-tipo-cambio-argentina.jpg","width":1100,"height":487,"caption":"Argentina vuelve a ser noticia"},{"@type":"BreadcrumbList","@id":"https:\/\/www.tressis.com\/ca\/blog\/argentina-vuelve-a-ser-noticia\/#breadcrumb","itemListElement":[{"@type":"ListItem","position":1,"name":"Inicio","item":"https:\/\/www.tressis.com\/ca\/"},{"@type":"ListItem","position":2,"name":"Argentina vuelve a ser noticia"}]},{"@type":"WebSite","@id":"https:\/\/www.tressis.com\/ca\/#website","url":"https:\/\/www.tressis.com\/ca\/","name":"Tressis banca privada","description":"Tressis | Planificaci\u00f3n financiera y gesti\u00f3n de patrimonios","publisher":{"@id":"https:\/\/www.tressis.com\/ca\/#organization"},"potentialAction":[{"@type":"SearchAction","target":{"@type":"EntryPoint","urlTemplate":"https:\/\/www.tressis.com\/ca\/?s={search_term_string}"},"query-input":{"@type":"PropertyValueSpecification","valueRequired":true,"valueName":"search_term_string"}}],"inLanguage":"ca"},{"@type":"Organization","@id":"https:\/\/www.tressis.com\/ca\/#organization","name":"Tressis","url":"https:\/\/www.tressis.com\/ca\/","logo":{"@type":"ImageObject","inLanguage":"ca","@id":"https:\/\/www.tressis.com\/ca\/#\/schema\/logo\/image\/","url":"https:\/\/www.tressis.com\/wp-content\/uploads\/2025\/06\/logo-tressis-112.png","contentUrl":"https:\/\/www.tressis.com\/wp-content\/uploads\/2025\/06\/logo-tressis-112.png","width":112,"height":112,"caption":"Tressis"},"image":{"@id":"https:\/\/www.tressis.com\/ca\/#\/schema\/logo\/image\/"},"sameAs":["https:\/\/www.facebook.com\/Tressis\/","https:\/\/x.com\/TressisSV","https:\/\/www.instagram.com\/tressissv\/?hl=es","https:\/\/linkedin.com\/company\/tressis\/","https:\/\/www.youtube.com\/user\/tressissv","https:\/\/open.spotify.com\/show\/3jmTe1Nf0wqMILl7diWV6h?si=d7112519f13c4593&nd=1"]},{"@type":"Person","@id":"https:\/\/www.tressis.com\/ca\/#\/schema\/person\/b833c1d724d8764920b6d6852c70584e","name":"Lola","image":{"@type":"ImageObject","inLanguage":"ca","@id":"https:\/\/secure.gravatar.com\/avatar\/05e646486b23ff45df9649110609c7e31b8c4a3e2821caa23d6317f405e0c51d?s=96&d=mm&r=g","url":"https:\/\/secure.gravatar.com\/avatar\/05e646486b23ff45df9649110609c7e31b8c4a3e2821caa23d6317f405e0c51d?s=96&d=mm&r=g","contentUrl":"https:\/\/secure.gravatar.com\/avatar\/05e646486b23ff45df9649110609c7e31b8c4a3e2821caa23d6317f405e0c51d?s=96&d=mm&r=g","caption":"Lola"}}]}},"_links":{"self":[{"href":"https:\/\/www.tressis.com\/ca\/wp-json\/wp\/v2\/posts\/32347","targetHints":{"allow":["GET"]}}],"collection":[{"href":"https:\/\/www.tressis.com\/ca\/wp-json\/wp\/v2\/posts"}],"about":[{"href":"https:\/\/www.tressis.com\/ca\/wp-json\/wp\/v2\/types\/post"}],"author":[{"embeddable":true,"href":"https:\/\/www.tressis.com\/ca\/wp-json\/wp\/v2\/users\/4"}],"replies":[{"embeddable":true,"href":"https:\/\/www.tressis.com\/ca\/wp-json\/wp\/v2\/comments?post=32347"}],"version-history":[{"count":0,"href":"https:\/\/www.tressis.com\/ca\/wp-json\/wp\/v2\/posts\/32347\/revisions"}],"wp:featuredmedia":[{"embeddable":true,"href":"https:\/\/www.tressis.com\/ca\/wp-json\/wp\/v2\/media\/32348"}],"wp:attachment":[{"href":"https:\/\/www.tressis.com\/ca\/wp-json\/wp\/v2\/media?parent=32347"}],"wp:term":[{"taxonomy":"category","embeddable":true,"href":"https:\/\/www.tressis.com\/ca\/wp-json\/wp\/v2\/categories?post=32347"},{"taxonomy":"post_tag","embeddable":true,"href":"https:\/\/www.tressis.com\/ca\/wp-json\/wp\/v2\/tags?post=32347"}],"curies":[{"name":"wp","href":"https:\/\/api.w.org\/{rel}","templated":true}]}}